{"id":180681,"date":"2019-06-25T09:24:15","date_gmt":"2019-06-25T14:24:15","guid":{"rendered":"https:\/\/www.fiscalia.gov.co\/colombia\/?p=180681"},"modified":"2019-06-25T09:24:15","modified_gmt":"2019-06-25T14:24:15","slug":"desde-analgesicos-y-anticonceptivos-hasta-tratamientos-para-el-cancer-eran-falsificados-por-red-criminal","status":"publish","type":"post","link":"https:\/\/www.fiscalia.gov.co\/colombia\/seccionales\/desde-analgesicos-y-anticonceptivos-hasta-tratamientos-para-el-cancer-eran-falsificados-por-red-criminal\/","title":{"rendered":"Desde analg\u00e9sicos y anticonceptivos hasta tratamientos para el c\u00e1ncer eran falsificados por  red criminal"},"content":{"rendered":"<blockquote class=\"td_quote_box td_box_center\">\n<h4><strong>La Fiscal\u00eda General de la Naci\u00f3n captur\u00f3 a 13 presuntos integrantes de una estructura se\u00f1alada de alterar medicamentos de contrabando, descompuestos o de uso exclusivo y venderlos como productos nuevos y aut\u00e9nticos en droguer\u00edas, hospitales y cl\u00ednicas. En las diligencias cumplidas en Bogot\u00e1 y Pereira fue incautada m\u00e1s de tonelada y media de productos falsos.<\/strong><\/h4>\n<\/blockquote>\n<p>Un ciudadano se quej\u00f3 ante un laboratorio farmac\u00e9utico porque las pastillas que tradicionalmente usaba para superar una anemia que lo aquejaba, le habr\u00edan generado efectos adversos que complicaron su estado de salud.<\/p>\n<p>El producto, adquirido en una droguer\u00eda en el norte de Bogot\u00e1, fue inspeccionado por peritos especializados que identificaron varias irregularidades como alteraciones en los empaques y marquillas, y que el medicamento estaba vencido y correspond\u00eda a un tratamiento para una enfermedad distinta a la anemia.<\/p>\n<p>Con esta informaci\u00f3n la Fiscal\u00eda General de la Naci\u00f3n, a trav\u00e9s de la Direcci\u00f3n contra las Violaciones a los Derechos Humanos, inici\u00f3 una investigaci\u00f3n para establecer el origen de la medicina falsificada y dar con los responsables de esta acci\u00f3n il\u00edcita que pone en peligro la vida de miles de colombianos.<\/p>\n<p>En un a\u00f1o de verificaciones y luego realizar diferentes t\u00e9cnicas de polic\u00eda judicial, fue detectada una organizaci\u00f3n criminal que ingresaba medicamentos de contrabando, vencidos y descompuestos de Venezuela y Ecuador, o adquir\u00eda tratamientos de uso exclusivo de las EPS para sacarlos al mercado.<\/p>\n<p>De acuerdo con los elementos materiales recopilados, los productos eran enviados en buses de servicio p\u00fablico o por encomienda desde zona de frontera hasta Bogot\u00e1. Posteriormente eran llevados a diferentes sectores residenciales de la ciudad donde algunos integrantes de la red ilegal alteraban los empaques y marquillas, cambiaban las fechas de caducidad y los lotes de fabricaci\u00f3n, entre otras maniobras con las que daban una apariencia nueva y de autenticidad a los medicamentos falsos.<\/p>\n<p>Este mismo procedimiento de manipulaci\u00f3n se hac\u00eda con tratamientos de uso exclusivo que eran comprados subrepticiamente a proveedores autorizados por la Instituciones Prestadoras de Salud.<\/p>\n<p>Parte de la mercanc\u00eda il\u00edcita era vendida en Bogot\u00e1, en droguer\u00edas del norte y occidente, y en algunos locales comerciales del sector de San Andresito, en el centro de la ciudad. Una cantidad importante era entregada a contactos en otros departamentos o comercializada a EPS a las que les ofrec\u00eda un portafolio que inclu\u00eda analg\u00e9sicos, anticonceptivos, multivitam\u00ednicos y tratamientos para enfermedades de alta complejidad como el c\u00e1ncer.<\/p>\n<p>La organizaci\u00f3n delincuencial habr\u00eda constituido varias empresas fachada ante C\u00e1mara de Comercio y, al parecer, tramit\u00f3 algunos permisos sanitarios. De esta manera, intent\u00f3 dar un tinte de legalidad a su andamiaje criminal y gan\u00f3 contratos para el suministro de medicamentos en EPS, cl\u00ednicas y hospitales.<\/p>\n<p><strong><u>La ca\u00edda de un mercado nocivo<\/u><\/strong><\/p>\n<p>La Fiscal\u00eda identific\u00f3 y captur\u00f3 a 13 de los presuntos integrantes de la mencionada red de falsificaci\u00f3n de medicamentos.<\/p>\n<p>En las diligencias cumplidas en Bogot\u00e1 y Pereira (Risaralda) fueron incautados 250 millones de pesos en efectivo, un veh\u00edculo y m\u00e1s de tonelada y media de medicamentos falsificados, vencidos y descompuestos, entre los que sobresalen: analg\u00e9sicos, corticoides, anticonceptivos, antivirales, productos oft\u00e1lmicos y medicinas para tratar enfermedades gastrointestinales, artritis, trastornos neurol\u00f3gicos y psiqui\u00e1tricos, y diferentes tipos de c\u00e1ncer como el de pr\u00f3stata y est\u00f3mago.<\/p>\n<p>Fiscales de la Direcci\u00f3n Especializada contra las violaciones a los Derechos Humanos imputaron a los 13 detenidos por los delitos de: corrupci\u00f3n de alimentos, productos m\u00e9dicos o material profil\u00e1ctico; enajenaci\u00f3n ilegal de medicamentos; usurpaci\u00f3n de derechos de propiedad industrial y derechos de obtentores de variedades vegetales; y concierto para delinquir. Los cargos citados fueron aceptados por 8 de los procesados.<\/p>\n<p>Ante la evidencia expuesta por la Fiscal\u00eda, jueces de control de garant\u00edas de Bogot\u00e1 impusieron medidas de aseguramiento en centro carcelario a 9 de los detenidos y dispusieron detenci\u00f3n domiciliaria para los otros 4 vinculados a las investigaciones.<\/p>\n<p>La Fiscal\u00eda General de la Naci\u00f3n hace p\u00fablica esta informaci\u00f3n por razones de inter\u00e9s general.<\/p>\n<p>&nbsp;<\/p>\n<p>&nbsp;<\/p>\n<p>&nbsp;<\/p>\n<p>LAGP\/JARG<\/p>\n\n<div class=\"twitter-share\"><a href=\"https:\/\/twitter.com\/intent\/tweet?via=fiscaliacol\" class=\"twitter-share-button\">Tweet<\/a><\/div>\n","protected":false},"excerpt":{"rendered":"<p>La Fiscal\u00eda General de la Naci\u00f3n captur\u00f3 a 13 presuntos integrantes de una estructura se\u00f1alada de alterar medicamentos de contrabando, descompuestos o de uso exclusivo y venderlos como productos nuevos y aut\u00e9nticos en droguer\u00edas, hospitales y cl\u00ednicas. En las diligencias cumplidas en Bogot\u00e1 y Pereira fue incautada m\u00e1s de tonelada y media de productos falsos. [&hellip;]<\/p>\n","protected":false},"author":162,"featured_media":0,"comment_status":"closed","ping_status":"open","sticky":false,"template":"","format":"standard","meta":{"tdm_status":"","tdm_grid_status":"","footnotes":""},"categories":[24102,321,303],"tags":[],"class_list":{"0":"post-180681","1":"post","2":"type-post","3":"status-publish","4":"format-standard","6":"category-derechos-humanos","7":"category-seccional-bogota","8":"category-seccionales"},"yoast_head":"<!-- This site is optimized with the Yoast SEO plugin v24.3 - https:\/\/yoast.com\/wordpress\/plugins\/seo\/ -->\n<title>Fiscal\u00eda General de la Naci\u00f3n<\/title>\n<meta name=\"description\" content=\"P\u00e1gina oficial de la Fiscal\u00eda General de la Naci\u00f3n \u2013 Colombia. Garantizamos el acceso efectivo a la justicia, la verdad y la reparaci\u00f3n de las v\u00edctimas de los delitos.\" \/>\n<meta name=\"robots\" content=\"noindex, follow\" \/>\n<meta property=\"og:locale\" content=\"es_ES\" \/>\n<meta property=\"og:type\" content=\"article\" \/>\n<meta property=\"og:title\" content=\"Fiscal\u00eda General de la Naci\u00f3n\" \/>\n<meta property=\"og:description\" content=\"P\u00e1gina oficial de la Fiscal\u00eda General de la Naci\u00f3n \u2013 Colombia. Garantizamos el acceso efectivo a la justicia, la verdad y la reparaci\u00f3n de las v\u00edctimas de los delitos.\" \/>\n<meta property=\"og:url\" content=\"https:\/\/www.fiscalia.gov.co\/colombia\/seccionales\/desde-analgesicos-y-anticonceptivos-hasta-tratamientos-para-el-cancer-eran-falsificados-por-red-criminal\/\" \/>\n<meta property=\"og:site_name\" content=\"Fiscal\u00eda General de la Naci\u00f3n\" \/>\n<meta property=\"article:publisher\" content=\"https:\/\/www.facebook.com\/FiscaliaCol\" \/>\n<meta property=\"article:published_time\" content=\"2019-06-25T14:24:15+00:00\" \/>\n<meta name=\"author\" content=\"Direcci\u00f3n de Comunicaciones Fiscal\u00eda General de la Naci\u00f3n\" \/>\n<meta name=\"twitter:card\" content=\"summary_large_image\" \/>\n<meta name=\"twitter:creator\" content=\"@FiscaliaCol\" \/>\n<meta name=\"twitter:site\" content=\"@FiscaliaCol\" \/>\n<meta name=\"twitter:label1\" content=\"Escrito por\" \/>\n\t<meta name=\"twitter:data1\" content=\"Direcci\u00f3n de Comunicaciones Fiscal\u00eda General de la Naci\u00f3n\" \/>\n\t<meta name=\"twitter:label2\" content=\"Tiempo de lectura\" \/>\n\t<meta name=\"twitter:data2\" content=\"4 minutos\" \/>\n<script type=\"application\/ld+json\" class=\"yoast-schema-graph\">{\"@context\":\"https:\/\/schema.org\",\"@graph\":[{\"@type\":\"Article\",\"@id\":\"https:\/\/www.fiscalia.gov.co\/colombia\/seccionales\/desde-analgesicos-y-anticonceptivos-hasta-tratamientos-para-el-cancer-eran-falsificados-por-red-criminal\/#article\",\"isPartOf\":{\"@id\":\"https:\/\/www.fiscalia.gov.co\/colombia\/seccionales\/desde-analgesicos-y-anticonceptivos-hasta-tratamientos-para-el-cancer-eran-falsificados-por-red-criminal\/\"},\"author\":{\"name\":\"Direcci\u00f3n de Comunicaciones Fiscal\u00eda General de la Naci\u00f3n\",\"@id\":\"https:\/\/www.fiscalia.gov.co\/colombia\/#\/schema\/person\/bf28d8ae7f1b287bbe3af484b04f43ea\"},\"headline\":\"Desde analg\u00e9sicos y anticonceptivos hasta tratamientos para el c\u00e1ncer eran falsificados por red criminal\",\"datePublished\":\"2019-06-25T14:24:15+00:00\",\"dateModified\":\"2019-06-25T14:24:15+00:00\",\"mainEntityOfPage\":{\"@id\":\"https:\/\/www.fiscalia.gov.co\/colombia\/seccionales\/desde-analgesicos-y-anticonceptivos-hasta-tratamientos-para-el-cancer-eran-falsificados-por-red-criminal\/\"},\"wordCount\":718,\"publisher\":{\"@id\":\"https:\/\/www.fiscalia.gov.co\/colombia\/#organization\"},\"articleSection\":[\"Derechos Humanos\",\"Seccional Bogot\u00e1\",\"Seccionales\"],\"inLanguage\":\"es-CO\"},{\"@type\":\"WebPage\",\"@id\":\"https:\/\/www.fiscalia.gov.co\/colombia\/seccionales\/desde-analgesicos-y-anticonceptivos-hasta-tratamientos-para-el-cancer-eran-falsificados-por-red-criminal\/\",\"url\":\"https:\/\/www.fiscalia.gov.co\/colombia\/seccionales\/desde-analgesicos-y-anticonceptivos-hasta-tratamientos-para-el-cancer-eran-falsificados-por-red-criminal\/\",\"name\":\"Fiscal\u00eda General de la Naci\u00f3n\",\"isPartOf\":{\"@id\":\"https:\/\/www.fiscalia.gov.co\/colombia\/#website\"},\"datePublished\":\"2019-06-25T14:24:15+00:00\",\"dateModified\":\"2019-06-25T14:24:15+00:00\",\"description\":\"P\u00e1gina oficial de la Fiscal\u00eda General de la Naci\u00f3n \u2013 Colombia. Garantizamos el acceso efectivo a la justicia, la verdad y la reparaci\u00f3n de las v\u00edctimas de los delitos.\",\"breadcrumb\":{\"@id\":\"https:\/\/www.fiscalia.gov.co\/colombia\/seccionales\/desde-analgesicos-y-anticonceptivos-hasta-tratamientos-para-el-cancer-eran-falsificados-por-red-criminal\/#breadcrumb\"},\"inLanguage\":\"es-CO\",\"potentialAction\":[{\"@type\":\"ReadAction\",\"target\":[\"https:\/\/www.fiscalia.gov.co\/colombia\/seccionales\/desde-analgesicos-y-anticonceptivos-hasta-tratamientos-para-el-cancer-eran-falsificados-por-red-criminal\/\"]}]},{\"@type\":\"BreadcrumbList\",\"@id\":\"https:\/\/www.fiscalia.gov.co\/colombia\/seccionales\/desde-analgesicos-y-anticonceptivos-hasta-tratamientos-para-el-cancer-eran-falsificados-por-red-criminal\/#breadcrumb\",\"itemListElement\":[{\"@type\":\"ListItem\",\"position\":1,\"name\":\"Home\",\"item\":\"https:\/\/www.fiscalia.gov.co\/colombia\/\"},{\"@type\":\"ListItem\",\"position\":2,\"name\":\"Desde analg\u00e9sicos y anticonceptivos hasta tratamientos para el c\u00e1ncer eran falsificados por red criminal\"}]},{\"@type\":\"WebSite\",\"@id\":\"https:\/\/www.fiscalia.gov.co\/colombia\/#website\",\"url\":\"https:\/\/www.fiscalia.gov.co\/colombia\/\",\"name\":\"Fiscal\u00eda General de la Naci\u00f3n\",\"description\":\"P\u00e1gina oficial de la Fiscal\u00eda General de la Naci\u00f3n \u2013 Colombia. Garantizamos el acceso efectivo a la justicia, la verdad y la reparaci\u00f3n de las v\u00edctimas de los delitos.\",\"publisher\":{\"@id\":\"https:\/\/www.fiscalia.gov.co\/colombia\/#organization\"},\"potentialAction\":[{\"@type\":\"SearchAction\",\"target\":{\"@type\":\"EntryPoint\",\"urlTemplate\":\"https:\/\/www.fiscalia.gov.co\/colombia\/?s={search_term_string}\"},\"query-input\":{\"@type\":\"PropertyValueSpecification\",\"valueRequired\":true,\"valueName\":\"search_term_string\"}}],\"inLanguage\":\"es-CO\"},{\"@type\":\"Organization\",\"@id\":\"https:\/\/www.fiscalia.gov.co\/colombia\/#organization\",\"name\":\"Fiscal\u00eda General de la Naci\u00f3n\",\"url\":\"https:\/\/www.fiscalia.gov.co\/colombia\/\",\"logo\":{\"@type\":\"ImageObject\",\"inLanguage\":\"es-CO\",\"@id\":\"https:\/\/www.fiscalia.gov.co\/colombia\/#\/schema\/logo\/image\/\",\"url\":\"https:\/\/www.fiscalia.gov.co\/colombia\/wp-content\/uploads\/LogoHorizontal_1.jpg\",\"contentUrl\":\"https:\/\/www.fiscalia.gov.co\/colombia\/wp-content\/uploads\/LogoHorizontal_1.jpg\",\"width\":300,\"height\":90,\"caption\":\"Fiscal\u00eda General de la Naci\u00f3n\"},\"image\":{\"@id\":\"https:\/\/www.fiscalia.gov.co\/colombia\/#\/schema\/logo\/image\/\"},\"sameAs\":[\"https:\/\/www.facebook.com\/FiscaliaCol\",\"https:\/\/x.com\/FiscaliaCol\",\"https:\/\/www.instagram.com\/fiscaliacol\",\"https:\/\/www.linkedin.com\/company\/fiscalia-general-de-la-naci-n\/\",\"https:\/\/youtube.com\/@fiscaliageneraldelanacion-4668?si=6nN79nyQICPU5iTh\"]},{\"@type\":\"Person\",\"@id\":\"https:\/\/www.fiscalia.gov.co\/colombia\/#\/schema\/person\/bf28d8ae7f1b287bbe3af484b04f43ea\",\"name\":\"Direcci\u00f3n de Comunicaciones Fiscal\u00eda General de la Naci\u00f3n\",\"image\":{\"@type\":\"ImageObject\",\"inLanguage\":\"es-CO\",\"@id\":\"https:\/\/www.fiscalia.gov.co\/colombia\/#\/schema\/person\/image\/\",\"url\":\"https:\/\/secure.gravatar.com\/avatar\/9d55ae161d32da16dbdd0b380c080a5f?s=96&d=mm&r=g\",\"contentUrl\":\"https:\/\/secure.gravatar.com\/avatar\/9d55ae161d32da16dbdd0b380c080a5f?s=96&d=mm&r=g\",\"caption\":\"Direcci\u00f3n de Comunicaciones Fiscal\u00eda General de la Naci\u00f3n\"},\"url\":\"https:\/\/www.fiscalia.gov.co\/colombia\/author\/kbonilla\/\"}]}<\/script>\n<!-- \/ Yoast SEO plugin. -->","yoast_head_json":{"title":"Fiscal\u00eda General de la Naci\u00f3n","description":"P\u00e1gina oficial de la Fiscal\u00eda General de la Naci\u00f3n \u2013 Colombia. Garantizamos el acceso efectivo a la justicia, la verdad y la reparaci\u00f3n de las v\u00edctimas de los delitos.","robots":{"index":"noindex","follow":"follow"},"og_locale":"es_ES","og_type":"article","og_title":"Fiscal\u00eda General de la Naci\u00f3n","og_description":"P\u00e1gina oficial de la Fiscal\u00eda General de la Naci\u00f3n \u2013 Colombia. Garantizamos el acceso efectivo a la justicia, la verdad y la reparaci\u00f3n de las v\u00edctimas de los delitos.","og_url":"https:\/\/www.fiscalia.gov.co\/colombia\/seccionales\/desde-analgesicos-y-anticonceptivos-hasta-tratamientos-para-el-cancer-eran-falsificados-por-red-criminal\/","og_site_name":"Fiscal\u00eda General de la Naci\u00f3n","article_publisher":"https:\/\/www.facebook.com\/FiscaliaCol","article_published_time":"2019-06-25T14:24:15+00:00","author":"Direcci\u00f3n de Comunicaciones Fiscal\u00eda General de la Naci\u00f3n","twitter_card":"summary_large_image","twitter_creator":"@FiscaliaCol","twitter_site":"@FiscaliaCol","twitter_misc":{"Escrito por":"Direcci\u00f3n de Comunicaciones Fiscal\u00eda General de la Naci\u00f3n","Tiempo de lectura":"4 minutos"},"schema":{"@context":"https:\/\/schema.org","@graph":[{"@type":"Article","@id":"https:\/\/www.fiscalia.gov.co\/colombia\/seccionales\/desde-analgesicos-y-anticonceptivos-hasta-tratamientos-para-el-cancer-eran-falsificados-por-red-criminal\/#article","isPartOf":{"@id":"https:\/\/www.fiscalia.gov.co\/colombia\/seccionales\/desde-analgesicos-y-anticonceptivos-hasta-tratamientos-para-el-cancer-eran-falsificados-por-red-criminal\/"},"author":{"name":"Direcci\u00f3n de Comunicaciones Fiscal\u00eda General de la Naci\u00f3n","@id":"https:\/\/www.fiscalia.gov.co\/colombia\/#\/schema\/person\/bf28d8ae7f1b287bbe3af484b04f43ea"},"headline":"Desde analg\u00e9sicos y anticonceptivos hasta tratamientos para el c\u00e1ncer eran falsificados por red criminal","datePublished":"2019-06-25T14:24:15+00:00","dateModified":"2019-06-25T14:24:15+00:00","mainEntityOfPage":{"@id":"https:\/\/www.fiscalia.gov.co\/colombia\/seccionales\/desde-analgesicos-y-anticonceptivos-hasta-tratamientos-para-el-cancer-eran-falsificados-por-red-criminal\/"},"wordCount":718,"publisher":{"@id":"https:\/\/www.fiscalia.gov.co\/colombia\/#organization"},"articleSection":["Derechos Humanos","Seccional Bogot\u00e1","Seccionales"],"inLanguage":"es-CO"},{"@type":"WebPage","@id":"https:\/\/www.fiscalia.gov.co\/colombia\/seccionales\/desde-analgesicos-y-anticonceptivos-hasta-tratamientos-para-el-cancer-eran-falsificados-por-red-criminal\/","url":"https:\/\/www.fiscalia.gov.co\/colombia\/seccionales\/desde-analgesicos-y-anticonceptivos-hasta-tratamientos-para-el-cancer-eran-falsificados-por-red-criminal\/","name":"Fiscal\u00eda General de la Naci\u00f3n","isPartOf":{"@id":"https:\/\/www.fiscalia.gov.co\/colombia\/#website"},"datePublished":"2019-06-25T14:24:15+00:00","dateModified":"2019-06-25T14:24:15+00:00","description":"P\u00e1gina oficial de la Fiscal\u00eda General de la Naci\u00f3n \u2013 Colombia. Garantizamos el acceso efectivo a la justicia, la verdad y la reparaci\u00f3n de las v\u00edctimas de los delitos.","breadcrumb":{"@id":"https:\/\/www.fiscalia.gov.co\/colombia\/seccionales\/desde-analgesicos-y-anticonceptivos-hasta-tratamientos-para-el-cancer-eran-falsificados-por-red-criminal\/#breadcrumb"},"inLanguage":"es-CO","potentialAction":[{"@type":"ReadAction","target":["https:\/\/www.fiscalia.gov.co\/colombia\/seccionales\/desde-analgesicos-y-anticonceptivos-hasta-tratamientos-para-el-cancer-eran-falsificados-por-red-criminal\/"]}]},{"@type":"BreadcrumbList","@id":"https:\/\/www.fiscalia.gov.co\/colombia\/seccionales\/desde-analgesicos-y-anticonceptivos-hasta-tratamientos-para-el-cancer-eran-falsificados-por-red-criminal\/#breadcrumb","itemListElement":[{"@type":"ListItem","position":1,"name":"Home","item":"https:\/\/www.fiscalia.gov.co\/colombia\/"},{"@type":"ListItem","position":2,"name":"Desde analg\u00e9sicos y anticonceptivos hasta tratamientos para el c\u00e1ncer eran falsificados por red criminal"}]},{"@type":"WebSite","@id":"https:\/\/www.fiscalia.gov.co\/colombia\/#website","url":"https:\/\/www.fiscalia.gov.co\/colombia\/","name":"Fiscal\u00eda General de la Naci\u00f3n","description":"P\u00e1gina oficial de la Fiscal\u00eda General de la Naci\u00f3n \u2013 Colombia. Garantizamos el acceso efectivo a la justicia, la verdad y la reparaci\u00f3n de las v\u00edctimas de los delitos.","publisher":{"@id":"https:\/\/www.fiscalia.gov.co\/colombia\/#organization"},"potentialAction":[{"@type":"SearchAction","target":{"@type":"EntryPoint","urlTemplate":"https:\/\/www.fiscalia.gov.co\/colombia\/?s={search_term_string}"},"query-input":{"@type":"PropertyValueSpecification","valueRequired":true,"valueName":"search_term_string"}}],"inLanguage":"es-CO"},{"@type":"Organization","@id":"https:\/\/www.fiscalia.gov.co\/colombia\/#organization","name":"Fiscal\u00eda General de la Naci\u00f3n","url":"https:\/\/www.fiscalia.gov.co\/colombia\/","logo":{"@type":"ImageObject","inLanguage":"es-CO","@id":"https:\/\/www.fiscalia.gov.co\/colombia\/#\/schema\/logo\/image\/","url":"https:\/\/www.fiscalia.gov.co\/colombia\/wp-content\/uploads\/LogoHorizontal_1.jpg","contentUrl":"https:\/\/www.fiscalia.gov.co\/colombia\/wp-content\/uploads\/LogoHorizontal_1.jpg","width":300,"height":90,"caption":"Fiscal\u00eda General de la Naci\u00f3n"},"image":{"@id":"https:\/\/www.fiscalia.gov.co\/colombia\/#\/schema\/logo\/image\/"},"sameAs":["https:\/\/www.facebook.com\/FiscaliaCol","https:\/\/x.com\/FiscaliaCol","https:\/\/www.instagram.com\/fiscaliacol","https:\/\/www.linkedin.com\/company\/fiscalia-general-de-la-naci-n\/","https:\/\/youtube.com\/@fiscaliageneraldelanacion-4668?si=6nN79nyQICPU5iTh"]},{"@type":"Person","@id":"https:\/\/www.fiscalia.gov.co\/colombia\/#\/schema\/person\/bf28d8ae7f1b287bbe3af484b04f43ea","name":"Direcci\u00f3n de Comunicaciones Fiscal\u00eda General de la Naci\u00f3n","image":{"@type":"ImageObject","inLanguage":"es-CO","@id":"https:\/\/www.fiscalia.gov.co\/colombia\/#\/schema\/person\/image\/","url":"https:\/\/secure.gravatar.com\/avatar\/9d55ae161d32da16dbdd0b380c080a5f?s=96&d=mm&r=g","contentUrl":"https:\/\/secure.gravatar.com\/avatar\/9d55ae161d32da16dbdd0b380c080a5f?s=96&d=mm&r=g","caption":"Direcci\u00f3n de Comunicaciones Fiscal\u00eda General de la Naci\u00f3n"},"url":"https:\/\/www.fiscalia.gov.co\/colombia\/author\/kbonilla\/"}]}},"_links":{"self":[{"href":"https:\/\/www.fiscalia.gov.co\/colombia\/wp-json\/wp\/v2\/posts\/180681","targetHints":{"allow":["GET"]}}],"collection":[{"href":"https:\/\/www.fiscalia.gov.co\/colombia\/wp-json\/wp\/v2\/posts"}],"about":[{"href":"https:\/\/www.fiscalia.gov.co\/colombia\/wp-json\/wp\/v2\/types\/post"}],"author":[{"embeddable":true,"href":"https:\/\/www.fiscalia.gov.co\/colombia\/wp-json\/wp\/v2\/users\/162"}],"replies":[{"embeddable":true,"href":"https:\/\/www.fiscalia.gov.co\/colombia\/wp-json\/wp\/v2\/comments?post=180681"}],"version-history":[{"count":1,"href":"https:\/\/www.fiscalia.gov.co\/colombia\/wp-json\/wp\/v2\/posts\/180681\/revisions"}],"predecessor-version":[{"id":180682,"href":"https:\/\/www.fiscalia.gov.co\/colombia\/wp-json\/wp\/v2\/posts\/180681\/revisions\/180682"}],"wp:attachment":[{"href":"https:\/\/www.fiscalia.gov.co\/colombia\/wp-json\/wp\/v2\/media?parent=180681"}],"wp:term":[{"taxonomy":"category","embeddable":true,"href":"https:\/\/www.fiscalia.gov.co\/colombia\/wp-json\/wp\/v2\/categories?post=180681"},{"taxonomy":"post_tag","embeddable":true,"href":"https:\/\/www.fiscalia.gov.co\/colombia\/wp-json\/wp\/v2\/tags?post=180681"}],"curies":[{"name":"wp","href":"https:\/\/api.w.org\/{rel}","templated":true}]}}