{"id":180596,"date":"2019-06-20T15:13:14","date_gmt":"2019-06-20T20:13:14","guid":{"rendered":"https:\/\/www.fiscalia.gov.co\/colombia\/?p=180596"},"modified":"2019-06-20T17:02:01","modified_gmt":"2019-06-20T22:02:01","slug":"fiscalia-logra-instalacion-de-mesa-tecnica-en-defensa-del-rio-cauca-y-de-los-pobladores-aledanos-a-hidroituango","status":"publish","type":"post","link":"https:\/\/www.fiscalia.gov.co\/colombia\/noticias\/fiscalia-logra-instalacion-de-mesa-tecnica-en-defensa-del-rio-cauca-y-de-los-pobladores-aledanos-a-hidroituango\/","title":{"rendered":"Fiscal\u00eda logra instalaci\u00f3n de mesa t\u00e9cnica en defensa del r\u00edo Cauca y de los pobladores aleda\u00f1os a Hidroituango"},"content":{"rendered":"<blockquote class=\"td_quote_box td_box_center\">\n<h4><strong>El primer encuentro se cumplir\u00e1 ma\u00f1ana viernes 21 de junio del a\u00f1o en curso, en la sede de la Procuradur\u00eda General de la Naci\u00f3n. La mesa t\u00e9cnica analizar\u00e1 la estabilidad del \u00e1rea en la que se adelanta Hidroituango, establecer\u00e1 su impacto ambiental y definir\u00e1 la continuidad o suspensi\u00f3n del proyecto.<\/strong><\/h4>\n<\/blockquote>\n<p>Gracias a la presentaci\u00f3n de peritajes t\u00e9cnicos que evidenciaron graves afectaciones a los recursos ambientales por parte de las obras relacionadas con la construcci\u00f3n de la Hidroel\u00e9ctrica de Ituango (Hidroituango) y la solicitud de medidas cautelares ante un juez de control de garant\u00edas para proteger a las comunidades ubicadas en la ronda del r\u00edo Cauca, la Fiscal\u00eda General de la Naci\u00f3n logr\u00f3 la conformaci\u00f3n de una mesa t\u00e9cnica que evaluar\u00e1 el impacto del proyecto y su continuidad.<\/p>\n<p>Los argumentos de la Fiscal\u00eda fueron aceptados por el juez 75 Penal Municipal de Bogot\u00e1, quien en audiencia p\u00fablica cumplida el pasado 12 de junio del a\u00f1o en curso se\u00f1al\u00f3 que: <em>\u201cest\u00e1 claro que s\u00ed se han presentado da\u00f1os a los recursos naturales por presunto incumplimiento de la normatividad entorno a la licencia ambiental y con el desarrollo del proyecto (Hidroituango)\u201d<\/em><\/p>\n<p>En ese sentido, el juez impuso dos medidas cautelares para amparar los derechos a la vida, salud, m\u00ednimo vital, vida digna y medio ambiente de los pobladores de la zona de influencia de Hidroituango.<\/p>\n<p>De la primera disposici\u00f3n judicial se empezar\u00e1 a dar cumplimiento ma\u00f1ana viernes 21 de junio de 2019 a las 2:00 p.m., y ser\u00e1 la instalaci\u00f3n de una mesa t\u00e9cnica que deber\u00e1 obtener un estudio t\u00e9cnico a profundidad sobre la estructura rocosa en la que est\u00e1 ubicada la hidroel\u00e9ctrica y evaluar\u00e1 el impacto y estabilidad ambiental del proyecto con el prop\u00f3sito de definir la continuidad o suspensi\u00f3n del mismo.<\/p>\n<p>La mesa t\u00e9cnica ser\u00e1 instalada en la sede la Procuradur\u00eda General de la Naci\u00f3n en Bogot\u00e1, de acuerdo con lo dispuesto por el juez de control de garant\u00edas, y de ella tambi\u00e9n har\u00e1n parte la Fiscal\u00eda General de la Naci\u00f3n, la Contralor\u00eda General de la Rep\u00fablica, la Gobernaci\u00f3n de Antioquia, el Ministerio de Ambiente y Desarrollo Sostenible, el Ministerio de Salud y Protecci\u00f3n Social, la Autoridad Nacional de Licencias Ambientales (ANLA), Empresas P\u00fablicas de Medell\u00edn (EPM), Hidroituango y los representantes de las v\u00edctimas y asociaciones reconocidas en el proceso.<\/p>\n<p>Cada 10 d\u00edas la mesa t\u00e9cnica presentar\u00e1 informes sobre los avances y en dos meses informar\u00e1 al juez los resultados de los estudios y evaluaciones que se hagan para recuperar el r\u00edo Cauca y proteger a las comunidades.<\/p>\n<p>Desde la Fiscal\u00eda General de la Naci\u00f3n, a trav\u00e9s de la Direcci\u00f3n Especializada contra las Violaciones a los Derechos Humanos, se ha insistido en la necesidad urgente de salvaguardar la vida de los pobladores de por los menos 19 poblaciones ribere\u00f1as y recuperar la econom\u00eda de la regi\u00f3n golpeada por diferentes factores asociados con la construcci\u00f3n y puesta en marcha de la hidroel\u00e9ctrica.<\/p>\n<p>Vale la pena resaltar que, inicialmente y gracias al trabajo de peritos especializados, la Fiscal\u00eda ha detectado cuatro situaciones de riesgo para las fuentes h\u00eddricas y las comunidades,\u00a0 ellas son:<\/p>\n<ol>\n<li><u>Invasi\u00f3n del buch\u00f3n de agua<\/u>: sobre el r\u00edo Cauca, a la altura de Sabanalarga (Antioquia), los investigadores constataron la invasi\u00f3n acelerada de buch\u00f3n, una planta acu\u00e1tica que crece en zonas en las que el agua se empoza o no corre con suficiente fluidez y reduce todos los procesos biol\u00f3gicos de\u00a0 conservaci\u00f3n de los ecosistemas.<\/li>\n<li><u>Planta de asfalto<\/u>: en la v\u00eda que conduce de Toledo a Puerto Valdivia (Antioquia), sobre la ronda del r\u00edo San Andr\u00e9s, uno de los afluentes que nutre al r\u00edo Cauca, la Fiscal\u00eda encontr\u00f3 una planta de asfalto abandonada en la que hay residuos de material carburado del petr\u00f3leo y otros elementos peligrosos dispersos indiscriminadamente, provenientes de los trabajos de obra civil para la hidroel\u00e9ctrica.<\/li>\n<li><u>Escombrera El Higuer\u00f3n<\/u>: en un lugar conocido como El Higuer\u00f3n, entre Puerto Valdivia y la hidroel\u00e9ctrica, se encontr\u00f3 una Zona de Disposici\u00f3n de Material Excavado (ZODME) en la que hay de 2,5 a 3 millones de toneladas de residuos s\u00f3lidos, aproximadamente. Las rocas y el lodo extra\u00eddos del proyecto fueron dispuestos sobre una pendiente y amenazan en la actualidad con desprenderse sobre una v\u00eda por la que transitan constante peatones, veh\u00edculos y semovientes, y podr\u00eda represar el cauce del r\u00edo Cauca con las consecuencias de una posible avalancha.<\/li>\n<li><u>Afectaci\u00f3n de la cadena alimentaria:<\/u> la presencia de buch\u00f3n y los otros riesgos identificados por est\u00e1n reteniendo la riqueza biol\u00f3gica y de minerales del r\u00edo Cauca. Los expertos encontraron que esta situaci\u00f3n afecta a la poblaci\u00f3n de peces, en calidad, tama\u00f1o, carne y en su misma reproducci\u00f3n. Aspecto que golpea la seguridad alimentaria y la principal actividad econ\u00f3mica de los pobladores del r\u00edo Cauca.<\/li>\n<\/ol>\n<p>La Fiscal\u00eda General de la Naci\u00f3n hace p\u00fablica esta informaci\u00f3n por razones de inter\u00e9s general.<\/p>\n\n<div class=\"twitter-share\"><a href=\"https:\/\/twitter.com\/intent\/tweet?via=fiscaliacol\" class=\"twitter-share-button\">Tweet<\/a><\/div>\n","protected":false},"excerpt":{"rendered":"<p>El primer encuentro se cumplir\u00e1 ma\u00f1ana viernes 21 de junio del a\u00f1o en curso, en la sede de la Procuradur\u00eda General de la Naci\u00f3n. La mesa t\u00e9cnica analizar\u00e1 la estabilidad del \u00e1rea en la que se adelanta Hidroituango, establecer\u00e1 su impacto ambiental y definir\u00e1 la continuidad o suspensi\u00f3n del proyecto. Gracias a la presentaci\u00f3n de [&hellip;]<\/p>\n","protected":false},"author":162,"featured_media":0,"comment_status":"closed","ping_status":"open","sticky":false,"template":"","format":"standard","meta":{"tdm_status":"","tdm_grid_status":"","footnotes":""},"categories":[24102,1],"tags":[],"class_list":{"0":"post-180596","1":"post","2":"type-post","3":"status-publish","4":"format-standard","6":"category-derechos-humanos","7":"category-noticias"},"yoast_head":"<!-- This site is optimized with the Yoast SEO plugin v24.3 - https:\/\/yoast.com\/wordpress\/plugins\/seo\/ -->\n<title>Fiscal\u00eda General de la Naci\u00f3n<\/title>\n<meta name=\"description\" content=\"P\u00e1gina oficial de la Fiscal\u00eda General de la Naci\u00f3n \u2013 Colombia. Garantizamos el acceso efectivo a la justicia, la verdad y la reparaci\u00f3n de las v\u00edctimas de los delitos.\" \/>\n<meta name=\"robots\" content=\"noindex, follow\" \/>\n<meta property=\"og:locale\" content=\"es_ES\" \/>\n<meta property=\"og:type\" content=\"article\" \/>\n<meta property=\"og:title\" content=\"Fiscal\u00eda General de la Naci\u00f3n\" \/>\n<meta property=\"og:description\" content=\"P\u00e1gina oficial de la Fiscal\u00eda General de la Naci\u00f3n \u2013 Colombia. Garantizamos el acceso efectivo a la justicia, la verdad y la reparaci\u00f3n de las v\u00edctimas de los delitos.\" \/>\n<meta property=\"og:url\" content=\"https:\/\/www.fiscalia.gov.co\/colombia\/noticias\/fiscalia-logra-instalacion-de-mesa-tecnica-en-defensa-del-rio-cauca-y-de-los-pobladores-aledanos-a-hidroituango\/\" \/>\n<meta property=\"og:site_name\" content=\"Fiscal\u00eda General de la Naci\u00f3n\" \/>\n<meta property=\"article:publisher\" content=\"https:\/\/www.facebook.com\/FiscaliaCol\" \/>\n<meta property=\"article:published_time\" content=\"2019-06-20T20:13:14+00:00\" \/>\n<meta property=\"article:modified_time\" content=\"2019-06-20T22:02:01+00:00\" \/>\n<meta name=\"author\" content=\"Direcci\u00f3n de Comunicaciones Fiscal\u00eda General de la Naci\u00f3n\" \/>\n<meta name=\"twitter:card\" content=\"summary_large_image\" \/>\n<meta name=\"twitter:creator\" content=\"@FiscaliaCol\" \/>\n<meta name=\"twitter:site\" content=\"@FiscaliaCol\" \/>\n<meta name=\"twitter:label1\" content=\"Escrito por\" \/>\n\t<meta name=\"twitter:data1\" content=\"Direcci\u00f3n de Comunicaciones Fiscal\u00eda General de la Naci\u00f3n\" \/>\n\t<meta name=\"twitter:label2\" content=\"Tiempo de lectura\" \/>\n\t<meta name=\"twitter:data2\" content=\"4 minutos\" \/>\n<script type=\"application\/ld+json\" class=\"yoast-schema-graph\">{\"@context\":\"https:\/\/schema.org\",\"@graph\":[{\"@type\":\"Article\",\"@id\":\"https:\/\/www.fiscalia.gov.co\/colombia\/noticias\/fiscalia-logra-instalacion-de-mesa-tecnica-en-defensa-del-rio-cauca-y-de-los-pobladores-aledanos-a-hidroituango\/#article\",\"isPartOf\":{\"@id\":\"https:\/\/www.fiscalia.gov.co\/colombia\/noticias\/fiscalia-logra-instalacion-de-mesa-tecnica-en-defensa-del-rio-cauca-y-de-los-pobladores-aledanos-a-hidroituango\/\"},\"author\":{\"name\":\"Direcci\u00f3n de Comunicaciones Fiscal\u00eda General de la Naci\u00f3n\",\"@id\":\"https:\/\/www.fiscalia.gov.co\/colombia\/#\/schema\/person\/bf28d8ae7f1b287bbe3af484b04f43ea\"},\"headline\":\"Fiscal\u00eda logra instalaci\u00f3n de mesa t\u00e9cnica en defensa del r\u00edo Cauca y de los pobladores aleda\u00f1os a Hidroituango\",\"datePublished\":\"2019-06-20T20:13:14+00:00\",\"dateModified\":\"2019-06-20T22:02:01+00:00\",\"mainEntityOfPage\":{\"@id\":\"https:\/\/www.fiscalia.gov.co\/colombia\/noticias\/fiscalia-logra-instalacion-de-mesa-tecnica-en-defensa-del-rio-cauca-y-de-los-pobladores-aledanos-a-hidroituango\/\"},\"wordCount\":909,\"publisher\":{\"@id\":\"https:\/\/www.fiscalia.gov.co\/colombia\/#organization\"},\"articleSection\":[\"Derechos Humanos\",\"Noticias\"],\"inLanguage\":\"es-CO\"},{\"@type\":\"WebPage\",\"@id\":\"https:\/\/www.fiscalia.gov.co\/colombia\/noticias\/fiscalia-logra-instalacion-de-mesa-tecnica-en-defensa-del-rio-cauca-y-de-los-pobladores-aledanos-a-hidroituango\/\",\"url\":\"https:\/\/www.fiscalia.gov.co\/colombia\/noticias\/fiscalia-logra-instalacion-de-mesa-tecnica-en-defensa-del-rio-cauca-y-de-los-pobladores-aledanos-a-hidroituango\/\",\"name\":\"Fiscal\u00eda General de la Naci\u00f3n\",\"isPartOf\":{\"@id\":\"https:\/\/www.fiscalia.gov.co\/colombia\/#website\"},\"datePublished\":\"2019-06-20T20:13:14+00:00\",\"dateModified\":\"2019-06-20T22:02:01+00:00\",\"description\":\"P\u00e1gina oficial de la Fiscal\u00eda General de la Naci\u00f3n \u2013 Colombia. Garantizamos el acceso efectivo a la justicia, la verdad y la reparaci\u00f3n de las v\u00edctimas de los delitos.\",\"breadcrumb\":{\"@id\":\"https:\/\/www.fiscalia.gov.co\/colombia\/noticias\/fiscalia-logra-instalacion-de-mesa-tecnica-en-defensa-del-rio-cauca-y-de-los-pobladores-aledanos-a-hidroituango\/#breadcrumb\"},\"inLanguage\":\"es-CO\",\"potentialAction\":[{\"@type\":\"ReadAction\",\"target\":[\"https:\/\/www.fiscalia.gov.co\/colombia\/noticias\/fiscalia-logra-instalacion-de-mesa-tecnica-en-defensa-del-rio-cauca-y-de-los-pobladores-aledanos-a-hidroituango\/\"]}]},{\"@type\":\"BreadcrumbList\",\"@id\":\"https:\/\/www.fiscalia.gov.co\/colombia\/noticias\/fiscalia-logra-instalacion-de-mesa-tecnica-en-defensa-del-rio-cauca-y-de-los-pobladores-aledanos-a-hidroituango\/#breadcrumb\",\"itemListElement\":[{\"@type\":\"ListItem\",\"position\":1,\"name\":\"Home\",\"item\":\"https:\/\/www.fiscalia.gov.co\/colombia\/\"},{\"@type\":\"ListItem\",\"position\":2,\"name\":\"Fiscal\u00eda logra instalaci\u00f3n de mesa t\u00e9cnica en defensa del r\u00edo Cauca y de los pobladores aleda\u00f1os a Hidroituango\"}]},{\"@type\":\"WebSite\",\"@id\":\"https:\/\/www.fiscalia.gov.co\/colombia\/#website\",\"url\":\"https:\/\/www.fiscalia.gov.co\/colombia\/\",\"name\":\"Fiscal\u00eda General de la Naci\u00f3n\",\"description\":\"P\u00e1gina oficial de la Fiscal\u00eda General de la Naci\u00f3n \u2013 Colombia. Garantizamos el acceso efectivo a la justicia, la verdad y la reparaci\u00f3n de las v\u00edctimas de los delitos.\",\"publisher\":{\"@id\":\"https:\/\/www.fiscalia.gov.co\/colombia\/#organization\"},\"potentialAction\":[{\"@type\":\"SearchAction\",\"target\":{\"@type\":\"EntryPoint\",\"urlTemplate\":\"https:\/\/www.fiscalia.gov.co\/colombia\/?s={search_term_string}\"},\"query-input\":{\"@type\":\"PropertyValueSpecification\",\"valueRequired\":true,\"valueName\":\"search_term_string\"}}],\"inLanguage\":\"es-CO\"},{\"@type\":\"Organization\",\"@id\":\"https:\/\/www.fiscalia.gov.co\/colombia\/#organization\",\"name\":\"Fiscal\u00eda General de la Naci\u00f3n\",\"url\":\"https:\/\/www.fiscalia.gov.co\/colombia\/\",\"logo\":{\"@type\":\"ImageObject\",\"inLanguage\":\"es-CO\",\"@id\":\"https:\/\/www.fiscalia.gov.co\/colombia\/#\/schema\/logo\/image\/\",\"url\":\"https:\/\/www.fiscalia.gov.co\/colombia\/wp-content\/uploads\/LogoHorizontal_1.jpg\",\"contentUrl\":\"https:\/\/www.fiscalia.gov.co\/colombia\/wp-content\/uploads\/LogoHorizontal_1.jpg\",\"width\":300,\"height\":90,\"caption\":\"Fiscal\u00eda General de la Naci\u00f3n\"},\"image\":{\"@id\":\"https:\/\/www.fiscalia.gov.co\/colombia\/#\/schema\/logo\/image\/\"},\"sameAs\":[\"https:\/\/www.facebook.com\/FiscaliaCol\",\"https:\/\/x.com\/FiscaliaCol\",\"https:\/\/www.instagram.com\/fiscaliacol\",\"https:\/\/www.linkedin.com\/company\/fiscalia-general-de-la-naci-n\/\",\"https:\/\/youtube.com\/@fiscaliageneraldelanacion-4668?si=6nN79nyQICPU5iTh\"]},{\"@type\":\"Person\",\"@id\":\"https:\/\/www.fiscalia.gov.co\/colombia\/#\/schema\/person\/bf28d8ae7f1b287bbe3af484b04f43ea\",\"name\":\"Direcci\u00f3n de Comunicaciones Fiscal\u00eda General de la Naci\u00f3n\",\"image\":{\"@type\":\"ImageObject\",\"inLanguage\":\"es-CO\",\"@id\":\"https:\/\/www.fiscalia.gov.co\/colombia\/#\/schema\/person\/image\/\",\"url\":\"https:\/\/secure.gravatar.com\/avatar\/9d55ae161d32da16dbdd0b380c080a5f?s=96&d=mm&r=g\",\"contentUrl\":\"https:\/\/secure.gravatar.com\/avatar\/9d55ae161d32da16dbdd0b380c080a5f?s=96&d=mm&r=g\",\"caption\":\"Direcci\u00f3n de Comunicaciones Fiscal\u00eda General de la Naci\u00f3n\"},\"url\":\"https:\/\/www.fiscalia.gov.co\/colombia\/author\/kbonilla\/\"}]}<\/script>\n<!-- \/ Yoast SEO plugin. -->","yoast_head_json":{"title":"Fiscal\u00eda General de la Naci\u00f3n","description":"P\u00e1gina oficial de la Fiscal\u00eda General de la Naci\u00f3n \u2013 Colombia. Garantizamos el acceso efectivo a la justicia, la verdad y la reparaci\u00f3n de las v\u00edctimas de los delitos.","robots":{"index":"noindex","follow":"follow"},"og_locale":"es_ES","og_type":"article","og_title":"Fiscal\u00eda General de la Naci\u00f3n","og_description":"P\u00e1gina oficial de la Fiscal\u00eda General de la Naci\u00f3n \u2013 Colombia. Garantizamos el acceso efectivo a la justicia, la verdad y la reparaci\u00f3n de las v\u00edctimas de los delitos.","og_url":"https:\/\/www.fiscalia.gov.co\/colombia\/noticias\/fiscalia-logra-instalacion-de-mesa-tecnica-en-defensa-del-rio-cauca-y-de-los-pobladores-aledanos-a-hidroituango\/","og_site_name":"Fiscal\u00eda General de la Naci\u00f3n","article_publisher":"https:\/\/www.facebook.com\/FiscaliaCol","article_published_time":"2019-06-20T20:13:14+00:00","article_modified_time":"2019-06-20T22:02:01+00:00","author":"Direcci\u00f3n de Comunicaciones Fiscal\u00eda General de la Naci\u00f3n","twitter_card":"summary_large_image","twitter_creator":"@FiscaliaCol","twitter_site":"@FiscaliaCol","twitter_misc":{"Escrito por":"Direcci\u00f3n de Comunicaciones Fiscal\u00eda General de la Naci\u00f3n","Tiempo de lectura":"4 minutos"},"schema":{"@context":"https:\/\/schema.org","@graph":[{"@type":"Article","@id":"https:\/\/www.fiscalia.gov.co\/colombia\/noticias\/fiscalia-logra-instalacion-de-mesa-tecnica-en-defensa-del-rio-cauca-y-de-los-pobladores-aledanos-a-hidroituango\/#article","isPartOf":{"@id":"https:\/\/www.fiscalia.gov.co\/colombia\/noticias\/fiscalia-logra-instalacion-de-mesa-tecnica-en-defensa-del-rio-cauca-y-de-los-pobladores-aledanos-a-hidroituango\/"},"author":{"name":"Direcci\u00f3n de Comunicaciones Fiscal\u00eda General de la Naci\u00f3n","@id":"https:\/\/www.fiscalia.gov.co\/colombia\/#\/schema\/person\/bf28d8ae7f1b287bbe3af484b04f43ea"},"headline":"Fiscal\u00eda logra instalaci\u00f3n de mesa t\u00e9cnica en defensa del r\u00edo Cauca y de los pobladores aleda\u00f1os a Hidroituango","datePublished":"2019-06-20T20:13:14+00:00","dateModified":"2019-06-20T22:02:01+00:00","mainEntityOfPage":{"@id":"https:\/\/www.fiscalia.gov.co\/colombia\/noticias\/fiscalia-logra-instalacion-de-mesa-tecnica-en-defensa-del-rio-cauca-y-de-los-pobladores-aledanos-a-hidroituango\/"},"wordCount":909,"publisher":{"@id":"https:\/\/www.fiscalia.gov.co\/colombia\/#organization"},"articleSection":["Derechos Humanos","Noticias"],"inLanguage":"es-CO"},{"@type":"WebPage","@id":"https:\/\/www.fiscalia.gov.co\/colombia\/noticias\/fiscalia-logra-instalacion-de-mesa-tecnica-en-defensa-del-rio-cauca-y-de-los-pobladores-aledanos-a-hidroituango\/","url":"https:\/\/www.fiscalia.gov.co\/colombia\/noticias\/fiscalia-logra-instalacion-de-mesa-tecnica-en-defensa-del-rio-cauca-y-de-los-pobladores-aledanos-a-hidroituango\/","name":"Fiscal\u00eda General de la Naci\u00f3n","isPartOf":{"@id":"https:\/\/www.fiscalia.gov.co\/colombia\/#website"},"datePublished":"2019-06-20T20:13:14+00:00","dateModified":"2019-06-20T22:02:01+00:00","description":"P\u00e1gina oficial de la Fiscal\u00eda General de la Naci\u00f3n \u2013 Colombia. Garantizamos el acceso efectivo a la justicia, la verdad y la reparaci\u00f3n de las v\u00edctimas de los delitos.","breadcrumb":{"@id":"https:\/\/www.fiscalia.gov.co\/colombia\/noticias\/fiscalia-logra-instalacion-de-mesa-tecnica-en-defensa-del-rio-cauca-y-de-los-pobladores-aledanos-a-hidroituango\/#breadcrumb"},"inLanguage":"es-CO","potentialAction":[{"@type":"ReadAction","target":["https:\/\/www.fiscalia.gov.co\/colombia\/noticias\/fiscalia-logra-instalacion-de-mesa-tecnica-en-defensa-del-rio-cauca-y-de-los-pobladores-aledanos-a-hidroituango\/"]}]},{"@type":"BreadcrumbList","@id":"https:\/\/www.fiscalia.gov.co\/colombia\/noticias\/fiscalia-logra-instalacion-de-mesa-tecnica-en-defensa-del-rio-cauca-y-de-los-pobladores-aledanos-a-hidroituango\/#breadcrumb","itemListElement":[{"@type":"ListItem","position":1,"name":"Home","item":"https:\/\/www.fiscalia.gov.co\/colombia\/"},{"@type":"ListItem","position":2,"name":"Fiscal\u00eda logra instalaci\u00f3n de mesa t\u00e9cnica en defensa del r\u00edo Cauca y de los pobladores aleda\u00f1os a Hidroituango"}]},{"@type":"WebSite","@id":"https:\/\/www.fiscalia.gov.co\/colombia\/#website","url":"https:\/\/www.fiscalia.gov.co\/colombia\/","name":"Fiscal\u00eda General de la Naci\u00f3n","description":"P\u00e1gina oficial de la Fiscal\u00eda General de la Naci\u00f3n \u2013 Colombia. Garantizamos el acceso efectivo a la justicia, la verdad y la reparaci\u00f3n de las v\u00edctimas de los delitos.","publisher":{"@id":"https:\/\/www.fiscalia.gov.co\/colombia\/#organization"},"potentialAction":[{"@type":"SearchAction","target":{"@type":"EntryPoint","urlTemplate":"https:\/\/www.fiscalia.gov.co\/colombia\/?s={search_term_string}"},"query-input":{"@type":"PropertyValueSpecification","valueRequired":true,"valueName":"search_term_string"}}],"inLanguage":"es-CO"},{"@type":"Organization","@id":"https:\/\/www.fiscalia.gov.co\/colombia\/#organization","name":"Fiscal\u00eda General de la Naci\u00f3n","url":"https:\/\/www.fiscalia.gov.co\/colombia\/","logo":{"@type":"ImageObject","inLanguage":"es-CO","@id":"https:\/\/www.fiscalia.gov.co\/colombia\/#\/schema\/logo\/image\/","url":"https:\/\/www.fiscalia.gov.co\/colombia\/wp-content\/uploads\/LogoHorizontal_1.jpg","contentUrl":"https:\/\/www.fiscalia.gov.co\/colombia\/wp-content\/uploads\/LogoHorizontal_1.jpg","width":300,"height":90,"caption":"Fiscal\u00eda General de la Naci\u00f3n"},"image":{"@id":"https:\/\/www.fiscalia.gov.co\/colombia\/#\/schema\/logo\/image\/"},"sameAs":["https:\/\/www.facebook.com\/FiscaliaCol","https:\/\/x.com\/FiscaliaCol","https:\/\/www.instagram.com\/fiscaliacol","https:\/\/www.linkedin.com\/company\/fiscalia-general-de-la-naci-n\/","https:\/\/youtube.com\/@fiscaliageneraldelanacion-4668?si=6nN79nyQICPU5iTh"]},{"@type":"Person","@id":"https:\/\/www.fiscalia.gov.co\/colombia\/#\/schema\/person\/bf28d8ae7f1b287bbe3af484b04f43ea","name":"Direcci\u00f3n de Comunicaciones Fiscal\u00eda General de la Naci\u00f3n","image":{"@type":"ImageObject","inLanguage":"es-CO","@id":"https:\/\/www.fiscalia.gov.co\/colombia\/#\/schema\/person\/image\/","url":"https:\/\/secure.gravatar.com\/avatar\/9d55ae161d32da16dbdd0b380c080a5f?s=96&d=mm&r=g","contentUrl":"https:\/\/secure.gravatar.com\/avatar\/9d55ae161d32da16dbdd0b380c080a5f?s=96&d=mm&r=g","caption":"Direcci\u00f3n de Comunicaciones Fiscal\u00eda General de la Naci\u00f3n"},"url":"https:\/\/www.fiscalia.gov.co\/colombia\/author\/kbonilla\/"}]}},"_links":{"self":[{"href":"https:\/\/www.fiscalia.gov.co\/colombia\/wp-json\/wp\/v2\/posts\/180596","targetHints":{"allow":["GET"]}}],"collection":[{"href":"https:\/\/www.fiscalia.gov.co\/colombia\/wp-json\/wp\/v2\/posts"}],"about":[{"href":"https:\/\/www.fiscalia.gov.co\/colombia\/wp-json\/wp\/v2\/types\/post"}],"author":[{"embeddable":true,"href":"https:\/\/www.fiscalia.gov.co\/colombia\/wp-json\/wp\/v2\/users\/162"}],"replies":[{"embeddable":true,"href":"https:\/\/www.fiscalia.gov.co\/colombia\/wp-json\/wp\/v2\/comments?post=180596"}],"version-history":[{"count":2,"href":"https:\/\/www.fiscalia.gov.co\/colombia\/wp-json\/wp\/v2\/posts\/180596\/revisions"}],"predecessor-version":[{"id":180598,"href":"https:\/\/www.fiscalia.gov.co\/colombia\/wp-json\/wp\/v2\/posts\/180596\/revisions\/180598"}],"wp:attachment":[{"href":"https:\/\/www.fiscalia.gov.co\/colombia\/wp-json\/wp\/v2\/media?parent=180596"}],"wp:term":[{"taxonomy":"category","embeddable":true,"href":"https:\/\/www.fiscalia.gov.co\/colombia\/wp-json\/wp\/v2\/categories?post=180596"},{"taxonomy":"post_tag","embeddable":true,"href":"https:\/\/www.fiscalia.gov.co\/colombia\/wp-json\/wp\/v2\/tags?post=180596"}],"curies":[{"name":"wp","href":"https:\/\/api.w.org\/{rel}","templated":true}]}}