{"id":180572,"date":"2019-06-20T12:09:53","date_gmt":"2019-06-20T17:09:53","guid":{"rendered":"https:\/\/www.fiscalia.gov.co\/colombia\/?p=180572"},"modified":"2019-06-20T12:10:14","modified_gmt":"2019-06-20T17:10:14","slug":"cinco-personas-fueron-imputadas-por-cometer-delitos-sexuales-contra-cinco-ninas-y-un-nino-en-caqueta","status":"publish","type":"post","link":"https:\/\/www.fiscalia.gov.co\/colombia\/seccionales\/cinco-personas-fueron-imputadas-por-cometer-delitos-sexuales-contra-cinco-ninas-y-un-nino-en-caqueta\/","title":{"rendered":"Cinco personas fueron imputadas por cometer delitos sexuales contra cinco ni\u00f1as y un ni\u00f1o en Caquet\u00e1"},"content":{"rendered":"<blockquote class=\"td_quote_box td_box_center\">\n<h4><strong>En dos de los casos los victimarios fueron identificados como padre y padrastro; en otros dos como vecinos, y en un caso m\u00e1s, el procesado ten\u00eda una relaci\u00f3n sentimental con la menor de edad, producto de lo cual qued\u00f3 embarazada. Ninguno acept\u00f3 los cargos imputados por la Fiscal\u00eda.<\/strong><\/h4>\n<\/blockquote>\n<p>La Fiscal\u00eda judicializ\u00f3 a cinco personas como presuntas responsables de los delitos de <strong>actos sexuales con menor de 14 a\u00f1os<\/strong> y <strong>acceso carnal abusivo<\/strong> de los cuales fueron v\u00edctimas cinco ni\u00f1as \u2014entre ellas dos hermanas de 5 y 6 a\u00f1os\u2014 y un ni\u00f1o de 5 a\u00f1os.<\/p>\n<p>Todos los casos que se investigan son por hechos aislados, ocurridos en los a\u00f1os 2017, 2018 y 2019, en los municipios caquete\u00f1os de <strong>Florencia<\/strong> y <strong>Curillo. <\/strong>Ninguno de los procesados acept\u00f3 su responsabilidad.<\/p>\n<p><strong>Principales agresores: padres y padrastros<\/strong><\/p>\n<p>El primer caso hace referencia a un padre quien fue detenido en una labor interinstitucional CTI-Sij\u00edn, en el barrio La Estrella de la capital caquete\u00f1a, ya que era solicitado por el Juzgado Promiscuo Municipal de Curillo, por hechos ocurridos en el a\u00f1o 2017, cuando al parecer una noche le realiz\u00f3 tocamientos en las partes \u00edntimas a su hija de 9 a\u00f1os.<\/p>\n<p>El segundo es un padrastro quien fue imputado por el mismo delito, detenido por la misma polic\u00eda judicial, con el apoyo de miembros del Ej\u00e9rcito en el barrio Industrial de Florencia.<\/p>\n<p>Seg\u00fan el ente acusador, el ataque sexual ocurri\u00f3 en marzo de este a\u00f1o en un sector de esa ciudad, donde el sujeto aprovechando su figura paterna y por ende la confianza depositada en \u00e9l, le habr\u00eda realizado tocamientos a su hijastro de 5 a\u00f1os.<\/p>\n<p><strong>Vecinos de entera confianza<\/strong><\/p>\n<p>En el barrio El Centro de la misma ciudad, fue detenido un hombre porque de acuerdo a labores investigativas, en agosto del a\u00f1o 2018, supuestamente entr\u00f3 a la casa de las v\u00edctimas de 5 y 6 a\u00f1os, y manipul\u00f3 sus partes \u00edntimas, aprovechando que era vecino de la familia. En este caso, la Fiscal\u00eda logr\u00f3 <strong>medida de aseguramiento<\/strong> en centro de reclusi\u00f3n para el investigado.<\/p>\n<p>De igual manera fue imputado por actos sexuales con menor de 14 a\u00f1os, un adulto mayor que fue detenido en el barrio La Estrella, porque de acuerdo con la denuncia instaurada por el <strong>ICBF<\/strong>, el sujeto habr\u00eda abusado de una ni\u00f1a de 5 a\u00f1os, de quien era vecino.<\/p>\n<p><strong>La convirti\u00f3 en su pareja y la embaraz\u00f3<\/strong><\/p>\n<p>Por el delito de <strong>acceso carnal o acto sexual abusivo con menor de 14 a\u00f1os<\/strong>, fue detenido en el barrio San Judas un hombre a ra\u00edz de la denuncia instaurada por el Instituto Colombiano de Bienestar Familiar, que indicaba que en el a\u00f1o 2018, el sujeto al parecer sostuvo relaciones sexuales con una ni\u00f1a de 13 a\u00f1os con quien adem\u00e1s ten\u00eda una relaci\u00f3n sentimental, y producto de ello la embaraz\u00f3.<\/p>\n<p>La Fiscal\u00eda hace p\u00fablica esta informaci\u00f3n por razones de inter\u00e9s general.<\/p>\n<p>&nbsp;<\/p>\n<p>PAAM\/DLBM<\/p>\n\n<div class=\"twitter-share\"><a href=\"https:\/\/twitter.com\/intent\/tweet?via=fiscaliacol\" class=\"twitter-share-button\">Tweet<\/a><\/div>\n","protected":false},"excerpt":{"rendered":"<p>En dos de los casos los victimarios fueron identificados como padre y padrastro; en otros dos como vecinos, y en un caso m\u00e1s, el procesado ten\u00eda una relaci\u00f3n sentimental con [&hellip;]<\/p>\n","protected":false},"author":162,"featured_media":0,"comment_status":"closed","ping_status":"open","sticky":false,"template":"","format":"standard","meta":{"tdm_status":"","tdm_grid_status":"","footnotes":""},"categories":[328,303,24127],"tags":[],"class_list":["post-180572","post","type-post","status-publish","format-standard","category-seccional-florencia","category-seccionales","category-violencia-sexual-e-intrafamiliar"],"yoast_head":"<!-- This site is optimized with the Yoast SEO plugin v24.3 - https:\/\/yoast.com\/wordpress\/plugins\/seo\/ -->\n<title>Fiscal\u00eda General de la Naci\u00f3n<\/title>\n<meta name=\"description\" content=\"P\u00e1gina oficial de la Fiscal\u00eda General de la Naci\u00f3n \u2013 Colombia. Garantizamos el acceso efectivo a la justicia, la verdad y la reparaci\u00f3n de las v\u00edctimas de los delitos.\" \/>\n<meta name=\"robots\" content=\"noindex, follow\" \/>\n<meta property=\"og:locale\" content=\"es_ES\" \/>\n<meta property=\"og:type\" content=\"article\" \/>\n<meta property=\"og:title\" content=\"Fiscal\u00eda General de la Naci\u00f3n\" \/>\n<meta property=\"og:description\" content=\"P\u00e1gina oficial de la Fiscal\u00eda General de la Naci\u00f3n \u2013 Colombia. Garantizamos el acceso efectivo a la justicia, la verdad y la reparaci\u00f3n de las v\u00edctimas de los delitos.\" \/>\n<meta property=\"og:url\" content=\"https:\/\/www.fiscalia.gov.co\/colombia\/seccionales\/cinco-personas-fueron-imputadas-por-cometer-delitos-sexuales-contra-cinco-ninas-y-un-nino-en-caqueta\/\" \/>\n<meta property=\"og:site_name\" content=\"Fiscal\u00eda General de la Naci\u00f3n\" \/>\n<meta property=\"article:publisher\" content=\"https:\/\/www.facebook.com\/FiscaliaCol\" \/>\n<meta property=\"article:published_time\" content=\"2019-06-20T17:09:53+00:00\" \/>\n<meta property=\"article:modified_time\" content=\"2019-06-20T17:10:14+00:00\" \/>\n<meta name=\"author\" content=\"Direcci\u00f3n de Comunicaciones Fiscal\u00eda General de la Naci\u00f3n\" \/>\n<meta name=\"twitter:card\" content=\"summary_large_image\" \/>\n<meta name=\"twitter:creator\" content=\"@FiscaliaCol\" \/>\n<meta name=\"twitter:site\" content=\"@FiscaliaCol\" \/>\n<meta name=\"twitter:label1\" content=\"Escrito por\" \/>\n\t<meta name=\"twitter:data1\" content=\"Direcci\u00f3n de Comunicaciones Fiscal\u00eda General de la Naci\u00f3n\" \/>\n\t<meta name=\"twitter:label2\" content=\"Tiempo de lectura\" \/>\n\t<meta name=\"twitter:data2\" content=\"3 minutos\" \/>\n<script type=\"application\/ld+json\" class=\"yoast-schema-graph\">{\"@context\":\"https:\/\/schema.org\",\"@graph\":[{\"@type\":\"Article\",\"@id\":\"https:\/\/www.fiscalia.gov.co\/colombia\/seccionales\/cinco-personas-fueron-imputadas-por-cometer-delitos-sexuales-contra-cinco-ninas-y-un-nino-en-caqueta\/#article\",\"isPartOf\":{\"@id\":\"https:\/\/www.fiscalia.gov.co\/colombia\/seccionales\/cinco-personas-fueron-imputadas-por-cometer-delitos-sexuales-contra-cinco-ninas-y-un-nino-en-caqueta\/\"},\"author\":{\"name\":\"Direcci\u00f3n de Comunicaciones Fiscal\u00eda General de la Naci\u00f3n\",\"@id\":\"https:\/\/www.fiscalia.gov.co\/colombia\/#\/schema\/person\/bf28d8ae7f1b287bbe3af484b04f43ea\"},\"headline\":\"Cinco personas fueron imputadas por cometer delitos sexuales contra cinco ni\u00f1as y un ni\u00f1o en Caquet\u00e1\",\"datePublished\":\"2019-06-20T17:09:53+00:00\",\"dateModified\":\"2019-06-20T17:10:14+00:00\",\"mainEntityOfPage\":{\"@id\":\"https:\/\/www.fiscalia.gov.co\/colombia\/seccionales\/cinco-personas-fueron-imputadas-por-cometer-delitos-sexuales-contra-cinco-ninas-y-un-nino-en-caqueta\/\"},\"wordCount\":521,\"publisher\":{\"@id\":\"https:\/\/www.fiscalia.gov.co\/colombia\/#organization\"},\"articleSection\":[\"Seccional Florencia\",\"Seccionales\",\"Violencia sexual e intrafamiliar\"],\"inLanguage\":\"es-CO\"},{\"@type\":\"WebPage\",\"@id\":\"https:\/\/www.fiscalia.gov.co\/colombia\/seccionales\/cinco-personas-fueron-imputadas-por-cometer-delitos-sexuales-contra-cinco-ninas-y-un-nino-en-caqueta\/\",\"url\":\"https:\/\/www.fiscalia.gov.co\/colombia\/seccionales\/cinco-personas-fueron-imputadas-por-cometer-delitos-sexuales-contra-cinco-ninas-y-un-nino-en-caqueta\/\",\"name\":\"Fiscal\u00eda General de la Naci\u00f3n\",\"isPartOf\":{\"@id\":\"https:\/\/www.fiscalia.gov.co\/colombia\/#website\"},\"datePublished\":\"2019-06-20T17:09:53+00:00\",\"dateModified\":\"2019-06-20T17:10:14+00:00\",\"description\":\"P\u00e1gina oficial de la Fiscal\u00eda General de la Naci\u00f3n \u2013 Colombia. Garantizamos el acceso efectivo a la justicia, la verdad y la reparaci\u00f3n de las v\u00edctimas de los delitos.\",\"breadcrumb\":{\"@id\":\"https:\/\/www.fiscalia.gov.co\/colombia\/seccionales\/cinco-personas-fueron-imputadas-por-cometer-delitos-sexuales-contra-cinco-ninas-y-un-nino-en-caqueta\/#breadcrumb\"},\"inLanguage\":\"es-CO\",\"potentialAction\":[{\"@type\":\"ReadAction\",\"target\":[\"https:\/\/www.fiscalia.gov.co\/colombia\/seccionales\/cinco-personas-fueron-imputadas-por-cometer-delitos-sexuales-contra-cinco-ninas-y-un-nino-en-caqueta\/\"]}]},{\"@type\":\"BreadcrumbList\",\"@id\":\"https:\/\/www.fiscalia.gov.co\/colombia\/seccionales\/cinco-personas-fueron-imputadas-por-cometer-delitos-sexuales-contra-cinco-ninas-y-un-nino-en-caqueta\/#breadcrumb\",\"itemListElement\":[{\"@type\":\"ListItem\",\"position\":1,\"name\":\"Home\",\"item\":\"https:\/\/www.fiscalia.gov.co\/colombia\/\"},{\"@type\":\"ListItem\",\"position\":2,\"name\":\"Cinco personas fueron imputadas por cometer delitos sexuales contra cinco ni\u00f1as y un ni\u00f1o en Caquet\u00e1\"}]},{\"@type\":\"WebSite\",\"@id\":\"https:\/\/www.fiscalia.gov.co\/colombia\/#website\",\"url\":\"https:\/\/www.fiscalia.gov.co\/colombia\/\",\"name\":\"Fiscal\u00eda General de la Naci\u00f3n\",\"description\":\"P\u00e1gina oficial de la Fiscal\u00eda General de la Naci\u00f3n \u2013 Colombia. Garantizamos el acceso efectivo a la justicia, la verdad y la reparaci\u00f3n de las v\u00edctimas de los delitos.\",\"publisher\":{\"@id\":\"https:\/\/www.fiscalia.gov.co\/colombia\/#organization\"},\"potentialAction\":[{\"@type\":\"SearchAction\",\"target\":{\"@type\":\"EntryPoint\",\"urlTemplate\":\"https:\/\/www.fiscalia.gov.co\/colombia\/?s={search_term_string}\"},\"query-input\":{\"@type\":\"PropertyValueSpecification\",\"valueRequired\":true,\"valueName\":\"search_term_string\"}}],\"inLanguage\":\"es-CO\"},{\"@type\":\"Organization\",\"@id\":\"https:\/\/www.fiscalia.gov.co\/colombia\/#organization\",\"name\":\"Fiscal\u00eda General de la Naci\u00f3n\",\"url\":\"https:\/\/www.fiscalia.gov.co\/colombia\/\",\"logo\":{\"@type\":\"ImageObject\",\"inLanguage\":\"es-CO\",\"@id\":\"https:\/\/www.fiscalia.gov.co\/colombia\/#\/schema\/logo\/image\/\",\"url\":\"https:\/\/www.fiscalia.gov.co\/colombia\/wp-content\/uploads\/LogoHorizontal_1.jpg\",\"contentUrl\":\"https:\/\/www.fiscalia.gov.co\/colombia\/wp-content\/uploads\/LogoHorizontal_1.jpg\",\"width\":300,\"height\":90,\"caption\":\"Fiscal\u00eda General de la Naci\u00f3n\"},\"image\":{\"@id\":\"https:\/\/www.fiscalia.gov.co\/colombia\/#\/schema\/logo\/image\/\"},\"sameAs\":[\"https:\/\/www.facebook.com\/FiscaliaCol\",\"https:\/\/x.com\/FiscaliaCol\",\"https:\/\/www.instagram.com\/fiscaliacol\",\"https:\/\/www.linkedin.com\/company\/fiscalia-general-de-la-naci-n\/\",\"https:\/\/youtube.com\/@fiscaliageneraldelanacion-4668?si=6nN79nyQICPU5iTh\"]},{\"@type\":\"Person\",\"@id\":\"https:\/\/www.fiscalia.gov.co\/colombia\/#\/schema\/person\/bf28d8ae7f1b287bbe3af484b04f43ea\",\"name\":\"Direcci\u00f3n de Comunicaciones Fiscal\u00eda General de la Naci\u00f3n\",\"image\":{\"@type\":\"ImageObject\",\"inLanguage\":\"es-CO\",\"@id\":\"https:\/\/www.fiscalia.gov.co\/colombia\/#\/schema\/person\/image\/\",\"url\":\"https:\/\/secure.gravatar.com\/avatar\/9d55ae161d32da16dbdd0b380c080a5f?s=96&d=mm&r=g\",\"contentUrl\":\"https:\/\/secure.gravatar.com\/avatar\/9d55ae161d32da16dbdd0b380c080a5f?s=96&d=mm&r=g\",\"caption\":\"Direcci\u00f3n de Comunicaciones Fiscal\u00eda General de la Naci\u00f3n\"},\"url\":\"https:\/\/www.fiscalia.gov.co\/colombia\/author\/kbonilla\/\"}]}<\/script>\n<!-- \/ Yoast SEO plugin. -->","yoast_head_json":{"title":"Fiscal\u00eda General de la Naci\u00f3n","description":"P\u00e1gina oficial de la Fiscal\u00eda General de la Naci\u00f3n \u2013 Colombia. Garantizamos el acceso efectivo a la justicia, la verdad y la reparaci\u00f3n de las v\u00edctimas de los delitos.","robots":{"index":"noindex","follow":"follow"},"og_locale":"es_ES","og_type":"article","og_title":"Fiscal\u00eda General de la Naci\u00f3n","og_description":"P\u00e1gina oficial de la Fiscal\u00eda General de la Naci\u00f3n \u2013 Colombia. Garantizamos el acceso efectivo a la justicia, la verdad y la reparaci\u00f3n de las v\u00edctimas de los delitos.","og_url":"https:\/\/www.fiscalia.gov.co\/colombia\/seccionales\/cinco-personas-fueron-imputadas-por-cometer-delitos-sexuales-contra-cinco-ninas-y-un-nino-en-caqueta\/","og_site_name":"Fiscal\u00eda General de la Naci\u00f3n","article_publisher":"https:\/\/www.facebook.com\/FiscaliaCol","article_published_time":"2019-06-20T17:09:53+00:00","article_modified_time":"2019-06-20T17:10:14+00:00","author":"Direcci\u00f3n de Comunicaciones Fiscal\u00eda General de la Naci\u00f3n","twitter_card":"summary_large_image","twitter_creator":"@FiscaliaCol","twitter_site":"@FiscaliaCol","twitter_misc":{"Escrito por":"Direcci\u00f3n de Comunicaciones Fiscal\u00eda General de la Naci\u00f3n","Tiempo de lectura":"3 minutos"},"schema":{"@context":"https:\/\/schema.org","@graph":[{"@type":"Article","@id":"https:\/\/www.fiscalia.gov.co\/colombia\/seccionales\/cinco-personas-fueron-imputadas-por-cometer-delitos-sexuales-contra-cinco-ninas-y-un-nino-en-caqueta\/#article","isPartOf":{"@id":"https:\/\/www.fiscalia.gov.co\/colombia\/seccionales\/cinco-personas-fueron-imputadas-por-cometer-delitos-sexuales-contra-cinco-ninas-y-un-nino-en-caqueta\/"},"author":{"name":"Direcci\u00f3n de Comunicaciones Fiscal\u00eda General de la Naci\u00f3n","@id":"https:\/\/www.fiscalia.gov.co\/colombia\/#\/schema\/person\/bf28d8ae7f1b287bbe3af484b04f43ea"},"headline":"Cinco personas fueron imputadas por cometer delitos sexuales contra cinco ni\u00f1as y un ni\u00f1o en Caquet\u00e1","datePublished":"2019-06-20T17:09:53+00:00","dateModified":"2019-06-20T17:10:14+00:00","mainEntityOfPage":{"@id":"https:\/\/www.fiscalia.gov.co\/colombia\/seccionales\/cinco-personas-fueron-imputadas-por-cometer-delitos-sexuales-contra-cinco-ninas-y-un-nino-en-caqueta\/"},"wordCount":521,"publisher":{"@id":"https:\/\/www.fiscalia.gov.co\/colombia\/#organization"},"articleSection":["Seccional Florencia","Seccionales","Violencia sexual e intrafamiliar"],"inLanguage":"es-CO"},{"@type":"WebPage","@id":"https:\/\/www.fiscalia.gov.co\/colombia\/seccionales\/cinco-personas-fueron-imputadas-por-cometer-delitos-sexuales-contra-cinco-ninas-y-un-nino-en-caqueta\/","url":"https:\/\/www.fiscalia.gov.co\/colombia\/seccionales\/cinco-personas-fueron-imputadas-por-cometer-delitos-sexuales-contra-cinco-ninas-y-un-nino-en-caqueta\/","name":"Fiscal\u00eda General de la Naci\u00f3n","isPartOf":{"@id":"https:\/\/www.fiscalia.gov.co\/colombia\/#website"},"datePublished":"2019-06-20T17:09:53+00:00","dateModified":"2019-06-20T17:10:14+00:00","description":"P\u00e1gina oficial de la Fiscal\u00eda General de la Naci\u00f3n \u2013 Colombia. Garantizamos el acceso efectivo a la justicia, la verdad y la reparaci\u00f3n de las v\u00edctimas de los delitos.","breadcrumb":{"@id":"https:\/\/www.fiscalia.gov.co\/colombia\/seccionales\/cinco-personas-fueron-imputadas-por-cometer-delitos-sexuales-contra-cinco-ninas-y-un-nino-en-caqueta\/#breadcrumb"},"inLanguage":"es-CO","potentialAction":[{"@type":"ReadAction","target":["https:\/\/www.fiscalia.gov.co\/colombia\/seccionales\/cinco-personas-fueron-imputadas-por-cometer-delitos-sexuales-contra-cinco-ninas-y-un-nino-en-caqueta\/"]}]},{"@type":"BreadcrumbList","@id":"https:\/\/www.fiscalia.gov.co\/colombia\/seccionales\/cinco-personas-fueron-imputadas-por-cometer-delitos-sexuales-contra-cinco-ninas-y-un-nino-en-caqueta\/#breadcrumb","itemListElement":[{"@type":"ListItem","position":1,"name":"Home","item":"https:\/\/www.fiscalia.gov.co\/colombia\/"},{"@type":"ListItem","position":2,"name":"Cinco personas fueron imputadas por cometer delitos sexuales contra cinco ni\u00f1as y un ni\u00f1o en Caquet\u00e1"}]},{"@type":"WebSite","@id":"https:\/\/www.fiscalia.gov.co\/colombia\/#website","url":"https:\/\/www.fiscalia.gov.co\/colombia\/","name":"Fiscal\u00eda General de la Naci\u00f3n","description":"P\u00e1gina oficial de la Fiscal\u00eda General de la Naci\u00f3n \u2013 Colombia. Garantizamos el acceso efectivo a la justicia, la verdad y la reparaci\u00f3n de las v\u00edctimas de los delitos.","publisher":{"@id":"https:\/\/www.fiscalia.gov.co\/colombia\/#organization"},"potentialAction":[{"@type":"SearchAction","target":{"@type":"EntryPoint","urlTemplate":"https:\/\/www.fiscalia.gov.co\/colombia\/?s={search_term_string}"},"query-input":{"@type":"PropertyValueSpecification","valueRequired":true,"valueName":"search_term_string"}}],"inLanguage":"es-CO"},{"@type":"Organization","@id":"https:\/\/www.fiscalia.gov.co\/colombia\/#organization","name":"Fiscal\u00eda General de la Naci\u00f3n","url":"https:\/\/www.fiscalia.gov.co\/colombia\/","logo":{"@type":"ImageObject","inLanguage":"es-CO","@id":"https:\/\/www.fiscalia.gov.co\/colombia\/#\/schema\/logo\/image\/","url":"https:\/\/www.fiscalia.gov.co\/colombia\/wp-content\/uploads\/LogoHorizontal_1.jpg","contentUrl":"https:\/\/www.fiscalia.gov.co\/colombia\/wp-content\/uploads\/LogoHorizontal_1.jpg","width":300,"height":90,"caption":"Fiscal\u00eda General de la Naci\u00f3n"},"image":{"@id":"https:\/\/www.fiscalia.gov.co\/colombia\/#\/schema\/logo\/image\/"},"sameAs":["https:\/\/www.facebook.com\/FiscaliaCol","https:\/\/x.com\/FiscaliaCol","https:\/\/www.instagram.com\/fiscaliacol","https:\/\/www.linkedin.com\/company\/fiscalia-general-de-la-naci-n\/","https:\/\/youtube.com\/@fiscaliageneraldelanacion-4668?si=6nN79nyQICPU5iTh"]},{"@type":"Person","@id":"https:\/\/www.fiscalia.gov.co\/colombia\/#\/schema\/person\/bf28d8ae7f1b287bbe3af484b04f43ea","name":"Direcci\u00f3n de Comunicaciones Fiscal\u00eda General de la Naci\u00f3n","image":{"@type":"ImageObject","inLanguage":"es-CO","@id":"https:\/\/www.fiscalia.gov.co\/colombia\/#\/schema\/person\/image\/","url":"https:\/\/secure.gravatar.com\/avatar\/9d55ae161d32da16dbdd0b380c080a5f?s=96&d=mm&r=g","contentUrl":"https:\/\/secure.gravatar.com\/avatar\/9d55ae161d32da16dbdd0b380c080a5f?s=96&d=mm&r=g","caption":"Direcci\u00f3n de Comunicaciones Fiscal\u00eda General de la Naci\u00f3n"},"url":"https:\/\/www.fiscalia.gov.co\/colombia\/author\/kbonilla\/"}]}},"_links":{"self":[{"href":"https:\/\/www.fiscalia.gov.co\/colombia\/wp-json\/wp\/v2\/posts\/180572","targetHints":{"allow":["GET"]}}],"collection":[{"href":"https:\/\/www.fiscalia.gov.co\/colombia\/wp-json\/wp\/v2\/posts"}],"about":[{"href":"https:\/\/www.fiscalia.gov.co\/colombia\/wp-json\/wp\/v2\/types\/post"}],"author":[{"embeddable":true,"href":"https:\/\/www.fiscalia.gov.co\/colombia\/wp-json\/wp\/v2\/users\/162"}],"replies":[{"embeddable":true,"href":"https:\/\/www.fiscalia.gov.co\/colombia\/wp-json\/wp\/v2\/comments?post=180572"}],"version-history":[{"count":2,"href":"https:\/\/www.fiscalia.gov.co\/colombia\/wp-json\/wp\/v2\/posts\/180572\/revisions"}],"predecessor-version":[{"id":180574,"href":"https:\/\/www.fiscalia.gov.co\/colombia\/wp-json\/wp\/v2\/posts\/180572\/revisions\/180574"}],"wp:attachment":[{"href":"https:\/\/www.fiscalia.gov.co\/colombia\/wp-json\/wp\/v2\/media?parent=180572"}],"wp:term":[{"taxonomy":"category","embeddable":true,"href":"https:\/\/www.fiscalia.gov.co\/colombia\/wp-json\/wp\/v2\/categories?post=180572"},{"taxonomy":"post_tag","embeddable":true,"href":"https:\/\/www.fiscalia.gov.co\/colombia\/wp-json\/wp\/v2\/tags?post=180572"}],"curies":[{"name":"wp","href":"https:\/\/api.w.org\/{rel}","templated":true}]}}