{"id":180286,"date":"2019-06-12T11:53:53","date_gmt":"2019-06-12T16:53:53","guid":{"rendered":"https:\/\/www.fiscalia.gov.co\/colombia\/?p=180286"},"modified":"2019-06-12T11:53:53","modified_gmt":"2019-06-12T16:53:53","slug":"en-tolima-fiscalia-trabaja-arduamente-para-esclarecer-delitos-contra-la-vida-y-la-seguridad-ciudadana","status":"publish","type":"post","link":"https:\/\/www.fiscalia.gov.co\/colombia\/seccionales\/en-tolima-fiscalia-trabaja-arduamente-para-esclarecer-delitos-contra-la-vida-y-la-seguridad-ciudadana\/","title":{"rendered":"En Tolima, Fiscal\u00eda trabaja arduamente para esclarecer delitos contra la vida y la seguridad ciudadana"},"content":{"rendered":"<blockquote class=\"td_quote_box td_box_center\">\n<h4><strong>Los delitos en los que se present\u00f3 una disminuci\u00f3n significativa entre enero y abril de 2019 comparado con el mismo per\u00edodo de 2018, fueron feminicidio, hurto, secuestro, homicidio de l\u00edderes sociales y delitos sexuales.<\/strong><\/h4>\n<\/blockquote>\n<p>En desarrollo de las estrategias implementadas por la Fiscal\u00eda General de la Naci\u00f3n para combatir la criminalidad en todas sus formas, principalmente la violencia de g\u00e9nero como el feminicidio, violencia sexual e intrafamiliar, adem\u00e1s de cr\u00edmenes contra l\u00edderes sociales, la Seccional Tolima ha venido trabajando arduamente en la judicializaci\u00f3n de este tipo de casos, materializando capturas en tiempo r\u00e9cord de los presuntos responsables, as\u00ed como imputaciones para que los hechos no queden impunes.<\/p>\n<p><strong>El homicidio en Tolima<\/strong>\u00a0y a nivel nacional es el de mayor impacto en cuanto a seguridad ciudadana se refiere; por ello, la Fiscal\u00eda ha venido fortaleciendo las unidades investigativas con el fin de incrementar el porcentaje de esclarecimiento de esos hechos violentos, y obtener insumos para la elaboraci\u00f3n de estrategias que permitan construir y enriquecer la pol\u00edtica criminal, en aras de reducir este flagelo.<\/p>\n<p>Del 1 de enero al 30 de abril de 2019, en el departamento se present\u00f3 un incremento del 3.57%, pasando de 84 homicidios en el a\u00f1o 2018 a 87 en el a\u00f1o 2019. Ibagu\u00e9 aport\u00f3 la mayor\u00eda de los casos con 27 mientras que en 2018 ocurrieron 25. No obstante, se destaca la alta tendencia en cuanto al esclarecimiento.<\/p>\n<p>En esta estad\u00edstica, respecto del delito de <strong>feminicidio<\/strong>, se evidenci\u00f3 que en el per\u00edodo evaluado ocurrieron tres casos en 2019, mientras que en 2018, uno, de los cuales dos ya fueron esclarecidos (L\u00e9rida e Ibagu\u00e9). En uno de ellos, el responsable fue sentenciado a 60 a\u00f1os de prisi\u00f3n, la pena m\u00e1s alta que se ha dado en la historia de los tolimenses.<\/p>\n<p>Con respecto al total de los homicidios fueron <strong>esclarecidos 39<\/strong>, 16 los cuales se lograron en Ibagu\u00e9. Tambi\u00e9n el ente acusador realiz\u00f3 24 imputaciones.<\/p>\n<p><strong><u>Delitos sexuales<\/u><\/strong><\/p>\n<p>Para el per\u00edodo analizado en la vigencia actual, en Tolima se registraron <strong>459 casos de delitos sexuales<\/strong>, siendo el s\u00e9ptimo delito m\u00e1s denunciado en el departamento. Ibagu\u00e9, como su capital, es el municipio que m\u00e1s casos aporta con el 42.5%, seguido de El Espinal con el 6.9%.<\/p>\n<p>Sin embargo, el an\u00e1lisis estad\u00edstico del comportamiento en cuanto a variaci\u00f3n porcentual se refiere, refleja una importante <strong>reducci\u00f3n del -18% <\/strong>en esta din\u00e1mica delictiva, siendo la capital, la m\u00e1s sobresaliente, al denotar una reducci\u00f3n del <strong><em>&#8211;<\/em><\/strong>10.14%, y pasar de 217 casos en el a\u00f1o 2018, a 195 en el a\u00f1o 2019, dentro del per\u00edodo evaluado.<\/p>\n<p>Fue as\u00ed como se logr\u00f3 la formulaci\u00f3n de <strong>imputaci\u00f3n contra 186 personas<\/strong>, <strong>160 escritos de acusaci\u00f3n<\/strong>, <strong>72 medidas de aseguramiento<\/strong>, <strong>19 sentencias condenatorias <\/strong>y <strong>26 preacuerdos<\/strong>.<\/p>\n<p><strong><u>Violencia intrafamiliar<\/u><\/strong><\/p>\n<p>El delito de violencia intrafamiliar es uno de los priorizados por la Fiscal\u00eda, teniendo en cuenta que es el paso a la comisi\u00f3n de homicidios y feminicidios en contra de las mujeres, por lo que la Seccional Tolima realiza semanalmente jornadas contra este flagelo, con el fin de sacar adelante procesos buscando hacer el mayor n\u00famero de imputaciones, contando con el apoyo de la Judicatura a trav\u00e9s de jueces que dispone de manera especial para esta labor.<\/p>\n<p>Entre enero y abril de este a\u00f1o fueron denunciados <strong>725 casos<\/strong>, mientras que en la vigencia pasada, 641. Pese al incremento en m\u00e1s de 80 casos, hay que resaltar que en ese primer trimestre de este a\u00f1o se realizaron <strong>270 imputaciones<\/strong>, se impusieron <strong>44 medidas de aseguramiento<\/strong>, se lograron <strong>213 acusaciones<\/strong>, <strong>32 preacuerdos<\/strong>, <strong>11 principios de oportunidad<\/strong> y se impusieron <strong>43 sentencias condenatorias<\/strong>.<\/p>\n<p><strong><u>Delitos contra la seguridad ciudadana<\/u><\/strong><\/p>\n<p>En lo que respecta a los delitos de impacto que afectan a la ciudadan\u00eda en general, se encuentra el punible de <strong>hurto<\/strong>. En el Tolima, del 1 de enero al 30 de abril del a\u00f1o 2019, se registraron un total de <strong>3.102 casos<\/strong> en todas las modalidades, lo cual refleja una <strong>reducci\u00f3n<\/strong> del <strong>-5.28%<\/strong> frente al mismo per\u00edodo del a\u00f1o inmediatamente anterior, ya que se presentaron 3.275.<\/p>\n<p>En cuanto a las modalidades, se present\u00f3 una reducci\u00f3n en el hurto a celulares, establecimientos, residencias, bicicletas, abigeato, fleteo y entidades financieras.<\/p>\n<p>En el mismo lapso se lograron 197 escritos de acusaci\u00f3n, <strong>127 sentencias condenatorias<\/strong>, <strong>117 medidas de aseguramiento<\/strong>, 70 imputaciones y 64 escritos de acusaci\u00f3n.<\/p>\n<p>Por otra parte, sobre el delito de <strong>extorsi\u00f3n<\/strong>, en el per\u00edodo analizado se registraron un total de <strong>65 casos<\/strong>, lo cual refleja una <strong>reducci\u00f3n<\/strong> significativa del <strong>-11% <\/strong>con relaci\u00f3n al mismo per\u00edodo en 2018, cuando se presentaron 73.<\/p>\n<p>Se lograron en ese mismo tiempo <strong>22 imputaciones<\/strong>, <strong>19 medidas de aseguramiento<\/strong>, 44 escritos de acusaci\u00f3n y <strong>14 sentencias condenatorias<\/strong>.<\/p>\n<p>Los municipios en los que ocurre en gran medida este hecho delictivo son Ibagu\u00e9, Melgar, El Espinal, Honda, Guamo, Chaparral y San Antonio.<\/p>\n<p>El <strong>secuestro<\/strong> tambi\u00e9n present\u00f3 una <strong>reducci\u00f3n<\/strong> de <strong>-7.14%<\/strong> frente al mismo per\u00edodo del a\u00f1o pasado, vi\u00e9ndose reflejado principalmente en el municipio de Chaparral, ya que entre enero y abril de 2018 ocurrieron 3 casos y para la vigencia analizada, ninguno.<\/p>\n<p>Se presentaron 4 imputaciones, una medida de aseguramiento, un escrito de acusaci\u00f3n, 2 preacuerdos y 5 sentencias condenatorias.<\/p>\n<p><strong><u>Homicidios de l\u00edderes sociales<\/u><\/strong><\/p>\n<p>En lo que respecta a los casos de homicidios perpetrados contra <strong>l\u00edderes sociales y activistas de derechos humanos<\/strong>, priorizados por la labor y desempe\u00f1o que cumpl\u00edan en la sociedad \u2014seg\u00fan lo indicado por la Oficina de las Naciones Unidas\u2014, la Fiscal\u00eda en Tolima destaca que en lo que va corrido del a\u00f1o, no se han presentado hechos que lamentar, comparado con el a\u00f1o pasado que dentro del per\u00edodo analizado fue ultimada con arma de fuego una persona en enero, identificado como Jaime Elver Cruz; caso que ya fue esclarecido.<\/p>\n<p>La Fiscal\u00eda hace p\u00fablica esta informaci\u00f3n por razones de inter\u00e9s general.<\/p>\n<p>&nbsp;<\/p>\n<p>&nbsp;<\/p>\n<p>PAAM\/DLBM<\/p>\n<p>&nbsp;<\/p>\n\n<div class=\"twitter-share\"><a href=\"https:\/\/twitter.com\/intent\/tweet?via=fiscaliacol\" class=\"twitter-share-button\">Tweet<\/a><\/div>\n","protected":false},"excerpt":{"rendered":"<p>Los delitos en los que se present\u00f3 una disminuci\u00f3n significativa entre enero y abril de 2019 comparado con el mismo per\u00edodo de 2018, fueron feminicidio, hurto, secuestro, homicidio de l\u00edderes sociales y delitos sexuales. En desarrollo de las estrategias implementadas por la Fiscal\u00eda General de la Naci\u00f3n para combatir la criminalidad en todas sus formas, [&hellip;]<\/p>\n","protected":false},"author":162,"featured_media":0,"comment_status":"closed","ping_status":"open","sticky":false,"template":"","format":"standard","meta":{"_price":"","_stock":"","_tribe_ticket_header":"","_tribe_default_ticket_provider":"","_tribe_ticket_capacity":"0","_ticket_start_date":"","_ticket_end_date":"","_tribe_ticket_show_description":"","_tribe_ticket_show_not_going":false,"_tribe_ticket_use_global_stock":"","_tribe_ticket_global_stock_level":"","_global_stock_mode":"","_global_stock_cap":"","_tribe_rsvp_for_event":"","_tribe_ticket_going_count":"","_tribe_ticket_not_going_count":"","_tribe_tickets_list":"[]","_tribe_ticket_has_attendee_info_fields":false,"tdm_status":"","tdm_grid_status":"","footnotes":""},"categories":[329,303,24099,24127],"tags":[],"class_list":{"0":"post-180286","1":"post","2":"type-post","3":"status-publish","4":"format-standard","6":"category-seccional-ibague","7":"category-seccionales","8":"category-seguridad-territorial","9":"category-violencia-sexual-e-intrafamiliar"},"yoast_head":"<!-- This site is optimized with the Yoast SEO plugin v24.3 - https:\/\/yoast.com\/wordpress\/plugins\/seo\/ -->\n<title>Fiscal\u00eda General de la Naci\u00f3n<\/title>\n<meta name=\"description\" content=\"P\u00e1gina oficial de la Fiscal\u00eda General de la Naci\u00f3n \u2013 Colombia. Garantizamos el acceso efectivo a la justicia, la verdad y la reparaci\u00f3n de las v\u00edctimas de los delitos.\" \/>\n<meta name=\"robots\" content=\"noindex, follow\" \/>\n<meta property=\"og:locale\" content=\"es_ES\" \/>\n<meta property=\"og:type\" content=\"article\" \/>\n<meta property=\"og:title\" content=\"Fiscal\u00eda General de la Naci\u00f3n\" \/>\n<meta property=\"og:description\" content=\"P\u00e1gina oficial de la Fiscal\u00eda General de la Naci\u00f3n \u2013 Colombia. Garantizamos el acceso efectivo a la justicia, la verdad y la reparaci\u00f3n de las v\u00edctimas de los delitos.\" \/>\n<meta property=\"og:url\" content=\"https:\/\/www.fiscalia.gov.co\/colombia\/seccionales\/en-tolima-fiscalia-trabaja-arduamente-para-esclarecer-delitos-contra-la-vida-y-la-seguridad-ciudadana\/\" \/>\n<meta property=\"og:site_name\" content=\"Fiscal\u00eda General de la Naci\u00f3n\" \/>\n<meta property=\"article:publisher\" content=\"https:\/\/www.facebook.com\/FiscaliaCol\" \/>\n<meta property=\"article:published_time\" content=\"2019-06-12T16:53:53+00:00\" \/>\n<meta name=\"author\" content=\"Direcci\u00f3n de Comunicaciones Fiscal\u00eda General de la Naci\u00f3n\" \/>\n<meta name=\"twitter:card\" content=\"summary_large_image\" \/>\n<meta name=\"twitter:creator\" content=\"@FiscaliaCol\" \/>\n<meta name=\"twitter:site\" content=\"@FiscaliaCol\" \/>\n<meta name=\"twitter:label1\" content=\"Escrito por\" \/>\n\t<meta name=\"twitter:data1\" content=\"Direcci\u00f3n de Comunicaciones Fiscal\u00eda General de la Naci\u00f3n\" \/>\n\t<meta name=\"twitter:label2\" content=\"Tiempo de lectura\" \/>\n\t<meta name=\"twitter:data2\" content=\"5 minutos\" \/>\n<script type=\"application\/ld+json\" class=\"yoast-schema-graph\">{\"@context\":\"https:\/\/schema.org\",\"@graph\":[{\"@type\":\"Article\",\"@id\":\"https:\/\/www.fiscalia.gov.co\/colombia\/seccionales\/en-tolima-fiscalia-trabaja-arduamente-para-esclarecer-delitos-contra-la-vida-y-la-seguridad-ciudadana\/#article\",\"isPartOf\":{\"@id\":\"https:\/\/www.fiscalia.gov.co\/colombia\/seccionales\/en-tolima-fiscalia-trabaja-arduamente-para-esclarecer-delitos-contra-la-vida-y-la-seguridad-ciudadana\/\"},\"author\":{\"name\":\"Direcci\u00f3n de Comunicaciones Fiscal\u00eda General de la Naci\u00f3n\",\"@id\":\"https:\/\/www.fiscalia.gov.co\/colombia\/#\/schema\/person\/bf28d8ae7f1b287bbe3af484b04f43ea\"},\"headline\":\"En Tolima, Fiscal\u00eda trabaja arduamente para esclarecer delitos contra la vida y la seguridad ciudadana\",\"datePublished\":\"2019-06-12T16:53:53+00:00\",\"dateModified\":\"2019-06-12T16:53:53+00:00\",\"mainEntityOfPage\":{\"@id\":\"https:\/\/www.fiscalia.gov.co\/colombia\/seccionales\/en-tolima-fiscalia-trabaja-arduamente-para-esclarecer-delitos-contra-la-vida-y-la-seguridad-ciudadana\/\"},\"wordCount\":990,\"publisher\":{\"@id\":\"https:\/\/www.fiscalia.gov.co\/colombia\/#organization\"},\"articleSection\":[\"Seccional Ibagu\u00e9\",\"Seccionales\",\"Seguridad territorial\",\"Violencia sexual e intrafamiliar\"],\"inLanguage\":\"es-CO\"},{\"@type\":\"WebPage\",\"@id\":\"https:\/\/www.fiscalia.gov.co\/colombia\/seccionales\/en-tolima-fiscalia-trabaja-arduamente-para-esclarecer-delitos-contra-la-vida-y-la-seguridad-ciudadana\/\",\"url\":\"https:\/\/www.fiscalia.gov.co\/colombia\/seccionales\/en-tolima-fiscalia-trabaja-arduamente-para-esclarecer-delitos-contra-la-vida-y-la-seguridad-ciudadana\/\",\"name\":\"Fiscal\u00eda General de la Naci\u00f3n\",\"isPartOf\":{\"@id\":\"https:\/\/www.fiscalia.gov.co\/colombia\/#website\"},\"datePublished\":\"2019-06-12T16:53:53+00:00\",\"dateModified\":\"2019-06-12T16:53:53+00:00\",\"description\":\"P\u00e1gina oficial de la Fiscal\u00eda General de la Naci\u00f3n \u2013 Colombia. Garantizamos el acceso efectivo a la justicia, la verdad y la reparaci\u00f3n de las v\u00edctimas de los delitos.\",\"breadcrumb\":{\"@id\":\"https:\/\/www.fiscalia.gov.co\/colombia\/seccionales\/en-tolima-fiscalia-trabaja-arduamente-para-esclarecer-delitos-contra-la-vida-y-la-seguridad-ciudadana\/#breadcrumb\"},\"inLanguage\":\"es-CO\",\"potentialAction\":[{\"@type\":\"ReadAction\",\"target\":[\"https:\/\/www.fiscalia.gov.co\/colombia\/seccionales\/en-tolima-fiscalia-trabaja-arduamente-para-esclarecer-delitos-contra-la-vida-y-la-seguridad-ciudadana\/\"]}]},{\"@type\":\"BreadcrumbList\",\"@id\":\"https:\/\/www.fiscalia.gov.co\/colombia\/seccionales\/en-tolima-fiscalia-trabaja-arduamente-para-esclarecer-delitos-contra-la-vida-y-la-seguridad-ciudadana\/#breadcrumb\",\"itemListElement\":[{\"@type\":\"ListItem\",\"position\":1,\"name\":\"Home\",\"item\":\"https:\/\/www.fiscalia.gov.co\/colombia\/\"},{\"@type\":\"ListItem\",\"position\":2,\"name\":\"En Tolima, Fiscal\u00eda trabaja arduamente para esclarecer delitos contra la vida y la seguridad ciudadana\"}]},{\"@type\":\"WebSite\",\"@id\":\"https:\/\/www.fiscalia.gov.co\/colombia\/#website\",\"url\":\"https:\/\/www.fiscalia.gov.co\/colombia\/\",\"name\":\"Fiscal\u00eda General de la Naci\u00f3n\",\"description\":\"P\u00e1gina oficial de la Fiscal\u00eda General de la Naci\u00f3n \u2013 Colombia. Garantizamos el acceso efectivo a la justicia, la verdad y la reparaci\u00f3n de las v\u00edctimas de los delitos.\",\"publisher\":{\"@id\":\"https:\/\/www.fiscalia.gov.co\/colombia\/#organization\"},\"potentialAction\":[{\"@type\":\"SearchAction\",\"target\":{\"@type\":\"EntryPoint\",\"urlTemplate\":\"https:\/\/www.fiscalia.gov.co\/colombia\/?s={search_term_string}\"},\"query-input\":{\"@type\":\"PropertyValueSpecification\",\"valueRequired\":true,\"valueName\":\"search_term_string\"}}],\"inLanguage\":\"es-CO\"},{\"@type\":\"Organization\",\"@id\":\"https:\/\/www.fiscalia.gov.co\/colombia\/#organization\",\"name\":\"Fiscal\u00eda General de la Naci\u00f3n\",\"url\":\"https:\/\/www.fiscalia.gov.co\/colombia\/\",\"logo\":{\"@type\":\"ImageObject\",\"inLanguage\":\"es-CO\",\"@id\":\"https:\/\/www.fiscalia.gov.co\/colombia\/#\/schema\/logo\/image\/\",\"url\":\"https:\/\/www.fiscalia.gov.co\/colombia\/wp-content\/uploads\/LogoHorizontal_1.jpg\",\"contentUrl\":\"https:\/\/www.fiscalia.gov.co\/colombia\/wp-content\/uploads\/LogoHorizontal_1.jpg\",\"width\":300,\"height\":90,\"caption\":\"Fiscal\u00eda General de la Naci\u00f3n\"},\"image\":{\"@id\":\"https:\/\/www.fiscalia.gov.co\/colombia\/#\/schema\/logo\/image\/\"},\"sameAs\":[\"https:\/\/www.facebook.com\/FiscaliaCol\",\"https:\/\/x.com\/FiscaliaCol\",\"https:\/\/www.instagram.com\/fiscaliacol\",\"https:\/\/www.linkedin.com\/company\/fiscalia-general-de-la-naci-n\/\",\"https:\/\/youtube.com\/@fiscaliageneraldelanacion-4668?si=6nN79nyQICPU5iTh\"]},{\"@type\":\"Person\",\"@id\":\"https:\/\/www.fiscalia.gov.co\/colombia\/#\/schema\/person\/bf28d8ae7f1b287bbe3af484b04f43ea\",\"name\":\"Direcci\u00f3n de Comunicaciones Fiscal\u00eda General de la Naci\u00f3n\",\"image\":{\"@type\":\"ImageObject\",\"inLanguage\":\"es-CO\",\"@id\":\"https:\/\/www.fiscalia.gov.co\/colombia\/#\/schema\/person\/image\/\",\"url\":\"https:\/\/secure.gravatar.com\/avatar\/9d55ae161d32da16dbdd0b380c080a5f?s=96&d=mm&r=g\",\"contentUrl\":\"https:\/\/secure.gravatar.com\/avatar\/9d55ae161d32da16dbdd0b380c080a5f?s=96&d=mm&r=g\",\"caption\":\"Direcci\u00f3n de Comunicaciones Fiscal\u00eda General de la Naci\u00f3n\"},\"url\":\"https:\/\/www.fiscalia.gov.co\/colombia\/author\/kbonilla\/\"}]}<\/script>\n<!-- \/ Yoast SEO plugin. -->","yoast_head_json":{"title":"Fiscal\u00eda General de la Naci\u00f3n","description":"P\u00e1gina oficial de la Fiscal\u00eda General de la Naci\u00f3n \u2013 Colombia. Garantizamos el acceso efectivo a la justicia, la verdad y la reparaci\u00f3n de las v\u00edctimas de los delitos.","robots":{"index":"noindex","follow":"follow"},"og_locale":"es_ES","og_type":"article","og_title":"Fiscal\u00eda General de la Naci\u00f3n","og_description":"P\u00e1gina oficial de la Fiscal\u00eda General de la Naci\u00f3n \u2013 Colombia. Garantizamos el acceso efectivo a la justicia, la verdad y la reparaci\u00f3n de las v\u00edctimas de los delitos.","og_url":"https:\/\/www.fiscalia.gov.co\/colombia\/seccionales\/en-tolima-fiscalia-trabaja-arduamente-para-esclarecer-delitos-contra-la-vida-y-la-seguridad-ciudadana\/","og_site_name":"Fiscal\u00eda General de la Naci\u00f3n","article_publisher":"https:\/\/www.facebook.com\/FiscaliaCol","article_published_time":"2019-06-12T16:53:53+00:00","author":"Direcci\u00f3n de Comunicaciones Fiscal\u00eda General de la Naci\u00f3n","twitter_card":"summary_large_image","twitter_creator":"@FiscaliaCol","twitter_site":"@FiscaliaCol","twitter_misc":{"Escrito por":"Direcci\u00f3n de Comunicaciones Fiscal\u00eda General de la Naci\u00f3n","Tiempo de lectura":"5 minutos"},"schema":{"@context":"https:\/\/schema.org","@graph":[{"@type":"Article","@id":"https:\/\/www.fiscalia.gov.co\/colombia\/seccionales\/en-tolima-fiscalia-trabaja-arduamente-para-esclarecer-delitos-contra-la-vida-y-la-seguridad-ciudadana\/#article","isPartOf":{"@id":"https:\/\/www.fiscalia.gov.co\/colombia\/seccionales\/en-tolima-fiscalia-trabaja-arduamente-para-esclarecer-delitos-contra-la-vida-y-la-seguridad-ciudadana\/"},"author":{"name":"Direcci\u00f3n de Comunicaciones Fiscal\u00eda General de la Naci\u00f3n","@id":"https:\/\/www.fiscalia.gov.co\/colombia\/#\/schema\/person\/bf28d8ae7f1b287bbe3af484b04f43ea"},"headline":"En Tolima, Fiscal\u00eda trabaja arduamente para esclarecer delitos contra la vida y la seguridad ciudadana","datePublished":"2019-06-12T16:53:53+00:00","dateModified":"2019-06-12T16:53:53+00:00","mainEntityOfPage":{"@id":"https:\/\/www.fiscalia.gov.co\/colombia\/seccionales\/en-tolima-fiscalia-trabaja-arduamente-para-esclarecer-delitos-contra-la-vida-y-la-seguridad-ciudadana\/"},"wordCount":990,"publisher":{"@id":"https:\/\/www.fiscalia.gov.co\/colombia\/#organization"},"articleSection":["Seccional Ibagu\u00e9","Seccionales","Seguridad territorial","Violencia sexual e intrafamiliar"],"inLanguage":"es-CO"},{"@type":"WebPage","@id":"https:\/\/www.fiscalia.gov.co\/colombia\/seccionales\/en-tolima-fiscalia-trabaja-arduamente-para-esclarecer-delitos-contra-la-vida-y-la-seguridad-ciudadana\/","url":"https:\/\/www.fiscalia.gov.co\/colombia\/seccionales\/en-tolima-fiscalia-trabaja-arduamente-para-esclarecer-delitos-contra-la-vida-y-la-seguridad-ciudadana\/","name":"Fiscal\u00eda General de la Naci\u00f3n","isPartOf":{"@id":"https:\/\/www.fiscalia.gov.co\/colombia\/#website"},"datePublished":"2019-06-12T16:53:53+00:00","dateModified":"2019-06-12T16:53:53+00:00","description":"P\u00e1gina oficial de la Fiscal\u00eda General de la Naci\u00f3n \u2013 Colombia. Garantizamos el acceso efectivo a la justicia, la verdad y la reparaci\u00f3n de las v\u00edctimas de los delitos.","breadcrumb":{"@id":"https:\/\/www.fiscalia.gov.co\/colombia\/seccionales\/en-tolima-fiscalia-trabaja-arduamente-para-esclarecer-delitos-contra-la-vida-y-la-seguridad-ciudadana\/#breadcrumb"},"inLanguage":"es-CO","potentialAction":[{"@type":"ReadAction","target":["https:\/\/www.fiscalia.gov.co\/colombia\/seccionales\/en-tolima-fiscalia-trabaja-arduamente-para-esclarecer-delitos-contra-la-vida-y-la-seguridad-ciudadana\/"]}]},{"@type":"BreadcrumbList","@id":"https:\/\/www.fiscalia.gov.co\/colombia\/seccionales\/en-tolima-fiscalia-trabaja-arduamente-para-esclarecer-delitos-contra-la-vida-y-la-seguridad-ciudadana\/#breadcrumb","itemListElement":[{"@type":"ListItem","position":1,"name":"Home","item":"https:\/\/www.fiscalia.gov.co\/colombia\/"},{"@type":"ListItem","position":2,"name":"En Tolima, Fiscal\u00eda trabaja arduamente para esclarecer delitos contra la vida y la seguridad ciudadana"}]},{"@type":"WebSite","@id":"https:\/\/www.fiscalia.gov.co\/colombia\/#website","url":"https:\/\/www.fiscalia.gov.co\/colombia\/","name":"Fiscal\u00eda General de la Naci\u00f3n","description":"P\u00e1gina oficial de la Fiscal\u00eda General de la Naci\u00f3n \u2013 Colombia. Garantizamos el acceso efectivo a la justicia, la verdad y la reparaci\u00f3n de las v\u00edctimas de los delitos.","publisher":{"@id":"https:\/\/www.fiscalia.gov.co\/colombia\/#organization"},"potentialAction":[{"@type":"SearchAction","target":{"@type":"EntryPoint","urlTemplate":"https:\/\/www.fiscalia.gov.co\/colombia\/?s={search_term_string}"},"query-input":{"@type":"PropertyValueSpecification","valueRequired":true,"valueName":"search_term_string"}}],"inLanguage":"es-CO"},{"@type":"Organization","@id":"https:\/\/www.fiscalia.gov.co\/colombia\/#organization","name":"Fiscal\u00eda General de la Naci\u00f3n","url":"https:\/\/www.fiscalia.gov.co\/colombia\/","logo":{"@type":"ImageObject","inLanguage":"es-CO","@id":"https:\/\/www.fiscalia.gov.co\/colombia\/#\/schema\/logo\/image\/","url":"https:\/\/www.fiscalia.gov.co\/colombia\/wp-content\/uploads\/LogoHorizontal_1.jpg","contentUrl":"https:\/\/www.fiscalia.gov.co\/colombia\/wp-content\/uploads\/LogoHorizontal_1.jpg","width":300,"height":90,"caption":"Fiscal\u00eda General de la Naci\u00f3n"},"image":{"@id":"https:\/\/www.fiscalia.gov.co\/colombia\/#\/schema\/logo\/image\/"},"sameAs":["https:\/\/www.facebook.com\/FiscaliaCol","https:\/\/x.com\/FiscaliaCol","https:\/\/www.instagram.com\/fiscaliacol","https:\/\/www.linkedin.com\/company\/fiscalia-general-de-la-naci-n\/","https:\/\/youtube.com\/@fiscaliageneraldelanacion-4668?si=6nN79nyQICPU5iTh"]},{"@type":"Person","@id":"https:\/\/www.fiscalia.gov.co\/colombia\/#\/schema\/person\/bf28d8ae7f1b287bbe3af484b04f43ea","name":"Direcci\u00f3n de Comunicaciones Fiscal\u00eda General de la Naci\u00f3n","image":{"@type":"ImageObject","inLanguage":"es-CO","@id":"https:\/\/www.fiscalia.gov.co\/colombia\/#\/schema\/person\/image\/","url":"https:\/\/secure.gravatar.com\/avatar\/9d55ae161d32da16dbdd0b380c080a5f?s=96&d=mm&r=g","contentUrl":"https:\/\/secure.gravatar.com\/avatar\/9d55ae161d32da16dbdd0b380c080a5f?s=96&d=mm&r=g","caption":"Direcci\u00f3n de Comunicaciones Fiscal\u00eda General de la Naci\u00f3n"},"url":"https:\/\/www.fiscalia.gov.co\/colombia\/author\/kbonilla\/"}]}},"_links":{"self":[{"href":"https:\/\/www.fiscalia.gov.co\/colombia\/wp-json\/wp\/v2\/posts\/180286","targetHints":{"allow":["GET"]}}],"collection":[{"href":"https:\/\/www.fiscalia.gov.co\/colombia\/wp-json\/wp\/v2\/posts"}],"about":[{"href":"https:\/\/www.fiscalia.gov.co\/colombia\/wp-json\/wp\/v2\/types\/post"}],"author":[{"embeddable":true,"href":"https:\/\/www.fiscalia.gov.co\/colombia\/wp-json\/wp\/v2\/users\/162"}],"replies":[{"embeddable":true,"href":"https:\/\/www.fiscalia.gov.co\/colombia\/wp-json\/wp\/v2\/comments?post=180286"}],"version-history":[{"count":1,"href":"https:\/\/www.fiscalia.gov.co\/colombia\/wp-json\/wp\/v2\/posts\/180286\/revisions"}],"predecessor-version":[{"id":180287,"href":"https:\/\/www.fiscalia.gov.co\/colombia\/wp-json\/wp\/v2\/posts\/180286\/revisions\/180287"}],"wp:attachment":[{"href":"https:\/\/www.fiscalia.gov.co\/colombia\/wp-json\/wp\/v2\/media?parent=180286"}],"wp:term":[{"taxonomy":"category","embeddable":true,"href":"https:\/\/www.fiscalia.gov.co\/colombia\/wp-json\/wp\/v2\/categories?post=180286"},{"taxonomy":"post_tag","embeddable":true,"href":"https:\/\/www.fiscalia.gov.co\/colombia\/wp-json\/wp\/v2\/tags?post=180286"}],"curies":[{"name":"wp","href":"https:\/\/api.w.org\/{rel}","templated":true}]}}