{"id":180241,"date":"2019-06-11T16:16:32","date_gmt":"2019-06-11T21:16:32","guid":{"rendered":"https:\/\/www.fiscalia.gov.co\/colombia\/?p=180241"},"modified":"2019-06-11T16:18:15","modified_gmt":"2019-06-11T21:18:15","slug":"bienes-por-12-billones-de-pesos-de-marquitos-figueroa-el-nene-hernandez-y-mandarino-a-extincion-del-derecho-de-dominio","status":"publish","type":"post","link":"https:\/\/www.fiscalia.gov.co\/colombia\/noticias\/bienes-por-12-billones-de-pesos-de-marquitos-figueroa-el-nene-hernandez-y-mandarino-a-extincion-del-derecho-de-dominio\/","title":{"rendered":"Bienes por 1,2 billones de pesos de \u2018Marquitos Figueroa\u2019, el \u2018\u00d1e\u00f1e\u2019 Hern\u00e1ndez y \u2018Mandarino\u2019 a extinci\u00f3n del derecho de dominio"},"content":{"rendered":"<blockquote class=\"td_quote_box td_box_center\">\n<h4 style=\"margin: 0cm; margin-bottom: .0001pt; text-align: justify; background: white;\"><strong><span style=\"color: #222222;\">Uno de los bienes, ubicado en el Distrito de Cartagena, ser\u00eda destinado para trasladar el aeropuerto Rafael N\u00fa\u00f1ez de Cartagena.<\/span><\/strong><\/h4>\n<\/blockquote>\n<p>La Fiscal\u00eda General de la Naci\u00f3n y la Polic\u00eda Nacional adelantaron un operativo conjunto en seis departamentos del pa\u00eds y afectaron las finanzas ilegales de la estructura criminal dirigida por Marcos de Jes\u00fas Figueroa Garc\u00eda, alias Marquitos Figueroa, y de la que har\u00edan parte Jos\u00e9 \u2018\u00d1e\u00f1e\u2019 Hern\u00e1ndez y Armando Gnecco conocido como \u2018Mandarino\u2019.<\/p>\n<p>Los investigadores lograron determinar que dichos bienes habr\u00edan sido adquiridos con dineros provenientes de actividades ilegales, aparentemente relacionadas con el narcotr\u00e1fico, y figurar\u00edan a nombre Figueroa y varios de sus familiares. Otros inmuebles parecer\u00edan a nombre del \u2018\u00d1e\u00f1e\u2019 y de \u2018Mandarino\u2019.<\/p>\n<p>A esta organizaci\u00f3n, las autoridades la han se\u00f1alado como responsable de varios cr\u00edmenes de comerciantes del norte del pa\u00eds afectando la seguridad y la convivencia de los residentes de esa zona.<\/p>\n<p>Las acciones de polic\u00eda judicial se cumplieron en el marco de la operaci\u00f3n \u2018Tribuno\u2019 en la que un grupo de fiscales y funcionarios de la Dij\u00edn de la Polic\u00eda ocuparon, con fines de extinci\u00f3n del derecho de dominio, cerca de un centenar de bienes ubicados en La Guajira, Magdalena, Bol\u00edvar, Cundinamarca y principalmente en Cesar y Santander, y cuya extensi\u00f3n total se calcula en 6.000 hect\u00e1reas.<\/p>\n<p>Entre los inmuebles decomisados llam\u00f3 la atenci\u00f3n de los investigadores una finca de 600 hect\u00e1reas localizada en el Distrito de Cartagena, a 5 kil\u00f3metros de la terminal de transporte, y que limita por un lado con la v\u00eda La Cordialidad y por el otro con la v\u00eda al mar.<\/p>\n<p>Los expertos pudieron establecer que en ese predio se ten\u00eda proyectada la construcci\u00f3n del que ser\u00eda el nuevo aeropuerto internacional de Cartagena.<\/p>\n<p>Otros de los bienes con medidas cautelares son 11.949 cabezas de ganado. Tambi\u00e9n fueron ocupadas 5 estaciones de combustible, 10 establecimientos de comercio, 11 sociedades relacionadas con el comercio de hidrocarburos, 72 lujosos inmuebles e incautados 76 veh\u00edculos tipo campero y camiones.<\/p>\n<p>El valor total de los bienes aprendidos fue tasado por peritos expertos en 1,2 billones de pesos.<\/p>\n<p><strong>\u2018\u00d1e\u00f1e\u2019 y \u2018Mandarino\u2019<\/strong><\/p>\n<p>El material probatorio recopilado evidencia c\u00f3mo varios de los bienes sobre los que recayeron medidas cautelares pertenecer\u00edan no solo a Figueroa, sino que estaban a nombre de Jos\u00e9 \u2018\u00d1e\u00f1e\u2019 Hern\u00e1ndez, quien fue asesinado en Brasil. Otros predios cobijados por las acciones de la Fiscal\u00eda figuran a nombre de Armando Gnecco, alias \u2018Mandarino\u2019.<\/p>\n<p><strong>Los bienes con medidas cautelares<\/strong><\/p>\n<ul>\n<li>000 hect\u00e1reas con vocaci\u00f3n ganadera.<\/li>\n<li>10 establecimientos de comercio.<\/li>\n<li>11 sociedades relacionadas con el comercio de hidrocarburos.<\/li>\n<li>76 veh\u00edculos de alta gama.<\/li>\n<li>949 cabezas de ganado.<\/li>\n<li>5 Estaciones de combustible.<\/li>\n<li>72 inmuebles lujosos.<\/li>\n<\/ul>\n<p>Los bienes ocupados quedar\u00e1n a disposici\u00f3n de la Sociedad de Activos Especiales (SAE).<\/p>\n<p>La Fiscal\u00eda General de la Naci\u00f3n hace p\u00fablica esta informaci\u00f3n por considerarla de inter\u00e9s general.<\/p>\n\n<div class=\"twitter-share\"><a href=\"https:\/\/twitter.com\/intent\/tweet?via=fiscaliacol\" class=\"twitter-share-button\">Tweet<\/a><\/div>\n","protected":false},"excerpt":{"rendered":"<p>Uno de los bienes, ubicado en el Distrito de Cartagena, ser\u00eda destinado para trasladar el aeropuerto Rafael N\u00fa\u00f1ez de Cartagena. La Fiscal\u00eda General de la Naci\u00f3n y la Polic\u00eda Nacional adelantaron un operativo conjunto en seis departamentos del pa\u00eds y afectaron las finanzas ilegales de la estructura criminal dirigida por Marcos de Jes\u00fas Figueroa Garc\u00eda, [&hellip;]<\/p>\n","protected":false},"author":162,"featured_media":0,"comment_status":"closed","ping_status":"open","sticky":false,"template":"","format":"standard","meta":{"tdm_status":"","tdm_grid_status":"","footnotes":""},"categories":[24157,24115,1],"tags":[],"class_list":{"0":"post-180241","1":"post","2":"type-post","3":"status-publish","4":"format-standard","6":"category-finanzas-criminales","7":"category-narcotrafico","8":"category-noticias"},"yoast_head":"<!-- This site is optimized with the Yoast SEO plugin v24.3 - https:\/\/yoast.com\/wordpress\/plugins\/seo\/ -->\n<title>Fiscal\u00eda General de la Naci\u00f3n<\/title>\n<meta name=\"description\" content=\"P\u00e1gina oficial de la Fiscal\u00eda General de la Naci\u00f3n \u2013 Colombia. Garantizamos el acceso efectivo a la justicia, la verdad y la reparaci\u00f3n de las v\u00edctimas de los delitos.\" \/>\n<meta name=\"robots\" content=\"noindex, follow\" \/>\n<meta property=\"og:locale\" content=\"es_ES\" \/>\n<meta property=\"og:type\" content=\"article\" \/>\n<meta property=\"og:title\" content=\"Fiscal\u00eda General de la Naci\u00f3n\" \/>\n<meta property=\"og:description\" content=\"P\u00e1gina oficial de la Fiscal\u00eda General de la Naci\u00f3n \u2013 Colombia. Garantizamos el acceso efectivo a la justicia, la verdad y la reparaci\u00f3n de las v\u00edctimas de los delitos.\" \/>\n<meta property=\"og:url\" content=\"https:\/\/www.fiscalia.gov.co\/colombia\/noticias\/bienes-por-12-billones-de-pesos-de-marquitos-figueroa-el-nene-hernandez-y-mandarino-a-extincion-del-derecho-de-dominio\/\" \/>\n<meta property=\"og:site_name\" content=\"Fiscal\u00eda General de la Naci\u00f3n\" \/>\n<meta property=\"article:publisher\" content=\"https:\/\/www.facebook.com\/FiscaliaCol\" \/>\n<meta property=\"article:published_time\" content=\"2019-06-11T21:16:32+00:00\" \/>\n<meta property=\"article:modified_time\" content=\"2019-06-11T21:18:15+00:00\" \/>\n<meta name=\"author\" content=\"Direcci\u00f3n de Comunicaciones Fiscal\u00eda General de la Naci\u00f3n\" \/>\n<meta name=\"twitter:card\" content=\"summary_large_image\" \/>\n<meta name=\"twitter:creator\" content=\"@FiscaliaCol\" \/>\n<meta name=\"twitter:site\" content=\"@FiscaliaCol\" \/>\n<meta name=\"twitter:label1\" content=\"Escrito por\" \/>\n\t<meta name=\"twitter:data1\" content=\"Direcci\u00f3n de Comunicaciones Fiscal\u00eda General de la Naci\u00f3n\" \/>\n\t<meta name=\"twitter:label2\" content=\"Tiempo de lectura\" \/>\n\t<meta name=\"twitter:data2\" content=\"2 minutos\" \/>\n<script type=\"application\/ld+json\" class=\"yoast-schema-graph\">{\"@context\":\"https:\/\/schema.org\",\"@graph\":[{\"@type\":\"Article\",\"@id\":\"https:\/\/www.fiscalia.gov.co\/colombia\/noticias\/bienes-por-12-billones-de-pesos-de-marquitos-figueroa-el-nene-hernandez-y-mandarino-a-extincion-del-derecho-de-dominio\/#article\",\"isPartOf\":{\"@id\":\"https:\/\/www.fiscalia.gov.co\/colombia\/noticias\/bienes-por-12-billones-de-pesos-de-marquitos-figueroa-el-nene-hernandez-y-mandarino-a-extincion-del-derecho-de-dominio\/\"},\"author\":{\"name\":\"Direcci\u00f3n de Comunicaciones Fiscal\u00eda General de la Naci\u00f3n\",\"@id\":\"https:\/\/www.fiscalia.gov.co\/colombia\/#\/schema\/person\/bf28d8ae7f1b287bbe3af484b04f43ea\"},\"headline\":\"Bienes por 1,2 billones de pesos de \u2018Marquitos Figueroa\u2019, el \u2018\u00d1e\u00f1e\u2019 Hern\u00e1ndez y \u2018Mandarino\u2019 a extinci\u00f3n del derecho de dominio\",\"datePublished\":\"2019-06-11T21:16:32+00:00\",\"dateModified\":\"2019-06-11T21:18:15+00:00\",\"mainEntityOfPage\":{\"@id\":\"https:\/\/www.fiscalia.gov.co\/colombia\/noticias\/bienes-por-12-billones-de-pesos-de-marquitos-figueroa-el-nene-hernandez-y-mandarino-a-extincion-del-derecho-de-dominio\/\"},\"wordCount\":521,\"publisher\":{\"@id\":\"https:\/\/www.fiscalia.gov.co\/colombia\/#organization\"},\"articleSection\":[\"Finanzas criminales\",\"Narcotr\u00e1fico\",\"Noticias\"],\"inLanguage\":\"es-CO\"},{\"@type\":\"WebPage\",\"@id\":\"https:\/\/www.fiscalia.gov.co\/colombia\/noticias\/bienes-por-12-billones-de-pesos-de-marquitos-figueroa-el-nene-hernandez-y-mandarino-a-extincion-del-derecho-de-dominio\/\",\"url\":\"https:\/\/www.fiscalia.gov.co\/colombia\/noticias\/bienes-por-12-billones-de-pesos-de-marquitos-figueroa-el-nene-hernandez-y-mandarino-a-extincion-del-derecho-de-dominio\/\",\"name\":\"Fiscal\u00eda General de la Naci\u00f3n\",\"isPartOf\":{\"@id\":\"https:\/\/www.fiscalia.gov.co\/colombia\/#website\"},\"datePublished\":\"2019-06-11T21:16:32+00:00\",\"dateModified\":\"2019-06-11T21:18:15+00:00\",\"description\":\"P\u00e1gina oficial de la Fiscal\u00eda General de la Naci\u00f3n \u2013 Colombia. Garantizamos el acceso efectivo a la justicia, la verdad y la reparaci\u00f3n de las v\u00edctimas de los delitos.\",\"breadcrumb\":{\"@id\":\"https:\/\/www.fiscalia.gov.co\/colombia\/noticias\/bienes-por-12-billones-de-pesos-de-marquitos-figueroa-el-nene-hernandez-y-mandarino-a-extincion-del-derecho-de-dominio\/#breadcrumb\"},\"inLanguage\":\"es-CO\",\"potentialAction\":[{\"@type\":\"ReadAction\",\"target\":[\"https:\/\/www.fiscalia.gov.co\/colombia\/noticias\/bienes-por-12-billones-de-pesos-de-marquitos-figueroa-el-nene-hernandez-y-mandarino-a-extincion-del-derecho-de-dominio\/\"]}]},{\"@type\":\"BreadcrumbList\",\"@id\":\"https:\/\/www.fiscalia.gov.co\/colombia\/noticias\/bienes-por-12-billones-de-pesos-de-marquitos-figueroa-el-nene-hernandez-y-mandarino-a-extincion-del-derecho-de-dominio\/#breadcrumb\",\"itemListElement\":[{\"@type\":\"ListItem\",\"position\":1,\"name\":\"Home\",\"item\":\"https:\/\/www.fiscalia.gov.co\/colombia\/\"},{\"@type\":\"ListItem\",\"position\":2,\"name\":\"Bienes por 1,2 billones de pesos de \u2018Marquitos Figueroa\u2019, el \u2018\u00d1e\u00f1e\u2019 Hern\u00e1ndez y \u2018Mandarino\u2019 a extinci\u00f3n del derecho de dominio\"}]},{\"@type\":\"WebSite\",\"@id\":\"https:\/\/www.fiscalia.gov.co\/colombia\/#website\",\"url\":\"https:\/\/www.fiscalia.gov.co\/colombia\/\",\"name\":\"Fiscal\u00eda General de la Naci\u00f3n\",\"description\":\"P\u00e1gina oficial de la Fiscal\u00eda General de la Naci\u00f3n \u2013 Colombia. Garantizamos el acceso efectivo a la justicia, la verdad y la reparaci\u00f3n de las v\u00edctimas de los delitos.\",\"publisher\":{\"@id\":\"https:\/\/www.fiscalia.gov.co\/colombia\/#organization\"},\"potentialAction\":[{\"@type\":\"SearchAction\",\"target\":{\"@type\":\"EntryPoint\",\"urlTemplate\":\"https:\/\/www.fiscalia.gov.co\/colombia\/?s={search_term_string}\"},\"query-input\":{\"@type\":\"PropertyValueSpecification\",\"valueRequired\":true,\"valueName\":\"search_term_string\"}}],\"inLanguage\":\"es-CO\"},{\"@type\":\"Organization\",\"@id\":\"https:\/\/www.fiscalia.gov.co\/colombia\/#organization\",\"name\":\"Fiscal\u00eda General de la Naci\u00f3n\",\"url\":\"https:\/\/www.fiscalia.gov.co\/colombia\/\",\"logo\":{\"@type\":\"ImageObject\",\"inLanguage\":\"es-CO\",\"@id\":\"https:\/\/www.fiscalia.gov.co\/colombia\/#\/schema\/logo\/image\/\",\"url\":\"https:\/\/www.fiscalia.gov.co\/colombia\/wp-content\/uploads\/LogoHorizontal_1.jpg\",\"contentUrl\":\"https:\/\/www.fiscalia.gov.co\/colombia\/wp-content\/uploads\/LogoHorizontal_1.jpg\",\"width\":300,\"height\":90,\"caption\":\"Fiscal\u00eda General de la Naci\u00f3n\"},\"image\":{\"@id\":\"https:\/\/www.fiscalia.gov.co\/colombia\/#\/schema\/logo\/image\/\"},\"sameAs\":[\"https:\/\/www.facebook.com\/FiscaliaCol\",\"https:\/\/x.com\/FiscaliaCol\",\"https:\/\/www.instagram.com\/fiscaliacol\",\"https:\/\/www.linkedin.com\/company\/fiscalia-general-de-la-naci-n\/\",\"https:\/\/youtube.com\/@fiscaliageneraldelanacion-4668?si=6nN79nyQICPU5iTh\"]},{\"@type\":\"Person\",\"@id\":\"https:\/\/www.fiscalia.gov.co\/colombia\/#\/schema\/person\/bf28d8ae7f1b287bbe3af484b04f43ea\",\"name\":\"Direcci\u00f3n de Comunicaciones Fiscal\u00eda General de la Naci\u00f3n\",\"image\":{\"@type\":\"ImageObject\",\"inLanguage\":\"es-CO\",\"@id\":\"https:\/\/www.fiscalia.gov.co\/colombia\/#\/schema\/person\/image\/\",\"url\":\"https:\/\/secure.gravatar.com\/avatar\/9d55ae161d32da16dbdd0b380c080a5f?s=96&d=mm&r=g\",\"contentUrl\":\"https:\/\/secure.gravatar.com\/avatar\/9d55ae161d32da16dbdd0b380c080a5f?s=96&d=mm&r=g\",\"caption\":\"Direcci\u00f3n de Comunicaciones Fiscal\u00eda General de la Naci\u00f3n\"},\"url\":\"https:\/\/www.fiscalia.gov.co\/colombia\/author\/kbonilla\/\"}]}<\/script>\n<!-- \/ Yoast SEO plugin. -->","yoast_head_json":{"title":"Fiscal\u00eda General de la Naci\u00f3n","description":"P\u00e1gina oficial de la Fiscal\u00eda General de la Naci\u00f3n \u2013 Colombia. Garantizamos el acceso efectivo a la justicia, la verdad y la reparaci\u00f3n de las v\u00edctimas de los delitos.","robots":{"index":"noindex","follow":"follow"},"og_locale":"es_ES","og_type":"article","og_title":"Fiscal\u00eda General de la Naci\u00f3n","og_description":"P\u00e1gina oficial de la Fiscal\u00eda General de la Naci\u00f3n \u2013 Colombia. Garantizamos el acceso efectivo a la justicia, la verdad y la reparaci\u00f3n de las v\u00edctimas de los delitos.","og_url":"https:\/\/www.fiscalia.gov.co\/colombia\/noticias\/bienes-por-12-billones-de-pesos-de-marquitos-figueroa-el-nene-hernandez-y-mandarino-a-extincion-del-derecho-de-dominio\/","og_site_name":"Fiscal\u00eda General de la Naci\u00f3n","article_publisher":"https:\/\/www.facebook.com\/FiscaliaCol","article_published_time":"2019-06-11T21:16:32+00:00","article_modified_time":"2019-06-11T21:18:15+00:00","author":"Direcci\u00f3n de Comunicaciones Fiscal\u00eda General de la Naci\u00f3n","twitter_card":"summary_large_image","twitter_creator":"@FiscaliaCol","twitter_site":"@FiscaliaCol","twitter_misc":{"Escrito por":"Direcci\u00f3n de Comunicaciones Fiscal\u00eda General de la Naci\u00f3n","Tiempo de lectura":"2 minutos"},"schema":{"@context":"https:\/\/schema.org","@graph":[{"@type":"Article","@id":"https:\/\/www.fiscalia.gov.co\/colombia\/noticias\/bienes-por-12-billones-de-pesos-de-marquitos-figueroa-el-nene-hernandez-y-mandarino-a-extincion-del-derecho-de-dominio\/#article","isPartOf":{"@id":"https:\/\/www.fiscalia.gov.co\/colombia\/noticias\/bienes-por-12-billones-de-pesos-de-marquitos-figueroa-el-nene-hernandez-y-mandarino-a-extincion-del-derecho-de-dominio\/"},"author":{"name":"Direcci\u00f3n de Comunicaciones Fiscal\u00eda General de la Naci\u00f3n","@id":"https:\/\/www.fiscalia.gov.co\/colombia\/#\/schema\/person\/bf28d8ae7f1b287bbe3af484b04f43ea"},"headline":"Bienes por 1,2 billones de pesos de \u2018Marquitos Figueroa\u2019, el \u2018\u00d1e\u00f1e\u2019 Hern\u00e1ndez y \u2018Mandarino\u2019 a extinci\u00f3n del derecho de dominio","datePublished":"2019-06-11T21:16:32+00:00","dateModified":"2019-06-11T21:18:15+00:00","mainEntityOfPage":{"@id":"https:\/\/www.fiscalia.gov.co\/colombia\/noticias\/bienes-por-12-billones-de-pesos-de-marquitos-figueroa-el-nene-hernandez-y-mandarino-a-extincion-del-derecho-de-dominio\/"},"wordCount":521,"publisher":{"@id":"https:\/\/www.fiscalia.gov.co\/colombia\/#organization"},"articleSection":["Finanzas criminales","Narcotr\u00e1fico","Noticias"],"inLanguage":"es-CO"},{"@type":"WebPage","@id":"https:\/\/www.fiscalia.gov.co\/colombia\/noticias\/bienes-por-12-billones-de-pesos-de-marquitos-figueroa-el-nene-hernandez-y-mandarino-a-extincion-del-derecho-de-dominio\/","url":"https:\/\/www.fiscalia.gov.co\/colombia\/noticias\/bienes-por-12-billones-de-pesos-de-marquitos-figueroa-el-nene-hernandez-y-mandarino-a-extincion-del-derecho-de-dominio\/","name":"Fiscal\u00eda General de la Naci\u00f3n","isPartOf":{"@id":"https:\/\/www.fiscalia.gov.co\/colombia\/#website"},"datePublished":"2019-06-11T21:16:32+00:00","dateModified":"2019-06-11T21:18:15+00:00","description":"P\u00e1gina oficial de la Fiscal\u00eda General de la Naci\u00f3n \u2013 Colombia. Garantizamos el acceso efectivo a la justicia, la verdad y la reparaci\u00f3n de las v\u00edctimas de los delitos.","breadcrumb":{"@id":"https:\/\/www.fiscalia.gov.co\/colombia\/noticias\/bienes-por-12-billones-de-pesos-de-marquitos-figueroa-el-nene-hernandez-y-mandarino-a-extincion-del-derecho-de-dominio\/#breadcrumb"},"inLanguage":"es-CO","potentialAction":[{"@type":"ReadAction","target":["https:\/\/www.fiscalia.gov.co\/colombia\/noticias\/bienes-por-12-billones-de-pesos-de-marquitos-figueroa-el-nene-hernandez-y-mandarino-a-extincion-del-derecho-de-dominio\/"]}]},{"@type":"BreadcrumbList","@id":"https:\/\/www.fiscalia.gov.co\/colombia\/noticias\/bienes-por-12-billones-de-pesos-de-marquitos-figueroa-el-nene-hernandez-y-mandarino-a-extincion-del-derecho-de-dominio\/#breadcrumb","itemListElement":[{"@type":"ListItem","position":1,"name":"Home","item":"https:\/\/www.fiscalia.gov.co\/colombia\/"},{"@type":"ListItem","position":2,"name":"Bienes por 1,2 billones de pesos de \u2018Marquitos Figueroa\u2019, el \u2018\u00d1e\u00f1e\u2019 Hern\u00e1ndez y \u2018Mandarino\u2019 a extinci\u00f3n del derecho de dominio"}]},{"@type":"WebSite","@id":"https:\/\/www.fiscalia.gov.co\/colombia\/#website","url":"https:\/\/www.fiscalia.gov.co\/colombia\/","name":"Fiscal\u00eda General de la Naci\u00f3n","description":"P\u00e1gina oficial de la Fiscal\u00eda General de la Naci\u00f3n \u2013 Colombia. Garantizamos el acceso efectivo a la justicia, la verdad y la reparaci\u00f3n de las v\u00edctimas de los delitos.","publisher":{"@id":"https:\/\/www.fiscalia.gov.co\/colombia\/#organization"},"potentialAction":[{"@type":"SearchAction","target":{"@type":"EntryPoint","urlTemplate":"https:\/\/www.fiscalia.gov.co\/colombia\/?s={search_term_string}"},"query-input":{"@type":"PropertyValueSpecification","valueRequired":true,"valueName":"search_term_string"}}],"inLanguage":"es-CO"},{"@type":"Organization","@id":"https:\/\/www.fiscalia.gov.co\/colombia\/#organization","name":"Fiscal\u00eda General de la Naci\u00f3n","url":"https:\/\/www.fiscalia.gov.co\/colombia\/","logo":{"@type":"ImageObject","inLanguage":"es-CO","@id":"https:\/\/www.fiscalia.gov.co\/colombia\/#\/schema\/logo\/image\/","url":"https:\/\/www.fiscalia.gov.co\/colombia\/wp-content\/uploads\/LogoHorizontal_1.jpg","contentUrl":"https:\/\/www.fiscalia.gov.co\/colombia\/wp-content\/uploads\/LogoHorizontal_1.jpg","width":300,"height":90,"caption":"Fiscal\u00eda General de la Naci\u00f3n"},"image":{"@id":"https:\/\/www.fiscalia.gov.co\/colombia\/#\/schema\/logo\/image\/"},"sameAs":["https:\/\/www.facebook.com\/FiscaliaCol","https:\/\/x.com\/FiscaliaCol","https:\/\/www.instagram.com\/fiscaliacol","https:\/\/www.linkedin.com\/company\/fiscalia-general-de-la-naci-n\/","https:\/\/youtube.com\/@fiscaliageneraldelanacion-4668?si=6nN79nyQICPU5iTh"]},{"@type":"Person","@id":"https:\/\/www.fiscalia.gov.co\/colombia\/#\/schema\/person\/bf28d8ae7f1b287bbe3af484b04f43ea","name":"Direcci\u00f3n de Comunicaciones Fiscal\u00eda General de la Naci\u00f3n","image":{"@type":"ImageObject","inLanguage":"es-CO","@id":"https:\/\/www.fiscalia.gov.co\/colombia\/#\/schema\/person\/image\/","url":"https:\/\/secure.gravatar.com\/avatar\/9d55ae161d32da16dbdd0b380c080a5f?s=96&d=mm&r=g","contentUrl":"https:\/\/secure.gravatar.com\/avatar\/9d55ae161d32da16dbdd0b380c080a5f?s=96&d=mm&r=g","caption":"Direcci\u00f3n de Comunicaciones Fiscal\u00eda General de la Naci\u00f3n"},"url":"https:\/\/www.fiscalia.gov.co\/colombia\/author\/kbonilla\/"}]}},"_links":{"self":[{"href":"https:\/\/www.fiscalia.gov.co\/colombia\/wp-json\/wp\/v2\/posts\/180241","targetHints":{"allow":["GET"]}}],"collection":[{"href":"https:\/\/www.fiscalia.gov.co\/colombia\/wp-json\/wp\/v2\/posts"}],"about":[{"href":"https:\/\/www.fiscalia.gov.co\/colombia\/wp-json\/wp\/v2\/types\/post"}],"author":[{"embeddable":true,"href":"https:\/\/www.fiscalia.gov.co\/colombia\/wp-json\/wp\/v2\/users\/162"}],"replies":[{"embeddable":true,"href":"https:\/\/www.fiscalia.gov.co\/colombia\/wp-json\/wp\/v2\/comments?post=180241"}],"version-history":[{"count":1,"href":"https:\/\/www.fiscalia.gov.co\/colombia\/wp-json\/wp\/v2\/posts\/180241\/revisions"}],"predecessor-version":[{"id":180242,"href":"https:\/\/www.fiscalia.gov.co\/colombia\/wp-json\/wp\/v2\/posts\/180241\/revisions\/180242"}],"wp:attachment":[{"href":"https:\/\/www.fiscalia.gov.co\/colombia\/wp-json\/wp\/v2\/media?parent=180241"}],"wp:term":[{"taxonomy":"category","embeddable":true,"href":"https:\/\/www.fiscalia.gov.co\/colombia\/wp-json\/wp\/v2\/categories?post=180241"},{"taxonomy":"post_tag","embeddable":true,"href":"https:\/\/www.fiscalia.gov.co\/colombia\/wp-json\/wp\/v2\/tags?post=180241"}],"curies":[{"name":"wp","href":"https:\/\/api.w.org\/{rel}","templated":true}]}}