{"id":180005,"date":"2019-06-05T09:29:26","date_gmt":"2019-06-05T14:29:26","guid":{"rendered":"https:\/\/www.fiscalia.gov.co\/colombia\/?p=180005"},"modified":"2019-06-05T09:29:26","modified_gmt":"2019-06-05T14:29:26","slug":"a-juicio-tres-integrantes-de-la-policia-nacional-presuntamente-involucrados-en-hurto-de-40-millones-de-pesos-a-un-comerciante","status":"publish","type":"post","link":"https:\/\/www.fiscalia.gov.co\/colombia\/seccionales\/a-juicio-tres-integrantes-de-la-policia-nacional-presuntamente-involucrados-en-hurto-de-40-millones-de-pesos-a-un-comerciante\/","title":{"rendered":"A juicio tres integrantes de la Polic\u00eda Nacional presuntamente involucrados en hurto de 40 millones de pesos a un comerciante"},"content":{"rendered":"<p>Por solicitud de la Fiscal\u00eda General de la Naci\u00f3n, el Juzgado 8 Penal de Bogot\u00e1 con funci\u00f3n de conocimiento llam\u00f3 a juicio a los uniformados de la Polic\u00eda Nacional John Jairo Guti\u00e9rrez Hern\u00e1ndez, Johann Sebasti\u00e1n Barrera y Juan Carlos Bol\u00edvar Garz\u00f3n.<\/p>\n<p>Seg\u00fan la acusaci\u00f3n, deber\u00e1n comparecer como presuntos responsables de los delitos de <strong>concusi\u00f3n y privaci\u00f3n ilegal de libertad<\/strong>.<\/p>\n<p>Al narrar los hechos, el denunciante indic\u00f3 que el primero de febrero de 2018, a eso de las 10 de la ma\u00f1ana en compa\u00f1\u00eda de dos de sus amigos, par\u00f3 un taxi con destino al centro comercial Puerta Grande San Jos\u00e9. Dentro del veh\u00edculo llam\u00f3 al celular de un se\u00f1or para confirmar una cita para el pago en efectivo por la venta de una camioneta.<\/p>\n<p>Agreg\u00f3 que al llegar al lugar de encuentro con el comprador, observ\u00f3 a dos hombres en la entrada del centro comercial con aspecto y comportamiento sospechoso.<\/p>\n<p>\u201cSe quedaron mir\u00e1ndome raro y el se\u00f1or Rafa apenas me vio se meti\u00f3 en un almac\u00e9n de zapatos y me hizo la entrega de <strong>4 paquetes de 25 millones<\/strong> cada uno y otros <strong>dos paquetes con 5 millones de pesos cada uno<\/strong>, por la venta de una camioneta\u201d indic\u00f3.<\/p>\n<p>Les manifest\u00f3 a los investigadores que el carro fue vendido en 155 millones de pesos, y que en ese lugar le fueron abonados 110 millones en efectivo.<\/p>\n<p>Tambi\u00e9n dijo que con el dinero en la mano sali\u00f3 a coger el mismo taxi que lo hab\u00eda llevado al centro comercial.<\/p>\n<p>Declar\u00f3 en la denuncia, que \u201cal llegar a la calle 13 con carrera 5 centro de Bogot\u00e1, al costado derecho del separador nos aborda un patrulla y desde una moto me apuntan con una pistola\u201d.<\/p>\n<p>Indico que \u201cnos dicen se muevan hp\u00b4s o les llenamos a tiros, mientras nos atemorizaban, uno de ellos cogi\u00f3 la caja donde estaba el dinero, la destap\u00f3 y nos dice que lo permitido por la ley era cargar solo hasta 20 millones por la calle porque hab\u00eda mucha inseguridad y que \u00e9ramos sospechosos, que nos llevar\u00eda a la Fiscal\u00eda\u201d, relat\u00f3.<\/p>\n<p>Afirm\u00f3 que memorizaron las placas de identificaci\u00f3n de los uniformados de chaqueta reflectiva y que uno de los polic\u00edas le dijo al otro que se fuera con ellos (v\u00edctimas) en el taxi hasta un parqueadero donde lo obligaron a entregar 40 millones de pesos.<\/p>\n<p>\u201cFinalmente en el taxi nos acompa\u00f1aron a la puerta de un banco ubicado en la 13 con calle 65, luego todos ellos se fueron en el mismo taxi. El dinero restante lo consign\u00e9 en el banco a la cuenta de mi esposa como consta en los extractos dados por el banco\u201d a\u00f1adi\u00f3.<\/p>\n<p>Como elementos materiales de prueba que ser\u00e1n llevados al juicio, la Fiscal\u00eda cuenta con 3 discos compactos de videos obtenidos en varios puntos del trayecto por donde pasaron los uniformados, testigos y documentos que corroboran la teor\u00eda del caso.<\/p>\n<p>Los presuntos involucrados en los hechos delictivos permanecen privados de la libertad en la c\u00e1rcel Modelo, sur de la capital del pa\u00eds.<\/p>\n<p>La Fiscal\u00eda hace p\u00fablica esta informaci\u00f3n por razones de inter\u00e9s general.<\/p>\n<p>&nbsp;<\/p>\n<p>&nbsp;<\/p>\n<p>CMRM\/DLBM<\/p>\n<p>&nbsp;<\/p>\n\n<div class=\"twitter-share\"><a href=\"https:\/\/twitter.com\/intent\/tweet?via=fiscaliacol\" class=\"twitter-share-button\">Tweet<\/a><\/div>\n","protected":false},"excerpt":{"rendered":"<p>Por solicitud de la Fiscal\u00eda General de la Naci\u00f3n, el Juzgado 8 Penal de Bogot\u00e1 con funci\u00f3n de conocimiento llam\u00f3 a juicio a los uniformados de la Polic\u00eda Nacional John [&hellip;]<\/p>\n","protected":false},"author":162,"featured_media":0,"comment_status":"closed","ping_status":"open","sticky":false,"template":"","format":"standard","meta":{"tdm_status":"","tdm_grid_status":"","footnotes":""},"categories":[24107,321,303,24099],"tags":[],"class_list":["post-180005","post","type-post","status-publish","format-standard","category-lucha-contra-corrupcion","category-seccional-bogota","category-seccionales","category-seguridad-territorial"],"yoast_head":"<!-- This site is optimized with the Yoast SEO plugin v24.3 - https:\/\/yoast.com\/wordpress\/plugins\/seo\/ -->\n<title>Fiscal\u00eda General de la Naci\u00f3n<\/title>\n<meta name=\"description\" content=\"P\u00e1gina oficial de la Fiscal\u00eda General de la Naci\u00f3n \u2013 Colombia. Garantizamos el acceso efectivo a la justicia, la verdad y la reparaci\u00f3n de las v\u00edctimas de los delitos.\" \/>\n<meta name=\"robots\" content=\"noindex, follow\" \/>\n<meta property=\"og:locale\" content=\"es_ES\" \/>\n<meta property=\"og:type\" content=\"article\" \/>\n<meta property=\"og:title\" content=\"Fiscal\u00eda General de la Naci\u00f3n\" \/>\n<meta property=\"og:description\" content=\"P\u00e1gina oficial de la Fiscal\u00eda General de la Naci\u00f3n \u2013 Colombia. Garantizamos el acceso efectivo a la justicia, la verdad y la reparaci\u00f3n de las v\u00edctimas de los delitos.\" \/>\n<meta property=\"og:url\" content=\"https:\/\/www.fiscalia.gov.co\/colombia\/seccionales\/a-juicio-tres-integrantes-de-la-policia-nacional-presuntamente-involucrados-en-hurto-de-40-millones-de-pesos-a-un-comerciante\/\" \/>\n<meta property=\"og:site_name\" content=\"Fiscal\u00eda General de la Naci\u00f3n\" \/>\n<meta property=\"article:publisher\" content=\"https:\/\/www.facebook.com\/FiscaliaCol\" \/>\n<meta property=\"article:published_time\" content=\"2019-06-05T14:29:26+00:00\" \/>\n<meta name=\"author\" content=\"Direcci\u00f3n de Comunicaciones Fiscal\u00eda General de la Naci\u00f3n\" \/>\n<meta name=\"twitter:card\" content=\"summary_large_image\" \/>\n<meta name=\"twitter:creator\" content=\"@FiscaliaCol\" \/>\n<meta name=\"twitter:site\" content=\"@FiscaliaCol\" \/>\n<meta name=\"twitter:label1\" content=\"Escrito por\" \/>\n\t<meta name=\"twitter:data1\" content=\"Direcci\u00f3n de Comunicaciones Fiscal\u00eda General de la Naci\u00f3n\" \/>\n\t<meta name=\"twitter:label2\" content=\"Tiempo de lectura\" \/>\n\t<meta name=\"twitter:data2\" content=\"3 minutos\" \/>\n<script type=\"application\/ld+json\" class=\"yoast-schema-graph\">{\"@context\":\"https:\/\/schema.org\",\"@graph\":[{\"@type\":\"Article\",\"@id\":\"https:\/\/www.fiscalia.gov.co\/colombia\/seccionales\/a-juicio-tres-integrantes-de-la-policia-nacional-presuntamente-involucrados-en-hurto-de-40-millones-de-pesos-a-un-comerciante\/#article\",\"isPartOf\":{\"@id\":\"https:\/\/www.fiscalia.gov.co\/colombia\/seccionales\/a-juicio-tres-integrantes-de-la-policia-nacional-presuntamente-involucrados-en-hurto-de-40-millones-de-pesos-a-un-comerciante\/\"},\"author\":{\"name\":\"Direcci\u00f3n de Comunicaciones Fiscal\u00eda General de la Naci\u00f3n\",\"@id\":\"https:\/\/www.fiscalia.gov.co\/colombia\/#\/schema\/person\/bf28d8ae7f1b287bbe3af484b04f43ea\"},\"headline\":\"A juicio tres integrantes de la Polic\u00eda Nacional presuntamente involucrados en hurto de 40 millones de pesos a un comerciante\",\"datePublished\":\"2019-06-05T14:29:26+00:00\",\"dateModified\":\"2019-06-05T14:29:26+00:00\",\"mainEntityOfPage\":{\"@id\":\"https:\/\/www.fiscalia.gov.co\/colombia\/seccionales\/a-juicio-tres-integrantes-de-la-policia-nacional-presuntamente-involucrados-en-hurto-de-40-millones-de-pesos-a-un-comerciante\/\"},\"wordCount\":562,\"publisher\":{\"@id\":\"https:\/\/www.fiscalia.gov.co\/colombia\/#organization\"},\"articleSection\":[\"Corrupci\u00f3n\",\"Seccional Bogot\u00e1\",\"Seccionales\",\"Seguridad territorial\"],\"inLanguage\":\"es-CO\"},{\"@type\":\"WebPage\",\"@id\":\"https:\/\/www.fiscalia.gov.co\/colombia\/seccionales\/a-juicio-tres-integrantes-de-la-policia-nacional-presuntamente-involucrados-en-hurto-de-40-millones-de-pesos-a-un-comerciante\/\",\"url\":\"https:\/\/www.fiscalia.gov.co\/colombia\/seccionales\/a-juicio-tres-integrantes-de-la-policia-nacional-presuntamente-involucrados-en-hurto-de-40-millones-de-pesos-a-un-comerciante\/\",\"name\":\"Fiscal\u00eda General de la Naci\u00f3n\",\"isPartOf\":{\"@id\":\"https:\/\/www.fiscalia.gov.co\/colombia\/#website\"},\"datePublished\":\"2019-06-05T14:29:26+00:00\",\"dateModified\":\"2019-06-05T14:29:26+00:00\",\"description\":\"P\u00e1gina oficial de la Fiscal\u00eda General de la Naci\u00f3n \u2013 Colombia. Garantizamos el acceso efectivo a la justicia, la verdad y la reparaci\u00f3n de las v\u00edctimas de los delitos.\",\"breadcrumb\":{\"@id\":\"https:\/\/www.fiscalia.gov.co\/colombia\/seccionales\/a-juicio-tres-integrantes-de-la-policia-nacional-presuntamente-involucrados-en-hurto-de-40-millones-de-pesos-a-un-comerciante\/#breadcrumb\"},\"inLanguage\":\"es-CO\",\"potentialAction\":[{\"@type\":\"ReadAction\",\"target\":[\"https:\/\/www.fiscalia.gov.co\/colombia\/seccionales\/a-juicio-tres-integrantes-de-la-policia-nacional-presuntamente-involucrados-en-hurto-de-40-millones-de-pesos-a-un-comerciante\/\"]}]},{\"@type\":\"BreadcrumbList\",\"@id\":\"https:\/\/www.fiscalia.gov.co\/colombia\/seccionales\/a-juicio-tres-integrantes-de-la-policia-nacional-presuntamente-involucrados-en-hurto-de-40-millones-de-pesos-a-un-comerciante\/#breadcrumb\",\"itemListElement\":[{\"@type\":\"ListItem\",\"position\":1,\"name\":\"Home\",\"item\":\"https:\/\/www.fiscalia.gov.co\/colombia\/\"},{\"@type\":\"ListItem\",\"position\":2,\"name\":\"A juicio tres integrantes de la Polic\u00eda Nacional presuntamente involucrados en hurto de 40 millones de pesos a un comerciante\"}]},{\"@type\":\"WebSite\",\"@id\":\"https:\/\/www.fiscalia.gov.co\/colombia\/#website\",\"url\":\"https:\/\/www.fiscalia.gov.co\/colombia\/\",\"name\":\"Fiscal\u00eda General de la Naci\u00f3n\",\"description\":\"P\u00e1gina oficial de la Fiscal\u00eda General de la Naci\u00f3n \u2013 Colombia. Garantizamos el acceso efectivo a la justicia, la verdad y la reparaci\u00f3n de las v\u00edctimas de los delitos.\",\"publisher\":{\"@id\":\"https:\/\/www.fiscalia.gov.co\/colombia\/#organization\"},\"potentialAction\":[{\"@type\":\"SearchAction\",\"target\":{\"@type\":\"EntryPoint\",\"urlTemplate\":\"https:\/\/www.fiscalia.gov.co\/colombia\/?s={search_term_string}\"},\"query-input\":{\"@type\":\"PropertyValueSpecification\",\"valueRequired\":true,\"valueName\":\"search_term_string\"}}],\"inLanguage\":\"es-CO\"},{\"@type\":\"Organization\",\"@id\":\"https:\/\/www.fiscalia.gov.co\/colombia\/#organization\",\"name\":\"Fiscal\u00eda General de la Naci\u00f3n\",\"url\":\"https:\/\/www.fiscalia.gov.co\/colombia\/\",\"logo\":{\"@type\":\"ImageObject\",\"inLanguage\":\"es-CO\",\"@id\":\"https:\/\/www.fiscalia.gov.co\/colombia\/#\/schema\/logo\/image\/\",\"url\":\"https:\/\/www.fiscalia.gov.co\/colombia\/wp-content\/uploads\/LogoHorizontal_1.jpg\",\"contentUrl\":\"https:\/\/www.fiscalia.gov.co\/colombia\/wp-content\/uploads\/LogoHorizontal_1.jpg\",\"width\":300,\"height\":90,\"caption\":\"Fiscal\u00eda General de la Naci\u00f3n\"},\"image\":{\"@id\":\"https:\/\/www.fiscalia.gov.co\/colombia\/#\/schema\/logo\/image\/\"},\"sameAs\":[\"https:\/\/www.facebook.com\/FiscaliaCol\",\"https:\/\/x.com\/FiscaliaCol\",\"https:\/\/www.instagram.com\/fiscaliacol\",\"https:\/\/www.linkedin.com\/company\/fiscalia-general-de-la-naci-n\/\",\"https:\/\/youtube.com\/@fiscaliageneraldelanacion-4668?si=6nN79nyQICPU5iTh\"]},{\"@type\":\"Person\",\"@id\":\"https:\/\/www.fiscalia.gov.co\/colombia\/#\/schema\/person\/bf28d8ae7f1b287bbe3af484b04f43ea\",\"name\":\"Direcci\u00f3n de Comunicaciones Fiscal\u00eda General de la Naci\u00f3n\",\"image\":{\"@type\":\"ImageObject\",\"inLanguage\":\"es-CO\",\"@id\":\"https:\/\/www.fiscalia.gov.co\/colombia\/#\/schema\/person\/image\/\",\"url\":\"https:\/\/secure.gravatar.com\/avatar\/9d55ae161d32da16dbdd0b380c080a5f?s=96&d=mm&r=g\",\"contentUrl\":\"https:\/\/secure.gravatar.com\/avatar\/9d55ae161d32da16dbdd0b380c080a5f?s=96&d=mm&r=g\",\"caption\":\"Direcci\u00f3n de Comunicaciones Fiscal\u00eda General de la Naci\u00f3n\"},\"url\":\"https:\/\/www.fiscalia.gov.co\/colombia\/author\/kbonilla\/\"}]}<\/script>\n<!-- \/ Yoast SEO plugin. -->","yoast_head_json":{"title":"Fiscal\u00eda General de la Naci\u00f3n","description":"P\u00e1gina oficial de la Fiscal\u00eda General de la Naci\u00f3n \u2013 Colombia. Garantizamos el acceso efectivo a la justicia, la verdad y la reparaci\u00f3n de las v\u00edctimas de los delitos.","robots":{"index":"noindex","follow":"follow"},"og_locale":"es_ES","og_type":"article","og_title":"Fiscal\u00eda General de la Naci\u00f3n","og_description":"P\u00e1gina oficial de la Fiscal\u00eda General de la Naci\u00f3n \u2013 Colombia. Garantizamos el acceso efectivo a la justicia, la verdad y la reparaci\u00f3n de las v\u00edctimas de los delitos.","og_url":"https:\/\/www.fiscalia.gov.co\/colombia\/seccionales\/a-juicio-tres-integrantes-de-la-policia-nacional-presuntamente-involucrados-en-hurto-de-40-millones-de-pesos-a-un-comerciante\/","og_site_name":"Fiscal\u00eda General de la Naci\u00f3n","article_publisher":"https:\/\/www.facebook.com\/FiscaliaCol","article_published_time":"2019-06-05T14:29:26+00:00","author":"Direcci\u00f3n de Comunicaciones Fiscal\u00eda General de la Naci\u00f3n","twitter_card":"summary_large_image","twitter_creator":"@FiscaliaCol","twitter_site":"@FiscaliaCol","twitter_misc":{"Escrito por":"Direcci\u00f3n de Comunicaciones Fiscal\u00eda General de la Naci\u00f3n","Tiempo de lectura":"3 minutos"},"schema":{"@context":"https:\/\/schema.org","@graph":[{"@type":"Article","@id":"https:\/\/www.fiscalia.gov.co\/colombia\/seccionales\/a-juicio-tres-integrantes-de-la-policia-nacional-presuntamente-involucrados-en-hurto-de-40-millones-de-pesos-a-un-comerciante\/#article","isPartOf":{"@id":"https:\/\/www.fiscalia.gov.co\/colombia\/seccionales\/a-juicio-tres-integrantes-de-la-policia-nacional-presuntamente-involucrados-en-hurto-de-40-millones-de-pesos-a-un-comerciante\/"},"author":{"name":"Direcci\u00f3n de Comunicaciones Fiscal\u00eda General de la Naci\u00f3n","@id":"https:\/\/www.fiscalia.gov.co\/colombia\/#\/schema\/person\/bf28d8ae7f1b287bbe3af484b04f43ea"},"headline":"A juicio tres integrantes de la Polic\u00eda Nacional presuntamente involucrados en hurto de 40 millones de pesos a un comerciante","datePublished":"2019-06-05T14:29:26+00:00","dateModified":"2019-06-05T14:29:26+00:00","mainEntityOfPage":{"@id":"https:\/\/www.fiscalia.gov.co\/colombia\/seccionales\/a-juicio-tres-integrantes-de-la-policia-nacional-presuntamente-involucrados-en-hurto-de-40-millones-de-pesos-a-un-comerciante\/"},"wordCount":562,"publisher":{"@id":"https:\/\/www.fiscalia.gov.co\/colombia\/#organization"},"articleSection":["Corrupci\u00f3n","Seccional Bogot\u00e1","Seccionales","Seguridad territorial"],"inLanguage":"es-CO"},{"@type":"WebPage","@id":"https:\/\/www.fiscalia.gov.co\/colombia\/seccionales\/a-juicio-tres-integrantes-de-la-policia-nacional-presuntamente-involucrados-en-hurto-de-40-millones-de-pesos-a-un-comerciante\/","url":"https:\/\/www.fiscalia.gov.co\/colombia\/seccionales\/a-juicio-tres-integrantes-de-la-policia-nacional-presuntamente-involucrados-en-hurto-de-40-millones-de-pesos-a-un-comerciante\/","name":"Fiscal\u00eda General de la Naci\u00f3n","isPartOf":{"@id":"https:\/\/www.fiscalia.gov.co\/colombia\/#website"},"datePublished":"2019-06-05T14:29:26+00:00","dateModified":"2019-06-05T14:29:26+00:00","description":"P\u00e1gina oficial de la Fiscal\u00eda General de la Naci\u00f3n \u2013 Colombia. Garantizamos el acceso efectivo a la justicia, la verdad y la reparaci\u00f3n de las v\u00edctimas de los delitos.","breadcrumb":{"@id":"https:\/\/www.fiscalia.gov.co\/colombia\/seccionales\/a-juicio-tres-integrantes-de-la-policia-nacional-presuntamente-involucrados-en-hurto-de-40-millones-de-pesos-a-un-comerciante\/#breadcrumb"},"inLanguage":"es-CO","potentialAction":[{"@type":"ReadAction","target":["https:\/\/www.fiscalia.gov.co\/colombia\/seccionales\/a-juicio-tres-integrantes-de-la-policia-nacional-presuntamente-involucrados-en-hurto-de-40-millones-de-pesos-a-un-comerciante\/"]}]},{"@type":"BreadcrumbList","@id":"https:\/\/www.fiscalia.gov.co\/colombia\/seccionales\/a-juicio-tres-integrantes-de-la-policia-nacional-presuntamente-involucrados-en-hurto-de-40-millones-de-pesos-a-un-comerciante\/#breadcrumb","itemListElement":[{"@type":"ListItem","position":1,"name":"Home","item":"https:\/\/www.fiscalia.gov.co\/colombia\/"},{"@type":"ListItem","position":2,"name":"A juicio tres integrantes de la Polic\u00eda Nacional presuntamente involucrados en hurto de 40 millones de pesos a un comerciante"}]},{"@type":"WebSite","@id":"https:\/\/www.fiscalia.gov.co\/colombia\/#website","url":"https:\/\/www.fiscalia.gov.co\/colombia\/","name":"Fiscal\u00eda General de la Naci\u00f3n","description":"P\u00e1gina oficial de la Fiscal\u00eda General de la Naci\u00f3n \u2013 Colombia. Garantizamos el acceso efectivo a la justicia, la verdad y la reparaci\u00f3n de las v\u00edctimas de los delitos.","publisher":{"@id":"https:\/\/www.fiscalia.gov.co\/colombia\/#organization"},"potentialAction":[{"@type":"SearchAction","target":{"@type":"EntryPoint","urlTemplate":"https:\/\/www.fiscalia.gov.co\/colombia\/?s={search_term_string}"},"query-input":{"@type":"PropertyValueSpecification","valueRequired":true,"valueName":"search_term_string"}}],"inLanguage":"es-CO"},{"@type":"Organization","@id":"https:\/\/www.fiscalia.gov.co\/colombia\/#organization","name":"Fiscal\u00eda General de la Naci\u00f3n","url":"https:\/\/www.fiscalia.gov.co\/colombia\/","logo":{"@type":"ImageObject","inLanguage":"es-CO","@id":"https:\/\/www.fiscalia.gov.co\/colombia\/#\/schema\/logo\/image\/","url":"https:\/\/www.fiscalia.gov.co\/colombia\/wp-content\/uploads\/LogoHorizontal_1.jpg","contentUrl":"https:\/\/www.fiscalia.gov.co\/colombia\/wp-content\/uploads\/LogoHorizontal_1.jpg","width":300,"height":90,"caption":"Fiscal\u00eda General de la Naci\u00f3n"},"image":{"@id":"https:\/\/www.fiscalia.gov.co\/colombia\/#\/schema\/logo\/image\/"},"sameAs":["https:\/\/www.facebook.com\/FiscaliaCol","https:\/\/x.com\/FiscaliaCol","https:\/\/www.instagram.com\/fiscaliacol","https:\/\/www.linkedin.com\/company\/fiscalia-general-de-la-naci-n\/","https:\/\/youtube.com\/@fiscaliageneraldelanacion-4668?si=6nN79nyQICPU5iTh"]},{"@type":"Person","@id":"https:\/\/www.fiscalia.gov.co\/colombia\/#\/schema\/person\/bf28d8ae7f1b287bbe3af484b04f43ea","name":"Direcci\u00f3n de Comunicaciones Fiscal\u00eda General de la Naci\u00f3n","image":{"@type":"ImageObject","inLanguage":"es-CO","@id":"https:\/\/www.fiscalia.gov.co\/colombia\/#\/schema\/person\/image\/","url":"https:\/\/secure.gravatar.com\/avatar\/9d55ae161d32da16dbdd0b380c080a5f?s=96&d=mm&r=g","contentUrl":"https:\/\/secure.gravatar.com\/avatar\/9d55ae161d32da16dbdd0b380c080a5f?s=96&d=mm&r=g","caption":"Direcci\u00f3n de Comunicaciones Fiscal\u00eda General de la Naci\u00f3n"},"url":"https:\/\/www.fiscalia.gov.co\/colombia\/author\/kbonilla\/"}]}},"_links":{"self":[{"href":"https:\/\/www.fiscalia.gov.co\/colombia\/wp-json\/wp\/v2\/posts\/180005","targetHints":{"allow":["GET"]}}],"collection":[{"href":"https:\/\/www.fiscalia.gov.co\/colombia\/wp-json\/wp\/v2\/posts"}],"about":[{"href":"https:\/\/www.fiscalia.gov.co\/colombia\/wp-json\/wp\/v2\/types\/post"}],"author":[{"embeddable":true,"href":"https:\/\/www.fiscalia.gov.co\/colombia\/wp-json\/wp\/v2\/users\/162"}],"replies":[{"embeddable":true,"href":"https:\/\/www.fiscalia.gov.co\/colombia\/wp-json\/wp\/v2\/comments?post=180005"}],"version-history":[{"count":1,"href":"https:\/\/www.fiscalia.gov.co\/colombia\/wp-json\/wp\/v2\/posts\/180005\/revisions"}],"predecessor-version":[{"id":180006,"href":"https:\/\/www.fiscalia.gov.co\/colombia\/wp-json\/wp\/v2\/posts\/180005\/revisions\/180006"}],"wp:attachment":[{"href":"https:\/\/www.fiscalia.gov.co\/colombia\/wp-json\/wp\/v2\/media?parent=180005"}],"wp:term":[{"taxonomy":"category","embeddable":true,"href":"https:\/\/www.fiscalia.gov.co\/colombia\/wp-json\/wp\/v2\/categories?post=180005"},{"taxonomy":"post_tag","embeddable":true,"href":"https:\/\/www.fiscalia.gov.co\/colombia\/wp-json\/wp\/v2\/tags?post=180005"}],"curies":[{"name":"wp","href":"https:\/\/api.w.org\/{rel}","templated":true}]}}