{"id":178613,"date":"2019-04-29T15:53:33","date_gmt":"2019-04-29T20:53:33","guid":{"rendered":"https:\/\/www.fiscalia.gov.co\/colombia\/?p=178613"},"modified":"2019-04-29T15:53:39","modified_gmt":"2019-04-29T20:53:39","slug":"36-anos-de-carcel-para-autor-material-del-asesinato-del-exdiputado-de-cesar-efrain-ovalle","status":"publish","type":"post","link":"https:\/\/www.fiscalia.gov.co\/colombia\/noticias\/36-anos-de-carcel-para-autor-material-del-asesinato-del-exdiputado-de-cesar-efrain-ovalle\/","title":{"rendered":"36 a\u00f1os de c\u00e1rcel para autor material del asesinato del exdiputado de Cesar, Efra\u00edn Ovalle"},"content":{"rendered":"<blockquote class=\"td_quote_box td_box_center\">\n<h4><strong>La Fiscal\u00eda General de la Naci\u00f3n demostr\u00f3 en juicio que Diomedes de Jes\u00fas Villamizar Ibarra, alias El Cantante, fue el sicario que dispar\u00f3 contra el exdiputado y una persona que lo acompa\u00f1aba. Una juez especializada de Cundinamarca respald\u00f3 los argumentos de la Fiscal\u00eda y se\u00f1al\u00f3 que el crimen correspondi\u00f3 a una retaliaci\u00f3n pol\u00edtica.<\/strong><\/h4>\n<\/blockquote>\n<p>Varios testimonios recopilados por la Fiscal\u00eda General de la Naci\u00f3n fueron fundamentales para identificar al hombre que asesin\u00f3 al exdiputado Efra\u00edn Ovalle O\u00f1ate y dej\u00f3 gravemente herido a Luis Eduardo Arredondo, quien conversaba con el pol\u00edtico la ma\u00f1ana del 25 de febrero de 2012, en La Paz (Cesar).<\/p>\n<p>De acuerdo con las declaraciones recibidas, Jes\u00fas Villamizar Ibarra, alias El Cantante, integrante de una estructura sicarial de Barranquilla (Atl\u00e1ntico), se hosped\u00f3 en un hotel de Valledupar (Cesar) d\u00edas antes del crimen y viaj\u00f3 en dos oportunidades a La Paz para intentar ejecutar el atentado.<\/p>\n<p>En el segundo traslado, el se\u00f1alado delincuente, que se movilizaba como parrillero en una motocicleta, ubic\u00f3 al exdiputado de Cesar frente a la casa y le dispar\u00f3 en varias oportunidades.<\/p>\n<p>La Fiscal\u00eda demostr\u00f3 la responsabilidad de alias El Cantante en el asesinato de Efra\u00edn Ovalle O\u00f1ate y en las heridas causadas a la persona que dialogaba con la v\u00edctima en el momento del ataque. Ante la contundencia del material probatorio, una juez penal especializada de Cundinamarca conden\u00f3 al procesado a 36 a\u00f1os y 4 meses de prisi\u00f3n por los delitos de homicidio agravado, homicidio en grado de tentativa, y fabricaci\u00f3n, tr\u00e1fico, porte o tenencia de armas de fuego, con circunstancias de agravaci\u00f3n.<\/p>\n<p>El fallo respald\u00f3 los argumentos presentados por un fiscal de la Direcci\u00f3n Especializada contra las Violaciones a los Derechos Humanos sobre los m\u00f3viles y las motivaciones del asesinato.<\/p>\n<p>\u201cPara la \u00e9poca electoral 2012 \u2013 2016, en el municipio de la Paz (Cesar), se presentaron enfrentamientos entre Efra\u00edn Ovalle O\u00f1ate y sus contradictores pol\u00edticos, lo que gener\u00f3 entre ellos rencillas. A partir de ah\u00ed, se edific\u00f3 toda una parafernalia por parte de sus rivales para ejecutar su homicidio\u201d, precis\u00f3 la sentencia.<\/p>\n<p>En la investigaci\u00f3n se constat\u00f3 que el exdiputado de Cesar no apoy\u00f3 a una candidata a la alcald\u00eda de La Paz (Cesar) porque, con anterioridad, hab\u00eda dado su aval a otro aspirante, situaci\u00f3n que gener\u00f3 gran inconformidad en varios sectores y personalidades de la regi\u00f3n.<br \/>\nDe acuerdo con las declaraciones recibidas, distintas agrupaciones criminales de la \u00e9poca habr\u00edan sido contactadas para \u201csacar del camino\u201d a Efra\u00edn Ovalle O\u00f1ate y, finalmente, una banda delincuencial de Barraquilla fue contratada para que realizara el asesinato.<\/p>\n<p>Gracias a los peritajes de bal\u00edstica solicitados por la Fiscal\u00eda, se conoci\u00f3 que el arma utilizada contra el exdiputado era una Glock calibre 9 mm, usada tambi\u00e9n en los homicidios de la exalcaldesa de Barrancas (La Guajira), Yandra Brito; y de Dany de Luque Taborda, un hombre conocido como \u2018El Venezolano. Ambos cr\u00edmenes ocurrieron en 2012 y habr\u00edan sido ejecutados por la misma estructura sicarial.<\/p>\n<p>La juez orden\u00f3 que Jes\u00fas Villamizar Ibarra, alias El Cantante, cumpla la pena en la c\u00e1rcel que disponga el INPEC. La decisi\u00f3n es de primera instancia y contra ella proceden los recurso de ley.<\/p>\n<p>La Fiscal\u00eda General de la Naci\u00f3n hace p\u00fablica esta informaci\u00f3n por razones de inter\u00e9s general.<\/p>\n\n<div class=\"twitter-share\"><a href=\"https:\/\/twitter.com\/intent\/tweet?via=fiscaliacol\" class=\"twitter-share-button\">Tweet<\/a><\/div>\n","protected":false},"excerpt":{"rendered":"<p>La Fiscal\u00eda General de la Naci\u00f3n demostr\u00f3 en juicio que Diomedes de Jes\u00fas Villamizar Ibarra, alias El Cantante, fue el sicario que dispar\u00f3 contra el exdiputado y una persona que lo acompa\u00f1aba. Una juez especializada de Cundinamarca respald\u00f3 los argumentos de la Fiscal\u00eda y se\u00f1al\u00f3 que el crimen correspondi\u00f3 a una retaliaci\u00f3n pol\u00edtica. Varios testimonios [&hellip;]<\/p>\n","protected":false},"author":162,"featured_media":0,"comment_status":"closed","ping_status":"open","sticky":false,"template":"","format":"standard","meta":{"tdm_status":"","tdm_grid_status":"","footnotes":""},"categories":[24102,1],"tags":[],"class_list":{"0":"post-178613","1":"post","2":"type-post","3":"status-publish","4":"format-standard","6":"category-derechos-humanos","7":"category-noticias"},"yoast_head":"<!-- This site is optimized with the Yoast SEO plugin v24.3 - https:\/\/yoast.com\/wordpress\/plugins\/seo\/ -->\n<title>Fiscal\u00eda General de la Naci\u00f3n<\/title>\n<meta name=\"description\" content=\"P\u00e1gina oficial de la Fiscal\u00eda General de la Naci\u00f3n \u2013 Colombia. Garantizamos el acceso efectivo a la justicia, la verdad y la reparaci\u00f3n de las v\u00edctimas de los delitos.\" \/>\n<meta name=\"robots\" content=\"noindex, follow\" \/>\n<meta property=\"og:locale\" content=\"es_ES\" \/>\n<meta property=\"og:type\" content=\"article\" \/>\n<meta property=\"og:title\" content=\"Fiscal\u00eda General de la Naci\u00f3n\" \/>\n<meta property=\"og:description\" content=\"P\u00e1gina oficial de la Fiscal\u00eda General de la Naci\u00f3n \u2013 Colombia. Garantizamos el acceso efectivo a la justicia, la verdad y la reparaci\u00f3n de las v\u00edctimas de los delitos.\" \/>\n<meta property=\"og:url\" content=\"https:\/\/www.fiscalia.gov.co\/colombia\/noticias\/36-anos-de-carcel-para-autor-material-del-asesinato-del-exdiputado-de-cesar-efrain-ovalle\/\" \/>\n<meta property=\"og:site_name\" content=\"Fiscal\u00eda General de la Naci\u00f3n\" \/>\n<meta property=\"article:publisher\" content=\"https:\/\/www.facebook.com\/FiscaliaCol\" \/>\n<meta property=\"article:published_time\" content=\"2019-04-29T20:53:33+00:00\" \/>\n<meta property=\"article:modified_time\" content=\"2019-04-29T20:53:39+00:00\" \/>\n<meta name=\"author\" content=\"Direcci\u00f3n de Comunicaciones Fiscal\u00eda General de la Naci\u00f3n\" \/>\n<meta name=\"twitter:card\" content=\"summary_large_image\" \/>\n<meta name=\"twitter:creator\" content=\"@FiscaliaCol\" \/>\n<meta name=\"twitter:site\" content=\"@FiscaliaCol\" \/>\n<meta name=\"twitter:label1\" content=\"Escrito por\" \/>\n\t<meta name=\"twitter:data1\" content=\"Direcci\u00f3n de Comunicaciones Fiscal\u00eda General de la Naci\u00f3n\" \/>\n\t<meta name=\"twitter:label2\" content=\"Tiempo de lectura\" \/>\n\t<meta name=\"twitter:data2\" content=\"3 minutos\" \/>\n<script type=\"application\/ld+json\" class=\"yoast-schema-graph\">{\"@context\":\"https:\/\/schema.org\",\"@graph\":[{\"@type\":\"Article\",\"@id\":\"https:\/\/www.fiscalia.gov.co\/colombia\/noticias\/36-anos-de-carcel-para-autor-material-del-asesinato-del-exdiputado-de-cesar-efrain-ovalle\/#article\",\"isPartOf\":{\"@id\":\"https:\/\/www.fiscalia.gov.co\/colombia\/noticias\/36-anos-de-carcel-para-autor-material-del-asesinato-del-exdiputado-de-cesar-efrain-ovalle\/\"},\"author\":{\"name\":\"Direcci\u00f3n de Comunicaciones Fiscal\u00eda General de la Naci\u00f3n\",\"@id\":\"https:\/\/www.fiscalia.gov.co\/colombia\/#\/schema\/person\/bf28d8ae7f1b287bbe3af484b04f43ea\"},\"headline\":\"36 a\u00f1os de c\u00e1rcel para autor material del asesinato del exdiputado de Cesar, Efra\u00edn Ovalle\",\"datePublished\":\"2019-04-29T20:53:33+00:00\",\"dateModified\":\"2019-04-29T20:53:39+00:00\",\"mainEntityOfPage\":{\"@id\":\"https:\/\/www.fiscalia.gov.co\/colombia\/noticias\/36-anos-de-carcel-para-autor-material-del-asesinato-del-exdiputado-de-cesar-efrain-ovalle\/\"},\"wordCount\":595,\"publisher\":{\"@id\":\"https:\/\/www.fiscalia.gov.co\/colombia\/#organization\"},\"articleSection\":[\"Derechos Humanos\",\"Noticias\"],\"inLanguage\":\"es-CO\"},{\"@type\":\"WebPage\",\"@id\":\"https:\/\/www.fiscalia.gov.co\/colombia\/noticias\/36-anos-de-carcel-para-autor-material-del-asesinato-del-exdiputado-de-cesar-efrain-ovalle\/\",\"url\":\"https:\/\/www.fiscalia.gov.co\/colombia\/noticias\/36-anos-de-carcel-para-autor-material-del-asesinato-del-exdiputado-de-cesar-efrain-ovalle\/\",\"name\":\"Fiscal\u00eda General de la Naci\u00f3n\",\"isPartOf\":{\"@id\":\"https:\/\/www.fiscalia.gov.co\/colombia\/#website\"},\"datePublished\":\"2019-04-29T20:53:33+00:00\",\"dateModified\":\"2019-04-29T20:53:39+00:00\",\"description\":\"P\u00e1gina oficial de la Fiscal\u00eda General de la Naci\u00f3n \u2013 Colombia. Garantizamos el acceso efectivo a la justicia, la verdad y la reparaci\u00f3n de las v\u00edctimas de los delitos.\",\"breadcrumb\":{\"@id\":\"https:\/\/www.fiscalia.gov.co\/colombia\/noticias\/36-anos-de-carcel-para-autor-material-del-asesinato-del-exdiputado-de-cesar-efrain-ovalle\/#breadcrumb\"},\"inLanguage\":\"es-CO\",\"potentialAction\":[{\"@type\":\"ReadAction\",\"target\":[\"https:\/\/www.fiscalia.gov.co\/colombia\/noticias\/36-anos-de-carcel-para-autor-material-del-asesinato-del-exdiputado-de-cesar-efrain-ovalle\/\"]}]},{\"@type\":\"BreadcrumbList\",\"@id\":\"https:\/\/www.fiscalia.gov.co\/colombia\/noticias\/36-anos-de-carcel-para-autor-material-del-asesinato-del-exdiputado-de-cesar-efrain-ovalle\/#breadcrumb\",\"itemListElement\":[{\"@type\":\"ListItem\",\"position\":1,\"name\":\"Home\",\"item\":\"https:\/\/www.fiscalia.gov.co\/colombia\/\"},{\"@type\":\"ListItem\",\"position\":2,\"name\":\"36 a\u00f1os de c\u00e1rcel para autor material del asesinato del exdiputado de Cesar, Efra\u00edn Ovalle\"}]},{\"@type\":\"WebSite\",\"@id\":\"https:\/\/www.fiscalia.gov.co\/colombia\/#website\",\"url\":\"https:\/\/www.fiscalia.gov.co\/colombia\/\",\"name\":\"Fiscal\u00eda General de la Naci\u00f3n\",\"description\":\"P\u00e1gina oficial de la Fiscal\u00eda General de la Naci\u00f3n \u2013 Colombia. Garantizamos el acceso efectivo a la justicia, la verdad y la reparaci\u00f3n de las v\u00edctimas de los delitos.\",\"publisher\":{\"@id\":\"https:\/\/www.fiscalia.gov.co\/colombia\/#organization\"},\"potentialAction\":[{\"@type\":\"SearchAction\",\"target\":{\"@type\":\"EntryPoint\",\"urlTemplate\":\"https:\/\/www.fiscalia.gov.co\/colombia\/?s={search_term_string}\"},\"query-input\":{\"@type\":\"PropertyValueSpecification\",\"valueRequired\":true,\"valueName\":\"search_term_string\"}}],\"inLanguage\":\"es-CO\"},{\"@type\":\"Organization\",\"@id\":\"https:\/\/www.fiscalia.gov.co\/colombia\/#organization\",\"name\":\"Fiscal\u00eda General de la Naci\u00f3n\",\"url\":\"https:\/\/www.fiscalia.gov.co\/colombia\/\",\"logo\":{\"@type\":\"ImageObject\",\"inLanguage\":\"es-CO\",\"@id\":\"https:\/\/www.fiscalia.gov.co\/colombia\/#\/schema\/logo\/image\/\",\"url\":\"https:\/\/www.fiscalia.gov.co\/colombia\/wp-content\/uploads\/LogoHorizontal_1.jpg\",\"contentUrl\":\"https:\/\/www.fiscalia.gov.co\/colombia\/wp-content\/uploads\/LogoHorizontal_1.jpg\",\"width\":300,\"height\":90,\"caption\":\"Fiscal\u00eda General de la Naci\u00f3n\"},\"image\":{\"@id\":\"https:\/\/www.fiscalia.gov.co\/colombia\/#\/schema\/logo\/image\/\"},\"sameAs\":[\"https:\/\/www.facebook.com\/FiscaliaCol\",\"https:\/\/x.com\/FiscaliaCol\",\"https:\/\/www.instagram.com\/fiscaliacol\",\"https:\/\/www.linkedin.com\/company\/fiscalia-general-de-la-naci-n\/\",\"https:\/\/youtube.com\/@fiscaliageneraldelanacion-4668?si=6nN79nyQICPU5iTh\"]},{\"@type\":\"Person\",\"@id\":\"https:\/\/www.fiscalia.gov.co\/colombia\/#\/schema\/person\/bf28d8ae7f1b287bbe3af484b04f43ea\",\"name\":\"Direcci\u00f3n de Comunicaciones Fiscal\u00eda General de la Naci\u00f3n\",\"image\":{\"@type\":\"ImageObject\",\"inLanguage\":\"es-CO\",\"@id\":\"https:\/\/www.fiscalia.gov.co\/colombia\/#\/schema\/person\/image\/\",\"url\":\"https:\/\/secure.gravatar.com\/avatar\/9d55ae161d32da16dbdd0b380c080a5f?s=96&d=mm&r=g\",\"contentUrl\":\"https:\/\/secure.gravatar.com\/avatar\/9d55ae161d32da16dbdd0b380c080a5f?s=96&d=mm&r=g\",\"caption\":\"Direcci\u00f3n de Comunicaciones Fiscal\u00eda General de la Naci\u00f3n\"},\"url\":\"https:\/\/www.fiscalia.gov.co\/colombia\/author\/kbonilla\/\"}]}<\/script>\n<!-- \/ Yoast SEO plugin. -->","yoast_head_json":{"title":"Fiscal\u00eda General de la Naci\u00f3n","description":"P\u00e1gina oficial de la Fiscal\u00eda General de la Naci\u00f3n \u2013 Colombia. Garantizamos el acceso efectivo a la justicia, la verdad y la reparaci\u00f3n de las v\u00edctimas de los delitos.","robots":{"index":"noindex","follow":"follow"},"og_locale":"es_ES","og_type":"article","og_title":"Fiscal\u00eda General de la Naci\u00f3n","og_description":"P\u00e1gina oficial de la Fiscal\u00eda General de la Naci\u00f3n \u2013 Colombia. Garantizamos el acceso efectivo a la justicia, la verdad y la reparaci\u00f3n de las v\u00edctimas de los delitos.","og_url":"https:\/\/www.fiscalia.gov.co\/colombia\/noticias\/36-anos-de-carcel-para-autor-material-del-asesinato-del-exdiputado-de-cesar-efrain-ovalle\/","og_site_name":"Fiscal\u00eda General de la Naci\u00f3n","article_publisher":"https:\/\/www.facebook.com\/FiscaliaCol","article_published_time":"2019-04-29T20:53:33+00:00","article_modified_time":"2019-04-29T20:53:39+00:00","author":"Direcci\u00f3n de Comunicaciones Fiscal\u00eda General de la Naci\u00f3n","twitter_card":"summary_large_image","twitter_creator":"@FiscaliaCol","twitter_site":"@FiscaliaCol","twitter_misc":{"Escrito por":"Direcci\u00f3n de Comunicaciones Fiscal\u00eda General de la Naci\u00f3n","Tiempo de lectura":"3 minutos"},"schema":{"@context":"https:\/\/schema.org","@graph":[{"@type":"Article","@id":"https:\/\/www.fiscalia.gov.co\/colombia\/noticias\/36-anos-de-carcel-para-autor-material-del-asesinato-del-exdiputado-de-cesar-efrain-ovalle\/#article","isPartOf":{"@id":"https:\/\/www.fiscalia.gov.co\/colombia\/noticias\/36-anos-de-carcel-para-autor-material-del-asesinato-del-exdiputado-de-cesar-efrain-ovalle\/"},"author":{"name":"Direcci\u00f3n de Comunicaciones Fiscal\u00eda General de la Naci\u00f3n","@id":"https:\/\/www.fiscalia.gov.co\/colombia\/#\/schema\/person\/bf28d8ae7f1b287bbe3af484b04f43ea"},"headline":"36 a\u00f1os de c\u00e1rcel para autor material del asesinato del exdiputado de Cesar, Efra\u00edn Ovalle","datePublished":"2019-04-29T20:53:33+00:00","dateModified":"2019-04-29T20:53:39+00:00","mainEntityOfPage":{"@id":"https:\/\/www.fiscalia.gov.co\/colombia\/noticias\/36-anos-de-carcel-para-autor-material-del-asesinato-del-exdiputado-de-cesar-efrain-ovalle\/"},"wordCount":595,"publisher":{"@id":"https:\/\/www.fiscalia.gov.co\/colombia\/#organization"},"articleSection":["Derechos Humanos","Noticias"],"inLanguage":"es-CO"},{"@type":"WebPage","@id":"https:\/\/www.fiscalia.gov.co\/colombia\/noticias\/36-anos-de-carcel-para-autor-material-del-asesinato-del-exdiputado-de-cesar-efrain-ovalle\/","url":"https:\/\/www.fiscalia.gov.co\/colombia\/noticias\/36-anos-de-carcel-para-autor-material-del-asesinato-del-exdiputado-de-cesar-efrain-ovalle\/","name":"Fiscal\u00eda General de la Naci\u00f3n","isPartOf":{"@id":"https:\/\/www.fiscalia.gov.co\/colombia\/#website"},"datePublished":"2019-04-29T20:53:33+00:00","dateModified":"2019-04-29T20:53:39+00:00","description":"P\u00e1gina oficial de la Fiscal\u00eda General de la Naci\u00f3n \u2013 Colombia. Garantizamos el acceso efectivo a la justicia, la verdad y la reparaci\u00f3n de las v\u00edctimas de los delitos.","breadcrumb":{"@id":"https:\/\/www.fiscalia.gov.co\/colombia\/noticias\/36-anos-de-carcel-para-autor-material-del-asesinato-del-exdiputado-de-cesar-efrain-ovalle\/#breadcrumb"},"inLanguage":"es-CO","potentialAction":[{"@type":"ReadAction","target":["https:\/\/www.fiscalia.gov.co\/colombia\/noticias\/36-anos-de-carcel-para-autor-material-del-asesinato-del-exdiputado-de-cesar-efrain-ovalle\/"]}]},{"@type":"BreadcrumbList","@id":"https:\/\/www.fiscalia.gov.co\/colombia\/noticias\/36-anos-de-carcel-para-autor-material-del-asesinato-del-exdiputado-de-cesar-efrain-ovalle\/#breadcrumb","itemListElement":[{"@type":"ListItem","position":1,"name":"Home","item":"https:\/\/www.fiscalia.gov.co\/colombia\/"},{"@type":"ListItem","position":2,"name":"36 a\u00f1os de c\u00e1rcel para autor material del asesinato del exdiputado de Cesar, Efra\u00edn Ovalle"}]},{"@type":"WebSite","@id":"https:\/\/www.fiscalia.gov.co\/colombia\/#website","url":"https:\/\/www.fiscalia.gov.co\/colombia\/","name":"Fiscal\u00eda General de la Naci\u00f3n","description":"P\u00e1gina oficial de la Fiscal\u00eda General de la Naci\u00f3n \u2013 Colombia. Garantizamos el acceso efectivo a la justicia, la verdad y la reparaci\u00f3n de las v\u00edctimas de los delitos.","publisher":{"@id":"https:\/\/www.fiscalia.gov.co\/colombia\/#organization"},"potentialAction":[{"@type":"SearchAction","target":{"@type":"EntryPoint","urlTemplate":"https:\/\/www.fiscalia.gov.co\/colombia\/?s={search_term_string}"},"query-input":{"@type":"PropertyValueSpecification","valueRequired":true,"valueName":"search_term_string"}}],"inLanguage":"es-CO"},{"@type":"Organization","@id":"https:\/\/www.fiscalia.gov.co\/colombia\/#organization","name":"Fiscal\u00eda General de la Naci\u00f3n","url":"https:\/\/www.fiscalia.gov.co\/colombia\/","logo":{"@type":"ImageObject","inLanguage":"es-CO","@id":"https:\/\/www.fiscalia.gov.co\/colombia\/#\/schema\/logo\/image\/","url":"https:\/\/www.fiscalia.gov.co\/colombia\/wp-content\/uploads\/LogoHorizontal_1.jpg","contentUrl":"https:\/\/www.fiscalia.gov.co\/colombia\/wp-content\/uploads\/LogoHorizontal_1.jpg","width":300,"height":90,"caption":"Fiscal\u00eda General de la Naci\u00f3n"},"image":{"@id":"https:\/\/www.fiscalia.gov.co\/colombia\/#\/schema\/logo\/image\/"},"sameAs":["https:\/\/www.facebook.com\/FiscaliaCol","https:\/\/x.com\/FiscaliaCol","https:\/\/www.instagram.com\/fiscaliacol","https:\/\/www.linkedin.com\/company\/fiscalia-general-de-la-naci-n\/","https:\/\/youtube.com\/@fiscaliageneraldelanacion-4668?si=6nN79nyQICPU5iTh"]},{"@type":"Person","@id":"https:\/\/www.fiscalia.gov.co\/colombia\/#\/schema\/person\/bf28d8ae7f1b287bbe3af484b04f43ea","name":"Direcci\u00f3n de Comunicaciones Fiscal\u00eda General de la Naci\u00f3n","image":{"@type":"ImageObject","inLanguage":"es-CO","@id":"https:\/\/www.fiscalia.gov.co\/colombia\/#\/schema\/person\/image\/","url":"https:\/\/secure.gravatar.com\/avatar\/9d55ae161d32da16dbdd0b380c080a5f?s=96&d=mm&r=g","contentUrl":"https:\/\/secure.gravatar.com\/avatar\/9d55ae161d32da16dbdd0b380c080a5f?s=96&d=mm&r=g","caption":"Direcci\u00f3n de Comunicaciones Fiscal\u00eda General de la Naci\u00f3n"},"url":"https:\/\/www.fiscalia.gov.co\/colombia\/author\/kbonilla\/"}]}},"_links":{"self":[{"href":"https:\/\/www.fiscalia.gov.co\/colombia\/wp-json\/wp\/v2\/posts\/178613","targetHints":{"allow":["GET"]}}],"collection":[{"href":"https:\/\/www.fiscalia.gov.co\/colombia\/wp-json\/wp\/v2\/posts"}],"about":[{"href":"https:\/\/www.fiscalia.gov.co\/colombia\/wp-json\/wp\/v2\/types\/post"}],"author":[{"embeddable":true,"href":"https:\/\/www.fiscalia.gov.co\/colombia\/wp-json\/wp\/v2\/users\/162"}],"replies":[{"embeddable":true,"href":"https:\/\/www.fiscalia.gov.co\/colombia\/wp-json\/wp\/v2\/comments?post=178613"}],"version-history":[{"count":1,"href":"https:\/\/www.fiscalia.gov.co\/colombia\/wp-json\/wp\/v2\/posts\/178613\/revisions"}],"predecessor-version":[{"id":178614,"href":"https:\/\/www.fiscalia.gov.co\/colombia\/wp-json\/wp\/v2\/posts\/178613\/revisions\/178614"}],"wp:attachment":[{"href":"https:\/\/www.fiscalia.gov.co\/colombia\/wp-json\/wp\/v2\/media?parent=178613"}],"wp:term":[{"taxonomy":"category","embeddable":true,"href":"https:\/\/www.fiscalia.gov.co\/colombia\/wp-json\/wp\/v2\/categories?post=178613"},{"taxonomy":"post_tag","embeddable":true,"href":"https:\/\/www.fiscalia.gov.co\/colombia\/wp-json\/wp\/v2\/tags?post=178613"}],"curies":[{"name":"wp","href":"https:\/\/api.w.org\/{rel}","templated":true}]}}