{"id":178243,"date":"2019-04-12T10:11:52","date_gmt":"2019-04-12T15:11:52","guid":{"rendered":"https:\/\/www.fiscalia.gov.co\/colombia\/?p=178243"},"modified":"2019-04-12T10:11:52","modified_gmt":"2019-04-12T15:11:52","slug":"dueno-de-cinema-seria-el-mayor-proxeneta-de-infantes-y-adolescentes-en-guaduas","status":"publish","type":"post","link":"https:\/\/www.fiscalia.gov.co\/colombia\/derechos-humanos\/dueno-de-cinema-seria-el-mayor-proxeneta-de-infantes-y-adolescentes-en-guaduas\/","title":{"rendered":"Due\u00f1o de cinema ser\u00eda el mayor proxeneta de infantes y adolescentes en Guaduas"},"content":{"rendered":"<blockquote class=\"td_quote_box td_box_center\">\n<h4><strong>La Fiscal\u00eda General de la Naci\u00f3n y la Polic\u00eda Nacional establecieron que el hombre explotaba sexualmente a ni\u00f1as entre 13 y 16 a\u00f1os de edad e instrumentalizaba a un adolescente para que ubicara a las v\u00edctimas. El se\u00f1alado proxeneta y otras cinco personas investigadas por delitos sexuales contra menores de edad fueron capturados en Guaduas (Cundinamarca).<\/strong><\/h4>\n<\/blockquote>\n<p>La labores investigativas realizada por la Fiscal\u00eda General de la Naci\u00f3n y la Polic\u00eda Nacional, a trav\u00e9s de sus grupos de infancia y adolescencia en Cundinamarca, permitieron identificar un establecimiento en Guaduas (Cundinamarca) que funcionaba como centro de proyecci\u00f3n y venta de pel\u00edculas, pero en realidad ser\u00eda la fachada comercial de un se\u00f1alado proxeneta.<\/p>\n<p>Jos\u00e9 Luis Herrera Osorio, due\u00f1o del cinema municipal, estar\u00eda involucrado en varios casos de explotaci\u00f3n sexual comercial de ni\u00f1as entre 13 y 16 a\u00f1os de edad, en los que las v\u00edctimas fueron sometidas a distintos vej\u00e1menes a cambio de dinero y otras prebendas.<\/p>\n<p>De acuerdo con el material probatorio, Herrera Osorio instrumentalizaba a un adolescente de 14 a\u00f1os de edad y le ped\u00eda que cooptara menores de edad para sus prop\u00f3sitos criminales. Al parecer, el menor identificaba en el colegio a las compa\u00f1eras con dificultades econ\u00f3micas, las convenc\u00eda de ir hasta el cinema y aceptar cualquier pretensi\u00f3n sexual.<\/p>\n<p>Los testimonios de algunas v\u00edctimas dan cuenta que las ni\u00f1as y adolescentes eran obligadas a ver pel\u00edculas con contenido expl\u00edcito y, posteriormente, inducidas a imitar las escenas sexuales con el due\u00f1o del establecimiento. Cada v\u00edctima, presuntamente, recib\u00eda 50 mil pesos en efectivo o un tel\u00e9fono celular que deb\u00eda estar encendido para atender las llamadas de otros hombres mayores interesados en servicios sexuales.<\/p>\n<p>Controles t\u00e9cnicos a las comunicaciones de Herrera Osorio y su red de supuestos clientes, entrevistas a las v\u00edctimas, reconocimientos fotogr\u00e1ficos, vigilancias y otras t\u00e9cnicas de polic\u00eda judicial pusieron al descubierto las maniobras il\u00edcitas utilizadas para explotar sexualmente de ni\u00f1as y adolescentes en Guaduas (Cundinamarca), e identificar a 20 posibles v\u00edctimas.<\/p>\n<p>En ese trabajo articulado de la Fiscal\u00eda General de la Naci\u00f3n y la Polic\u00eda de Cundinamarca, se evidenci\u00f3 que el joven instrumentalizado para cooptar a las menores de edad, tambi\u00e9n habr\u00eda sido abusado por el due\u00f1o del cinema municipal.<\/p>\n<p><strong><u>Capturas <\/u><\/strong><\/p>\n<p>Por los hechos conocidos, Jos\u00e9 Luis Herrera Osorio fue capturado por investigadores del CTI de la Fiscal\u00eda e investigadores de Infancia y Adolescencia de la Polic\u00eda de Cundinamarca en Guaduas (Cundinamarca). En las audiencias ante un juez de control de garant\u00edas fue imputado por los delitos de:<\/p>\n<ul>\n<li>Demanda de explotaci\u00f3n sexual comercial de persona menor de 18 a\u00f1os de edad<\/li>\n<li>Acceso carnal abusivo con menor de 14 a\u00f1os.<\/li>\n<li>Uso de menores de edad en la comisi\u00f3n de delitos.<\/li>\n<\/ul>\n<p>Por solicitud de la Fiscal\u00eda, el juez de control de garant\u00edas impuso a Herrera Osorio medida de aseguramiento en centro carcelario.<\/p>\n<p>De otra parte, el joven se\u00f1alado de contactar y convencer a las menores de edad del municipio fue aprehendido, procesado conforme al C\u00f3digo de Infancia y Adolescencia, y recibi\u00f3 medida de internamiento que deber\u00e1 cumplir en un centro de reclusi\u00f3n para adolescentes.<\/p>\n<p><strong><u>Otros casos<\/u><\/strong><\/p>\n<p>En el transcurso de la semana, la Fiscal\u00eda y la Polic\u00eda Nacional capturaron a otros cinco hombres vinculados a investigaciones por\u00a0 delitos sexuales contra ni\u00f1as entre 7 y 14 a\u00f1os de edad, en el corredor tur\u00edstico de Bogot\u00e1 a Guaduas (Cundinamarca).<\/p>\n<p>Uno de los detenidos habr\u00eda arrendado una habitaci\u00f3n en una casa de familia y, al parecer, se aprovech\u00f3 de la confianza de los propietarios del inmueble y abus\u00f3 de una de sus hijas de 12 a\u00f1os de edad.<\/p>\n<p>Otros casos est\u00e1n relacionados con hombres que, supuestamente, agredieron sexualmente a las hijas de sus compa\u00f1eras sentimentales. Una de las v\u00edctimas habr\u00eda resultado embarazada producto de los continuos abusos. Las capturas de estas personas fueron legalizadas y les fueron imputados delitos como: explotaci\u00f3n sexual comercial,\u00a0 acceso carnal abusivo con menor de 14 a\u00f1os, inducci\u00f3n a la prostituci\u00f3n y uso de menores de edad para la comisi\u00f3n de delitos. Todos agravados por darse con darse con menores de edad.<\/p>\n<p>Los otros procesados son:<\/p>\n<ul>\n<li>Fredy Alexander Hern\u00e1ndez G\u00e1mez<\/li>\n<li>Jon Francisco Ruiz Vanegas<\/li>\n<li>Leonardo Casta\u00f1eda Cala<\/li>\n<li>Jeferson Camilo Ar\u00e9valo Bustos<\/li>\n<\/ul>\n<p>&nbsp;<\/p>\n<p>&nbsp;<\/p>\n\n<div class=\"twitter-share\"><a href=\"https:\/\/twitter.com\/intent\/tweet?via=fiscaliacol\" class=\"twitter-share-button\">Tweet<\/a><\/div>\n","protected":false},"excerpt":{"rendered":"<p>La Fiscal\u00eda General de la Naci\u00f3n y la Polic\u00eda Nacional establecieron que el hombre explotaba sexualmente a ni\u00f1as entre 13 y 16 a\u00f1os de edad e instrumentalizaba a un adolescente [&hellip;]<\/p>\n","protected":false},"author":162,"featured_media":0,"comment_status":"closed","ping_status":"open","sticky":false,"template":"","format":"standard","meta":{"tdm_status":"","tdm_grid_status":"","footnotes":""},"categories":[24102,24127],"tags":[],"class_list":["post-178243","post","type-post","status-publish","format-standard","category-derechos-humanos","category-violencia-sexual-e-intrafamiliar"],"yoast_head":"<!-- This site is optimized with the Yoast SEO plugin v24.3 - https:\/\/yoast.com\/wordpress\/plugins\/seo\/ -->\n<title>Fiscal\u00eda General de la Naci\u00f3n<\/title>\n<meta name=\"description\" content=\"P\u00e1gina oficial de la Fiscal\u00eda General de la Naci\u00f3n \u2013 Colombia. Garantizamos el acceso efectivo a la justicia, la verdad y la reparaci\u00f3n de las v\u00edctimas de los delitos.\" \/>\n<meta name=\"robots\" content=\"noindex, follow\" \/>\n<meta property=\"og:locale\" content=\"es_ES\" \/>\n<meta property=\"og:type\" content=\"article\" \/>\n<meta property=\"og:title\" content=\"Fiscal\u00eda General de la Naci\u00f3n\" \/>\n<meta property=\"og:description\" content=\"P\u00e1gina oficial de la Fiscal\u00eda General de la Naci\u00f3n \u2013 Colombia. Garantizamos el acceso efectivo a la justicia, la verdad y la reparaci\u00f3n de las v\u00edctimas de los delitos.\" \/>\n<meta property=\"og:url\" content=\"https:\/\/www.fiscalia.gov.co\/colombia\/derechos-humanos\/dueno-de-cinema-seria-el-mayor-proxeneta-de-infantes-y-adolescentes-en-guaduas\/\" \/>\n<meta property=\"og:site_name\" content=\"Fiscal\u00eda General de la Naci\u00f3n\" \/>\n<meta property=\"article:publisher\" content=\"https:\/\/www.facebook.com\/FiscaliaCol\" \/>\n<meta property=\"article:published_time\" content=\"2019-04-12T15:11:52+00:00\" \/>\n<meta name=\"author\" content=\"Direcci\u00f3n de Comunicaciones Fiscal\u00eda General de la Naci\u00f3n\" \/>\n<meta name=\"twitter:card\" content=\"summary_large_image\" \/>\n<meta name=\"twitter:creator\" content=\"@FiscaliaCol\" \/>\n<meta name=\"twitter:site\" content=\"@FiscaliaCol\" \/>\n<meta name=\"twitter:label1\" content=\"Escrito por\" \/>\n\t<meta name=\"twitter:data1\" content=\"Direcci\u00f3n de Comunicaciones Fiscal\u00eda General de la Naci\u00f3n\" \/>\n\t<meta name=\"twitter:label2\" content=\"Tiempo de lectura\" \/>\n\t<meta name=\"twitter:data2\" content=\"4 minutos\" \/>\n<script type=\"application\/ld+json\" class=\"yoast-schema-graph\">{\"@context\":\"https:\/\/schema.org\",\"@graph\":[{\"@type\":\"Article\",\"@id\":\"https:\/\/www.fiscalia.gov.co\/colombia\/derechos-humanos\/dueno-de-cinema-seria-el-mayor-proxeneta-de-infantes-y-adolescentes-en-guaduas\/#article\",\"isPartOf\":{\"@id\":\"https:\/\/www.fiscalia.gov.co\/colombia\/derechos-humanos\/dueno-de-cinema-seria-el-mayor-proxeneta-de-infantes-y-adolescentes-en-guaduas\/\"},\"author\":{\"name\":\"Direcci\u00f3n de Comunicaciones Fiscal\u00eda General de la Naci\u00f3n\",\"@id\":\"https:\/\/www.fiscalia.gov.co\/colombia\/#\/schema\/person\/bf28d8ae7f1b287bbe3af484b04f43ea\"},\"headline\":\"Due\u00f1o de cinema ser\u00eda el mayor proxeneta de infantes y adolescentes en Guaduas\",\"datePublished\":\"2019-04-12T15:11:52+00:00\",\"dateModified\":\"2019-04-12T15:11:52+00:00\",\"mainEntityOfPage\":{\"@id\":\"https:\/\/www.fiscalia.gov.co\/colombia\/derechos-humanos\/dueno-de-cinema-seria-el-mayor-proxeneta-de-infantes-y-adolescentes-en-guaduas\/\"},\"wordCount\":768,\"publisher\":{\"@id\":\"https:\/\/www.fiscalia.gov.co\/colombia\/#organization\"},\"articleSection\":[\"Derechos Humanos\",\"Violencia sexual e intrafamiliar\"],\"inLanguage\":\"es-CO\"},{\"@type\":\"WebPage\",\"@id\":\"https:\/\/www.fiscalia.gov.co\/colombia\/derechos-humanos\/dueno-de-cinema-seria-el-mayor-proxeneta-de-infantes-y-adolescentes-en-guaduas\/\",\"url\":\"https:\/\/www.fiscalia.gov.co\/colombia\/derechos-humanos\/dueno-de-cinema-seria-el-mayor-proxeneta-de-infantes-y-adolescentes-en-guaduas\/\",\"name\":\"Fiscal\u00eda General de la Naci\u00f3n\",\"isPartOf\":{\"@id\":\"https:\/\/www.fiscalia.gov.co\/colombia\/#website\"},\"datePublished\":\"2019-04-12T15:11:52+00:00\",\"dateModified\":\"2019-04-12T15:11:52+00:00\",\"description\":\"P\u00e1gina oficial de la Fiscal\u00eda General de la Naci\u00f3n \u2013 Colombia. Garantizamos el acceso efectivo a la justicia, la verdad y la reparaci\u00f3n de las v\u00edctimas de los delitos.\",\"breadcrumb\":{\"@id\":\"https:\/\/www.fiscalia.gov.co\/colombia\/derechos-humanos\/dueno-de-cinema-seria-el-mayor-proxeneta-de-infantes-y-adolescentes-en-guaduas\/#breadcrumb\"},\"inLanguage\":\"es-CO\",\"potentialAction\":[{\"@type\":\"ReadAction\",\"target\":[\"https:\/\/www.fiscalia.gov.co\/colombia\/derechos-humanos\/dueno-de-cinema-seria-el-mayor-proxeneta-de-infantes-y-adolescentes-en-guaduas\/\"]}]},{\"@type\":\"BreadcrumbList\",\"@id\":\"https:\/\/www.fiscalia.gov.co\/colombia\/derechos-humanos\/dueno-de-cinema-seria-el-mayor-proxeneta-de-infantes-y-adolescentes-en-guaduas\/#breadcrumb\",\"itemListElement\":[{\"@type\":\"ListItem\",\"position\":1,\"name\":\"Home\",\"item\":\"https:\/\/www.fiscalia.gov.co\/colombia\/\"},{\"@type\":\"ListItem\",\"position\":2,\"name\":\"Due\u00f1o de cinema ser\u00eda el mayor proxeneta de infantes y adolescentes en Guaduas\"}]},{\"@type\":\"WebSite\",\"@id\":\"https:\/\/www.fiscalia.gov.co\/colombia\/#website\",\"url\":\"https:\/\/www.fiscalia.gov.co\/colombia\/\",\"name\":\"Fiscal\u00eda General de la Naci\u00f3n\",\"description\":\"P\u00e1gina oficial de la Fiscal\u00eda General de la Naci\u00f3n \u2013 Colombia. Garantizamos el acceso efectivo a la justicia, la verdad y la reparaci\u00f3n de las v\u00edctimas de los delitos.\",\"publisher\":{\"@id\":\"https:\/\/www.fiscalia.gov.co\/colombia\/#organization\"},\"potentialAction\":[{\"@type\":\"SearchAction\",\"target\":{\"@type\":\"EntryPoint\",\"urlTemplate\":\"https:\/\/www.fiscalia.gov.co\/colombia\/?s={search_term_string}\"},\"query-input\":{\"@type\":\"PropertyValueSpecification\",\"valueRequired\":true,\"valueName\":\"search_term_string\"}}],\"inLanguage\":\"es-CO\"},{\"@type\":\"Organization\",\"@id\":\"https:\/\/www.fiscalia.gov.co\/colombia\/#organization\",\"name\":\"Fiscal\u00eda General de la Naci\u00f3n\",\"url\":\"https:\/\/www.fiscalia.gov.co\/colombia\/\",\"logo\":{\"@type\":\"ImageObject\",\"inLanguage\":\"es-CO\",\"@id\":\"https:\/\/www.fiscalia.gov.co\/colombia\/#\/schema\/logo\/image\/\",\"url\":\"https:\/\/www.fiscalia.gov.co\/colombia\/wp-content\/uploads\/LogoHorizontal_1.jpg\",\"contentUrl\":\"https:\/\/www.fiscalia.gov.co\/colombia\/wp-content\/uploads\/LogoHorizontal_1.jpg\",\"width\":300,\"height\":90,\"caption\":\"Fiscal\u00eda General de la Naci\u00f3n\"},\"image\":{\"@id\":\"https:\/\/www.fiscalia.gov.co\/colombia\/#\/schema\/logo\/image\/\"},\"sameAs\":[\"https:\/\/www.facebook.com\/FiscaliaCol\",\"https:\/\/x.com\/FiscaliaCol\",\"https:\/\/www.instagram.com\/fiscaliacol\",\"https:\/\/www.linkedin.com\/company\/fiscalia-general-de-la-naci-n\/\",\"https:\/\/youtube.com\/@fiscaliageneraldelanacion-4668?si=6nN79nyQICPU5iTh\"]},{\"@type\":\"Person\",\"@id\":\"https:\/\/www.fiscalia.gov.co\/colombia\/#\/schema\/person\/bf28d8ae7f1b287bbe3af484b04f43ea\",\"name\":\"Direcci\u00f3n de Comunicaciones Fiscal\u00eda General de la Naci\u00f3n\",\"image\":{\"@type\":\"ImageObject\",\"inLanguage\":\"es-CO\",\"@id\":\"https:\/\/www.fiscalia.gov.co\/colombia\/#\/schema\/person\/image\/\",\"url\":\"https:\/\/secure.gravatar.com\/avatar\/9d55ae161d32da16dbdd0b380c080a5f?s=96&d=mm&r=g\",\"contentUrl\":\"https:\/\/secure.gravatar.com\/avatar\/9d55ae161d32da16dbdd0b380c080a5f?s=96&d=mm&r=g\",\"caption\":\"Direcci\u00f3n de Comunicaciones Fiscal\u00eda General de la Naci\u00f3n\"},\"url\":\"https:\/\/www.fiscalia.gov.co\/colombia\/author\/kbonilla\/\"}]}<\/script>\n<!-- \/ Yoast SEO plugin. -->","yoast_head_json":{"title":"Fiscal\u00eda General de la Naci\u00f3n","description":"P\u00e1gina oficial de la Fiscal\u00eda General de la Naci\u00f3n \u2013 Colombia. Garantizamos el acceso efectivo a la justicia, la verdad y la reparaci\u00f3n de las v\u00edctimas de los delitos.","robots":{"index":"noindex","follow":"follow"},"og_locale":"es_ES","og_type":"article","og_title":"Fiscal\u00eda General de la Naci\u00f3n","og_description":"P\u00e1gina oficial de la Fiscal\u00eda General de la Naci\u00f3n \u2013 Colombia. Garantizamos el acceso efectivo a la justicia, la verdad y la reparaci\u00f3n de las v\u00edctimas de los delitos.","og_url":"https:\/\/www.fiscalia.gov.co\/colombia\/derechos-humanos\/dueno-de-cinema-seria-el-mayor-proxeneta-de-infantes-y-adolescentes-en-guaduas\/","og_site_name":"Fiscal\u00eda General de la Naci\u00f3n","article_publisher":"https:\/\/www.facebook.com\/FiscaliaCol","article_published_time":"2019-04-12T15:11:52+00:00","author":"Direcci\u00f3n de Comunicaciones Fiscal\u00eda General de la Naci\u00f3n","twitter_card":"summary_large_image","twitter_creator":"@FiscaliaCol","twitter_site":"@FiscaliaCol","twitter_misc":{"Escrito por":"Direcci\u00f3n de Comunicaciones Fiscal\u00eda General de la Naci\u00f3n","Tiempo de lectura":"4 minutos"},"schema":{"@context":"https:\/\/schema.org","@graph":[{"@type":"Article","@id":"https:\/\/www.fiscalia.gov.co\/colombia\/derechos-humanos\/dueno-de-cinema-seria-el-mayor-proxeneta-de-infantes-y-adolescentes-en-guaduas\/#article","isPartOf":{"@id":"https:\/\/www.fiscalia.gov.co\/colombia\/derechos-humanos\/dueno-de-cinema-seria-el-mayor-proxeneta-de-infantes-y-adolescentes-en-guaduas\/"},"author":{"name":"Direcci\u00f3n de Comunicaciones Fiscal\u00eda General de la Naci\u00f3n","@id":"https:\/\/www.fiscalia.gov.co\/colombia\/#\/schema\/person\/bf28d8ae7f1b287bbe3af484b04f43ea"},"headline":"Due\u00f1o de cinema ser\u00eda el mayor proxeneta de infantes y adolescentes en Guaduas","datePublished":"2019-04-12T15:11:52+00:00","dateModified":"2019-04-12T15:11:52+00:00","mainEntityOfPage":{"@id":"https:\/\/www.fiscalia.gov.co\/colombia\/derechos-humanos\/dueno-de-cinema-seria-el-mayor-proxeneta-de-infantes-y-adolescentes-en-guaduas\/"},"wordCount":768,"publisher":{"@id":"https:\/\/www.fiscalia.gov.co\/colombia\/#organization"},"articleSection":["Derechos Humanos","Violencia sexual e intrafamiliar"],"inLanguage":"es-CO"},{"@type":"WebPage","@id":"https:\/\/www.fiscalia.gov.co\/colombia\/derechos-humanos\/dueno-de-cinema-seria-el-mayor-proxeneta-de-infantes-y-adolescentes-en-guaduas\/","url":"https:\/\/www.fiscalia.gov.co\/colombia\/derechos-humanos\/dueno-de-cinema-seria-el-mayor-proxeneta-de-infantes-y-adolescentes-en-guaduas\/","name":"Fiscal\u00eda General de la Naci\u00f3n","isPartOf":{"@id":"https:\/\/www.fiscalia.gov.co\/colombia\/#website"},"datePublished":"2019-04-12T15:11:52+00:00","dateModified":"2019-04-12T15:11:52+00:00","description":"P\u00e1gina oficial de la Fiscal\u00eda General de la Naci\u00f3n \u2013 Colombia. Garantizamos el acceso efectivo a la justicia, la verdad y la reparaci\u00f3n de las v\u00edctimas de los delitos.","breadcrumb":{"@id":"https:\/\/www.fiscalia.gov.co\/colombia\/derechos-humanos\/dueno-de-cinema-seria-el-mayor-proxeneta-de-infantes-y-adolescentes-en-guaduas\/#breadcrumb"},"inLanguage":"es-CO","potentialAction":[{"@type":"ReadAction","target":["https:\/\/www.fiscalia.gov.co\/colombia\/derechos-humanos\/dueno-de-cinema-seria-el-mayor-proxeneta-de-infantes-y-adolescentes-en-guaduas\/"]}]},{"@type":"BreadcrumbList","@id":"https:\/\/www.fiscalia.gov.co\/colombia\/derechos-humanos\/dueno-de-cinema-seria-el-mayor-proxeneta-de-infantes-y-adolescentes-en-guaduas\/#breadcrumb","itemListElement":[{"@type":"ListItem","position":1,"name":"Home","item":"https:\/\/www.fiscalia.gov.co\/colombia\/"},{"@type":"ListItem","position":2,"name":"Due\u00f1o de cinema ser\u00eda el mayor proxeneta de infantes y adolescentes en Guaduas"}]},{"@type":"WebSite","@id":"https:\/\/www.fiscalia.gov.co\/colombia\/#website","url":"https:\/\/www.fiscalia.gov.co\/colombia\/","name":"Fiscal\u00eda General de la Naci\u00f3n","description":"P\u00e1gina oficial de la Fiscal\u00eda General de la Naci\u00f3n \u2013 Colombia. Garantizamos el acceso efectivo a la justicia, la verdad y la reparaci\u00f3n de las v\u00edctimas de los delitos.","publisher":{"@id":"https:\/\/www.fiscalia.gov.co\/colombia\/#organization"},"potentialAction":[{"@type":"SearchAction","target":{"@type":"EntryPoint","urlTemplate":"https:\/\/www.fiscalia.gov.co\/colombia\/?s={search_term_string}"},"query-input":{"@type":"PropertyValueSpecification","valueRequired":true,"valueName":"search_term_string"}}],"inLanguage":"es-CO"},{"@type":"Organization","@id":"https:\/\/www.fiscalia.gov.co\/colombia\/#organization","name":"Fiscal\u00eda General de la Naci\u00f3n","url":"https:\/\/www.fiscalia.gov.co\/colombia\/","logo":{"@type":"ImageObject","inLanguage":"es-CO","@id":"https:\/\/www.fiscalia.gov.co\/colombia\/#\/schema\/logo\/image\/","url":"https:\/\/www.fiscalia.gov.co\/colombia\/wp-content\/uploads\/LogoHorizontal_1.jpg","contentUrl":"https:\/\/www.fiscalia.gov.co\/colombia\/wp-content\/uploads\/LogoHorizontal_1.jpg","width":300,"height":90,"caption":"Fiscal\u00eda General de la Naci\u00f3n"},"image":{"@id":"https:\/\/www.fiscalia.gov.co\/colombia\/#\/schema\/logo\/image\/"},"sameAs":["https:\/\/www.facebook.com\/FiscaliaCol","https:\/\/x.com\/FiscaliaCol","https:\/\/www.instagram.com\/fiscaliacol","https:\/\/www.linkedin.com\/company\/fiscalia-general-de-la-naci-n\/","https:\/\/youtube.com\/@fiscaliageneraldelanacion-4668?si=6nN79nyQICPU5iTh"]},{"@type":"Person","@id":"https:\/\/www.fiscalia.gov.co\/colombia\/#\/schema\/person\/bf28d8ae7f1b287bbe3af484b04f43ea","name":"Direcci\u00f3n de Comunicaciones Fiscal\u00eda General de la Naci\u00f3n","image":{"@type":"ImageObject","inLanguage":"es-CO","@id":"https:\/\/www.fiscalia.gov.co\/colombia\/#\/schema\/person\/image\/","url":"https:\/\/secure.gravatar.com\/avatar\/9d55ae161d32da16dbdd0b380c080a5f?s=96&d=mm&r=g","contentUrl":"https:\/\/secure.gravatar.com\/avatar\/9d55ae161d32da16dbdd0b380c080a5f?s=96&d=mm&r=g","caption":"Direcci\u00f3n de Comunicaciones Fiscal\u00eda General de la Naci\u00f3n"},"url":"https:\/\/www.fiscalia.gov.co\/colombia\/author\/kbonilla\/"}]}},"_links":{"self":[{"href":"https:\/\/www.fiscalia.gov.co\/colombia\/wp-json\/wp\/v2\/posts\/178243","targetHints":{"allow":["GET"]}}],"collection":[{"href":"https:\/\/www.fiscalia.gov.co\/colombia\/wp-json\/wp\/v2\/posts"}],"about":[{"href":"https:\/\/www.fiscalia.gov.co\/colombia\/wp-json\/wp\/v2\/types\/post"}],"author":[{"embeddable":true,"href":"https:\/\/www.fiscalia.gov.co\/colombia\/wp-json\/wp\/v2\/users\/162"}],"replies":[{"embeddable":true,"href":"https:\/\/www.fiscalia.gov.co\/colombia\/wp-json\/wp\/v2\/comments?post=178243"}],"version-history":[{"count":1,"href":"https:\/\/www.fiscalia.gov.co\/colombia\/wp-json\/wp\/v2\/posts\/178243\/revisions"}],"predecessor-version":[{"id":178244,"href":"https:\/\/www.fiscalia.gov.co\/colombia\/wp-json\/wp\/v2\/posts\/178243\/revisions\/178244"}],"wp:attachment":[{"href":"https:\/\/www.fiscalia.gov.co\/colombia\/wp-json\/wp\/v2\/media?parent=178243"}],"wp:term":[{"taxonomy":"category","embeddable":true,"href":"https:\/\/www.fiscalia.gov.co\/colombia\/wp-json\/wp\/v2\/categories?post=178243"},{"taxonomy":"post_tag","embeddable":true,"href":"https:\/\/www.fiscalia.gov.co\/colombia\/wp-json\/wp\/v2\/tags?post=178243"}],"curies":[{"name":"wp","href":"https:\/\/api.w.org\/{rel}","templated":true}]}}