{"id":177936,"date":"2019-04-04T17:58:00","date_gmt":"2019-04-04T22:58:00","guid":{"rendered":"https:\/\/www.fiscalia.gov.co\/colombia\/?p=177936"},"modified":"2019-04-04T17:58:00","modified_gmt":"2019-04-04T22:58:00","slug":"a-21-anos-de-prision-fue-condenada-juez-2-civil-del-circuito-de-buga-por-irregularidades-en-el-proceso-de-expropiacion-del-parador-rojo","status":"publish","type":"post","link":"https:\/\/www.fiscalia.gov.co\/colombia\/seccionales\/a-21-anos-de-prision-fue-condenada-juez-2-civil-del-circuito-de-buga-por-irregularidades-en-el-proceso-de-expropiacion-del-parador-rojo\/","title":{"rendered":"A 21 a\u00f1os de prisi\u00f3n fue condenada Juez 2 Civil del Circuito de Buga por irregularidades en el proceso de expropiaci\u00f3n del Parador Rojo"},"content":{"rendered":"<p>El material probatorio recaudado por la <strong>Fiscal\u00eda General de la Naci\u00f3n<\/strong> le permiti\u00f3 al <strong>Tribunal Superior de Guadalajara de Buga<\/strong> (Valle del Cauca) <strong>condenar a 21 a\u00f1os<\/strong> de prisi\u00f3n (252 meses) a la Juez Segunda Civil del Circuito, <strong>Norella Acosta Tenorio<\/strong>. La funcionaria fue hallada responsable de calidad de autora de las <strong>irregularidades<\/strong> en el proceso de expropiaci\u00f3n del <strong>complejo tur\u00edstico Parador Rojo<\/strong>, en Norte del Valle del Cauca.<\/p>\n<p>La Fiscal\u00eda demostr\u00f3 que la hoy sentenciada incidi\u00f3 al momento de hacer el aval\u00fao de dicho predio causando un <strong>detrimento patrimonial al Estado<\/strong>; en este caso, al Instituto Nacional de Concesiones (<strong>Inco<\/strong>) ahora Agencia Nacional de Infraestructura.<\/p>\n<p>Durante la investigaci\u00f3n adelantada por la Fiscal\u00eda se pudo establecer que la servidora p\u00fablica hab\u00eda recibido <strong>dos coimas de 30.000.000 de pesos, cada una<\/strong>, con el fin de cubrir unos gastos dentro del proceso de expropiaci\u00f3n que adelantaba el Inco. De la misma manera, se estableci\u00f3 que negoci\u00f3 la entrega del <strong>15% del total del aval\u00fao<\/strong> que se llegare a acoger como definitivo.<\/p>\n<p>Asimismo, se estableci\u00f3 que Acosta Tenorio manten\u00eda permanente contacto con uno de los propietarios del bien inmueble a quien le informaba, no s\u00f3lo de las actuaciones y decisiones que se adoptaban en el proceso, sino tambi\u00e9n de todas las contingencias sucedidas y la forma de proyectar estrategias tendientes al logro de su objetivo, que no era otro que acoger, como definitivo, un aval\u00fao ilegal que contemplaba como valor indemnizatorio una suma que ascend\u00eda a los <strong>16 mil millones de pesos<\/strong>.<\/p>\n<p>Investigadores del CTI de Buga (Valle del Cauca) capturaron en octubre de 2016, por orden del <strong>Juzgado 39 Penal del Circuito<\/strong> con Funci\u00f3n de Conocimiento de Bogot\u00e1, a la mujer quien fue cobijada con medida de aseguramiento en segunda instancia.<\/p>\n<p>Los delitos por los cuales deber\u00e1 purgar prisi\u00f3n, as\u00ed como pagar <strong>una multa de 1.012<\/strong> <strong>salarios m\u00ednimos<\/strong> legales mensuales vigentes son: cohecho propio y prevaricato por acci\u00f3n.<\/p>\n<p>El juzgador determin\u00f3 que Norella Acosta Tenorio qued\u00f3 <strong>inhabilitada por 20 a\u00f1os para ejercer sus derechos y funciones p\u00fablicas<\/strong>. Se le neg\u00f3, tambi\u00e9n, cualquier tipo de beneficio.<\/p>\n<p>La Fiscal\u00eda General publica esta informaci\u00f3n por razones de inter\u00e9s general.<strong>\u00a0<\/strong><\/p>\n<p>&nbsp;<\/p>\n<p>MAP\/MAGA<\/p>\n\n<div class=\"twitter-share\"><a href=\"https:\/\/twitter.com\/intent\/tweet?via=fiscaliacol\" class=\"twitter-share-button\">Tweet<\/a><\/div>\n","protected":false},"excerpt":{"rendered":"<p>El material probatorio recaudado por la Fiscal\u00eda General de la Naci\u00f3n le permiti\u00f3 al Tribunal Superior de Guadalajara de Buga (Valle del Cauca) condenar a 21 a\u00f1os de prisi\u00f3n (252 [&hellip;]<\/p>\n","protected":false},"author":162,"featured_media":0,"comment_status":"closed","ping_status":"open","sticky":false,"template":"","format":"standard","meta":{"tdm_status":"","tdm_grid_status":"","footnotes":""},"categories":[24107,324,303],"tags":[],"class_list":["post-177936","post","type-post","status-publish","format-standard","category-lucha-contra-corrupcion","category-seccional-cali","category-seccionales"],"yoast_head":"<!-- This site is optimized with the Yoast SEO plugin v24.3 - https:\/\/yoast.com\/wordpress\/plugins\/seo\/ -->\n<title>Fiscal\u00eda General de la Naci\u00f3n<\/title>\n<meta name=\"description\" content=\"P\u00e1gina oficial de la Fiscal\u00eda General de la Naci\u00f3n \u2013 Colombia. Garantizamos el acceso efectivo a la justicia, la verdad y la reparaci\u00f3n de las v\u00edctimas de los delitos.\" \/>\n<meta name=\"robots\" content=\"noindex, follow\" \/>\n<meta property=\"og:locale\" content=\"es_ES\" \/>\n<meta property=\"og:type\" content=\"article\" \/>\n<meta property=\"og:title\" content=\"Fiscal\u00eda General de la Naci\u00f3n\" \/>\n<meta property=\"og:description\" content=\"P\u00e1gina oficial de la Fiscal\u00eda General de la Naci\u00f3n \u2013 Colombia. Garantizamos el acceso efectivo a la justicia, la verdad y la reparaci\u00f3n de las v\u00edctimas de los delitos.\" \/>\n<meta property=\"og:url\" content=\"https:\/\/www.fiscalia.gov.co\/colombia\/seccionales\/a-21-anos-de-prision-fue-condenada-juez-2-civil-del-circuito-de-buga-por-irregularidades-en-el-proceso-de-expropiacion-del-parador-rojo\/\" \/>\n<meta property=\"og:site_name\" content=\"Fiscal\u00eda General de la Naci\u00f3n\" \/>\n<meta property=\"article:publisher\" content=\"https:\/\/www.facebook.com\/FiscaliaCol\" \/>\n<meta property=\"article:published_time\" content=\"2019-04-04T22:58:00+00:00\" \/>\n<meta name=\"author\" content=\"Direcci\u00f3n de Comunicaciones Fiscal\u00eda General de la Naci\u00f3n\" \/>\n<meta name=\"twitter:card\" content=\"summary_large_image\" \/>\n<meta name=\"twitter:creator\" content=\"@FiscaliaCol\" \/>\n<meta name=\"twitter:site\" content=\"@FiscaliaCol\" \/>\n<meta name=\"twitter:label1\" content=\"Escrito por\" \/>\n\t<meta name=\"twitter:data1\" content=\"Direcci\u00f3n de Comunicaciones Fiscal\u00eda General de la Naci\u00f3n\" \/>\n\t<meta name=\"twitter:label2\" content=\"Tiempo de lectura\" \/>\n\t<meta name=\"twitter:data2\" content=\"2 minutos\" \/>\n<script type=\"application\/ld+json\" class=\"yoast-schema-graph\">{\"@context\":\"https:\/\/schema.org\",\"@graph\":[{\"@type\":\"Article\",\"@id\":\"https:\/\/www.fiscalia.gov.co\/colombia\/seccionales\/a-21-anos-de-prision-fue-condenada-juez-2-civil-del-circuito-de-buga-por-irregularidades-en-el-proceso-de-expropiacion-del-parador-rojo\/#article\",\"isPartOf\":{\"@id\":\"https:\/\/www.fiscalia.gov.co\/colombia\/seccionales\/a-21-anos-de-prision-fue-condenada-juez-2-civil-del-circuito-de-buga-por-irregularidades-en-el-proceso-de-expropiacion-del-parador-rojo\/\"},\"author\":{\"name\":\"Direcci\u00f3n de Comunicaciones Fiscal\u00eda General de la Naci\u00f3n\",\"@id\":\"https:\/\/www.fiscalia.gov.co\/colombia\/#\/schema\/person\/bf28d8ae7f1b287bbe3af484b04f43ea\"},\"headline\":\"A 21 a\u00f1os de prisi\u00f3n fue condenada Juez 2 Civil del Circuito de Buga por irregularidades en el proceso de expropiaci\u00f3n del Parador Rojo\",\"datePublished\":\"2019-04-04T22:58:00+00:00\",\"dateModified\":\"2019-04-04T22:58:00+00:00\",\"mainEntityOfPage\":{\"@id\":\"https:\/\/www.fiscalia.gov.co\/colombia\/seccionales\/a-21-anos-de-prision-fue-condenada-juez-2-civil-del-circuito-de-buga-por-irregularidades-en-el-proceso-de-expropiacion-del-parador-rojo\/\"},\"wordCount\":402,\"publisher\":{\"@id\":\"https:\/\/www.fiscalia.gov.co\/colombia\/#organization\"},\"articleSection\":[\"Corrupci\u00f3n\",\"Seccional Cali\",\"Seccionales\"],\"inLanguage\":\"es-CO\"},{\"@type\":\"WebPage\",\"@id\":\"https:\/\/www.fiscalia.gov.co\/colombia\/seccionales\/a-21-anos-de-prision-fue-condenada-juez-2-civil-del-circuito-de-buga-por-irregularidades-en-el-proceso-de-expropiacion-del-parador-rojo\/\",\"url\":\"https:\/\/www.fiscalia.gov.co\/colombia\/seccionales\/a-21-anos-de-prision-fue-condenada-juez-2-civil-del-circuito-de-buga-por-irregularidades-en-el-proceso-de-expropiacion-del-parador-rojo\/\",\"name\":\"Fiscal\u00eda General de la Naci\u00f3n\",\"isPartOf\":{\"@id\":\"https:\/\/www.fiscalia.gov.co\/colombia\/#website\"},\"datePublished\":\"2019-04-04T22:58:00+00:00\",\"dateModified\":\"2019-04-04T22:58:00+00:00\",\"description\":\"P\u00e1gina oficial de la Fiscal\u00eda General de la Naci\u00f3n \u2013 Colombia. Garantizamos el acceso efectivo a la justicia, la verdad y la reparaci\u00f3n de las v\u00edctimas de los delitos.\",\"breadcrumb\":{\"@id\":\"https:\/\/www.fiscalia.gov.co\/colombia\/seccionales\/a-21-anos-de-prision-fue-condenada-juez-2-civil-del-circuito-de-buga-por-irregularidades-en-el-proceso-de-expropiacion-del-parador-rojo\/#breadcrumb\"},\"inLanguage\":\"es-CO\",\"potentialAction\":[{\"@type\":\"ReadAction\",\"target\":[\"https:\/\/www.fiscalia.gov.co\/colombia\/seccionales\/a-21-anos-de-prision-fue-condenada-juez-2-civil-del-circuito-de-buga-por-irregularidades-en-el-proceso-de-expropiacion-del-parador-rojo\/\"]}]},{\"@type\":\"BreadcrumbList\",\"@id\":\"https:\/\/www.fiscalia.gov.co\/colombia\/seccionales\/a-21-anos-de-prision-fue-condenada-juez-2-civil-del-circuito-de-buga-por-irregularidades-en-el-proceso-de-expropiacion-del-parador-rojo\/#breadcrumb\",\"itemListElement\":[{\"@type\":\"ListItem\",\"position\":1,\"name\":\"Home\",\"item\":\"https:\/\/www.fiscalia.gov.co\/colombia\/\"},{\"@type\":\"ListItem\",\"position\":2,\"name\":\"A 21 a\u00f1os de prisi\u00f3n fue condenada Juez 2 Civil del Circuito de Buga por irregularidades en el proceso de expropiaci\u00f3n del Parador Rojo\"}]},{\"@type\":\"WebSite\",\"@id\":\"https:\/\/www.fiscalia.gov.co\/colombia\/#website\",\"url\":\"https:\/\/www.fiscalia.gov.co\/colombia\/\",\"name\":\"Fiscal\u00eda General de la Naci\u00f3n\",\"description\":\"P\u00e1gina oficial de la Fiscal\u00eda General de la Naci\u00f3n \u2013 Colombia. Garantizamos el acceso efectivo a la justicia, la verdad y la reparaci\u00f3n de las v\u00edctimas de los delitos.\",\"publisher\":{\"@id\":\"https:\/\/www.fiscalia.gov.co\/colombia\/#organization\"},\"potentialAction\":[{\"@type\":\"SearchAction\",\"target\":{\"@type\":\"EntryPoint\",\"urlTemplate\":\"https:\/\/www.fiscalia.gov.co\/colombia\/?s={search_term_string}\"},\"query-input\":{\"@type\":\"PropertyValueSpecification\",\"valueRequired\":true,\"valueName\":\"search_term_string\"}}],\"inLanguage\":\"es-CO\"},{\"@type\":\"Organization\",\"@id\":\"https:\/\/www.fiscalia.gov.co\/colombia\/#organization\",\"name\":\"Fiscal\u00eda General de la Naci\u00f3n\",\"url\":\"https:\/\/www.fiscalia.gov.co\/colombia\/\",\"logo\":{\"@type\":\"ImageObject\",\"inLanguage\":\"es-CO\",\"@id\":\"https:\/\/www.fiscalia.gov.co\/colombia\/#\/schema\/logo\/image\/\",\"url\":\"https:\/\/www.fiscalia.gov.co\/colombia\/wp-content\/uploads\/LogoHorizontal_1.jpg\",\"contentUrl\":\"https:\/\/www.fiscalia.gov.co\/colombia\/wp-content\/uploads\/LogoHorizontal_1.jpg\",\"width\":300,\"height\":90,\"caption\":\"Fiscal\u00eda General de la Naci\u00f3n\"},\"image\":{\"@id\":\"https:\/\/www.fiscalia.gov.co\/colombia\/#\/schema\/logo\/image\/\"},\"sameAs\":[\"https:\/\/www.facebook.com\/FiscaliaCol\",\"https:\/\/x.com\/FiscaliaCol\",\"https:\/\/www.instagram.com\/fiscaliacol\",\"https:\/\/www.linkedin.com\/company\/fiscalia-general-de-la-naci-n\/\",\"https:\/\/youtube.com\/@fiscaliageneraldelanacion-4668?si=6nN79nyQICPU5iTh\"]},{\"@type\":\"Person\",\"@id\":\"https:\/\/www.fiscalia.gov.co\/colombia\/#\/schema\/person\/bf28d8ae7f1b287bbe3af484b04f43ea\",\"name\":\"Direcci\u00f3n de Comunicaciones Fiscal\u00eda General de la Naci\u00f3n\",\"image\":{\"@type\":\"ImageObject\",\"inLanguage\":\"es-CO\",\"@id\":\"https:\/\/www.fiscalia.gov.co\/colombia\/#\/schema\/person\/image\/\",\"url\":\"https:\/\/secure.gravatar.com\/avatar\/9d55ae161d32da16dbdd0b380c080a5f?s=96&d=mm&r=g\",\"contentUrl\":\"https:\/\/secure.gravatar.com\/avatar\/9d55ae161d32da16dbdd0b380c080a5f?s=96&d=mm&r=g\",\"caption\":\"Direcci\u00f3n de Comunicaciones Fiscal\u00eda General de la Naci\u00f3n\"},\"url\":\"https:\/\/www.fiscalia.gov.co\/colombia\/author\/kbonilla\/\"}]}<\/script>\n<!-- \/ Yoast SEO plugin. -->","yoast_head_json":{"title":"Fiscal\u00eda General de la Naci\u00f3n","description":"P\u00e1gina oficial de la Fiscal\u00eda General de la Naci\u00f3n \u2013 Colombia. Garantizamos el acceso efectivo a la justicia, la verdad y la reparaci\u00f3n de las v\u00edctimas de los delitos.","robots":{"index":"noindex","follow":"follow"},"og_locale":"es_ES","og_type":"article","og_title":"Fiscal\u00eda General de la Naci\u00f3n","og_description":"P\u00e1gina oficial de la Fiscal\u00eda General de la Naci\u00f3n \u2013 Colombia. Garantizamos el acceso efectivo a la justicia, la verdad y la reparaci\u00f3n de las v\u00edctimas de los delitos.","og_url":"https:\/\/www.fiscalia.gov.co\/colombia\/seccionales\/a-21-anos-de-prision-fue-condenada-juez-2-civil-del-circuito-de-buga-por-irregularidades-en-el-proceso-de-expropiacion-del-parador-rojo\/","og_site_name":"Fiscal\u00eda General de la Naci\u00f3n","article_publisher":"https:\/\/www.facebook.com\/FiscaliaCol","article_published_time":"2019-04-04T22:58:00+00:00","author":"Direcci\u00f3n de Comunicaciones Fiscal\u00eda General de la Naci\u00f3n","twitter_card":"summary_large_image","twitter_creator":"@FiscaliaCol","twitter_site":"@FiscaliaCol","twitter_misc":{"Escrito por":"Direcci\u00f3n de Comunicaciones Fiscal\u00eda General de la Naci\u00f3n","Tiempo de lectura":"2 minutos"},"schema":{"@context":"https:\/\/schema.org","@graph":[{"@type":"Article","@id":"https:\/\/www.fiscalia.gov.co\/colombia\/seccionales\/a-21-anos-de-prision-fue-condenada-juez-2-civil-del-circuito-de-buga-por-irregularidades-en-el-proceso-de-expropiacion-del-parador-rojo\/#article","isPartOf":{"@id":"https:\/\/www.fiscalia.gov.co\/colombia\/seccionales\/a-21-anos-de-prision-fue-condenada-juez-2-civil-del-circuito-de-buga-por-irregularidades-en-el-proceso-de-expropiacion-del-parador-rojo\/"},"author":{"name":"Direcci\u00f3n de Comunicaciones Fiscal\u00eda General de la Naci\u00f3n","@id":"https:\/\/www.fiscalia.gov.co\/colombia\/#\/schema\/person\/bf28d8ae7f1b287bbe3af484b04f43ea"},"headline":"A 21 a\u00f1os de prisi\u00f3n fue condenada Juez 2 Civil del Circuito de Buga por irregularidades en el proceso de expropiaci\u00f3n del Parador Rojo","datePublished":"2019-04-04T22:58:00+00:00","dateModified":"2019-04-04T22:58:00+00:00","mainEntityOfPage":{"@id":"https:\/\/www.fiscalia.gov.co\/colombia\/seccionales\/a-21-anos-de-prision-fue-condenada-juez-2-civil-del-circuito-de-buga-por-irregularidades-en-el-proceso-de-expropiacion-del-parador-rojo\/"},"wordCount":402,"publisher":{"@id":"https:\/\/www.fiscalia.gov.co\/colombia\/#organization"},"articleSection":["Corrupci\u00f3n","Seccional Cali","Seccionales"],"inLanguage":"es-CO"},{"@type":"WebPage","@id":"https:\/\/www.fiscalia.gov.co\/colombia\/seccionales\/a-21-anos-de-prision-fue-condenada-juez-2-civil-del-circuito-de-buga-por-irregularidades-en-el-proceso-de-expropiacion-del-parador-rojo\/","url":"https:\/\/www.fiscalia.gov.co\/colombia\/seccionales\/a-21-anos-de-prision-fue-condenada-juez-2-civil-del-circuito-de-buga-por-irregularidades-en-el-proceso-de-expropiacion-del-parador-rojo\/","name":"Fiscal\u00eda General de la Naci\u00f3n","isPartOf":{"@id":"https:\/\/www.fiscalia.gov.co\/colombia\/#website"},"datePublished":"2019-04-04T22:58:00+00:00","dateModified":"2019-04-04T22:58:00+00:00","description":"P\u00e1gina oficial de la Fiscal\u00eda General de la Naci\u00f3n \u2013 Colombia. Garantizamos el acceso efectivo a la justicia, la verdad y la reparaci\u00f3n de las v\u00edctimas de los delitos.","breadcrumb":{"@id":"https:\/\/www.fiscalia.gov.co\/colombia\/seccionales\/a-21-anos-de-prision-fue-condenada-juez-2-civil-del-circuito-de-buga-por-irregularidades-en-el-proceso-de-expropiacion-del-parador-rojo\/#breadcrumb"},"inLanguage":"es-CO","potentialAction":[{"@type":"ReadAction","target":["https:\/\/www.fiscalia.gov.co\/colombia\/seccionales\/a-21-anos-de-prision-fue-condenada-juez-2-civil-del-circuito-de-buga-por-irregularidades-en-el-proceso-de-expropiacion-del-parador-rojo\/"]}]},{"@type":"BreadcrumbList","@id":"https:\/\/www.fiscalia.gov.co\/colombia\/seccionales\/a-21-anos-de-prision-fue-condenada-juez-2-civil-del-circuito-de-buga-por-irregularidades-en-el-proceso-de-expropiacion-del-parador-rojo\/#breadcrumb","itemListElement":[{"@type":"ListItem","position":1,"name":"Home","item":"https:\/\/www.fiscalia.gov.co\/colombia\/"},{"@type":"ListItem","position":2,"name":"A 21 a\u00f1os de prisi\u00f3n fue condenada Juez 2 Civil del Circuito de Buga por irregularidades en el proceso de expropiaci\u00f3n del Parador Rojo"}]},{"@type":"WebSite","@id":"https:\/\/www.fiscalia.gov.co\/colombia\/#website","url":"https:\/\/www.fiscalia.gov.co\/colombia\/","name":"Fiscal\u00eda General de la Naci\u00f3n","description":"P\u00e1gina oficial de la Fiscal\u00eda General de la Naci\u00f3n \u2013 Colombia. Garantizamos el acceso efectivo a la justicia, la verdad y la reparaci\u00f3n de las v\u00edctimas de los delitos.","publisher":{"@id":"https:\/\/www.fiscalia.gov.co\/colombia\/#organization"},"potentialAction":[{"@type":"SearchAction","target":{"@type":"EntryPoint","urlTemplate":"https:\/\/www.fiscalia.gov.co\/colombia\/?s={search_term_string}"},"query-input":{"@type":"PropertyValueSpecification","valueRequired":true,"valueName":"search_term_string"}}],"inLanguage":"es-CO"},{"@type":"Organization","@id":"https:\/\/www.fiscalia.gov.co\/colombia\/#organization","name":"Fiscal\u00eda General de la Naci\u00f3n","url":"https:\/\/www.fiscalia.gov.co\/colombia\/","logo":{"@type":"ImageObject","inLanguage":"es-CO","@id":"https:\/\/www.fiscalia.gov.co\/colombia\/#\/schema\/logo\/image\/","url":"https:\/\/www.fiscalia.gov.co\/colombia\/wp-content\/uploads\/LogoHorizontal_1.jpg","contentUrl":"https:\/\/www.fiscalia.gov.co\/colombia\/wp-content\/uploads\/LogoHorizontal_1.jpg","width":300,"height":90,"caption":"Fiscal\u00eda General de la Naci\u00f3n"},"image":{"@id":"https:\/\/www.fiscalia.gov.co\/colombia\/#\/schema\/logo\/image\/"},"sameAs":["https:\/\/www.facebook.com\/FiscaliaCol","https:\/\/x.com\/FiscaliaCol","https:\/\/www.instagram.com\/fiscaliacol","https:\/\/www.linkedin.com\/company\/fiscalia-general-de-la-naci-n\/","https:\/\/youtube.com\/@fiscaliageneraldelanacion-4668?si=6nN79nyQICPU5iTh"]},{"@type":"Person","@id":"https:\/\/www.fiscalia.gov.co\/colombia\/#\/schema\/person\/bf28d8ae7f1b287bbe3af484b04f43ea","name":"Direcci\u00f3n de Comunicaciones Fiscal\u00eda General de la Naci\u00f3n","image":{"@type":"ImageObject","inLanguage":"es-CO","@id":"https:\/\/www.fiscalia.gov.co\/colombia\/#\/schema\/person\/image\/","url":"https:\/\/secure.gravatar.com\/avatar\/9d55ae161d32da16dbdd0b380c080a5f?s=96&d=mm&r=g","contentUrl":"https:\/\/secure.gravatar.com\/avatar\/9d55ae161d32da16dbdd0b380c080a5f?s=96&d=mm&r=g","caption":"Direcci\u00f3n de Comunicaciones Fiscal\u00eda General de la Naci\u00f3n"},"url":"https:\/\/www.fiscalia.gov.co\/colombia\/author\/kbonilla\/"}]}},"_links":{"self":[{"href":"https:\/\/www.fiscalia.gov.co\/colombia\/wp-json\/wp\/v2\/posts\/177936","targetHints":{"allow":["GET"]}}],"collection":[{"href":"https:\/\/www.fiscalia.gov.co\/colombia\/wp-json\/wp\/v2\/posts"}],"about":[{"href":"https:\/\/www.fiscalia.gov.co\/colombia\/wp-json\/wp\/v2\/types\/post"}],"author":[{"embeddable":true,"href":"https:\/\/www.fiscalia.gov.co\/colombia\/wp-json\/wp\/v2\/users\/162"}],"replies":[{"embeddable":true,"href":"https:\/\/www.fiscalia.gov.co\/colombia\/wp-json\/wp\/v2\/comments?post=177936"}],"version-history":[{"count":1,"href":"https:\/\/www.fiscalia.gov.co\/colombia\/wp-json\/wp\/v2\/posts\/177936\/revisions"}],"predecessor-version":[{"id":177937,"href":"https:\/\/www.fiscalia.gov.co\/colombia\/wp-json\/wp\/v2\/posts\/177936\/revisions\/177937"}],"wp:attachment":[{"href":"https:\/\/www.fiscalia.gov.co\/colombia\/wp-json\/wp\/v2\/media?parent=177936"}],"wp:term":[{"taxonomy":"category","embeddable":true,"href":"https:\/\/www.fiscalia.gov.co\/colombia\/wp-json\/wp\/v2\/categories?post=177936"},{"taxonomy":"post_tag","embeddable":true,"href":"https:\/\/www.fiscalia.gov.co\/colombia\/wp-json\/wp\/v2\/tags?post=177936"}],"curies":[{"name":"wp","href":"https:\/\/api.w.org\/{rel}","templated":true}]}}