{"id":177902,"date":"2019-04-04T12:38:19","date_gmt":"2019-04-04T17:38:19","guid":{"rendered":"https:\/\/www.fiscalia.gov.co\/colombia\/?p=177902"},"modified":"2019-04-04T12:41:14","modified_gmt":"2019-04-04T17:41:14","slug":"es-hora-de-que-en-colombia-el-banco-de-la-republica-retome-el-monopolio-de-la-compra-del-oro-fiscal-general-de-la-nacion","status":"publish","type":"post","link":"https:\/\/www.fiscalia.gov.co\/colombia\/fiscal-general-de-la-nacion\/es-hora-de-que-en-colombia-el-banco-de-la-republica-retome-el-monopolio-de-la-compra-del-oro-fiscal-general-de-la-nacion\/","title":{"rendered":"\u201cEs hora de que en Colombia el Banco de la Rep\u00fablica retome el monopolio de la compra del oro\u201d: Fiscal General de la Naci\u00f3n"},"content":{"rendered":"<p><strong>Leyenda del Dorado &#8211; Fase I<\/strong><\/p>\n<blockquote class=\"td_quote_box td_box_center\">\n<h4><strong>La Fiscal\u00eda General de la Naci\u00f3n descubri\u00f3 un esquema ficticio de supuesta compra, venta y exportaci\u00f3n de toneladas de oro que, mediante la creaci\u00f3n de empresas fachada, transacciones inexistentes con resguardos ind\u00edgenas y con personas fallecidas, habr\u00eda lavado activos por algo m\u00e1s de 1.9 billones de pesos. <\/strong><\/h4>\n<\/blockquote>\n<p>La miner\u00eda ilegal en Colombia se convirti\u00f3 en un fen\u00f3meno criminal desbordado, que<br \/>\nconstituy\u00f3 una econom\u00eda ilegal cuyas rentas superan las del narcotr\u00e1fico.<\/p>\n<p>Esta es la conclusi\u00f3n de la operaci\u00f3n \u2018Leyenda del Dorado \u2013 Fase I\u2019, el esfuerzo de un<br \/>\nequipo de contadores, investigadores y analistas de la Fiscal\u00eda General de la Naci\u00f3n que<br \/>\ndescubri\u00f3 un esquema ficticio para evadir el control del Estado y legalizar en el papel 29<br \/>\ntoneladas de oro entre 2009 y 2014.<\/p>\n<p>La comercializadora CI Metales recurr\u00eda a diversas maniobras para hacerse del oro<br \/>\nextra\u00eddo ilegalmente en diferentes partes del pa\u00eds y ponerlo en el mercado internacional a<br \/>\ncambio de millonarios dividendos, que superaron los 1.9 billones de pesos.<\/p>\n<p><strong>Operaciones ficticias<br \/>\n<\/strong><br \/>\nEn el rastreo de esta cadena criminal, la Fiscal\u00eda estableci\u00f3 que el oro il\u00edcito sal\u00eda de los<br \/>\nyacimientos clandestinos que acaban con los recursos naturales en el bajo Cauca<br \/>\nantioque\u00f1o, sur de C\u00f3rdoba y Choc\u00f3, y era comprado por distintos proveedores. 18 de<br \/>\nellos fueron identificados en los controles tributarios y, en la verificaci\u00f3n de la raz\u00f3n social<br \/>\ny las direcciones de funcionamiento, se constat\u00f3 que no exist\u00edan y ser\u00edan casas de familia,<br \/>\nchatarrer\u00edas y, en pocas ocasiones, peque\u00f1as compraventas.<\/p>\n<p>Se comprob\u00f3 que la comercializadora, adem\u00e1s de reportar la adquisici\u00f3n de oro a estos 18<br \/>\nproveedores, registr\u00f3 transacciones por cerca de 20 millones de d\u00f3lares a un resguardo<br \/>\nind\u00edgena de Guain\u00eda, cuyos integrantes desconocen esos movimientos financieros y las<br \/>\nelevadas sumas. Tan as\u00ed que Guain\u00eda pas\u00f3 a ser un departamento productor de oro que<br \/>\naporta el 0,71% del metal sin ser una zona aur\u00edfera.<\/p>\n<p>Las operaciones ficticias detectadas por la Fiscal\u00eda tambi\u00e9n involucran a personas fallecidas con quienes la comercializadora supuestamente hizo compras de oro por 68 mil d\u00f3lares, m\u00e1s de 200 millones de pesos.<\/p>\n<p>En el proceso hay evidencia de la presunta participaci\u00f3n de proveedores judicializados<br \/>\ncon anterioridad, que tendr\u00edan nexos il\u00edcitos con la comercializadora CI Metales y habr\u00edan<br \/>\ndado apariencia de legalidad a cerca de 150 millones de d\u00f3lares.<\/p>\n<p><strong>Decisiones<\/strong><\/p>\n<p>A esta hora, ante un juez de control de garant\u00edas de Medell\u00edn, un fiscal de la Direcci\u00f3n Especializada contra el Lavado de Activos imputa cargos a 12 personas que estar\u00edan involucradas en este esquema delictivo. Entre los procesados est\u00e1n los representantes de la comercializadora CI Metales, contadores, revisor fiscal y los proveedores falsos.<\/p>\n<p>Los cargos contra los investigados son:<\/p>\n<ol>\n<li>Lavado de activos agravado<\/li>\n<li>Enriquecimiento il\u00edcito de particulares<\/li>\n<li>Concierto para delinquir<\/li>\n<\/ol>\n<p>\u201cEs hora de que en Colombia, el Banco de la Rep\u00fablica retome el monopolio de la compra del oro\u201d, se\u00f1al\u00f3 el Fiscal General de la Naci\u00f3n, N\u00e9stor Humberto Mart\u00ednez, quien advirti\u00f3 que para las organizaciones criminales resulta m\u00e1s rentable comercializar oro que coca\u00edna, marihuana y otros estupefacientes.<\/p>\n<p>Hoy, un kilo de coca\u00edna en las calles de Estados Unidos tiene un valor de 20 a 25 mil d\u00f3lares; mientras que un kilo de oro en el mismo pa\u00eds asciende a 42 mil d\u00f3lares.<\/p>\n<p>Las estructuras econ\u00f3micas il\u00edcitas, como la descubierta en la operaci\u00f3n \u2018Leyenda del Dorado\u2013 Fase I\u2019, exportar\u00edan m\u00e1s que el oro producido por el pa\u00eds, a costa de la destrucci\u00f3n del medio ambiente y la afectaci\u00f3n al sistema econ\u00f3mico colombiano.<\/p>\n<p>La Fiscal\u00eda General de la Naci\u00f3n publica esta informaci\u00f3n por razones de inter\u00e9s general.<\/p>\n\n<div class=\"twitter-share\"><a href=\"https:\/\/twitter.com\/intent\/tweet?via=fiscaliacol\" class=\"twitter-share-button\">Tweet<\/a><\/div>\n","protected":false},"excerpt":{"rendered":"<p>Leyenda del Dorado &#8211; Fase I La Fiscal\u00eda General de la Naci\u00f3n descubri\u00f3 un esquema ficticio de supuesta compra, venta y exportaci\u00f3n de toneladas de oro que, mediante la creaci\u00f3n [&hellip;]<\/p>\n","protected":false},"author":162,"featured_media":0,"comment_status":"closed","ping_status":"open","sticky":false,"template":"","format":"standard","meta":{"tdm_status":"","tdm_grid_status":"","footnotes":""},"categories":[24157,24096,24125],"tags":[],"class_list":["post-177902","post","type-post","status-publish","format-standard","category-finanzas-criminales","category-fiscal-general-de-la-nacion","category-lavado-de-activos"],"yoast_head":"<!-- This site is optimized with the Yoast SEO plugin v24.3 - https:\/\/yoast.com\/wordpress\/plugins\/seo\/ -->\n<title>Fiscal\u00eda General de la Naci\u00f3n<\/title>\n<meta name=\"description\" content=\"P\u00e1gina oficial de la Fiscal\u00eda General de la Naci\u00f3n \u2013 Colombia. Garantizamos el acceso efectivo a la justicia, la verdad y la reparaci\u00f3n de las v\u00edctimas de los delitos.\" \/>\n<meta name=\"robots\" content=\"noindex, follow\" \/>\n<meta property=\"og:locale\" content=\"es_ES\" \/>\n<meta property=\"og:type\" content=\"article\" \/>\n<meta property=\"og:title\" content=\"Fiscal\u00eda General de la Naci\u00f3n\" \/>\n<meta property=\"og:description\" content=\"P\u00e1gina oficial de la Fiscal\u00eda General de la Naci\u00f3n \u2013 Colombia. Garantizamos el acceso efectivo a la justicia, la verdad y la reparaci\u00f3n de las v\u00edctimas de los delitos.\" \/>\n<meta property=\"og:url\" content=\"https:\/\/www.fiscalia.gov.co\/colombia\/fiscal-general-de-la-nacion\/es-hora-de-que-en-colombia-el-banco-de-la-republica-retome-el-monopolio-de-la-compra-del-oro-fiscal-general-de-la-nacion\/\" \/>\n<meta property=\"og:site_name\" content=\"Fiscal\u00eda General de la Naci\u00f3n\" \/>\n<meta property=\"article:publisher\" content=\"https:\/\/www.facebook.com\/FiscaliaCol\" \/>\n<meta property=\"article:published_time\" content=\"2019-04-04T17:38:19+00:00\" \/>\n<meta property=\"article:modified_time\" content=\"2019-04-04T17:41:14+00:00\" \/>\n<meta name=\"author\" content=\"Direcci\u00f3n de Comunicaciones Fiscal\u00eda General de la Naci\u00f3n\" \/>\n<meta name=\"twitter:card\" content=\"summary_large_image\" \/>\n<meta name=\"twitter:creator\" content=\"@FiscaliaCol\" \/>\n<meta name=\"twitter:site\" content=\"@FiscaliaCol\" \/>\n<meta name=\"twitter:label1\" content=\"Escrito por\" \/>\n\t<meta name=\"twitter:data1\" content=\"Direcci\u00f3n de Comunicaciones Fiscal\u00eda General de la Naci\u00f3n\" \/>\n\t<meta name=\"twitter:label2\" content=\"Tiempo de lectura\" \/>\n\t<meta name=\"twitter:data2\" content=\"3 minutos\" \/>\n<script type=\"application\/ld+json\" class=\"yoast-schema-graph\">{\"@context\":\"https:\/\/schema.org\",\"@graph\":[{\"@type\":\"Article\",\"@id\":\"https:\/\/www.fiscalia.gov.co\/colombia\/fiscal-general-de-la-nacion\/es-hora-de-que-en-colombia-el-banco-de-la-republica-retome-el-monopolio-de-la-compra-del-oro-fiscal-general-de-la-nacion\/#article\",\"isPartOf\":{\"@id\":\"https:\/\/www.fiscalia.gov.co\/colombia\/fiscal-general-de-la-nacion\/es-hora-de-que-en-colombia-el-banco-de-la-republica-retome-el-monopolio-de-la-compra-del-oro-fiscal-general-de-la-nacion\/\"},\"author\":{\"name\":\"Direcci\u00f3n de Comunicaciones Fiscal\u00eda General de la Naci\u00f3n\",\"@id\":\"https:\/\/www.fiscalia.gov.co\/colombia\/#\/schema\/person\/bf28d8ae7f1b287bbe3af484b04f43ea\"},\"headline\":\"\u201cEs hora de que en Colombia el Banco de la Rep\u00fablica retome el monopolio de la compra del oro\u201d: Fiscal General de la Naci\u00f3n\",\"datePublished\":\"2019-04-04T17:38:19+00:00\",\"dateModified\":\"2019-04-04T17:41:14+00:00\",\"mainEntityOfPage\":{\"@id\":\"https:\/\/www.fiscalia.gov.co\/colombia\/fiscal-general-de-la-nacion\/es-hora-de-que-en-colombia-el-banco-de-la-republica-retome-el-monopolio-de-la-compra-del-oro-fiscal-general-de-la-nacion\/\"},\"wordCount\":670,\"publisher\":{\"@id\":\"https:\/\/www.fiscalia.gov.co\/colombia\/#organization\"},\"articleSection\":[\"Finanzas criminales\",\"Fiscal General de la Naci\u00f3n\",\"Lavado de activos\"],\"inLanguage\":\"es-CO\"},{\"@type\":\"WebPage\",\"@id\":\"https:\/\/www.fiscalia.gov.co\/colombia\/fiscal-general-de-la-nacion\/es-hora-de-que-en-colombia-el-banco-de-la-republica-retome-el-monopolio-de-la-compra-del-oro-fiscal-general-de-la-nacion\/\",\"url\":\"https:\/\/www.fiscalia.gov.co\/colombia\/fiscal-general-de-la-nacion\/es-hora-de-que-en-colombia-el-banco-de-la-republica-retome-el-monopolio-de-la-compra-del-oro-fiscal-general-de-la-nacion\/\",\"name\":\"Fiscal\u00eda General de la Naci\u00f3n\",\"isPartOf\":{\"@id\":\"https:\/\/www.fiscalia.gov.co\/colombia\/#website\"},\"datePublished\":\"2019-04-04T17:38:19+00:00\",\"dateModified\":\"2019-04-04T17:41:14+00:00\",\"description\":\"P\u00e1gina oficial de la Fiscal\u00eda General de la Naci\u00f3n \u2013 Colombia. Garantizamos el acceso efectivo a la justicia, la verdad y la reparaci\u00f3n de las v\u00edctimas de los delitos.\",\"breadcrumb\":{\"@id\":\"https:\/\/www.fiscalia.gov.co\/colombia\/fiscal-general-de-la-nacion\/es-hora-de-que-en-colombia-el-banco-de-la-republica-retome-el-monopolio-de-la-compra-del-oro-fiscal-general-de-la-nacion\/#breadcrumb\"},\"inLanguage\":\"es-CO\",\"potentialAction\":[{\"@type\":\"ReadAction\",\"target\":[\"https:\/\/www.fiscalia.gov.co\/colombia\/fiscal-general-de-la-nacion\/es-hora-de-que-en-colombia-el-banco-de-la-republica-retome-el-monopolio-de-la-compra-del-oro-fiscal-general-de-la-nacion\/\"]}]},{\"@type\":\"BreadcrumbList\",\"@id\":\"https:\/\/www.fiscalia.gov.co\/colombia\/fiscal-general-de-la-nacion\/es-hora-de-que-en-colombia-el-banco-de-la-republica-retome-el-monopolio-de-la-compra-del-oro-fiscal-general-de-la-nacion\/#breadcrumb\",\"itemListElement\":[{\"@type\":\"ListItem\",\"position\":1,\"name\":\"Home\",\"item\":\"https:\/\/www.fiscalia.gov.co\/colombia\/\"},{\"@type\":\"ListItem\",\"position\":2,\"name\":\"\u201cEs hora de que en Colombia el Banco de la Rep\u00fablica retome el monopolio de la compra del oro\u201d: Fiscal General de la Naci\u00f3n\"}]},{\"@type\":\"WebSite\",\"@id\":\"https:\/\/www.fiscalia.gov.co\/colombia\/#website\",\"url\":\"https:\/\/www.fiscalia.gov.co\/colombia\/\",\"name\":\"Fiscal\u00eda General de la Naci\u00f3n\",\"description\":\"P\u00e1gina oficial de la Fiscal\u00eda General de la Naci\u00f3n \u2013 Colombia. Garantizamos el acceso efectivo a la justicia, la verdad y la reparaci\u00f3n de las v\u00edctimas de los delitos.\",\"publisher\":{\"@id\":\"https:\/\/www.fiscalia.gov.co\/colombia\/#organization\"},\"potentialAction\":[{\"@type\":\"SearchAction\",\"target\":{\"@type\":\"EntryPoint\",\"urlTemplate\":\"https:\/\/www.fiscalia.gov.co\/colombia\/?s={search_term_string}\"},\"query-input\":{\"@type\":\"PropertyValueSpecification\",\"valueRequired\":true,\"valueName\":\"search_term_string\"}}],\"inLanguage\":\"es-CO\"},{\"@type\":\"Organization\",\"@id\":\"https:\/\/www.fiscalia.gov.co\/colombia\/#organization\",\"name\":\"Fiscal\u00eda General de la Naci\u00f3n\",\"url\":\"https:\/\/www.fiscalia.gov.co\/colombia\/\",\"logo\":{\"@type\":\"ImageObject\",\"inLanguage\":\"es-CO\",\"@id\":\"https:\/\/www.fiscalia.gov.co\/colombia\/#\/schema\/logo\/image\/\",\"url\":\"https:\/\/www.fiscalia.gov.co\/colombia\/wp-content\/uploads\/LogoHorizontal_1.jpg\",\"contentUrl\":\"https:\/\/www.fiscalia.gov.co\/colombia\/wp-content\/uploads\/LogoHorizontal_1.jpg\",\"width\":300,\"height\":90,\"caption\":\"Fiscal\u00eda General de la Naci\u00f3n\"},\"image\":{\"@id\":\"https:\/\/www.fiscalia.gov.co\/colombia\/#\/schema\/logo\/image\/\"},\"sameAs\":[\"https:\/\/www.facebook.com\/FiscaliaCol\",\"https:\/\/x.com\/FiscaliaCol\",\"https:\/\/www.instagram.com\/fiscaliacol\",\"https:\/\/www.linkedin.com\/company\/fiscalia-general-de-la-naci-n\/\",\"https:\/\/youtube.com\/@fiscaliageneraldelanacion-4668?si=6nN79nyQICPU5iTh\"]},{\"@type\":\"Person\",\"@id\":\"https:\/\/www.fiscalia.gov.co\/colombia\/#\/schema\/person\/bf28d8ae7f1b287bbe3af484b04f43ea\",\"name\":\"Direcci\u00f3n de Comunicaciones Fiscal\u00eda General de la Naci\u00f3n\",\"image\":{\"@type\":\"ImageObject\",\"inLanguage\":\"es-CO\",\"@id\":\"https:\/\/www.fiscalia.gov.co\/colombia\/#\/schema\/person\/image\/\",\"url\":\"https:\/\/secure.gravatar.com\/avatar\/9d55ae161d32da16dbdd0b380c080a5f?s=96&d=mm&r=g\",\"contentUrl\":\"https:\/\/secure.gravatar.com\/avatar\/9d55ae161d32da16dbdd0b380c080a5f?s=96&d=mm&r=g\",\"caption\":\"Direcci\u00f3n de Comunicaciones Fiscal\u00eda General de la Naci\u00f3n\"},\"url\":\"https:\/\/www.fiscalia.gov.co\/colombia\/author\/kbonilla\/\"}]}<\/script>\n<!-- \/ Yoast SEO plugin. -->","yoast_head_json":{"title":"Fiscal\u00eda General de la Naci\u00f3n","description":"P\u00e1gina oficial de la Fiscal\u00eda General de la Naci\u00f3n \u2013 Colombia. Garantizamos el acceso efectivo a la justicia, la verdad y la reparaci\u00f3n de las v\u00edctimas de los delitos.","robots":{"index":"noindex","follow":"follow"},"og_locale":"es_ES","og_type":"article","og_title":"Fiscal\u00eda General de la Naci\u00f3n","og_description":"P\u00e1gina oficial de la Fiscal\u00eda General de la Naci\u00f3n \u2013 Colombia. Garantizamos el acceso efectivo a la justicia, la verdad y la reparaci\u00f3n de las v\u00edctimas de los delitos.","og_url":"https:\/\/www.fiscalia.gov.co\/colombia\/fiscal-general-de-la-nacion\/es-hora-de-que-en-colombia-el-banco-de-la-republica-retome-el-monopolio-de-la-compra-del-oro-fiscal-general-de-la-nacion\/","og_site_name":"Fiscal\u00eda General de la Naci\u00f3n","article_publisher":"https:\/\/www.facebook.com\/FiscaliaCol","article_published_time":"2019-04-04T17:38:19+00:00","article_modified_time":"2019-04-04T17:41:14+00:00","author":"Direcci\u00f3n de Comunicaciones Fiscal\u00eda General de la Naci\u00f3n","twitter_card":"summary_large_image","twitter_creator":"@FiscaliaCol","twitter_site":"@FiscaliaCol","twitter_misc":{"Escrito por":"Direcci\u00f3n de Comunicaciones Fiscal\u00eda General de la Naci\u00f3n","Tiempo de lectura":"3 minutos"},"schema":{"@context":"https:\/\/schema.org","@graph":[{"@type":"Article","@id":"https:\/\/www.fiscalia.gov.co\/colombia\/fiscal-general-de-la-nacion\/es-hora-de-que-en-colombia-el-banco-de-la-republica-retome-el-monopolio-de-la-compra-del-oro-fiscal-general-de-la-nacion\/#article","isPartOf":{"@id":"https:\/\/www.fiscalia.gov.co\/colombia\/fiscal-general-de-la-nacion\/es-hora-de-que-en-colombia-el-banco-de-la-republica-retome-el-monopolio-de-la-compra-del-oro-fiscal-general-de-la-nacion\/"},"author":{"name":"Direcci\u00f3n de Comunicaciones Fiscal\u00eda General de la Naci\u00f3n","@id":"https:\/\/www.fiscalia.gov.co\/colombia\/#\/schema\/person\/bf28d8ae7f1b287bbe3af484b04f43ea"},"headline":"\u201cEs hora de que en Colombia el Banco de la Rep\u00fablica retome el monopolio de la compra del oro\u201d: Fiscal General de la Naci\u00f3n","datePublished":"2019-04-04T17:38:19+00:00","dateModified":"2019-04-04T17:41:14+00:00","mainEntityOfPage":{"@id":"https:\/\/www.fiscalia.gov.co\/colombia\/fiscal-general-de-la-nacion\/es-hora-de-que-en-colombia-el-banco-de-la-republica-retome-el-monopolio-de-la-compra-del-oro-fiscal-general-de-la-nacion\/"},"wordCount":670,"publisher":{"@id":"https:\/\/www.fiscalia.gov.co\/colombia\/#organization"},"articleSection":["Finanzas criminales","Fiscal General de la Naci\u00f3n","Lavado de activos"],"inLanguage":"es-CO"},{"@type":"WebPage","@id":"https:\/\/www.fiscalia.gov.co\/colombia\/fiscal-general-de-la-nacion\/es-hora-de-que-en-colombia-el-banco-de-la-republica-retome-el-monopolio-de-la-compra-del-oro-fiscal-general-de-la-nacion\/","url":"https:\/\/www.fiscalia.gov.co\/colombia\/fiscal-general-de-la-nacion\/es-hora-de-que-en-colombia-el-banco-de-la-republica-retome-el-monopolio-de-la-compra-del-oro-fiscal-general-de-la-nacion\/","name":"Fiscal\u00eda General de la Naci\u00f3n","isPartOf":{"@id":"https:\/\/www.fiscalia.gov.co\/colombia\/#website"},"datePublished":"2019-04-04T17:38:19+00:00","dateModified":"2019-04-04T17:41:14+00:00","description":"P\u00e1gina oficial de la Fiscal\u00eda General de la Naci\u00f3n \u2013 Colombia. Garantizamos el acceso efectivo a la justicia, la verdad y la reparaci\u00f3n de las v\u00edctimas de los delitos.","breadcrumb":{"@id":"https:\/\/www.fiscalia.gov.co\/colombia\/fiscal-general-de-la-nacion\/es-hora-de-que-en-colombia-el-banco-de-la-republica-retome-el-monopolio-de-la-compra-del-oro-fiscal-general-de-la-nacion\/#breadcrumb"},"inLanguage":"es-CO","potentialAction":[{"@type":"ReadAction","target":["https:\/\/www.fiscalia.gov.co\/colombia\/fiscal-general-de-la-nacion\/es-hora-de-que-en-colombia-el-banco-de-la-republica-retome-el-monopolio-de-la-compra-del-oro-fiscal-general-de-la-nacion\/"]}]},{"@type":"BreadcrumbList","@id":"https:\/\/www.fiscalia.gov.co\/colombia\/fiscal-general-de-la-nacion\/es-hora-de-que-en-colombia-el-banco-de-la-republica-retome-el-monopolio-de-la-compra-del-oro-fiscal-general-de-la-nacion\/#breadcrumb","itemListElement":[{"@type":"ListItem","position":1,"name":"Home","item":"https:\/\/www.fiscalia.gov.co\/colombia\/"},{"@type":"ListItem","position":2,"name":"\u201cEs hora de que en Colombia el Banco de la Rep\u00fablica retome el monopolio de la compra del oro\u201d: Fiscal General de la Naci\u00f3n"}]},{"@type":"WebSite","@id":"https:\/\/www.fiscalia.gov.co\/colombia\/#website","url":"https:\/\/www.fiscalia.gov.co\/colombia\/","name":"Fiscal\u00eda General de la Naci\u00f3n","description":"P\u00e1gina oficial de la Fiscal\u00eda General de la Naci\u00f3n \u2013 Colombia. Garantizamos el acceso efectivo a la justicia, la verdad y la reparaci\u00f3n de las v\u00edctimas de los delitos.","publisher":{"@id":"https:\/\/www.fiscalia.gov.co\/colombia\/#organization"},"potentialAction":[{"@type":"SearchAction","target":{"@type":"EntryPoint","urlTemplate":"https:\/\/www.fiscalia.gov.co\/colombia\/?s={search_term_string}"},"query-input":{"@type":"PropertyValueSpecification","valueRequired":true,"valueName":"search_term_string"}}],"inLanguage":"es-CO"},{"@type":"Organization","@id":"https:\/\/www.fiscalia.gov.co\/colombia\/#organization","name":"Fiscal\u00eda General de la Naci\u00f3n","url":"https:\/\/www.fiscalia.gov.co\/colombia\/","logo":{"@type":"ImageObject","inLanguage":"es-CO","@id":"https:\/\/www.fiscalia.gov.co\/colombia\/#\/schema\/logo\/image\/","url":"https:\/\/www.fiscalia.gov.co\/colombia\/wp-content\/uploads\/LogoHorizontal_1.jpg","contentUrl":"https:\/\/www.fiscalia.gov.co\/colombia\/wp-content\/uploads\/LogoHorizontal_1.jpg","width":300,"height":90,"caption":"Fiscal\u00eda General de la Naci\u00f3n"},"image":{"@id":"https:\/\/www.fiscalia.gov.co\/colombia\/#\/schema\/logo\/image\/"},"sameAs":["https:\/\/www.facebook.com\/FiscaliaCol","https:\/\/x.com\/FiscaliaCol","https:\/\/www.instagram.com\/fiscaliacol","https:\/\/www.linkedin.com\/company\/fiscalia-general-de-la-naci-n\/","https:\/\/youtube.com\/@fiscaliageneraldelanacion-4668?si=6nN79nyQICPU5iTh"]},{"@type":"Person","@id":"https:\/\/www.fiscalia.gov.co\/colombia\/#\/schema\/person\/bf28d8ae7f1b287bbe3af484b04f43ea","name":"Direcci\u00f3n de Comunicaciones Fiscal\u00eda General de la Naci\u00f3n","image":{"@type":"ImageObject","inLanguage":"es-CO","@id":"https:\/\/www.fiscalia.gov.co\/colombia\/#\/schema\/person\/image\/","url":"https:\/\/secure.gravatar.com\/avatar\/9d55ae161d32da16dbdd0b380c080a5f?s=96&d=mm&r=g","contentUrl":"https:\/\/secure.gravatar.com\/avatar\/9d55ae161d32da16dbdd0b380c080a5f?s=96&d=mm&r=g","caption":"Direcci\u00f3n de Comunicaciones Fiscal\u00eda General de la Naci\u00f3n"},"url":"https:\/\/www.fiscalia.gov.co\/colombia\/author\/kbonilla\/"}]}},"_links":{"self":[{"href":"https:\/\/www.fiscalia.gov.co\/colombia\/wp-json\/wp\/v2\/posts\/177902","targetHints":{"allow":["GET"]}}],"collection":[{"href":"https:\/\/www.fiscalia.gov.co\/colombia\/wp-json\/wp\/v2\/posts"}],"about":[{"href":"https:\/\/www.fiscalia.gov.co\/colombia\/wp-json\/wp\/v2\/types\/post"}],"author":[{"embeddable":true,"href":"https:\/\/www.fiscalia.gov.co\/colombia\/wp-json\/wp\/v2\/users\/162"}],"replies":[{"embeddable":true,"href":"https:\/\/www.fiscalia.gov.co\/colombia\/wp-json\/wp\/v2\/comments?post=177902"}],"version-history":[{"count":2,"href":"https:\/\/www.fiscalia.gov.co\/colombia\/wp-json\/wp\/v2\/posts\/177902\/revisions"}],"predecessor-version":[{"id":177904,"href":"https:\/\/www.fiscalia.gov.co\/colombia\/wp-json\/wp\/v2\/posts\/177902\/revisions\/177904"}],"wp:attachment":[{"href":"https:\/\/www.fiscalia.gov.co\/colombia\/wp-json\/wp\/v2\/media?parent=177902"}],"wp:term":[{"taxonomy":"category","embeddable":true,"href":"https:\/\/www.fiscalia.gov.co\/colombia\/wp-json\/wp\/v2\/categories?post=177902"},{"taxonomy":"post_tag","embeddable":true,"href":"https:\/\/www.fiscalia.gov.co\/colombia\/wp-json\/wp\/v2\/tags?post=177902"}],"curies":[{"name":"wp","href":"https:\/\/api.w.org\/{rel}","templated":true}]}}