{"id":177787,"date":"2019-04-02T16:59:15","date_gmt":"2019-04-02T21:59:15","guid":{"rendered":"https:\/\/www.fiscalia.gov.co\/colombia\/?p=177787"},"modified":"2019-04-02T17:00:05","modified_gmt":"2019-04-02T22:00:05","slug":"fiscalia-realiza-jornada-contra-el-microtrafico-en-entornos-escolares-en-bolivar","status":"publish","type":"post","link":"https:\/\/www.fiscalia.gov.co\/colombia\/seccionales\/seccional-cartagena\/fiscalia-realiza-jornada-contra-el-microtrafico-en-entornos-escolares-en-bolivar\/","title":{"rendered":"Fiscal\u00eda realiza Jornada contra el microtr\u00e1fico en entornos escolares en Bol\u00edvar"},"content":{"rendered":"<p><em>Jueces otorgan a dos capturados detenci\u00f3n domiciliaria.<\/em><\/p>\n<p>Cartagena de Indias (Bol\u00edvar), 2 de abril de 2019.<\/p>\n<p>La Fiscal\u00eda General de la Naci\u00f3n \u2014a trav\u00e9s de la Seccional Bol\u00edvar y su Polic\u00eda Judicial CTI\u2014, con apoyo de la Armada Nacional, realiz\u00f3 <strong>17 allanamientos, 5 capturas en flagrancia y 34 capturas por orden\u00a0 judicial<\/strong> durante la <strong>Jornada contra el microtr\u00e1fico en entornos escolares<\/strong>, para garantizar la seguridad ciudadana y, principalmente evitar que los menores de edad sean iducidos al consumo de sustancias psicoactivas.<\/p>\n<p>Las diligencias se realizaron en los barrios: La Reina, Campestre, San pedro, El Reposo, corregimiento de Pontezuela en Cartagena y en el municipio de El Carmen de Bol\u00edvar (Bol\u00edvar).<\/p>\n<p>Entre las diligencias de registro y allanamiento se realiz\u00f3 una en el barrio El Reposo, en la que fue capturada la pareja conformada por Anyuris Rodr\u00edguez Canasia y \u00c1ngel D\u00edaz Valdez, a la que la Fiscal\u00eda le imput\u00f3 el delito de <strong>tr\u00e1fico, fabricaci\u00f3n o porte de estupefacientes<\/strong>, luego de que en su residencia le encontraran <strong>500 gramos de marihuana y 117 pastillas de sedatril \u2013clonazepam<\/strong>&#8211; (medicamento de venta controlada que produce sedaci\u00f3n y amnesia).<\/p>\n<p>Un juez de control de garant\u00edas decret\u00f3 legalidad en el allanamiento y cobij\u00f3 con <strong>medida de aseguramiento intramuros<\/strong> en la c\u00e1rcel de mujeres San Diego a Rodr\u00edguez Canasia, mientras que a D\u00edaz Valdez le concedi\u00f3 la libertad, pero contin\u00faa vinculado al proceso.<\/p>\n<p>De acuerdo con las investigaciones, estas personas supuestamente <strong>distribu\u00edan los estupefacientes<\/strong> en dosis listas para la comercializaci\u00f3n, las que al parecer eran <strong>vendidas en los alrededores de los centros educativos<\/strong>.\u00a0La manera de operar consist\u00eda en llevar pocas dosis para evadir los controles de las autoridades argumentando que era una <strong>dosis personal<\/strong>.<\/p>\n<p><strong>El Progreso<\/strong><\/p>\n<p>Otro de los allanamientos se realiz\u00f3 en una vivienda del barrio El Progreso adonde llegaron efectivos del CTI y el Armada Nacional. En el lugar se incautaron <strong>160 dosis de coca\u00edna<\/strong> envueltas en hojas de cuaderno y tres pastillas de <strong>sedatril<\/strong> (Clonazapen).<\/p>\n<p>Seg\u00fan lo establecido, <strong>cada dosis incautada era vendida a los estudiantes de las instituciones educativas contiguas por un valor de $2000<\/strong>. Tambi\u00e9n se evidenci\u00f3 que los expendedores ten\u00edan puntos estrat\u00e9gicos para que los estudiantes los ubicaran y as\u00ed cumplir con las entregas.<\/p>\n<p>Durante esta diligencia fueron capturados dos hombres identificados como Eduardo Rinc\u00f3n L\u00f3pez y Alfonso Marquez Ram\u00edrez, quienes tienen anotaciones judiciales por el delito de tr\u00e1fico, fabricaci\u00f3n o porte de estupefacientes; el mismo delito que les fue imputado en esta oportunidad. A pesar la solicitud de la Fiscal\u00eda de cobijarlos con una medida restrictiva de la libertad en centro carcelario por considerarlos un peligro para la sociedad, la decisi\u00f3n del juez fue <strong>detenci\u00f3n domiciliaria<\/strong>.<\/p>\n<p>La Fiscal\u00eda hace p\u00fablica esta informaci\u00f3n por razones de inter\u00e9s general.<\/p>\n<p>&nbsp;<\/p>\n<p>&nbsp;<\/p>\n<p>JLH\/DLBM<\/p>\n<p>&nbsp;<\/p>\n<p>&nbsp;<\/p>\n\n<div class=\"twitter-share\"><a href=\"https:\/\/twitter.com\/intent\/tweet?via=fiscaliacol\" class=\"twitter-share-button\">Tweet<\/a><\/div>\n","protected":false},"excerpt":{"rendered":"<p>Jueces otorgan a dos capturados detenci\u00f3n domiciliaria. Cartagena de Indias (Bol\u00edvar), 2 de abril de 2019. La Fiscal\u00eda General de la Naci\u00f3n \u2014a trav\u00e9s de la Seccional Bol\u00edvar y su Polic\u00eda Judicial CTI\u2014, con apoyo de la Armada Nacional, realiz\u00f3 17 allanamientos, 5 capturas en flagrancia y 34 capturas por orden\u00a0 judicial durante la Jornada [&hellip;]<\/p>\n","protected":false},"author":143,"featured_media":0,"comment_status":"closed","ping_status":"open","sticky":false,"template":"","format":"standard","meta":{"_price":"","_stock":"","_tribe_ticket_header":"","_tribe_default_ticket_provider":"","_tribe_ticket_capacity":"0","_ticket_start_date":"","_ticket_end_date":"","_tribe_ticket_show_description":"","_tribe_ticket_show_not_going":false,"_tribe_ticket_use_global_stock":"","_tribe_ticket_global_stock_level":"","_global_stock_mode":"","_global_stock_cap":"","_tribe_rsvp_for_event":"","_tribe_ticket_going_count":"","_tribe_ticket_not_going_count":"","_tribe_tickets_list":"[]","_tribe_ticket_has_attendee_info_fields":false,"tdm_status":"","tdm_grid_status":"","footnotes":""},"categories":[325,24103],"tags":[],"class_list":{"0":"post-177787","1":"post","2":"type-post","3":"status-publish","4":"format-standard","6":"category-seccional-cartagena","7":"category-trafico-de-estupefacientes"},"yoast_head":"<!-- This site is optimized with the Yoast SEO plugin v24.3 - https:\/\/yoast.com\/wordpress\/plugins\/seo\/ -->\n<title>Fiscal\u00eda General de la Naci\u00f3n<\/title>\n<meta name=\"description\" content=\"P\u00e1gina oficial de la Fiscal\u00eda General de la Naci\u00f3n \u2013 Colombia. Garantizamos el acceso efectivo a la justicia, la verdad y la reparaci\u00f3n de las v\u00edctimas de los delitos.\" \/>\n<meta name=\"robots\" content=\"noindex, follow\" \/>\n<meta property=\"og:locale\" content=\"es_ES\" \/>\n<meta property=\"og:type\" content=\"article\" \/>\n<meta property=\"og:title\" content=\"Fiscal\u00eda General de la Naci\u00f3n\" \/>\n<meta property=\"og:description\" content=\"P\u00e1gina oficial de la Fiscal\u00eda General de la Naci\u00f3n \u2013 Colombia. Garantizamos el acceso efectivo a la justicia, la verdad y la reparaci\u00f3n de las v\u00edctimas de los delitos.\" \/>\n<meta property=\"og:url\" content=\"https:\/\/www.fiscalia.gov.co\/colombia\/seccionales\/seccional-cartagena\/fiscalia-realiza-jornada-contra-el-microtrafico-en-entornos-escolares-en-bolivar\/\" \/>\n<meta property=\"og:site_name\" content=\"Fiscal\u00eda General de la Naci\u00f3n\" \/>\n<meta property=\"article:publisher\" content=\"https:\/\/www.facebook.com\/FiscaliaCol\" \/>\n<meta property=\"article:published_time\" content=\"2019-04-02T21:59:15+00:00\" \/>\n<meta property=\"article:modified_time\" content=\"2019-04-02T22:00:05+00:00\" \/>\n<meta name=\"author\" content=\"dfgordillo\" \/>\n<meta name=\"twitter:card\" content=\"summary_large_image\" \/>\n<meta name=\"twitter:creator\" content=\"@FiscaliaCol\" \/>\n<meta name=\"twitter:site\" content=\"@FiscaliaCol\" \/>\n<meta name=\"twitter:label1\" content=\"Escrito por\" \/>\n\t<meta name=\"twitter:data1\" content=\"dfgordillo\" \/>\n\t<meta name=\"twitter:label2\" content=\"Tiempo de lectura\" \/>\n\t<meta name=\"twitter:data2\" content=\"2 minutos\" \/>\n<script type=\"application\/ld+json\" class=\"yoast-schema-graph\">{\"@context\":\"https:\/\/schema.org\",\"@graph\":[{\"@type\":\"Article\",\"@id\":\"https:\/\/www.fiscalia.gov.co\/colombia\/seccionales\/seccional-cartagena\/fiscalia-realiza-jornada-contra-el-microtrafico-en-entornos-escolares-en-bolivar\/#article\",\"isPartOf\":{\"@id\":\"https:\/\/www.fiscalia.gov.co\/colombia\/seccionales\/seccional-cartagena\/fiscalia-realiza-jornada-contra-el-microtrafico-en-entornos-escolares-en-bolivar\/\"},\"author\":{\"name\":\"dfgordillo\",\"@id\":\"https:\/\/www.fiscalia.gov.co\/colombia\/#\/schema\/person\/3903856a3ce2d54b094c69eb29247895\"},\"headline\":\"Fiscal\u00eda realiza Jornada contra el microtr\u00e1fico en entornos escolares en Bol\u00edvar\",\"datePublished\":\"2019-04-02T21:59:15+00:00\",\"dateModified\":\"2019-04-02T22:00:05+00:00\",\"mainEntityOfPage\":{\"@id\":\"https:\/\/www.fiscalia.gov.co\/colombia\/seccionales\/seccional-cartagena\/fiscalia-realiza-jornada-contra-el-microtrafico-en-entornos-escolares-en-bolivar\/\"},\"wordCount\":500,\"publisher\":{\"@id\":\"https:\/\/www.fiscalia.gov.co\/colombia\/#organization\"},\"articleSection\":[\"Seccional Cartagena\",\"Tr\u00e1fico de estupefacientes\"],\"inLanguage\":\"es-CO\"},{\"@type\":\"WebPage\",\"@id\":\"https:\/\/www.fiscalia.gov.co\/colombia\/seccionales\/seccional-cartagena\/fiscalia-realiza-jornada-contra-el-microtrafico-en-entornos-escolares-en-bolivar\/\",\"url\":\"https:\/\/www.fiscalia.gov.co\/colombia\/seccionales\/seccional-cartagena\/fiscalia-realiza-jornada-contra-el-microtrafico-en-entornos-escolares-en-bolivar\/\",\"name\":\"Fiscal\u00eda General de la Naci\u00f3n\",\"isPartOf\":{\"@id\":\"https:\/\/www.fiscalia.gov.co\/colombia\/#website\"},\"datePublished\":\"2019-04-02T21:59:15+00:00\",\"dateModified\":\"2019-04-02T22:00:05+00:00\",\"description\":\"P\u00e1gina oficial de la Fiscal\u00eda General de la Naci\u00f3n \u2013 Colombia. Garantizamos el acceso efectivo a la justicia, la verdad y la reparaci\u00f3n de las v\u00edctimas de los delitos.\",\"breadcrumb\":{\"@id\":\"https:\/\/www.fiscalia.gov.co\/colombia\/seccionales\/seccional-cartagena\/fiscalia-realiza-jornada-contra-el-microtrafico-en-entornos-escolares-en-bolivar\/#breadcrumb\"},\"inLanguage\":\"es-CO\",\"potentialAction\":[{\"@type\":\"ReadAction\",\"target\":[\"https:\/\/www.fiscalia.gov.co\/colombia\/seccionales\/seccional-cartagena\/fiscalia-realiza-jornada-contra-el-microtrafico-en-entornos-escolares-en-bolivar\/\"]}]},{\"@type\":\"BreadcrumbList\",\"@id\":\"https:\/\/www.fiscalia.gov.co\/colombia\/seccionales\/seccional-cartagena\/fiscalia-realiza-jornada-contra-el-microtrafico-en-entornos-escolares-en-bolivar\/#breadcrumb\",\"itemListElement\":[{\"@type\":\"ListItem\",\"position\":1,\"name\":\"Home\",\"item\":\"https:\/\/www.fiscalia.gov.co\/colombia\/\"},{\"@type\":\"ListItem\",\"position\":2,\"name\":\"Fiscal\u00eda realiza Jornada contra el microtr\u00e1fico en entornos escolares en Bol\u00edvar\"}]},{\"@type\":\"WebSite\",\"@id\":\"https:\/\/www.fiscalia.gov.co\/colombia\/#website\",\"url\":\"https:\/\/www.fiscalia.gov.co\/colombia\/\",\"name\":\"Fiscal\u00eda General de la Naci\u00f3n\",\"description\":\"P\u00e1gina oficial de la Fiscal\u00eda General de la Naci\u00f3n \u2013 Colombia. Garantizamos el acceso efectivo a la justicia, la verdad y la reparaci\u00f3n de las v\u00edctimas de los delitos.\",\"publisher\":{\"@id\":\"https:\/\/www.fiscalia.gov.co\/colombia\/#organization\"},\"potentialAction\":[{\"@type\":\"SearchAction\",\"target\":{\"@type\":\"EntryPoint\",\"urlTemplate\":\"https:\/\/www.fiscalia.gov.co\/colombia\/?s={search_term_string}\"},\"query-input\":{\"@type\":\"PropertyValueSpecification\",\"valueRequired\":true,\"valueName\":\"search_term_string\"}}],\"inLanguage\":\"es-CO\"},{\"@type\":\"Organization\",\"@id\":\"https:\/\/www.fiscalia.gov.co\/colombia\/#organization\",\"name\":\"Fiscal\u00eda General de la Naci\u00f3n\",\"url\":\"https:\/\/www.fiscalia.gov.co\/colombia\/\",\"logo\":{\"@type\":\"ImageObject\",\"inLanguage\":\"es-CO\",\"@id\":\"https:\/\/www.fiscalia.gov.co\/colombia\/#\/schema\/logo\/image\/\",\"url\":\"https:\/\/www.fiscalia.gov.co\/colombia\/wp-content\/uploads\/LogoHorizontal_1.jpg\",\"contentUrl\":\"https:\/\/www.fiscalia.gov.co\/colombia\/wp-content\/uploads\/LogoHorizontal_1.jpg\",\"width\":300,\"height\":90,\"caption\":\"Fiscal\u00eda General de la Naci\u00f3n\"},\"image\":{\"@id\":\"https:\/\/www.fiscalia.gov.co\/colombia\/#\/schema\/logo\/image\/\"},\"sameAs\":[\"https:\/\/www.facebook.com\/FiscaliaCol\",\"https:\/\/x.com\/FiscaliaCol\",\"https:\/\/www.instagram.com\/fiscaliacol\",\"https:\/\/www.linkedin.com\/company\/fiscalia-general-de-la-naci-n\/\",\"https:\/\/youtube.com\/@fiscaliageneraldelanacion-4668?si=6nN79nyQICPU5iTh\"]},{\"@type\":\"Person\",\"@id\":\"https:\/\/www.fiscalia.gov.co\/colombia\/#\/schema\/person\/3903856a3ce2d54b094c69eb29247895\",\"name\":\"dfgordillo\",\"image\":{\"@type\":\"ImageObject\",\"inLanguage\":\"es-CO\",\"@id\":\"https:\/\/www.fiscalia.gov.co\/colombia\/#\/schema\/person\/image\/\",\"url\":\"https:\/\/secure.gravatar.com\/avatar\/b6356e21c5657c60757fe6fb9493e947?s=96&d=mm&r=g\",\"contentUrl\":\"https:\/\/secure.gravatar.com\/avatar\/b6356e21c5657c60757fe6fb9493e947?s=96&d=mm&r=g\",\"caption\":\"dfgordillo\"},\"sameAs\":[\"dfgordillo\"],\"url\":\"https:\/\/www.fiscalia.gov.co\/colombia\/author\/dfgordillo\/\"}]}<\/script>\n<!-- \/ Yoast SEO plugin. -->","yoast_head_json":{"title":"Fiscal\u00eda General de la Naci\u00f3n","description":"P\u00e1gina oficial de la Fiscal\u00eda General de la Naci\u00f3n \u2013 Colombia. Garantizamos el acceso efectivo a la justicia, la verdad y la reparaci\u00f3n de las v\u00edctimas de los delitos.","robots":{"index":"noindex","follow":"follow"},"og_locale":"es_ES","og_type":"article","og_title":"Fiscal\u00eda General de la Naci\u00f3n","og_description":"P\u00e1gina oficial de la Fiscal\u00eda General de la Naci\u00f3n \u2013 Colombia. Garantizamos el acceso efectivo a la justicia, la verdad y la reparaci\u00f3n de las v\u00edctimas de los delitos.","og_url":"https:\/\/www.fiscalia.gov.co\/colombia\/seccionales\/seccional-cartagena\/fiscalia-realiza-jornada-contra-el-microtrafico-en-entornos-escolares-en-bolivar\/","og_site_name":"Fiscal\u00eda General de la Naci\u00f3n","article_publisher":"https:\/\/www.facebook.com\/FiscaliaCol","article_published_time":"2019-04-02T21:59:15+00:00","article_modified_time":"2019-04-02T22:00:05+00:00","author":"dfgordillo","twitter_card":"summary_large_image","twitter_creator":"@FiscaliaCol","twitter_site":"@FiscaliaCol","twitter_misc":{"Escrito por":"dfgordillo","Tiempo de lectura":"2 minutos"},"schema":{"@context":"https:\/\/schema.org","@graph":[{"@type":"Article","@id":"https:\/\/www.fiscalia.gov.co\/colombia\/seccionales\/seccional-cartagena\/fiscalia-realiza-jornada-contra-el-microtrafico-en-entornos-escolares-en-bolivar\/#article","isPartOf":{"@id":"https:\/\/www.fiscalia.gov.co\/colombia\/seccionales\/seccional-cartagena\/fiscalia-realiza-jornada-contra-el-microtrafico-en-entornos-escolares-en-bolivar\/"},"author":{"name":"dfgordillo","@id":"https:\/\/www.fiscalia.gov.co\/colombia\/#\/schema\/person\/3903856a3ce2d54b094c69eb29247895"},"headline":"Fiscal\u00eda realiza Jornada contra el microtr\u00e1fico en entornos escolares en Bol\u00edvar","datePublished":"2019-04-02T21:59:15+00:00","dateModified":"2019-04-02T22:00:05+00:00","mainEntityOfPage":{"@id":"https:\/\/www.fiscalia.gov.co\/colombia\/seccionales\/seccional-cartagena\/fiscalia-realiza-jornada-contra-el-microtrafico-en-entornos-escolares-en-bolivar\/"},"wordCount":500,"publisher":{"@id":"https:\/\/www.fiscalia.gov.co\/colombia\/#organization"},"articleSection":["Seccional Cartagena","Tr\u00e1fico de estupefacientes"],"inLanguage":"es-CO"},{"@type":"WebPage","@id":"https:\/\/www.fiscalia.gov.co\/colombia\/seccionales\/seccional-cartagena\/fiscalia-realiza-jornada-contra-el-microtrafico-en-entornos-escolares-en-bolivar\/","url":"https:\/\/www.fiscalia.gov.co\/colombia\/seccionales\/seccional-cartagena\/fiscalia-realiza-jornada-contra-el-microtrafico-en-entornos-escolares-en-bolivar\/","name":"Fiscal\u00eda General de la Naci\u00f3n","isPartOf":{"@id":"https:\/\/www.fiscalia.gov.co\/colombia\/#website"},"datePublished":"2019-04-02T21:59:15+00:00","dateModified":"2019-04-02T22:00:05+00:00","description":"P\u00e1gina oficial de la Fiscal\u00eda General de la Naci\u00f3n \u2013 Colombia. Garantizamos el acceso efectivo a la justicia, la verdad y la reparaci\u00f3n de las v\u00edctimas de los delitos.","breadcrumb":{"@id":"https:\/\/www.fiscalia.gov.co\/colombia\/seccionales\/seccional-cartagena\/fiscalia-realiza-jornada-contra-el-microtrafico-en-entornos-escolares-en-bolivar\/#breadcrumb"},"inLanguage":"es-CO","potentialAction":[{"@type":"ReadAction","target":["https:\/\/www.fiscalia.gov.co\/colombia\/seccionales\/seccional-cartagena\/fiscalia-realiza-jornada-contra-el-microtrafico-en-entornos-escolares-en-bolivar\/"]}]},{"@type":"BreadcrumbList","@id":"https:\/\/www.fiscalia.gov.co\/colombia\/seccionales\/seccional-cartagena\/fiscalia-realiza-jornada-contra-el-microtrafico-en-entornos-escolares-en-bolivar\/#breadcrumb","itemListElement":[{"@type":"ListItem","position":1,"name":"Home","item":"https:\/\/www.fiscalia.gov.co\/colombia\/"},{"@type":"ListItem","position":2,"name":"Fiscal\u00eda realiza Jornada contra el microtr\u00e1fico en entornos escolares en Bol\u00edvar"}]},{"@type":"WebSite","@id":"https:\/\/www.fiscalia.gov.co\/colombia\/#website","url":"https:\/\/www.fiscalia.gov.co\/colombia\/","name":"Fiscal\u00eda General de la Naci\u00f3n","description":"P\u00e1gina oficial de la Fiscal\u00eda General de la Naci\u00f3n \u2013 Colombia. Garantizamos el acceso efectivo a la justicia, la verdad y la reparaci\u00f3n de las v\u00edctimas de los delitos.","publisher":{"@id":"https:\/\/www.fiscalia.gov.co\/colombia\/#organization"},"potentialAction":[{"@type":"SearchAction","target":{"@type":"EntryPoint","urlTemplate":"https:\/\/www.fiscalia.gov.co\/colombia\/?s={search_term_string}"},"query-input":{"@type":"PropertyValueSpecification","valueRequired":true,"valueName":"search_term_string"}}],"inLanguage":"es-CO"},{"@type":"Organization","@id":"https:\/\/www.fiscalia.gov.co\/colombia\/#organization","name":"Fiscal\u00eda General de la Naci\u00f3n","url":"https:\/\/www.fiscalia.gov.co\/colombia\/","logo":{"@type":"ImageObject","inLanguage":"es-CO","@id":"https:\/\/www.fiscalia.gov.co\/colombia\/#\/schema\/logo\/image\/","url":"https:\/\/www.fiscalia.gov.co\/colombia\/wp-content\/uploads\/LogoHorizontal_1.jpg","contentUrl":"https:\/\/www.fiscalia.gov.co\/colombia\/wp-content\/uploads\/LogoHorizontal_1.jpg","width":300,"height":90,"caption":"Fiscal\u00eda General de la Naci\u00f3n"},"image":{"@id":"https:\/\/www.fiscalia.gov.co\/colombia\/#\/schema\/logo\/image\/"},"sameAs":["https:\/\/www.facebook.com\/FiscaliaCol","https:\/\/x.com\/FiscaliaCol","https:\/\/www.instagram.com\/fiscaliacol","https:\/\/www.linkedin.com\/company\/fiscalia-general-de-la-naci-n\/","https:\/\/youtube.com\/@fiscaliageneraldelanacion-4668?si=6nN79nyQICPU5iTh"]},{"@type":"Person","@id":"https:\/\/www.fiscalia.gov.co\/colombia\/#\/schema\/person\/3903856a3ce2d54b094c69eb29247895","name":"dfgordillo","image":{"@type":"ImageObject","inLanguage":"es-CO","@id":"https:\/\/www.fiscalia.gov.co\/colombia\/#\/schema\/person\/image\/","url":"https:\/\/secure.gravatar.com\/avatar\/b6356e21c5657c60757fe6fb9493e947?s=96&d=mm&r=g","contentUrl":"https:\/\/secure.gravatar.com\/avatar\/b6356e21c5657c60757fe6fb9493e947?s=96&d=mm&r=g","caption":"dfgordillo"},"sameAs":["dfgordillo"],"url":"https:\/\/www.fiscalia.gov.co\/colombia\/author\/dfgordillo\/"}]}},"_links":{"self":[{"href":"https:\/\/www.fiscalia.gov.co\/colombia\/wp-json\/wp\/v2\/posts\/177787","targetHints":{"allow":["GET"]}}],"collection":[{"href":"https:\/\/www.fiscalia.gov.co\/colombia\/wp-json\/wp\/v2\/posts"}],"about":[{"href":"https:\/\/www.fiscalia.gov.co\/colombia\/wp-json\/wp\/v2\/types\/post"}],"author":[{"embeddable":true,"href":"https:\/\/www.fiscalia.gov.co\/colombia\/wp-json\/wp\/v2\/users\/143"}],"replies":[{"embeddable":true,"href":"https:\/\/www.fiscalia.gov.co\/colombia\/wp-json\/wp\/v2\/comments?post=177787"}],"version-history":[{"count":1,"href":"https:\/\/www.fiscalia.gov.co\/colombia\/wp-json\/wp\/v2\/posts\/177787\/revisions"}],"predecessor-version":[{"id":177788,"href":"https:\/\/www.fiscalia.gov.co\/colombia\/wp-json\/wp\/v2\/posts\/177787\/revisions\/177788"}],"wp:attachment":[{"href":"https:\/\/www.fiscalia.gov.co\/colombia\/wp-json\/wp\/v2\/media?parent=177787"}],"wp:term":[{"taxonomy":"category","embeddable":true,"href":"https:\/\/www.fiscalia.gov.co\/colombia\/wp-json\/wp\/v2\/categories?post=177787"},{"taxonomy":"post_tag","embeddable":true,"href":"https:\/\/www.fiscalia.gov.co\/colombia\/wp-json\/wp\/v2\/tags?post=177787"}],"curies":[{"name":"wp","href":"https:\/\/api.w.org\/{rel}","templated":true}]}}