{"id":177678,"date":"2019-04-01T09:41:14","date_gmt":"2019-04-01T14:41:14","guid":{"rendered":"https:\/\/www.fiscalia.gov.co\/colombia\/?p=177678"},"modified":"2019-04-01T09:41:14","modified_gmt":"2019-04-01T14:41:14","slug":"asegurado-un-lider-de-la-etnia-wayuu-por-posibles-anomalias-en-ejecucion-de-convenio-para-proyecto-de-desarrollo-rural","status":"publish","type":"post","link":"https:\/\/www.fiscalia.gov.co\/colombia\/seccionales\/asegurado-un-lider-de-la-etnia-wayuu-por-posibles-anomalias-en-ejecucion-de-convenio-para-proyecto-de-desarrollo-rural\/","title":{"rendered":"Asegurado un l\u00edder de la etnia Way\u00fau por posibles anomal\u00edas en ejecuci\u00f3n de convenio para proyecto de desarrollo rural"},"content":{"rendered":"<blockquote class=\"td_quote_box td_box_center\">\n<h4><strong>El programa de fortalecimiento de la econom\u00eda tradicional beneficiar\u00eda a 200 familias de esa comunidad ind\u00edgena, pero aproximadamente $1000 millones fueron desviados.<\/strong><\/h4>\n<\/blockquote>\n<p>Como parte del Plan Bolsillos de Cristal, el CTI de la Fiscal\u00eda, con apoyo del Ej\u00e9rcito Nacional, materializ\u00f3 en Riohacha (La Guajira) la orden de captura que pesaba en contra de <strong>Javier Rojas Uriana<\/strong>, <strong>l\u00edder de la etnia Way\u00fau, <\/strong>por presuntos hechos de corrupci\u00f3n que afectaron los recursos p\u00fablicos, as\u00ed como la calidad de vida de los pobladores de la comunidad nativa.<\/p>\n<p>La investigaci\u00f3n adelantada por un fiscal la Direcci\u00f3n Seccional de La Guajira permiti\u00f3 evidenciar la presunta <strong>apropiaci\u00f3n<\/strong> de por lo menos <strong>$1.000\u2019000.000<\/strong>, de un convenio por $2.223\u2019000.000, celebrado entre la <strong>Asociaci\u00f3n Shipia Way\u00fau<\/strong> \u2014cuyo representante es el hoy procesado\u2014 y el <strong>Incoder<\/strong> (Instituto Colombiano de Desarrollo Rural), entidad que aport\u00f3 $1.448\u2019000.000 del total.<\/p>\n<p>El objeto del convenio era realizar el <strong>proyecto de desarrollo rural<\/strong> con aplicaci\u00f3n de enfoque \u00e9tnico diferencial <strong>a favor de 31 comunidades<\/strong> del pueblo Way\u00fau, <strong>que integran 200 familias<\/strong> organizadas en la Asociaci\u00f3n de autoridades tradicionales ind\u00edgenas Shipia Way\u00fau, para el fortalecimiento de la <strong>econom\u00eda tradicional<\/strong> en el resguardo de la <strong>alta y media Guajira<\/strong>. Sin embargo, adem\u00e1s del posible desv\u00edo de los recursos, se habr\u00edan presentado <strong>irregularidades en la ejecuci\u00f3n y liquidaci\u00f3n<\/strong> del citado convenio.<\/p>\n<p>Por estos hechos, el ente acusador le imput\u00f3 cargos a Javier Rojas Uriana por los delitos de <strong>peculado por apropiaci\u00f3n, contrato sin cumplimiento de los requisitos legales y falsedad ideol\u00f3gica en documento p\u00fablico<\/strong>.<\/p>\n<p>El juez de control de garant\u00edas de Riohacha que conoci\u00f3 el caso aval\u00f3 los argumentos de la Fiscal\u00eda y dict\u00f3 <strong>medida de aseguramiento en centro carcelario <\/strong>contra el investigado.<\/p>\n<p>La Fiscal\u00eda hace p\u00fablica esta informaci\u00f3n por considerarla de inter\u00e9s general.<\/p>\n<p>&nbsp;<\/p>\n<p>DLBM<\/p>\n\n<div class=\"twitter-share\"><a href=\"https:\/\/twitter.com\/intent\/tweet?via=fiscaliacol\" class=\"twitter-share-button\">Tweet<\/a><\/div>\n","protected":false},"excerpt":{"rendered":"<p>El programa de fortalecimiento de la econom\u00eda tradicional beneficiar\u00eda a 200 familias de esa comunidad ind\u00edgena, pero aproximadamente $1000 millones fueron desviados. Como parte del Plan Bolsillos de Cristal, el [&hellip;]<\/p>\n","protected":false},"author":162,"featured_media":0,"comment_status":"closed","ping_status":"open","sticky":false,"template":"","format":"standard","meta":{"tdm_status":"","tdm_grid_status":"","footnotes":""},"categories":[24107,797,303],"tags":[],"class_list":["post-177678","post","type-post","status-publish","format-standard","category-lucha-contra-corrupcion","category-seccional-riohacha","category-seccionales"],"yoast_head":"<!-- This site is optimized with the Yoast SEO plugin v24.3 - https:\/\/yoast.com\/wordpress\/plugins\/seo\/ -->\n<title>Fiscal\u00eda General de la Naci\u00f3n<\/title>\n<meta name=\"description\" content=\"P\u00e1gina oficial de la Fiscal\u00eda General de la Naci\u00f3n \u2013 Colombia. Garantizamos el acceso efectivo a la justicia, la verdad y la reparaci\u00f3n de las v\u00edctimas de los delitos.\" \/>\n<meta name=\"robots\" content=\"noindex, follow\" \/>\n<meta property=\"og:locale\" content=\"es_ES\" \/>\n<meta property=\"og:type\" content=\"article\" \/>\n<meta property=\"og:title\" content=\"Fiscal\u00eda General de la Naci\u00f3n\" \/>\n<meta property=\"og:description\" content=\"P\u00e1gina oficial de la Fiscal\u00eda General de la Naci\u00f3n \u2013 Colombia. Garantizamos el acceso efectivo a la justicia, la verdad y la reparaci\u00f3n de las v\u00edctimas de los delitos.\" \/>\n<meta property=\"og:url\" content=\"https:\/\/www.fiscalia.gov.co\/colombia\/seccionales\/asegurado-un-lider-de-la-etnia-wayuu-por-posibles-anomalias-en-ejecucion-de-convenio-para-proyecto-de-desarrollo-rural\/\" \/>\n<meta property=\"og:site_name\" content=\"Fiscal\u00eda General de la Naci\u00f3n\" \/>\n<meta property=\"article:publisher\" content=\"https:\/\/www.facebook.com\/FiscaliaCol\" \/>\n<meta property=\"article:published_time\" content=\"2019-04-01T14:41:14+00:00\" \/>\n<meta name=\"author\" content=\"Direcci\u00f3n de Comunicaciones Fiscal\u00eda General de la Naci\u00f3n\" \/>\n<meta name=\"twitter:card\" content=\"summary_large_image\" \/>\n<meta name=\"twitter:creator\" content=\"@FiscaliaCol\" \/>\n<meta name=\"twitter:site\" content=\"@FiscaliaCol\" \/>\n<meta name=\"twitter:label1\" content=\"Escrito por\" \/>\n\t<meta name=\"twitter:data1\" content=\"Direcci\u00f3n de Comunicaciones Fiscal\u00eda General de la Naci\u00f3n\" \/>\n\t<meta name=\"twitter:label2\" content=\"Tiempo de lectura\" \/>\n\t<meta name=\"twitter:data2\" content=\"2 minutos\" \/>\n<script type=\"application\/ld+json\" class=\"yoast-schema-graph\">{\"@context\":\"https:\/\/schema.org\",\"@graph\":[{\"@type\":\"Article\",\"@id\":\"https:\/\/www.fiscalia.gov.co\/colombia\/seccionales\/asegurado-un-lider-de-la-etnia-wayuu-por-posibles-anomalias-en-ejecucion-de-convenio-para-proyecto-de-desarrollo-rural\/#article\",\"isPartOf\":{\"@id\":\"https:\/\/www.fiscalia.gov.co\/colombia\/seccionales\/asegurado-un-lider-de-la-etnia-wayuu-por-posibles-anomalias-en-ejecucion-de-convenio-para-proyecto-de-desarrollo-rural\/\"},\"author\":{\"name\":\"Direcci\u00f3n de Comunicaciones Fiscal\u00eda General de la Naci\u00f3n\",\"@id\":\"https:\/\/www.fiscalia.gov.co\/colombia\/#\/schema\/person\/bf28d8ae7f1b287bbe3af484b04f43ea\"},\"headline\":\"Asegurado un l\u00edder de la etnia Way\u00fau por posibles anomal\u00edas en ejecuci\u00f3n de convenio para proyecto de desarrollo rural\",\"datePublished\":\"2019-04-01T14:41:14+00:00\",\"dateModified\":\"2019-04-01T14:41:14+00:00\",\"mainEntityOfPage\":{\"@id\":\"https:\/\/www.fiscalia.gov.co\/colombia\/seccionales\/asegurado-un-lider-de-la-etnia-wayuu-por-posibles-anomalias-en-ejecucion-de-convenio-para-proyecto-de-desarrollo-rural\/\"},\"wordCount\":338,\"publisher\":{\"@id\":\"https:\/\/www.fiscalia.gov.co\/colombia\/#organization\"},\"articleSection\":[\"Corrupci\u00f3n\",\"Seccional Riohacha\",\"Seccionales\"],\"inLanguage\":\"es-CO\"},{\"@type\":\"WebPage\",\"@id\":\"https:\/\/www.fiscalia.gov.co\/colombia\/seccionales\/asegurado-un-lider-de-la-etnia-wayuu-por-posibles-anomalias-en-ejecucion-de-convenio-para-proyecto-de-desarrollo-rural\/\",\"url\":\"https:\/\/www.fiscalia.gov.co\/colombia\/seccionales\/asegurado-un-lider-de-la-etnia-wayuu-por-posibles-anomalias-en-ejecucion-de-convenio-para-proyecto-de-desarrollo-rural\/\",\"name\":\"Fiscal\u00eda General de la Naci\u00f3n\",\"isPartOf\":{\"@id\":\"https:\/\/www.fiscalia.gov.co\/colombia\/#website\"},\"datePublished\":\"2019-04-01T14:41:14+00:00\",\"dateModified\":\"2019-04-01T14:41:14+00:00\",\"description\":\"P\u00e1gina oficial de la Fiscal\u00eda General de la Naci\u00f3n \u2013 Colombia. Garantizamos el acceso efectivo a la justicia, la verdad y la reparaci\u00f3n de las v\u00edctimas de los delitos.\",\"breadcrumb\":{\"@id\":\"https:\/\/www.fiscalia.gov.co\/colombia\/seccionales\/asegurado-un-lider-de-la-etnia-wayuu-por-posibles-anomalias-en-ejecucion-de-convenio-para-proyecto-de-desarrollo-rural\/#breadcrumb\"},\"inLanguage\":\"es-CO\",\"potentialAction\":[{\"@type\":\"ReadAction\",\"target\":[\"https:\/\/www.fiscalia.gov.co\/colombia\/seccionales\/asegurado-un-lider-de-la-etnia-wayuu-por-posibles-anomalias-en-ejecucion-de-convenio-para-proyecto-de-desarrollo-rural\/\"]}]},{\"@type\":\"BreadcrumbList\",\"@id\":\"https:\/\/www.fiscalia.gov.co\/colombia\/seccionales\/asegurado-un-lider-de-la-etnia-wayuu-por-posibles-anomalias-en-ejecucion-de-convenio-para-proyecto-de-desarrollo-rural\/#breadcrumb\",\"itemListElement\":[{\"@type\":\"ListItem\",\"position\":1,\"name\":\"Home\",\"item\":\"https:\/\/www.fiscalia.gov.co\/colombia\/\"},{\"@type\":\"ListItem\",\"position\":2,\"name\":\"Asegurado un l\u00edder de la etnia Way\u00fau por posibles anomal\u00edas en ejecuci\u00f3n de convenio para proyecto de desarrollo rural\"}]},{\"@type\":\"WebSite\",\"@id\":\"https:\/\/www.fiscalia.gov.co\/colombia\/#website\",\"url\":\"https:\/\/www.fiscalia.gov.co\/colombia\/\",\"name\":\"Fiscal\u00eda General de la Naci\u00f3n\",\"description\":\"P\u00e1gina oficial de la Fiscal\u00eda General de la Naci\u00f3n \u2013 Colombia. Garantizamos el acceso efectivo a la justicia, la verdad y la reparaci\u00f3n de las v\u00edctimas de los delitos.\",\"publisher\":{\"@id\":\"https:\/\/www.fiscalia.gov.co\/colombia\/#organization\"},\"potentialAction\":[{\"@type\":\"SearchAction\",\"target\":{\"@type\":\"EntryPoint\",\"urlTemplate\":\"https:\/\/www.fiscalia.gov.co\/colombia\/?s={search_term_string}\"},\"query-input\":{\"@type\":\"PropertyValueSpecification\",\"valueRequired\":true,\"valueName\":\"search_term_string\"}}],\"inLanguage\":\"es-CO\"},{\"@type\":\"Organization\",\"@id\":\"https:\/\/www.fiscalia.gov.co\/colombia\/#organization\",\"name\":\"Fiscal\u00eda General de la Naci\u00f3n\",\"url\":\"https:\/\/www.fiscalia.gov.co\/colombia\/\",\"logo\":{\"@type\":\"ImageObject\",\"inLanguage\":\"es-CO\",\"@id\":\"https:\/\/www.fiscalia.gov.co\/colombia\/#\/schema\/logo\/image\/\",\"url\":\"https:\/\/www.fiscalia.gov.co\/colombia\/wp-content\/uploads\/LogoHorizontal_1.jpg\",\"contentUrl\":\"https:\/\/www.fiscalia.gov.co\/colombia\/wp-content\/uploads\/LogoHorizontal_1.jpg\",\"width\":300,\"height\":90,\"caption\":\"Fiscal\u00eda General de la Naci\u00f3n\"},\"image\":{\"@id\":\"https:\/\/www.fiscalia.gov.co\/colombia\/#\/schema\/logo\/image\/\"},\"sameAs\":[\"https:\/\/www.facebook.com\/FiscaliaCol\",\"https:\/\/x.com\/FiscaliaCol\",\"https:\/\/www.instagram.com\/fiscaliacol\",\"https:\/\/www.linkedin.com\/company\/fiscalia-general-de-la-naci-n\/\",\"https:\/\/youtube.com\/@fiscaliageneraldelanacion-4668?si=6nN79nyQICPU5iTh\"]},{\"@type\":\"Person\",\"@id\":\"https:\/\/www.fiscalia.gov.co\/colombia\/#\/schema\/person\/bf28d8ae7f1b287bbe3af484b04f43ea\",\"name\":\"Direcci\u00f3n de Comunicaciones Fiscal\u00eda General de la Naci\u00f3n\",\"image\":{\"@type\":\"ImageObject\",\"inLanguage\":\"es-CO\",\"@id\":\"https:\/\/www.fiscalia.gov.co\/colombia\/#\/schema\/person\/image\/\",\"url\":\"https:\/\/secure.gravatar.com\/avatar\/9d55ae161d32da16dbdd0b380c080a5f?s=96&d=mm&r=g\",\"contentUrl\":\"https:\/\/secure.gravatar.com\/avatar\/9d55ae161d32da16dbdd0b380c080a5f?s=96&d=mm&r=g\",\"caption\":\"Direcci\u00f3n de Comunicaciones Fiscal\u00eda General de la Naci\u00f3n\"},\"url\":\"https:\/\/www.fiscalia.gov.co\/colombia\/author\/kbonilla\/\"}]}<\/script>\n<!-- \/ Yoast SEO plugin. -->","yoast_head_json":{"title":"Fiscal\u00eda General de la Naci\u00f3n","description":"P\u00e1gina oficial de la Fiscal\u00eda General de la Naci\u00f3n \u2013 Colombia. Garantizamos el acceso efectivo a la justicia, la verdad y la reparaci\u00f3n de las v\u00edctimas de los delitos.","robots":{"index":"noindex","follow":"follow"},"og_locale":"es_ES","og_type":"article","og_title":"Fiscal\u00eda General de la Naci\u00f3n","og_description":"P\u00e1gina oficial de la Fiscal\u00eda General de la Naci\u00f3n \u2013 Colombia. Garantizamos el acceso efectivo a la justicia, la verdad y la reparaci\u00f3n de las v\u00edctimas de los delitos.","og_url":"https:\/\/www.fiscalia.gov.co\/colombia\/seccionales\/asegurado-un-lider-de-la-etnia-wayuu-por-posibles-anomalias-en-ejecucion-de-convenio-para-proyecto-de-desarrollo-rural\/","og_site_name":"Fiscal\u00eda General de la Naci\u00f3n","article_publisher":"https:\/\/www.facebook.com\/FiscaliaCol","article_published_time":"2019-04-01T14:41:14+00:00","author":"Direcci\u00f3n de Comunicaciones Fiscal\u00eda General de la Naci\u00f3n","twitter_card":"summary_large_image","twitter_creator":"@FiscaliaCol","twitter_site":"@FiscaliaCol","twitter_misc":{"Escrito por":"Direcci\u00f3n de Comunicaciones Fiscal\u00eda General de la Naci\u00f3n","Tiempo de lectura":"2 minutos"},"schema":{"@context":"https:\/\/schema.org","@graph":[{"@type":"Article","@id":"https:\/\/www.fiscalia.gov.co\/colombia\/seccionales\/asegurado-un-lider-de-la-etnia-wayuu-por-posibles-anomalias-en-ejecucion-de-convenio-para-proyecto-de-desarrollo-rural\/#article","isPartOf":{"@id":"https:\/\/www.fiscalia.gov.co\/colombia\/seccionales\/asegurado-un-lider-de-la-etnia-wayuu-por-posibles-anomalias-en-ejecucion-de-convenio-para-proyecto-de-desarrollo-rural\/"},"author":{"name":"Direcci\u00f3n de Comunicaciones Fiscal\u00eda General de la Naci\u00f3n","@id":"https:\/\/www.fiscalia.gov.co\/colombia\/#\/schema\/person\/bf28d8ae7f1b287bbe3af484b04f43ea"},"headline":"Asegurado un l\u00edder de la etnia Way\u00fau por posibles anomal\u00edas en ejecuci\u00f3n de convenio para proyecto de desarrollo rural","datePublished":"2019-04-01T14:41:14+00:00","dateModified":"2019-04-01T14:41:14+00:00","mainEntityOfPage":{"@id":"https:\/\/www.fiscalia.gov.co\/colombia\/seccionales\/asegurado-un-lider-de-la-etnia-wayuu-por-posibles-anomalias-en-ejecucion-de-convenio-para-proyecto-de-desarrollo-rural\/"},"wordCount":338,"publisher":{"@id":"https:\/\/www.fiscalia.gov.co\/colombia\/#organization"},"articleSection":["Corrupci\u00f3n","Seccional Riohacha","Seccionales"],"inLanguage":"es-CO"},{"@type":"WebPage","@id":"https:\/\/www.fiscalia.gov.co\/colombia\/seccionales\/asegurado-un-lider-de-la-etnia-wayuu-por-posibles-anomalias-en-ejecucion-de-convenio-para-proyecto-de-desarrollo-rural\/","url":"https:\/\/www.fiscalia.gov.co\/colombia\/seccionales\/asegurado-un-lider-de-la-etnia-wayuu-por-posibles-anomalias-en-ejecucion-de-convenio-para-proyecto-de-desarrollo-rural\/","name":"Fiscal\u00eda General de la Naci\u00f3n","isPartOf":{"@id":"https:\/\/www.fiscalia.gov.co\/colombia\/#website"},"datePublished":"2019-04-01T14:41:14+00:00","dateModified":"2019-04-01T14:41:14+00:00","description":"P\u00e1gina oficial de la Fiscal\u00eda General de la Naci\u00f3n \u2013 Colombia. Garantizamos el acceso efectivo a la justicia, la verdad y la reparaci\u00f3n de las v\u00edctimas de los delitos.","breadcrumb":{"@id":"https:\/\/www.fiscalia.gov.co\/colombia\/seccionales\/asegurado-un-lider-de-la-etnia-wayuu-por-posibles-anomalias-en-ejecucion-de-convenio-para-proyecto-de-desarrollo-rural\/#breadcrumb"},"inLanguage":"es-CO","potentialAction":[{"@type":"ReadAction","target":["https:\/\/www.fiscalia.gov.co\/colombia\/seccionales\/asegurado-un-lider-de-la-etnia-wayuu-por-posibles-anomalias-en-ejecucion-de-convenio-para-proyecto-de-desarrollo-rural\/"]}]},{"@type":"BreadcrumbList","@id":"https:\/\/www.fiscalia.gov.co\/colombia\/seccionales\/asegurado-un-lider-de-la-etnia-wayuu-por-posibles-anomalias-en-ejecucion-de-convenio-para-proyecto-de-desarrollo-rural\/#breadcrumb","itemListElement":[{"@type":"ListItem","position":1,"name":"Home","item":"https:\/\/www.fiscalia.gov.co\/colombia\/"},{"@type":"ListItem","position":2,"name":"Asegurado un l\u00edder de la etnia Way\u00fau por posibles anomal\u00edas en ejecuci\u00f3n de convenio para proyecto de desarrollo rural"}]},{"@type":"WebSite","@id":"https:\/\/www.fiscalia.gov.co\/colombia\/#website","url":"https:\/\/www.fiscalia.gov.co\/colombia\/","name":"Fiscal\u00eda General de la Naci\u00f3n","description":"P\u00e1gina oficial de la Fiscal\u00eda General de la Naci\u00f3n \u2013 Colombia. Garantizamos el acceso efectivo a la justicia, la verdad y la reparaci\u00f3n de las v\u00edctimas de los delitos.","publisher":{"@id":"https:\/\/www.fiscalia.gov.co\/colombia\/#organization"},"potentialAction":[{"@type":"SearchAction","target":{"@type":"EntryPoint","urlTemplate":"https:\/\/www.fiscalia.gov.co\/colombia\/?s={search_term_string}"},"query-input":{"@type":"PropertyValueSpecification","valueRequired":true,"valueName":"search_term_string"}}],"inLanguage":"es-CO"},{"@type":"Organization","@id":"https:\/\/www.fiscalia.gov.co\/colombia\/#organization","name":"Fiscal\u00eda General de la Naci\u00f3n","url":"https:\/\/www.fiscalia.gov.co\/colombia\/","logo":{"@type":"ImageObject","inLanguage":"es-CO","@id":"https:\/\/www.fiscalia.gov.co\/colombia\/#\/schema\/logo\/image\/","url":"https:\/\/www.fiscalia.gov.co\/colombia\/wp-content\/uploads\/LogoHorizontal_1.jpg","contentUrl":"https:\/\/www.fiscalia.gov.co\/colombia\/wp-content\/uploads\/LogoHorizontal_1.jpg","width":300,"height":90,"caption":"Fiscal\u00eda General de la Naci\u00f3n"},"image":{"@id":"https:\/\/www.fiscalia.gov.co\/colombia\/#\/schema\/logo\/image\/"},"sameAs":["https:\/\/www.facebook.com\/FiscaliaCol","https:\/\/x.com\/FiscaliaCol","https:\/\/www.instagram.com\/fiscaliacol","https:\/\/www.linkedin.com\/company\/fiscalia-general-de-la-naci-n\/","https:\/\/youtube.com\/@fiscaliageneraldelanacion-4668?si=6nN79nyQICPU5iTh"]},{"@type":"Person","@id":"https:\/\/www.fiscalia.gov.co\/colombia\/#\/schema\/person\/bf28d8ae7f1b287bbe3af484b04f43ea","name":"Direcci\u00f3n de Comunicaciones Fiscal\u00eda General de la Naci\u00f3n","image":{"@type":"ImageObject","inLanguage":"es-CO","@id":"https:\/\/www.fiscalia.gov.co\/colombia\/#\/schema\/person\/image\/","url":"https:\/\/secure.gravatar.com\/avatar\/9d55ae161d32da16dbdd0b380c080a5f?s=96&d=mm&r=g","contentUrl":"https:\/\/secure.gravatar.com\/avatar\/9d55ae161d32da16dbdd0b380c080a5f?s=96&d=mm&r=g","caption":"Direcci\u00f3n de Comunicaciones Fiscal\u00eda General de la Naci\u00f3n"},"url":"https:\/\/www.fiscalia.gov.co\/colombia\/author\/kbonilla\/"}]}},"_links":{"self":[{"href":"https:\/\/www.fiscalia.gov.co\/colombia\/wp-json\/wp\/v2\/posts\/177678","targetHints":{"allow":["GET"]}}],"collection":[{"href":"https:\/\/www.fiscalia.gov.co\/colombia\/wp-json\/wp\/v2\/posts"}],"about":[{"href":"https:\/\/www.fiscalia.gov.co\/colombia\/wp-json\/wp\/v2\/types\/post"}],"author":[{"embeddable":true,"href":"https:\/\/www.fiscalia.gov.co\/colombia\/wp-json\/wp\/v2\/users\/162"}],"replies":[{"embeddable":true,"href":"https:\/\/www.fiscalia.gov.co\/colombia\/wp-json\/wp\/v2\/comments?post=177678"}],"version-history":[{"count":1,"href":"https:\/\/www.fiscalia.gov.co\/colombia\/wp-json\/wp\/v2\/posts\/177678\/revisions"}],"predecessor-version":[{"id":177680,"href":"https:\/\/www.fiscalia.gov.co\/colombia\/wp-json\/wp\/v2\/posts\/177678\/revisions\/177680"}],"wp:attachment":[{"href":"https:\/\/www.fiscalia.gov.co\/colombia\/wp-json\/wp\/v2\/media?parent=177678"}],"wp:term":[{"taxonomy":"category","embeddable":true,"href":"https:\/\/www.fiscalia.gov.co\/colombia\/wp-json\/wp\/v2\/categories?post=177678"},{"taxonomy":"post_tag","embeddable":true,"href":"https:\/\/www.fiscalia.gov.co\/colombia\/wp-json\/wp\/v2\/tags?post=177678"}],"curies":[{"name":"wp","href":"https:\/\/api.w.org\/{rel}","templated":true}]}}