{"id":177448,"date":"2019-03-27T10:03:43","date_gmt":"2019-03-27T15:03:43","guid":{"rendered":"https:\/\/www.fiscalia.gov.co\/colombia\/?p=177448"},"modified":"2019-03-27T10:26:52","modified_gmt":"2019-03-27T15:26:52","slug":"medida-de-aseguramiento-para-servidores-del-consejo-de-la-judicatura-por-presunta-corrupcion-en-manejo-de-parqueaderos","status":"publish","type":"post","link":"https:\/\/www.fiscalia.gov.co\/colombia\/seccionales\/medida-de-aseguramiento-para-servidores-del-consejo-de-la-judicatura-por-presunta-corrupcion-en-manejo-de-parqueaderos\/","title":{"rendered":"Medida de aseguramiento para servidores del Consejo de la Judicatura por presunta corrupci\u00f3n en manejo de parqueaderos"},"content":{"rendered":"<p>Por solicitud de la Fiscal\u00eda, el Juzgado 76 Penal Municipal, con funci\u00f3n de control de garant\u00edas, impuso <strong>medida de aseguramiento en establecimiento carcelario<\/strong> en contra de <strong>cinco funcionarios del Consejo de la Judicatura<\/strong>, por los delitos de concierto para delinquir, prevaricato por acci\u00f3n, prevaricato por omisi\u00f3n, falsedad ideol\u00f3gica en documento p\u00fablico, asesoramiento ilegal y concusi\u00f3n.<\/p>\n<p>La Rama Judicial expidi\u00f3 el <strong>Acuerdo 2586 de 2004<\/strong>, por medio del cual deleg\u00f3 a las Direcciones Ejecutivas\u00a0de Administraci\u00f3n Judicial la facultad de organizar cada a\u00f1o una convocatoria p\u00fablica para que los\u00a0propietarios de parqueaderos se postularan para custodiar veh\u00edculos inmovilizados por orden judicial. Sin embargo, en desarrollo de la investigaci\u00f3n, se estableci\u00f3 que para la vigencia 2014-2018, la <strong>Direcci\u00f3n Ejecutiva Seccional de Administraci\u00f3n Judicial de Bogot\u00e1 &#8211; Cundinamarca, al parecer emiti\u00f3 resoluciones que contrariaban la norma<\/strong>,\u00a0<strong>favoreciendo a sociedades que no acreditaban los requisitos exigidos.<\/strong><\/p>\n<p>Los hechos que se investigan corresponden a la presunta existencia de acuerdos entre funcionarios y particulares, con el fin de proferir resoluciones a pesar del incumplimiento de los requisitos, las cuales designaban registros de\u00a0parqueaderos que serv\u00edan como bodegas judiciales, <strong>exigiendo a cambio sumas de dinero<\/strong>.<\/p>\n<p>Un fiscal de la Estructura de Apoyo de la Direcci\u00f3n Seccional de Bogot\u00e1, que asumi\u00f3 el caso, con apoyo del CTI, logr\u00f3 este 20 de marzo, la captura de:<\/p>\n<ol>\n<li><strong>Carlos Enrique M\u00e1smela Gonz\u00e1lez<\/strong>, director ejecutivo seccional de Administraci\u00f3n Judicial Bogot\u00e1 \u2013 Cundinamarca.<\/li>\n<li><strong>Fredi Antonio Tequia Correa<\/strong>, quien para la \u00e9poca de los hechos se desempe\u00f1aba labores en la Coordinaci\u00f3n Jur\u00eddica de la Direcci\u00f3n Ejecutiva Seccional.<\/li>\n<li><strong>Pedro Julio G\u00f3mez Rodr\u00edguez<\/strong>, director de la Unidad de Asistencia Legal de la Direcci\u00f3n Ejecutiva de Administraci\u00f3n Judicial<\/li>\n<li><strong>Salom\u00f3n Motta Polan\u00eda<\/strong>, funcionario de la Direcci\u00f3n Ejecutiva de Administraci\u00f3n Judicial.<\/li>\n<\/ol>\n<p>Los dos \u00faltimos, supuestamente intervinieron en la proyecci\u00f3n y revisi\u00f3n de actos administrativos que en segunda instancia ratificaban las resoluciones proferidas de manera irregular por la Direcci\u00f3n Seccional.<\/p>\n<p>Por otra parte, la Fiscal\u00eda tambi\u00e9n cit\u00f3 a <strong>Margarita Rosa Vega Santofimio<\/strong>, para que asistiera a la audiencia de formulaci\u00f3n de imputaci\u00f3n.<\/p>\n<p>En audiencias concentradas, previa legalizaci\u00f3n de las capturas e imputaci\u00f3n, ninguno de los procesados acept\u00f3 cargos.<\/p>\n<p>La Fiscal\u00eda hace p\u00fablica esta informaci\u00f3n por considerarla de inter\u00e9s general.<\/p>\n<p>&nbsp;<\/p>\n<p>LMFO\/DLBM<\/p>\n<p>&nbsp;<\/p>\n<p>&nbsp;<\/p>\n\n<div class=\"twitter-share\"><a href=\"https:\/\/twitter.com\/intent\/tweet?via=fiscaliacol\" class=\"twitter-share-button\">Tweet<\/a><\/div>\n","protected":false},"excerpt":{"rendered":"<p>Por solicitud de la Fiscal\u00eda, el Juzgado 76 Penal Municipal, con funci\u00f3n de control de garant\u00edas, impuso medida de aseguramiento en establecimiento carcelario en contra de cinco funcionarios del Consejo [&hellip;]<\/p>\n","protected":false},"author":162,"featured_media":0,"comment_status":"closed","ping_status":"open","sticky":false,"template":"","format":"standard","meta":{"tdm_status":"","tdm_grid_status":"","footnotes":""},"categories":[24107,321,303],"tags":[],"class_list":["post-177448","post","type-post","status-publish","format-standard","category-lucha-contra-corrupcion","category-seccional-bogota","category-seccionales"],"yoast_head":"<!-- This site is optimized with the Yoast SEO plugin v24.3 - https:\/\/yoast.com\/wordpress\/plugins\/seo\/ -->\n<title>Fiscal\u00eda General de la Naci\u00f3n<\/title>\n<meta name=\"description\" content=\"P\u00e1gina oficial de la Fiscal\u00eda General de la Naci\u00f3n \u2013 Colombia. Garantizamos el acceso efectivo a la justicia, la verdad y la reparaci\u00f3n de las v\u00edctimas de los delitos.\" \/>\n<meta name=\"robots\" content=\"noindex, follow\" \/>\n<meta property=\"og:locale\" content=\"es_ES\" \/>\n<meta property=\"og:type\" content=\"article\" \/>\n<meta property=\"og:title\" content=\"Fiscal\u00eda General de la Naci\u00f3n\" \/>\n<meta property=\"og:description\" content=\"P\u00e1gina oficial de la Fiscal\u00eda General de la Naci\u00f3n \u2013 Colombia. Garantizamos el acceso efectivo a la justicia, la verdad y la reparaci\u00f3n de las v\u00edctimas de los delitos.\" \/>\n<meta property=\"og:url\" content=\"https:\/\/www.fiscalia.gov.co\/colombia\/seccionales\/medida-de-aseguramiento-para-servidores-del-consejo-de-la-judicatura-por-presunta-corrupcion-en-manejo-de-parqueaderos\/\" \/>\n<meta property=\"og:site_name\" content=\"Fiscal\u00eda General de la Naci\u00f3n\" \/>\n<meta property=\"article:publisher\" content=\"https:\/\/www.facebook.com\/FiscaliaCol\" \/>\n<meta property=\"article:published_time\" content=\"2019-03-27T15:03:43+00:00\" \/>\n<meta property=\"article:modified_time\" content=\"2019-03-27T15:26:52+00:00\" \/>\n<meta name=\"author\" content=\"Direcci\u00f3n de Comunicaciones Fiscal\u00eda General de la Naci\u00f3n\" \/>\n<meta name=\"twitter:card\" content=\"summary_large_image\" \/>\n<meta name=\"twitter:creator\" content=\"@FiscaliaCol\" \/>\n<meta name=\"twitter:site\" content=\"@FiscaliaCol\" \/>\n<meta name=\"twitter:label1\" content=\"Escrito por\" \/>\n\t<meta name=\"twitter:data1\" content=\"Direcci\u00f3n de Comunicaciones Fiscal\u00eda General de la Naci\u00f3n\" \/>\n\t<meta name=\"twitter:label2\" content=\"Tiempo de lectura\" \/>\n\t<meta name=\"twitter:data2\" content=\"2 minutos\" \/>\n<script type=\"application\/ld+json\" class=\"yoast-schema-graph\">{\"@context\":\"https:\/\/schema.org\",\"@graph\":[{\"@type\":\"Article\",\"@id\":\"https:\/\/www.fiscalia.gov.co\/colombia\/seccionales\/medida-de-aseguramiento-para-servidores-del-consejo-de-la-judicatura-por-presunta-corrupcion-en-manejo-de-parqueaderos\/#article\",\"isPartOf\":{\"@id\":\"https:\/\/www.fiscalia.gov.co\/colombia\/seccionales\/medida-de-aseguramiento-para-servidores-del-consejo-de-la-judicatura-por-presunta-corrupcion-en-manejo-de-parqueaderos\/\"},\"author\":{\"name\":\"Direcci\u00f3n de Comunicaciones Fiscal\u00eda General de la Naci\u00f3n\",\"@id\":\"https:\/\/www.fiscalia.gov.co\/colombia\/#\/schema\/person\/bf28d8ae7f1b287bbe3af484b04f43ea\"},\"headline\":\"Medida de aseguramiento para servidores del Consejo de la Judicatura por presunta corrupci\u00f3n en manejo de parqueaderos\",\"datePublished\":\"2019-03-27T15:03:43+00:00\",\"dateModified\":\"2019-03-27T15:26:52+00:00\",\"mainEntityOfPage\":{\"@id\":\"https:\/\/www.fiscalia.gov.co\/colombia\/seccionales\/medida-de-aseguramiento-para-servidores-del-consejo-de-la-judicatura-por-presunta-corrupcion-en-manejo-de-parqueaderos\/\"},\"wordCount\":422,\"publisher\":{\"@id\":\"https:\/\/www.fiscalia.gov.co\/colombia\/#organization\"},\"articleSection\":[\"Corrupci\u00f3n\",\"Seccional Bogot\u00e1\",\"Seccionales\"],\"inLanguage\":\"es-CO\"},{\"@type\":\"WebPage\",\"@id\":\"https:\/\/www.fiscalia.gov.co\/colombia\/seccionales\/medida-de-aseguramiento-para-servidores-del-consejo-de-la-judicatura-por-presunta-corrupcion-en-manejo-de-parqueaderos\/\",\"url\":\"https:\/\/www.fiscalia.gov.co\/colombia\/seccionales\/medida-de-aseguramiento-para-servidores-del-consejo-de-la-judicatura-por-presunta-corrupcion-en-manejo-de-parqueaderos\/\",\"name\":\"Fiscal\u00eda General de la Naci\u00f3n\",\"isPartOf\":{\"@id\":\"https:\/\/www.fiscalia.gov.co\/colombia\/#website\"},\"datePublished\":\"2019-03-27T15:03:43+00:00\",\"dateModified\":\"2019-03-27T15:26:52+00:00\",\"description\":\"P\u00e1gina oficial de la Fiscal\u00eda General de la Naci\u00f3n \u2013 Colombia. Garantizamos el acceso efectivo a la justicia, la verdad y la reparaci\u00f3n de las v\u00edctimas de los delitos.\",\"breadcrumb\":{\"@id\":\"https:\/\/www.fiscalia.gov.co\/colombia\/seccionales\/medida-de-aseguramiento-para-servidores-del-consejo-de-la-judicatura-por-presunta-corrupcion-en-manejo-de-parqueaderos\/#breadcrumb\"},\"inLanguage\":\"es-CO\",\"potentialAction\":[{\"@type\":\"ReadAction\",\"target\":[\"https:\/\/www.fiscalia.gov.co\/colombia\/seccionales\/medida-de-aseguramiento-para-servidores-del-consejo-de-la-judicatura-por-presunta-corrupcion-en-manejo-de-parqueaderos\/\"]}]},{\"@type\":\"BreadcrumbList\",\"@id\":\"https:\/\/www.fiscalia.gov.co\/colombia\/seccionales\/medida-de-aseguramiento-para-servidores-del-consejo-de-la-judicatura-por-presunta-corrupcion-en-manejo-de-parqueaderos\/#breadcrumb\",\"itemListElement\":[{\"@type\":\"ListItem\",\"position\":1,\"name\":\"Home\",\"item\":\"https:\/\/www.fiscalia.gov.co\/colombia\/\"},{\"@type\":\"ListItem\",\"position\":2,\"name\":\"Medida de aseguramiento para servidores del Consejo de la Judicatura por presunta corrupci\u00f3n en manejo de parqueaderos\"}]},{\"@type\":\"WebSite\",\"@id\":\"https:\/\/www.fiscalia.gov.co\/colombia\/#website\",\"url\":\"https:\/\/www.fiscalia.gov.co\/colombia\/\",\"name\":\"Fiscal\u00eda General de la Naci\u00f3n\",\"description\":\"P\u00e1gina oficial de la Fiscal\u00eda General de la Naci\u00f3n \u2013 Colombia. Garantizamos el acceso efectivo a la justicia, la verdad y la reparaci\u00f3n de las v\u00edctimas de los delitos.\",\"publisher\":{\"@id\":\"https:\/\/www.fiscalia.gov.co\/colombia\/#organization\"},\"potentialAction\":[{\"@type\":\"SearchAction\",\"target\":{\"@type\":\"EntryPoint\",\"urlTemplate\":\"https:\/\/www.fiscalia.gov.co\/colombia\/?s={search_term_string}\"},\"query-input\":{\"@type\":\"PropertyValueSpecification\",\"valueRequired\":true,\"valueName\":\"search_term_string\"}}],\"inLanguage\":\"es-CO\"},{\"@type\":\"Organization\",\"@id\":\"https:\/\/www.fiscalia.gov.co\/colombia\/#organization\",\"name\":\"Fiscal\u00eda General de la Naci\u00f3n\",\"url\":\"https:\/\/www.fiscalia.gov.co\/colombia\/\",\"logo\":{\"@type\":\"ImageObject\",\"inLanguage\":\"es-CO\",\"@id\":\"https:\/\/www.fiscalia.gov.co\/colombia\/#\/schema\/logo\/image\/\",\"url\":\"https:\/\/www.fiscalia.gov.co\/colombia\/wp-content\/uploads\/LogoHorizontal_1.jpg\",\"contentUrl\":\"https:\/\/www.fiscalia.gov.co\/colombia\/wp-content\/uploads\/LogoHorizontal_1.jpg\",\"width\":300,\"height\":90,\"caption\":\"Fiscal\u00eda General de la Naci\u00f3n\"},\"image\":{\"@id\":\"https:\/\/www.fiscalia.gov.co\/colombia\/#\/schema\/logo\/image\/\"},\"sameAs\":[\"https:\/\/www.facebook.com\/FiscaliaCol\",\"https:\/\/x.com\/FiscaliaCol\",\"https:\/\/www.instagram.com\/fiscaliacol\",\"https:\/\/www.linkedin.com\/company\/fiscalia-general-de-la-naci-n\/\",\"https:\/\/youtube.com\/@fiscaliageneraldelanacion-4668?si=6nN79nyQICPU5iTh\"]},{\"@type\":\"Person\",\"@id\":\"https:\/\/www.fiscalia.gov.co\/colombia\/#\/schema\/person\/bf28d8ae7f1b287bbe3af484b04f43ea\",\"name\":\"Direcci\u00f3n de Comunicaciones Fiscal\u00eda General de la Naci\u00f3n\",\"image\":{\"@type\":\"ImageObject\",\"inLanguage\":\"es-CO\",\"@id\":\"https:\/\/www.fiscalia.gov.co\/colombia\/#\/schema\/person\/image\/\",\"url\":\"https:\/\/secure.gravatar.com\/avatar\/9d55ae161d32da16dbdd0b380c080a5f?s=96&d=mm&r=g\",\"contentUrl\":\"https:\/\/secure.gravatar.com\/avatar\/9d55ae161d32da16dbdd0b380c080a5f?s=96&d=mm&r=g\",\"caption\":\"Direcci\u00f3n de Comunicaciones Fiscal\u00eda General de la Naci\u00f3n\"},\"url\":\"https:\/\/www.fiscalia.gov.co\/colombia\/author\/kbonilla\/\"}]}<\/script>\n<!-- \/ Yoast SEO plugin. -->","yoast_head_json":{"title":"Fiscal\u00eda General de la Naci\u00f3n","description":"P\u00e1gina oficial de la Fiscal\u00eda General de la Naci\u00f3n \u2013 Colombia. Garantizamos el acceso efectivo a la justicia, la verdad y la reparaci\u00f3n de las v\u00edctimas de los delitos.","robots":{"index":"noindex","follow":"follow"},"og_locale":"es_ES","og_type":"article","og_title":"Fiscal\u00eda General de la Naci\u00f3n","og_description":"P\u00e1gina oficial de la Fiscal\u00eda General de la Naci\u00f3n \u2013 Colombia. Garantizamos el acceso efectivo a la justicia, la verdad y la reparaci\u00f3n de las v\u00edctimas de los delitos.","og_url":"https:\/\/www.fiscalia.gov.co\/colombia\/seccionales\/medida-de-aseguramiento-para-servidores-del-consejo-de-la-judicatura-por-presunta-corrupcion-en-manejo-de-parqueaderos\/","og_site_name":"Fiscal\u00eda General de la Naci\u00f3n","article_publisher":"https:\/\/www.facebook.com\/FiscaliaCol","article_published_time":"2019-03-27T15:03:43+00:00","article_modified_time":"2019-03-27T15:26:52+00:00","author":"Direcci\u00f3n de Comunicaciones Fiscal\u00eda General de la Naci\u00f3n","twitter_card":"summary_large_image","twitter_creator":"@FiscaliaCol","twitter_site":"@FiscaliaCol","twitter_misc":{"Escrito por":"Direcci\u00f3n de Comunicaciones Fiscal\u00eda General de la Naci\u00f3n","Tiempo de lectura":"2 minutos"},"schema":{"@context":"https:\/\/schema.org","@graph":[{"@type":"Article","@id":"https:\/\/www.fiscalia.gov.co\/colombia\/seccionales\/medida-de-aseguramiento-para-servidores-del-consejo-de-la-judicatura-por-presunta-corrupcion-en-manejo-de-parqueaderos\/#article","isPartOf":{"@id":"https:\/\/www.fiscalia.gov.co\/colombia\/seccionales\/medida-de-aseguramiento-para-servidores-del-consejo-de-la-judicatura-por-presunta-corrupcion-en-manejo-de-parqueaderos\/"},"author":{"name":"Direcci\u00f3n de Comunicaciones Fiscal\u00eda General de la Naci\u00f3n","@id":"https:\/\/www.fiscalia.gov.co\/colombia\/#\/schema\/person\/bf28d8ae7f1b287bbe3af484b04f43ea"},"headline":"Medida de aseguramiento para servidores del Consejo de la Judicatura por presunta corrupci\u00f3n en manejo de parqueaderos","datePublished":"2019-03-27T15:03:43+00:00","dateModified":"2019-03-27T15:26:52+00:00","mainEntityOfPage":{"@id":"https:\/\/www.fiscalia.gov.co\/colombia\/seccionales\/medida-de-aseguramiento-para-servidores-del-consejo-de-la-judicatura-por-presunta-corrupcion-en-manejo-de-parqueaderos\/"},"wordCount":422,"publisher":{"@id":"https:\/\/www.fiscalia.gov.co\/colombia\/#organization"},"articleSection":["Corrupci\u00f3n","Seccional Bogot\u00e1","Seccionales"],"inLanguage":"es-CO"},{"@type":"WebPage","@id":"https:\/\/www.fiscalia.gov.co\/colombia\/seccionales\/medida-de-aseguramiento-para-servidores-del-consejo-de-la-judicatura-por-presunta-corrupcion-en-manejo-de-parqueaderos\/","url":"https:\/\/www.fiscalia.gov.co\/colombia\/seccionales\/medida-de-aseguramiento-para-servidores-del-consejo-de-la-judicatura-por-presunta-corrupcion-en-manejo-de-parqueaderos\/","name":"Fiscal\u00eda General de la Naci\u00f3n","isPartOf":{"@id":"https:\/\/www.fiscalia.gov.co\/colombia\/#website"},"datePublished":"2019-03-27T15:03:43+00:00","dateModified":"2019-03-27T15:26:52+00:00","description":"P\u00e1gina oficial de la Fiscal\u00eda General de la Naci\u00f3n \u2013 Colombia. Garantizamos el acceso efectivo a la justicia, la verdad y la reparaci\u00f3n de las v\u00edctimas de los delitos.","breadcrumb":{"@id":"https:\/\/www.fiscalia.gov.co\/colombia\/seccionales\/medida-de-aseguramiento-para-servidores-del-consejo-de-la-judicatura-por-presunta-corrupcion-en-manejo-de-parqueaderos\/#breadcrumb"},"inLanguage":"es-CO","potentialAction":[{"@type":"ReadAction","target":["https:\/\/www.fiscalia.gov.co\/colombia\/seccionales\/medida-de-aseguramiento-para-servidores-del-consejo-de-la-judicatura-por-presunta-corrupcion-en-manejo-de-parqueaderos\/"]}]},{"@type":"BreadcrumbList","@id":"https:\/\/www.fiscalia.gov.co\/colombia\/seccionales\/medida-de-aseguramiento-para-servidores-del-consejo-de-la-judicatura-por-presunta-corrupcion-en-manejo-de-parqueaderos\/#breadcrumb","itemListElement":[{"@type":"ListItem","position":1,"name":"Home","item":"https:\/\/www.fiscalia.gov.co\/colombia\/"},{"@type":"ListItem","position":2,"name":"Medida de aseguramiento para servidores del Consejo de la Judicatura por presunta corrupci\u00f3n en manejo de parqueaderos"}]},{"@type":"WebSite","@id":"https:\/\/www.fiscalia.gov.co\/colombia\/#website","url":"https:\/\/www.fiscalia.gov.co\/colombia\/","name":"Fiscal\u00eda General de la Naci\u00f3n","description":"P\u00e1gina oficial de la Fiscal\u00eda General de la Naci\u00f3n \u2013 Colombia. Garantizamos el acceso efectivo a la justicia, la verdad y la reparaci\u00f3n de las v\u00edctimas de los delitos.","publisher":{"@id":"https:\/\/www.fiscalia.gov.co\/colombia\/#organization"},"potentialAction":[{"@type":"SearchAction","target":{"@type":"EntryPoint","urlTemplate":"https:\/\/www.fiscalia.gov.co\/colombia\/?s={search_term_string}"},"query-input":{"@type":"PropertyValueSpecification","valueRequired":true,"valueName":"search_term_string"}}],"inLanguage":"es-CO"},{"@type":"Organization","@id":"https:\/\/www.fiscalia.gov.co\/colombia\/#organization","name":"Fiscal\u00eda General de la Naci\u00f3n","url":"https:\/\/www.fiscalia.gov.co\/colombia\/","logo":{"@type":"ImageObject","inLanguage":"es-CO","@id":"https:\/\/www.fiscalia.gov.co\/colombia\/#\/schema\/logo\/image\/","url":"https:\/\/www.fiscalia.gov.co\/colombia\/wp-content\/uploads\/LogoHorizontal_1.jpg","contentUrl":"https:\/\/www.fiscalia.gov.co\/colombia\/wp-content\/uploads\/LogoHorizontal_1.jpg","width":300,"height":90,"caption":"Fiscal\u00eda General de la Naci\u00f3n"},"image":{"@id":"https:\/\/www.fiscalia.gov.co\/colombia\/#\/schema\/logo\/image\/"},"sameAs":["https:\/\/www.facebook.com\/FiscaliaCol","https:\/\/x.com\/FiscaliaCol","https:\/\/www.instagram.com\/fiscaliacol","https:\/\/www.linkedin.com\/company\/fiscalia-general-de-la-naci-n\/","https:\/\/youtube.com\/@fiscaliageneraldelanacion-4668?si=6nN79nyQICPU5iTh"]},{"@type":"Person","@id":"https:\/\/www.fiscalia.gov.co\/colombia\/#\/schema\/person\/bf28d8ae7f1b287bbe3af484b04f43ea","name":"Direcci\u00f3n de Comunicaciones Fiscal\u00eda General de la Naci\u00f3n","image":{"@type":"ImageObject","inLanguage":"es-CO","@id":"https:\/\/www.fiscalia.gov.co\/colombia\/#\/schema\/person\/image\/","url":"https:\/\/secure.gravatar.com\/avatar\/9d55ae161d32da16dbdd0b380c080a5f?s=96&d=mm&r=g","contentUrl":"https:\/\/secure.gravatar.com\/avatar\/9d55ae161d32da16dbdd0b380c080a5f?s=96&d=mm&r=g","caption":"Direcci\u00f3n de Comunicaciones Fiscal\u00eda General de la Naci\u00f3n"},"url":"https:\/\/www.fiscalia.gov.co\/colombia\/author\/kbonilla\/"}]}},"_links":{"self":[{"href":"https:\/\/www.fiscalia.gov.co\/colombia\/wp-json\/wp\/v2\/posts\/177448","targetHints":{"allow":["GET"]}}],"collection":[{"href":"https:\/\/www.fiscalia.gov.co\/colombia\/wp-json\/wp\/v2\/posts"}],"about":[{"href":"https:\/\/www.fiscalia.gov.co\/colombia\/wp-json\/wp\/v2\/types\/post"}],"author":[{"embeddable":true,"href":"https:\/\/www.fiscalia.gov.co\/colombia\/wp-json\/wp\/v2\/users\/162"}],"replies":[{"embeddable":true,"href":"https:\/\/www.fiscalia.gov.co\/colombia\/wp-json\/wp\/v2\/comments?post=177448"}],"version-history":[{"count":1,"href":"https:\/\/www.fiscalia.gov.co\/colombia\/wp-json\/wp\/v2\/posts\/177448\/revisions"}],"predecessor-version":[{"id":177449,"href":"https:\/\/www.fiscalia.gov.co\/colombia\/wp-json\/wp\/v2\/posts\/177448\/revisions\/177449"}],"wp:attachment":[{"href":"https:\/\/www.fiscalia.gov.co\/colombia\/wp-json\/wp\/v2\/media?parent=177448"}],"wp:term":[{"taxonomy":"category","embeddable":true,"href":"https:\/\/www.fiscalia.gov.co\/colombia\/wp-json\/wp\/v2\/categories?post=177448"},{"taxonomy":"post_tag","embeddable":true,"href":"https:\/\/www.fiscalia.gov.co\/colombia\/wp-json\/wp\/v2\/tags?post=177448"}],"curies":[{"name":"wp","href":"https:\/\/api.w.org\/{rel}","templated":true}]}}