{"id":177310,"date":"2019-03-21T15:06:05","date_gmt":"2019-03-21T20:06:05","guid":{"rendered":"https:\/\/www.fiscalia.gov.co\/colombia\/?p=177310"},"modified":"2019-03-21T15:06:05","modified_gmt":"2019-03-21T20:06:05","slug":"fiscalia-pidio-condena-contra-expresidente-de-corficolombiana-jose-elias-melo-por-interes-indebido-en-el-contrato-ruta-del-sol-ii","status":"publish","type":"post","link":"https:\/\/www.fiscalia.gov.co\/colombia\/seccionales\/fiscalia-pidio-condena-contra-expresidente-de-corficolombiana-jose-elias-melo-por-interes-indebido-en-el-contrato-ruta-del-sol-ii\/","title":{"rendered":"Fiscal\u00eda pidi\u00f3 condena contra expresidente de Corficolombiana Jos\u00e9 El\u00edas Melo por inter\u00e9s indebido en el contrato Ruta del Sol II"},"content":{"rendered":"<blockquote class=\"td_quote_box td_box_center\">\n<h4><strong>Fiscal\u00eda pidi\u00f3 condena contra expresidente de Corficolombiana Jos\u00e9 El\u00edas Melo por inter\u00e9s indebido en el contrato Ruta del Sol II<\/strong><\/h4>\n<\/blockquote>\n<p>Al t\u00e9rmino del <strong>juicio oral<\/strong>, la <strong>Fiscal\u00eda General de la Naci\u00f3n pidi\u00f3<\/strong> al Juzgado 14 Penal del Circuito de conocimiento de Bogot\u00e1 que <strong>imparta una sentencia condenatoria<\/strong> ejemplar en contra del <strong>expresidente de\u00a0 Corficolombiana Jos\u00e9 El\u00edas Melo Acosta<\/strong>, por el <strong>presunto favorecimiento a Odebrecht<\/strong> con la adjudicaci\u00f3n del <strong>contrato Ruta del Sol II,<\/strong> entre 2009 y 2010.<\/p>\n<p>La Fiscal\u00eda en su momento lo acus\u00f3 por los delitos de <strong>cohecho por dar u ofrecer en concurso heterog\u00e9neo con celebraci\u00f3n indebida de contratos<\/strong> a t\u00edtulo de dolo.<\/p>\n<p>De acuerdo con la investigaci\u00f3n, Melo Acosta, como presidente de Corficolombiana <strong>supuestamente conoci\u00f3 y permiti\u00f3 \u2014por omisi\u00f3n\u2014 el flujo de pagos superiores a los 6.5 millones de d\u00f3lares que entreg\u00f3 Odebrecht<\/strong> para que funcionarios del gobierno, entre ellos el ex viceministro de Transporte Gabriel Garc\u00eda Morales favorecieran a la multinacional con la adjudicaci\u00f3n de la Ruta del Sol II.<\/p>\n<p>Al argumentar los alegatos de conclusi\u00f3n, el delegado del ente acusador los resumi\u00f3 de la siguiente:<\/p>\n<p><strong>Evento 1<\/strong><\/p>\n<p>Momento en los que el directivo de Odebrecht en Brasil, Luiz Antonio Bueno Junior, el expresidente de Corficolombiana Jose El\u00edas Melo Acosta, el gerente de Consol Mauricio Mill\u00e1n y el director de Contratos de Odebrecht Manuel Ximenes participan en la\u00a0 autorizaci\u00f3n y desembolso a la empresa espa\u00f1ola de ingenier\u00eda DCS Management S.A.<\/p>\n<p>Seg\u00fan el delegado acusador, ellos sab\u00edan del acuerdo previo, del antecedente a la obtenci\u00f3n de contrato entre el ex viceministro de transporte Gabriel Garc\u00eda Morales y Luiz Antonio Bueno Junior con conocimiento y autorizaci\u00f3n de Jose El\u00edas Melo Acosta.<\/p>\n<p><strong>Evento 2<\/strong><\/p>\n<p>El tr\u00e1mite de pago realizado entre Manuel Ximenes y el gerente de Consol Mauricio Mill\u00e1n siendo, este \u00faltimo, quien alert\u00f3 del pago a Jose El\u00edas Melo Acosta, quien como presidente de Corficolombiana autoriz\u00f3 el desembolso realizado a trav\u00e9s del exgerente de la filial de Banca Privada de Andorra, Andr\u00e9 Norberto Sanguinetti Barros.<\/p>\n<p><strong>Evento 3<\/strong><\/p>\n<p>El tr\u00e1mite de pago realizado entre Manuel Ximenes y Mauricio Mill\u00e1n a la empresa espa\u00f1ola de ingenier\u00eda DCS Management S.A., el cual nunca fue motivo de exigencia previa por parte de El\u00edas Melo para dar dicha autorizaci\u00f3n; nunca exigi\u00f3 los productos y los resultados de la gesti\u00f3n para la cual fue supuestamente fue contratada la empresa espa\u00f1ola.<\/p>\n<p><strong>Evento 4<\/strong><\/p>\n<p>Se verific\u00f3 que el se\u00f1or Manuel Ximenes, quien tramit\u00f3 el pago a la empresa espa\u00f1ola DCS Management S.A., y Melo Acosta aparecen en la etapa precontractual del proyecto y en la ejecuci\u00f3n del contrato: \u201cXimenes como representante de la concesionaria al firmar el contrato de concesi\u00f3n adjudicado por el Inco, y Melo Acosta quien autoriz\u00f3 el pago al ex viceministro Gabriel Garc\u00eda Morales y quien a la vez dio el aval a Mauricio Mill\u00e1n para hacer efectivo el pago a la empresa espa\u00f1ola\u201d agreg\u00f3.<\/p>\n<p>De acuerdo con el ente acusador, en estos cuatro momentos apareci\u00f3 Melo Acosta tanto desde el inicio del proyecto como en su ejecuci\u00f3n.<\/p>\n<p>\u201cMelo Acosta asisti\u00f3 seg\u00fan las actas de reuniones, particip\u00f3 en todas las reuniones de juntas directivas como presidente de Corficolombiana de acuerdo con los documentos y los testimonios llevados a juicio por la Fiscal\u00eda en el proceso judicial\u201d, indic\u00f3.<\/p>\n<p>Finalmente, el fiscal resalt\u00f3 la labor fundamental de los dignatarios del gobierno de Brasil y de Estados Unidos tras las revelaciones hechas en este caso.<\/p>\n<p>\u201cDespu\u00e9s de 7 a\u00f1os de ocurridos los hechos delictivos en el proyecto de la Ruta del Sol II, estos fueron revelados por funcionarios de estos gobiernos, y si no se hubieran pronunciado, seguir\u00edamos con los mismos contratos, los mismos funcionarios corruptos, las mismas empresas y particulares concentrando la contrataci\u00f3n estatal y practicando los mismos vicios en perjuicio de los intereses econ\u00f3micos de los colombianos\u201d concluy\u00f3.<\/p>\n<p>La Fiscal\u00eda hace p\u00fablica esta informaci\u00f3n por razones de inter\u00e9s general.<\/p>\n<p>&nbsp;<\/p>\n<p>CMRM\/DLBM<\/p>\n\n<div class=\"twitter-share\"><a href=\"https:\/\/twitter.com\/intent\/tweet?via=fiscaliacol\" class=\"twitter-share-button\">Tweet<\/a><\/div>\n","protected":false},"excerpt":{"rendered":"<p>Fiscal\u00eda pidi\u00f3 condena contra expresidente de Corficolombiana Jos\u00e9 El\u00edas Melo por inter\u00e9s indebido en el contrato Ruta del Sol II Al t\u00e9rmino del juicio oral, la Fiscal\u00eda General de la [&hellip;]<\/p>\n","protected":false},"author":162,"featured_media":0,"comment_status":"closed","ping_status":"open","sticky":false,"template":"","format":"standard","meta":{"tdm_status":"","tdm_grid_status":"","footnotes":""},"categories":[24107,321,303],"tags":[],"class_list":["post-177310","post","type-post","status-publish","format-standard","category-lucha-contra-corrupcion","category-seccional-bogota","category-seccionales"],"yoast_head":"<!-- This site is optimized with the Yoast SEO plugin v24.3 - https:\/\/yoast.com\/wordpress\/plugins\/seo\/ -->\n<title>Fiscal\u00eda General de la Naci\u00f3n<\/title>\n<meta name=\"description\" content=\"P\u00e1gina oficial de la Fiscal\u00eda General de la Naci\u00f3n \u2013 Colombia. Garantizamos el acceso efectivo a la justicia, la verdad y la reparaci\u00f3n de las v\u00edctimas de los delitos.\" \/>\n<meta name=\"robots\" content=\"noindex, follow\" \/>\n<meta property=\"og:locale\" content=\"es_ES\" \/>\n<meta property=\"og:type\" content=\"article\" \/>\n<meta property=\"og:title\" content=\"Fiscal\u00eda General de la Naci\u00f3n\" \/>\n<meta property=\"og:description\" content=\"P\u00e1gina oficial de la Fiscal\u00eda General de la Naci\u00f3n \u2013 Colombia. Garantizamos el acceso efectivo a la justicia, la verdad y la reparaci\u00f3n de las v\u00edctimas de los delitos.\" \/>\n<meta property=\"og:url\" content=\"https:\/\/www.fiscalia.gov.co\/colombia\/seccionales\/fiscalia-pidio-condena-contra-expresidente-de-corficolombiana-jose-elias-melo-por-interes-indebido-en-el-contrato-ruta-del-sol-ii\/\" \/>\n<meta property=\"og:site_name\" content=\"Fiscal\u00eda General de la Naci\u00f3n\" \/>\n<meta property=\"article:publisher\" content=\"https:\/\/www.facebook.com\/FiscaliaCol\" \/>\n<meta property=\"article:published_time\" content=\"2019-03-21T20:06:05+00:00\" \/>\n<meta name=\"author\" content=\"Direcci\u00f3n de Comunicaciones Fiscal\u00eda General de la Naci\u00f3n\" \/>\n<meta name=\"twitter:card\" content=\"summary_large_image\" \/>\n<meta name=\"twitter:creator\" content=\"@FiscaliaCol\" \/>\n<meta name=\"twitter:site\" content=\"@FiscaliaCol\" \/>\n<meta name=\"twitter:label1\" content=\"Escrito por\" \/>\n\t<meta name=\"twitter:data1\" content=\"Direcci\u00f3n de Comunicaciones Fiscal\u00eda General de la Naci\u00f3n\" \/>\n\t<meta name=\"twitter:label2\" content=\"Tiempo de lectura\" \/>\n\t<meta name=\"twitter:data2\" content=\"3 minutos\" \/>\n<script type=\"application\/ld+json\" class=\"yoast-schema-graph\">{\"@context\":\"https:\/\/schema.org\",\"@graph\":[{\"@type\":\"Article\",\"@id\":\"https:\/\/www.fiscalia.gov.co\/colombia\/seccionales\/fiscalia-pidio-condena-contra-expresidente-de-corficolombiana-jose-elias-melo-por-interes-indebido-en-el-contrato-ruta-del-sol-ii\/#article\",\"isPartOf\":{\"@id\":\"https:\/\/www.fiscalia.gov.co\/colombia\/seccionales\/fiscalia-pidio-condena-contra-expresidente-de-corficolombiana-jose-elias-melo-por-interes-indebido-en-el-contrato-ruta-del-sol-ii\/\"},\"author\":{\"name\":\"Direcci\u00f3n de Comunicaciones Fiscal\u00eda General de la Naci\u00f3n\",\"@id\":\"https:\/\/www.fiscalia.gov.co\/colombia\/#\/schema\/person\/bf28d8ae7f1b287bbe3af484b04f43ea\"},\"headline\":\"Fiscal\u00eda pidi\u00f3 condena contra expresidente de Corficolombiana Jos\u00e9 El\u00edas Melo por inter\u00e9s indebido en el contrato Ruta del Sol II\",\"datePublished\":\"2019-03-21T20:06:05+00:00\",\"dateModified\":\"2019-03-21T20:06:05+00:00\",\"mainEntityOfPage\":{\"@id\":\"https:\/\/www.fiscalia.gov.co\/colombia\/seccionales\/fiscalia-pidio-condena-contra-expresidente-de-corficolombiana-jose-elias-melo-por-interes-indebido-en-el-contrato-ruta-del-sol-ii\/\"},\"wordCount\":715,\"publisher\":{\"@id\":\"https:\/\/www.fiscalia.gov.co\/colombia\/#organization\"},\"articleSection\":[\"Corrupci\u00f3n\",\"Seccional Bogot\u00e1\",\"Seccionales\"],\"inLanguage\":\"es-CO\"},{\"@type\":\"WebPage\",\"@id\":\"https:\/\/www.fiscalia.gov.co\/colombia\/seccionales\/fiscalia-pidio-condena-contra-expresidente-de-corficolombiana-jose-elias-melo-por-interes-indebido-en-el-contrato-ruta-del-sol-ii\/\",\"url\":\"https:\/\/www.fiscalia.gov.co\/colombia\/seccionales\/fiscalia-pidio-condena-contra-expresidente-de-corficolombiana-jose-elias-melo-por-interes-indebido-en-el-contrato-ruta-del-sol-ii\/\",\"name\":\"Fiscal\u00eda General de la Naci\u00f3n\",\"isPartOf\":{\"@id\":\"https:\/\/www.fiscalia.gov.co\/colombia\/#website\"},\"datePublished\":\"2019-03-21T20:06:05+00:00\",\"dateModified\":\"2019-03-21T20:06:05+00:00\",\"description\":\"P\u00e1gina oficial de la Fiscal\u00eda General de la Naci\u00f3n \u2013 Colombia. Garantizamos el acceso efectivo a la justicia, la verdad y la reparaci\u00f3n de las v\u00edctimas de los delitos.\",\"breadcrumb\":{\"@id\":\"https:\/\/www.fiscalia.gov.co\/colombia\/seccionales\/fiscalia-pidio-condena-contra-expresidente-de-corficolombiana-jose-elias-melo-por-interes-indebido-en-el-contrato-ruta-del-sol-ii\/#breadcrumb\"},\"inLanguage\":\"es-CO\",\"potentialAction\":[{\"@type\":\"ReadAction\",\"target\":[\"https:\/\/www.fiscalia.gov.co\/colombia\/seccionales\/fiscalia-pidio-condena-contra-expresidente-de-corficolombiana-jose-elias-melo-por-interes-indebido-en-el-contrato-ruta-del-sol-ii\/\"]}]},{\"@type\":\"BreadcrumbList\",\"@id\":\"https:\/\/www.fiscalia.gov.co\/colombia\/seccionales\/fiscalia-pidio-condena-contra-expresidente-de-corficolombiana-jose-elias-melo-por-interes-indebido-en-el-contrato-ruta-del-sol-ii\/#breadcrumb\",\"itemListElement\":[{\"@type\":\"ListItem\",\"position\":1,\"name\":\"Home\",\"item\":\"https:\/\/www.fiscalia.gov.co\/colombia\/\"},{\"@type\":\"ListItem\",\"position\":2,\"name\":\"Fiscal\u00eda pidi\u00f3 condena contra expresidente de Corficolombiana Jos\u00e9 El\u00edas Melo por inter\u00e9s indebido en el contrato Ruta del Sol II\"}]},{\"@type\":\"WebSite\",\"@id\":\"https:\/\/www.fiscalia.gov.co\/colombia\/#website\",\"url\":\"https:\/\/www.fiscalia.gov.co\/colombia\/\",\"name\":\"Fiscal\u00eda General de la Naci\u00f3n\",\"description\":\"P\u00e1gina oficial de la Fiscal\u00eda General de la Naci\u00f3n \u2013 Colombia. Garantizamos el acceso efectivo a la justicia, la verdad y la reparaci\u00f3n de las v\u00edctimas de los delitos.\",\"publisher\":{\"@id\":\"https:\/\/www.fiscalia.gov.co\/colombia\/#organization\"},\"potentialAction\":[{\"@type\":\"SearchAction\",\"target\":{\"@type\":\"EntryPoint\",\"urlTemplate\":\"https:\/\/www.fiscalia.gov.co\/colombia\/?s={search_term_string}\"},\"query-input\":{\"@type\":\"PropertyValueSpecification\",\"valueRequired\":true,\"valueName\":\"search_term_string\"}}],\"inLanguage\":\"es-CO\"},{\"@type\":\"Organization\",\"@id\":\"https:\/\/www.fiscalia.gov.co\/colombia\/#organization\",\"name\":\"Fiscal\u00eda General de la Naci\u00f3n\",\"url\":\"https:\/\/www.fiscalia.gov.co\/colombia\/\",\"logo\":{\"@type\":\"ImageObject\",\"inLanguage\":\"es-CO\",\"@id\":\"https:\/\/www.fiscalia.gov.co\/colombia\/#\/schema\/logo\/image\/\",\"url\":\"https:\/\/www.fiscalia.gov.co\/colombia\/wp-content\/uploads\/LogoHorizontal_1.jpg\",\"contentUrl\":\"https:\/\/www.fiscalia.gov.co\/colombia\/wp-content\/uploads\/LogoHorizontal_1.jpg\",\"width\":300,\"height\":90,\"caption\":\"Fiscal\u00eda General de la Naci\u00f3n\"},\"image\":{\"@id\":\"https:\/\/www.fiscalia.gov.co\/colombia\/#\/schema\/logo\/image\/\"},\"sameAs\":[\"https:\/\/www.facebook.com\/FiscaliaCol\",\"https:\/\/x.com\/FiscaliaCol\",\"https:\/\/www.instagram.com\/fiscaliacol\",\"https:\/\/www.linkedin.com\/company\/fiscalia-general-de-la-naci-n\/\",\"https:\/\/youtube.com\/@fiscaliageneraldelanacion-4668?si=6nN79nyQICPU5iTh\"]},{\"@type\":\"Person\",\"@id\":\"https:\/\/www.fiscalia.gov.co\/colombia\/#\/schema\/person\/bf28d8ae7f1b287bbe3af484b04f43ea\",\"name\":\"Direcci\u00f3n de Comunicaciones Fiscal\u00eda General de la Naci\u00f3n\",\"image\":{\"@type\":\"ImageObject\",\"inLanguage\":\"es-CO\",\"@id\":\"https:\/\/www.fiscalia.gov.co\/colombia\/#\/schema\/person\/image\/\",\"url\":\"https:\/\/secure.gravatar.com\/avatar\/9d55ae161d32da16dbdd0b380c080a5f?s=96&d=mm&r=g\",\"contentUrl\":\"https:\/\/secure.gravatar.com\/avatar\/9d55ae161d32da16dbdd0b380c080a5f?s=96&d=mm&r=g\",\"caption\":\"Direcci\u00f3n de Comunicaciones Fiscal\u00eda General de la Naci\u00f3n\"},\"url\":\"https:\/\/www.fiscalia.gov.co\/colombia\/author\/kbonilla\/\"}]}<\/script>\n<!-- \/ Yoast SEO plugin. -->","yoast_head_json":{"title":"Fiscal\u00eda General de la Naci\u00f3n","description":"P\u00e1gina oficial de la Fiscal\u00eda General de la Naci\u00f3n \u2013 Colombia. Garantizamos el acceso efectivo a la justicia, la verdad y la reparaci\u00f3n de las v\u00edctimas de los delitos.","robots":{"index":"noindex","follow":"follow"},"og_locale":"es_ES","og_type":"article","og_title":"Fiscal\u00eda General de la Naci\u00f3n","og_description":"P\u00e1gina oficial de la Fiscal\u00eda General de la Naci\u00f3n \u2013 Colombia. Garantizamos el acceso efectivo a la justicia, la verdad y la reparaci\u00f3n de las v\u00edctimas de los delitos.","og_url":"https:\/\/www.fiscalia.gov.co\/colombia\/seccionales\/fiscalia-pidio-condena-contra-expresidente-de-corficolombiana-jose-elias-melo-por-interes-indebido-en-el-contrato-ruta-del-sol-ii\/","og_site_name":"Fiscal\u00eda General de la Naci\u00f3n","article_publisher":"https:\/\/www.facebook.com\/FiscaliaCol","article_published_time":"2019-03-21T20:06:05+00:00","author":"Direcci\u00f3n de Comunicaciones Fiscal\u00eda General de la Naci\u00f3n","twitter_card":"summary_large_image","twitter_creator":"@FiscaliaCol","twitter_site":"@FiscaliaCol","twitter_misc":{"Escrito por":"Direcci\u00f3n de Comunicaciones Fiscal\u00eda General de la Naci\u00f3n","Tiempo de lectura":"3 minutos"},"schema":{"@context":"https:\/\/schema.org","@graph":[{"@type":"Article","@id":"https:\/\/www.fiscalia.gov.co\/colombia\/seccionales\/fiscalia-pidio-condena-contra-expresidente-de-corficolombiana-jose-elias-melo-por-interes-indebido-en-el-contrato-ruta-del-sol-ii\/#article","isPartOf":{"@id":"https:\/\/www.fiscalia.gov.co\/colombia\/seccionales\/fiscalia-pidio-condena-contra-expresidente-de-corficolombiana-jose-elias-melo-por-interes-indebido-en-el-contrato-ruta-del-sol-ii\/"},"author":{"name":"Direcci\u00f3n de Comunicaciones Fiscal\u00eda General de la Naci\u00f3n","@id":"https:\/\/www.fiscalia.gov.co\/colombia\/#\/schema\/person\/bf28d8ae7f1b287bbe3af484b04f43ea"},"headline":"Fiscal\u00eda pidi\u00f3 condena contra expresidente de Corficolombiana Jos\u00e9 El\u00edas Melo por inter\u00e9s indebido en el contrato Ruta del Sol II","datePublished":"2019-03-21T20:06:05+00:00","dateModified":"2019-03-21T20:06:05+00:00","mainEntityOfPage":{"@id":"https:\/\/www.fiscalia.gov.co\/colombia\/seccionales\/fiscalia-pidio-condena-contra-expresidente-de-corficolombiana-jose-elias-melo-por-interes-indebido-en-el-contrato-ruta-del-sol-ii\/"},"wordCount":715,"publisher":{"@id":"https:\/\/www.fiscalia.gov.co\/colombia\/#organization"},"articleSection":["Corrupci\u00f3n","Seccional Bogot\u00e1","Seccionales"],"inLanguage":"es-CO"},{"@type":"WebPage","@id":"https:\/\/www.fiscalia.gov.co\/colombia\/seccionales\/fiscalia-pidio-condena-contra-expresidente-de-corficolombiana-jose-elias-melo-por-interes-indebido-en-el-contrato-ruta-del-sol-ii\/","url":"https:\/\/www.fiscalia.gov.co\/colombia\/seccionales\/fiscalia-pidio-condena-contra-expresidente-de-corficolombiana-jose-elias-melo-por-interes-indebido-en-el-contrato-ruta-del-sol-ii\/","name":"Fiscal\u00eda General de la Naci\u00f3n","isPartOf":{"@id":"https:\/\/www.fiscalia.gov.co\/colombia\/#website"},"datePublished":"2019-03-21T20:06:05+00:00","dateModified":"2019-03-21T20:06:05+00:00","description":"P\u00e1gina oficial de la Fiscal\u00eda General de la Naci\u00f3n \u2013 Colombia. Garantizamos el acceso efectivo a la justicia, la verdad y la reparaci\u00f3n de las v\u00edctimas de los delitos.","breadcrumb":{"@id":"https:\/\/www.fiscalia.gov.co\/colombia\/seccionales\/fiscalia-pidio-condena-contra-expresidente-de-corficolombiana-jose-elias-melo-por-interes-indebido-en-el-contrato-ruta-del-sol-ii\/#breadcrumb"},"inLanguage":"es-CO","potentialAction":[{"@type":"ReadAction","target":["https:\/\/www.fiscalia.gov.co\/colombia\/seccionales\/fiscalia-pidio-condena-contra-expresidente-de-corficolombiana-jose-elias-melo-por-interes-indebido-en-el-contrato-ruta-del-sol-ii\/"]}]},{"@type":"BreadcrumbList","@id":"https:\/\/www.fiscalia.gov.co\/colombia\/seccionales\/fiscalia-pidio-condena-contra-expresidente-de-corficolombiana-jose-elias-melo-por-interes-indebido-en-el-contrato-ruta-del-sol-ii\/#breadcrumb","itemListElement":[{"@type":"ListItem","position":1,"name":"Home","item":"https:\/\/www.fiscalia.gov.co\/colombia\/"},{"@type":"ListItem","position":2,"name":"Fiscal\u00eda pidi\u00f3 condena contra expresidente de Corficolombiana Jos\u00e9 El\u00edas Melo por inter\u00e9s indebido en el contrato Ruta del Sol II"}]},{"@type":"WebSite","@id":"https:\/\/www.fiscalia.gov.co\/colombia\/#website","url":"https:\/\/www.fiscalia.gov.co\/colombia\/","name":"Fiscal\u00eda General de la Naci\u00f3n","description":"P\u00e1gina oficial de la Fiscal\u00eda General de la Naci\u00f3n \u2013 Colombia. Garantizamos el acceso efectivo a la justicia, la verdad y la reparaci\u00f3n de las v\u00edctimas de los delitos.","publisher":{"@id":"https:\/\/www.fiscalia.gov.co\/colombia\/#organization"},"potentialAction":[{"@type":"SearchAction","target":{"@type":"EntryPoint","urlTemplate":"https:\/\/www.fiscalia.gov.co\/colombia\/?s={search_term_string}"},"query-input":{"@type":"PropertyValueSpecification","valueRequired":true,"valueName":"search_term_string"}}],"inLanguage":"es-CO"},{"@type":"Organization","@id":"https:\/\/www.fiscalia.gov.co\/colombia\/#organization","name":"Fiscal\u00eda General de la Naci\u00f3n","url":"https:\/\/www.fiscalia.gov.co\/colombia\/","logo":{"@type":"ImageObject","inLanguage":"es-CO","@id":"https:\/\/www.fiscalia.gov.co\/colombia\/#\/schema\/logo\/image\/","url":"https:\/\/www.fiscalia.gov.co\/colombia\/wp-content\/uploads\/LogoHorizontal_1.jpg","contentUrl":"https:\/\/www.fiscalia.gov.co\/colombia\/wp-content\/uploads\/LogoHorizontal_1.jpg","width":300,"height":90,"caption":"Fiscal\u00eda General de la Naci\u00f3n"},"image":{"@id":"https:\/\/www.fiscalia.gov.co\/colombia\/#\/schema\/logo\/image\/"},"sameAs":["https:\/\/www.facebook.com\/FiscaliaCol","https:\/\/x.com\/FiscaliaCol","https:\/\/www.instagram.com\/fiscaliacol","https:\/\/www.linkedin.com\/company\/fiscalia-general-de-la-naci-n\/","https:\/\/youtube.com\/@fiscaliageneraldelanacion-4668?si=6nN79nyQICPU5iTh"]},{"@type":"Person","@id":"https:\/\/www.fiscalia.gov.co\/colombia\/#\/schema\/person\/bf28d8ae7f1b287bbe3af484b04f43ea","name":"Direcci\u00f3n de Comunicaciones Fiscal\u00eda General de la Naci\u00f3n","image":{"@type":"ImageObject","inLanguage":"es-CO","@id":"https:\/\/www.fiscalia.gov.co\/colombia\/#\/schema\/person\/image\/","url":"https:\/\/secure.gravatar.com\/avatar\/9d55ae161d32da16dbdd0b380c080a5f?s=96&d=mm&r=g","contentUrl":"https:\/\/secure.gravatar.com\/avatar\/9d55ae161d32da16dbdd0b380c080a5f?s=96&d=mm&r=g","caption":"Direcci\u00f3n de Comunicaciones Fiscal\u00eda General de la Naci\u00f3n"},"url":"https:\/\/www.fiscalia.gov.co\/colombia\/author\/kbonilla\/"}]}},"_links":{"self":[{"href":"https:\/\/www.fiscalia.gov.co\/colombia\/wp-json\/wp\/v2\/posts\/177310","targetHints":{"allow":["GET"]}}],"collection":[{"href":"https:\/\/www.fiscalia.gov.co\/colombia\/wp-json\/wp\/v2\/posts"}],"about":[{"href":"https:\/\/www.fiscalia.gov.co\/colombia\/wp-json\/wp\/v2\/types\/post"}],"author":[{"embeddable":true,"href":"https:\/\/www.fiscalia.gov.co\/colombia\/wp-json\/wp\/v2\/users\/162"}],"replies":[{"embeddable":true,"href":"https:\/\/www.fiscalia.gov.co\/colombia\/wp-json\/wp\/v2\/comments?post=177310"}],"version-history":[{"count":1,"href":"https:\/\/www.fiscalia.gov.co\/colombia\/wp-json\/wp\/v2\/posts\/177310\/revisions"}],"predecessor-version":[{"id":177311,"href":"https:\/\/www.fiscalia.gov.co\/colombia\/wp-json\/wp\/v2\/posts\/177310\/revisions\/177311"}],"wp:attachment":[{"href":"https:\/\/www.fiscalia.gov.co\/colombia\/wp-json\/wp\/v2\/media?parent=177310"}],"wp:term":[{"taxonomy":"category","embeddable":true,"href":"https:\/\/www.fiscalia.gov.co\/colombia\/wp-json\/wp\/v2\/categories?post=177310"},{"taxonomy":"post_tag","embeddable":true,"href":"https:\/\/www.fiscalia.gov.co\/colombia\/wp-json\/wp\/v2\/tags?post=177310"}],"curies":[{"name":"wp","href":"https:\/\/api.w.org\/{rel}","templated":true}]}}