{"id":177231,"date":"2019-03-20T10:34:14","date_gmt":"2019-03-20T15:34:14","guid":{"rendered":"https:\/\/www.fiscalia.gov.co\/colombia\/?p=177231"},"modified":"2019-03-20T10:34:14","modified_gmt":"2019-03-20T15:34:14","slug":"exfuncionario-del-das-judicializado-por-supuesta-participacion-en-pago-de-coimas-para-favorecer-a-exalcalde-de-cota-juan-david-balcero","status":"publish","type":"post","link":"https:\/\/www.fiscalia.gov.co\/colombia\/seccionales\/exfuncionario-del-das-judicializado-por-supuesta-participacion-en-pago-de-coimas-para-favorecer-a-exalcalde-de-cota-juan-david-balcero\/","title":{"rendered":"Exfuncionario del DAS judicializado por supuesta participaci\u00f3n en pago de coimas para favorecer a exalcalde de Cota Juan David Balcero"},"content":{"rendered":"<p>Por solicitud de la Fiscal\u00eda, un juez de control de garant\u00edas de Bogot\u00e1 impuso <strong>medida no privativa de la libertad en contra de Otoniel Rodr\u00edguez Barrero,<\/strong> pensionado desde el a\u00f1o 2005 del entonces Departamento Administrativo de Seguridad (DAS), por su presunta responsabilidad en los <strong>delitos de concierto para delinquir agravado y cohecho por dar u ofrecer.<\/strong><\/p>\n<p>De acuerdo con la investigaci\u00f3n adelantada por un fiscal de la Unidad de Administraci\u00f3n P\u00fablica, de la Direcci\u00f3n Seccional de Bogota, con apoyo del grupo Anticorrupci\u00f3n de la Dij\u00edn, <strong>Rodr\u00edguez Barrero\u00a0habr\u00eda sido la persona encargada de llevar el dinero<\/strong> <strong>que pag\u00f3 en el a\u00f1o 2012 el entonces alcalde electo de Cota (Cundinamarca), Juan David Balcero Balcero, al Tribunal Administrativo de Cundinamarca para que rechazara una demanda de p\u00e9rdida de investidura en su contra.<\/strong><\/p>\n<p>Se evidenci\u00f3 que el hoy procesado fue contactado por el ingeniero de sistemas H\u00e9ctor Triana Rocha \u2014ya asegurado por este caso\u2014, para realizar tal gesti\u00f3n, adem\u00e1s de <strong>recibir posteriormente el sobre que conten\u00eda el fallo favorable<\/strong> y entreg\u00e1rselos tanto \u00e9l, como a Efra\u00edn Forero Molina, abogado de Balcero Balcero, para lograr esta decisi\u00f3n.<\/p>\n<p>Se presume que el exmandatario pag\u00f3 200 millones de pesos para direccionar el fallo: inicialmente 50 millones entregados a trav\u00e9s de su hijo, Edwin Stivel Balcero G\u00f3mez, para el abogado Forero Molina, y luego, 150 millones de pesos m\u00e1s.<\/p>\n<p>La captura de Rodr\u00edguez Barrero se realiz\u00f3 este mi\u00e9rcoles 13 de marzo y, en audiencias concentradas, <strong>no acept\u00f3 los cargos<\/strong> endilgados.<\/p>\n<p>Cabe recordar que por este caso de <strong>pago de coimas para favorecer al exalcalde de Cota,<\/strong> tambi\u00e9n fueron judicializados Misael Alejandro Bautista Castelblanco, secretario general del Tribunal Administrativo de Cundinamarca; el exmandatario Juan David Balcero Balcero, su hijo Edwin Stivel Balcero G\u00f3mez, el abogado Efra\u00edn Forero Molina, H\u00e9ctor Triana Rocha y Luis Alberto Castillo Bele\u00f1o.<\/p>\n<p>La Fiscal\u00eda hace p\u00fablica esta informaci\u00f3n por razones de inter\u00e9s general.<\/p>\n<p>&nbsp;<\/p>\n<p>LMFO\/DLBM<\/p>\n\n<div class=\"twitter-share\"><a href=\"https:\/\/twitter.com\/intent\/tweet?via=fiscaliacol\" class=\"twitter-share-button\">Tweet<\/a><\/div>\n","protected":false},"excerpt":{"rendered":"<p>Por solicitud de la Fiscal\u00eda, un juez de control de garant\u00edas de Bogot\u00e1 impuso medida no privativa de la libertad en contra de Otoniel Rodr\u00edguez Barrero, pensionado desde el a\u00f1o [&hellip;]<\/p>\n","protected":false},"author":162,"featured_media":0,"comment_status":"closed","ping_status":"open","sticky":false,"template":"","format":"standard","meta":{"tdm_status":"","tdm_grid_status":"","footnotes":""},"categories":[24107,321,303],"tags":[],"class_list":["post-177231","post","type-post","status-publish","format-standard","category-lucha-contra-corrupcion","category-seccional-bogota","category-seccionales"],"yoast_head":"<!-- This site is optimized with the Yoast SEO plugin v24.3 - https:\/\/yoast.com\/wordpress\/plugins\/seo\/ -->\n<title>Fiscal\u00eda General de la Naci\u00f3n<\/title>\n<meta name=\"description\" content=\"P\u00e1gina oficial de la Fiscal\u00eda General de la Naci\u00f3n \u2013 Colombia. Garantizamos el acceso efectivo a la justicia, la verdad y la reparaci\u00f3n de las v\u00edctimas de los delitos.\" \/>\n<meta name=\"robots\" content=\"noindex, follow\" \/>\n<meta property=\"og:locale\" content=\"es_ES\" \/>\n<meta property=\"og:type\" content=\"article\" \/>\n<meta property=\"og:title\" content=\"Fiscal\u00eda General de la Naci\u00f3n\" \/>\n<meta property=\"og:description\" content=\"P\u00e1gina oficial de la Fiscal\u00eda General de la Naci\u00f3n \u2013 Colombia. Garantizamos el acceso efectivo a la justicia, la verdad y la reparaci\u00f3n de las v\u00edctimas de los delitos.\" \/>\n<meta property=\"og:url\" content=\"https:\/\/www.fiscalia.gov.co\/colombia\/seccionales\/exfuncionario-del-das-judicializado-por-supuesta-participacion-en-pago-de-coimas-para-favorecer-a-exalcalde-de-cota-juan-david-balcero\/\" \/>\n<meta property=\"og:site_name\" content=\"Fiscal\u00eda General de la Naci\u00f3n\" \/>\n<meta property=\"article:publisher\" content=\"https:\/\/www.facebook.com\/FiscaliaCol\" \/>\n<meta property=\"article:published_time\" content=\"2019-03-20T15:34:14+00:00\" \/>\n<meta name=\"author\" content=\"Direcci\u00f3n de Comunicaciones Fiscal\u00eda General de la Naci\u00f3n\" \/>\n<meta name=\"twitter:card\" content=\"summary_large_image\" \/>\n<meta name=\"twitter:creator\" content=\"@FiscaliaCol\" \/>\n<meta name=\"twitter:site\" content=\"@FiscaliaCol\" \/>\n<meta name=\"twitter:label1\" content=\"Escrito por\" \/>\n\t<meta name=\"twitter:data1\" content=\"Direcci\u00f3n de Comunicaciones Fiscal\u00eda General de la Naci\u00f3n\" \/>\n\t<meta name=\"twitter:label2\" content=\"Tiempo de lectura\" \/>\n\t<meta name=\"twitter:data2\" content=\"2 minutos\" \/>\n<script type=\"application\/ld+json\" class=\"yoast-schema-graph\">{\"@context\":\"https:\/\/schema.org\",\"@graph\":[{\"@type\":\"Article\",\"@id\":\"https:\/\/www.fiscalia.gov.co\/colombia\/seccionales\/exfuncionario-del-das-judicializado-por-supuesta-participacion-en-pago-de-coimas-para-favorecer-a-exalcalde-de-cota-juan-david-balcero\/#article\",\"isPartOf\":{\"@id\":\"https:\/\/www.fiscalia.gov.co\/colombia\/seccionales\/exfuncionario-del-das-judicializado-por-supuesta-participacion-en-pago-de-coimas-para-favorecer-a-exalcalde-de-cota-juan-david-balcero\/\"},\"author\":{\"name\":\"Direcci\u00f3n de Comunicaciones Fiscal\u00eda General de la Naci\u00f3n\",\"@id\":\"https:\/\/www.fiscalia.gov.co\/colombia\/#\/schema\/person\/bf28d8ae7f1b287bbe3af484b04f43ea\"},\"headline\":\"Exfuncionario del DAS judicializado por supuesta participaci\u00f3n en pago de coimas para favorecer a exalcalde de Cota Juan David Balcero\",\"datePublished\":\"2019-03-20T15:34:14+00:00\",\"dateModified\":\"2019-03-20T15:34:14+00:00\",\"mainEntityOfPage\":{\"@id\":\"https:\/\/www.fiscalia.gov.co\/colombia\/seccionales\/exfuncionario-del-das-judicializado-por-supuesta-participacion-en-pago-de-coimas-para-favorecer-a-exalcalde-de-cota-juan-david-balcero\/\"},\"wordCount\":362,\"publisher\":{\"@id\":\"https:\/\/www.fiscalia.gov.co\/colombia\/#organization\"},\"articleSection\":[\"Corrupci\u00f3n\",\"Seccional Bogot\u00e1\",\"Seccionales\"],\"inLanguage\":\"es-CO\"},{\"@type\":\"WebPage\",\"@id\":\"https:\/\/www.fiscalia.gov.co\/colombia\/seccionales\/exfuncionario-del-das-judicializado-por-supuesta-participacion-en-pago-de-coimas-para-favorecer-a-exalcalde-de-cota-juan-david-balcero\/\",\"url\":\"https:\/\/www.fiscalia.gov.co\/colombia\/seccionales\/exfuncionario-del-das-judicializado-por-supuesta-participacion-en-pago-de-coimas-para-favorecer-a-exalcalde-de-cota-juan-david-balcero\/\",\"name\":\"Fiscal\u00eda General de la Naci\u00f3n\",\"isPartOf\":{\"@id\":\"https:\/\/www.fiscalia.gov.co\/colombia\/#website\"},\"datePublished\":\"2019-03-20T15:34:14+00:00\",\"dateModified\":\"2019-03-20T15:34:14+00:00\",\"description\":\"P\u00e1gina oficial de la Fiscal\u00eda General de la Naci\u00f3n \u2013 Colombia. Garantizamos el acceso efectivo a la justicia, la verdad y la reparaci\u00f3n de las v\u00edctimas de los delitos.\",\"breadcrumb\":{\"@id\":\"https:\/\/www.fiscalia.gov.co\/colombia\/seccionales\/exfuncionario-del-das-judicializado-por-supuesta-participacion-en-pago-de-coimas-para-favorecer-a-exalcalde-de-cota-juan-david-balcero\/#breadcrumb\"},\"inLanguage\":\"es-CO\",\"potentialAction\":[{\"@type\":\"ReadAction\",\"target\":[\"https:\/\/www.fiscalia.gov.co\/colombia\/seccionales\/exfuncionario-del-das-judicializado-por-supuesta-participacion-en-pago-de-coimas-para-favorecer-a-exalcalde-de-cota-juan-david-balcero\/\"]}]},{\"@type\":\"BreadcrumbList\",\"@id\":\"https:\/\/www.fiscalia.gov.co\/colombia\/seccionales\/exfuncionario-del-das-judicializado-por-supuesta-participacion-en-pago-de-coimas-para-favorecer-a-exalcalde-de-cota-juan-david-balcero\/#breadcrumb\",\"itemListElement\":[{\"@type\":\"ListItem\",\"position\":1,\"name\":\"Home\",\"item\":\"https:\/\/www.fiscalia.gov.co\/colombia\/\"},{\"@type\":\"ListItem\",\"position\":2,\"name\":\"Exfuncionario del DAS judicializado por supuesta participaci\u00f3n en pago de coimas para favorecer a exalcalde de Cota Juan David Balcero\"}]},{\"@type\":\"WebSite\",\"@id\":\"https:\/\/www.fiscalia.gov.co\/colombia\/#website\",\"url\":\"https:\/\/www.fiscalia.gov.co\/colombia\/\",\"name\":\"Fiscal\u00eda General de la Naci\u00f3n\",\"description\":\"P\u00e1gina oficial de la Fiscal\u00eda General de la Naci\u00f3n \u2013 Colombia. Garantizamos el acceso efectivo a la justicia, la verdad y la reparaci\u00f3n de las v\u00edctimas de los delitos.\",\"publisher\":{\"@id\":\"https:\/\/www.fiscalia.gov.co\/colombia\/#organization\"},\"potentialAction\":[{\"@type\":\"SearchAction\",\"target\":{\"@type\":\"EntryPoint\",\"urlTemplate\":\"https:\/\/www.fiscalia.gov.co\/colombia\/?s={search_term_string}\"},\"query-input\":{\"@type\":\"PropertyValueSpecification\",\"valueRequired\":true,\"valueName\":\"search_term_string\"}}],\"inLanguage\":\"es-CO\"},{\"@type\":\"Organization\",\"@id\":\"https:\/\/www.fiscalia.gov.co\/colombia\/#organization\",\"name\":\"Fiscal\u00eda General de la Naci\u00f3n\",\"url\":\"https:\/\/www.fiscalia.gov.co\/colombia\/\",\"logo\":{\"@type\":\"ImageObject\",\"inLanguage\":\"es-CO\",\"@id\":\"https:\/\/www.fiscalia.gov.co\/colombia\/#\/schema\/logo\/image\/\",\"url\":\"https:\/\/www.fiscalia.gov.co\/colombia\/wp-content\/uploads\/LogoHorizontal_1.jpg\",\"contentUrl\":\"https:\/\/www.fiscalia.gov.co\/colombia\/wp-content\/uploads\/LogoHorizontal_1.jpg\",\"width\":300,\"height\":90,\"caption\":\"Fiscal\u00eda General de la Naci\u00f3n\"},\"image\":{\"@id\":\"https:\/\/www.fiscalia.gov.co\/colombia\/#\/schema\/logo\/image\/\"},\"sameAs\":[\"https:\/\/www.facebook.com\/FiscaliaCol\",\"https:\/\/x.com\/FiscaliaCol\",\"https:\/\/www.instagram.com\/fiscaliacol\",\"https:\/\/www.linkedin.com\/company\/fiscalia-general-de-la-naci-n\/\",\"https:\/\/youtube.com\/@fiscaliageneraldelanacion-4668?si=6nN79nyQICPU5iTh\"]},{\"@type\":\"Person\",\"@id\":\"https:\/\/www.fiscalia.gov.co\/colombia\/#\/schema\/person\/bf28d8ae7f1b287bbe3af484b04f43ea\",\"name\":\"Direcci\u00f3n de Comunicaciones Fiscal\u00eda General de la Naci\u00f3n\",\"image\":{\"@type\":\"ImageObject\",\"inLanguage\":\"es-CO\",\"@id\":\"https:\/\/www.fiscalia.gov.co\/colombia\/#\/schema\/person\/image\/\",\"url\":\"https:\/\/secure.gravatar.com\/avatar\/9d55ae161d32da16dbdd0b380c080a5f?s=96&d=mm&r=g\",\"contentUrl\":\"https:\/\/secure.gravatar.com\/avatar\/9d55ae161d32da16dbdd0b380c080a5f?s=96&d=mm&r=g\",\"caption\":\"Direcci\u00f3n de Comunicaciones Fiscal\u00eda General de la Naci\u00f3n\"},\"url\":\"https:\/\/www.fiscalia.gov.co\/colombia\/author\/kbonilla\/\"}]}<\/script>\n<!-- \/ Yoast SEO plugin. -->","yoast_head_json":{"title":"Fiscal\u00eda General de la Naci\u00f3n","description":"P\u00e1gina oficial de la Fiscal\u00eda General de la Naci\u00f3n \u2013 Colombia. Garantizamos el acceso efectivo a la justicia, la verdad y la reparaci\u00f3n de las v\u00edctimas de los delitos.","robots":{"index":"noindex","follow":"follow"},"og_locale":"es_ES","og_type":"article","og_title":"Fiscal\u00eda General de la Naci\u00f3n","og_description":"P\u00e1gina oficial de la Fiscal\u00eda General de la Naci\u00f3n \u2013 Colombia. Garantizamos el acceso efectivo a la justicia, la verdad y la reparaci\u00f3n de las v\u00edctimas de los delitos.","og_url":"https:\/\/www.fiscalia.gov.co\/colombia\/seccionales\/exfuncionario-del-das-judicializado-por-supuesta-participacion-en-pago-de-coimas-para-favorecer-a-exalcalde-de-cota-juan-david-balcero\/","og_site_name":"Fiscal\u00eda General de la Naci\u00f3n","article_publisher":"https:\/\/www.facebook.com\/FiscaliaCol","article_published_time":"2019-03-20T15:34:14+00:00","author":"Direcci\u00f3n de Comunicaciones Fiscal\u00eda General de la Naci\u00f3n","twitter_card":"summary_large_image","twitter_creator":"@FiscaliaCol","twitter_site":"@FiscaliaCol","twitter_misc":{"Escrito por":"Direcci\u00f3n de Comunicaciones Fiscal\u00eda General de la Naci\u00f3n","Tiempo de lectura":"2 minutos"},"schema":{"@context":"https:\/\/schema.org","@graph":[{"@type":"Article","@id":"https:\/\/www.fiscalia.gov.co\/colombia\/seccionales\/exfuncionario-del-das-judicializado-por-supuesta-participacion-en-pago-de-coimas-para-favorecer-a-exalcalde-de-cota-juan-david-balcero\/#article","isPartOf":{"@id":"https:\/\/www.fiscalia.gov.co\/colombia\/seccionales\/exfuncionario-del-das-judicializado-por-supuesta-participacion-en-pago-de-coimas-para-favorecer-a-exalcalde-de-cota-juan-david-balcero\/"},"author":{"name":"Direcci\u00f3n de Comunicaciones Fiscal\u00eda General de la Naci\u00f3n","@id":"https:\/\/www.fiscalia.gov.co\/colombia\/#\/schema\/person\/bf28d8ae7f1b287bbe3af484b04f43ea"},"headline":"Exfuncionario del DAS judicializado por supuesta participaci\u00f3n en pago de coimas para favorecer a exalcalde de Cota Juan David Balcero","datePublished":"2019-03-20T15:34:14+00:00","dateModified":"2019-03-20T15:34:14+00:00","mainEntityOfPage":{"@id":"https:\/\/www.fiscalia.gov.co\/colombia\/seccionales\/exfuncionario-del-das-judicializado-por-supuesta-participacion-en-pago-de-coimas-para-favorecer-a-exalcalde-de-cota-juan-david-balcero\/"},"wordCount":362,"publisher":{"@id":"https:\/\/www.fiscalia.gov.co\/colombia\/#organization"},"articleSection":["Corrupci\u00f3n","Seccional Bogot\u00e1","Seccionales"],"inLanguage":"es-CO"},{"@type":"WebPage","@id":"https:\/\/www.fiscalia.gov.co\/colombia\/seccionales\/exfuncionario-del-das-judicializado-por-supuesta-participacion-en-pago-de-coimas-para-favorecer-a-exalcalde-de-cota-juan-david-balcero\/","url":"https:\/\/www.fiscalia.gov.co\/colombia\/seccionales\/exfuncionario-del-das-judicializado-por-supuesta-participacion-en-pago-de-coimas-para-favorecer-a-exalcalde-de-cota-juan-david-balcero\/","name":"Fiscal\u00eda General de la Naci\u00f3n","isPartOf":{"@id":"https:\/\/www.fiscalia.gov.co\/colombia\/#website"},"datePublished":"2019-03-20T15:34:14+00:00","dateModified":"2019-03-20T15:34:14+00:00","description":"P\u00e1gina oficial de la Fiscal\u00eda General de la Naci\u00f3n \u2013 Colombia. Garantizamos el acceso efectivo a la justicia, la verdad y la reparaci\u00f3n de las v\u00edctimas de los delitos.","breadcrumb":{"@id":"https:\/\/www.fiscalia.gov.co\/colombia\/seccionales\/exfuncionario-del-das-judicializado-por-supuesta-participacion-en-pago-de-coimas-para-favorecer-a-exalcalde-de-cota-juan-david-balcero\/#breadcrumb"},"inLanguage":"es-CO","potentialAction":[{"@type":"ReadAction","target":["https:\/\/www.fiscalia.gov.co\/colombia\/seccionales\/exfuncionario-del-das-judicializado-por-supuesta-participacion-en-pago-de-coimas-para-favorecer-a-exalcalde-de-cota-juan-david-balcero\/"]}]},{"@type":"BreadcrumbList","@id":"https:\/\/www.fiscalia.gov.co\/colombia\/seccionales\/exfuncionario-del-das-judicializado-por-supuesta-participacion-en-pago-de-coimas-para-favorecer-a-exalcalde-de-cota-juan-david-balcero\/#breadcrumb","itemListElement":[{"@type":"ListItem","position":1,"name":"Home","item":"https:\/\/www.fiscalia.gov.co\/colombia\/"},{"@type":"ListItem","position":2,"name":"Exfuncionario del DAS judicializado por supuesta participaci\u00f3n en pago de coimas para favorecer a exalcalde de Cota Juan David Balcero"}]},{"@type":"WebSite","@id":"https:\/\/www.fiscalia.gov.co\/colombia\/#website","url":"https:\/\/www.fiscalia.gov.co\/colombia\/","name":"Fiscal\u00eda General de la Naci\u00f3n","description":"P\u00e1gina oficial de la Fiscal\u00eda General de la Naci\u00f3n \u2013 Colombia. Garantizamos el acceso efectivo a la justicia, la verdad y la reparaci\u00f3n de las v\u00edctimas de los delitos.","publisher":{"@id":"https:\/\/www.fiscalia.gov.co\/colombia\/#organization"},"potentialAction":[{"@type":"SearchAction","target":{"@type":"EntryPoint","urlTemplate":"https:\/\/www.fiscalia.gov.co\/colombia\/?s={search_term_string}"},"query-input":{"@type":"PropertyValueSpecification","valueRequired":true,"valueName":"search_term_string"}}],"inLanguage":"es-CO"},{"@type":"Organization","@id":"https:\/\/www.fiscalia.gov.co\/colombia\/#organization","name":"Fiscal\u00eda General de la Naci\u00f3n","url":"https:\/\/www.fiscalia.gov.co\/colombia\/","logo":{"@type":"ImageObject","inLanguage":"es-CO","@id":"https:\/\/www.fiscalia.gov.co\/colombia\/#\/schema\/logo\/image\/","url":"https:\/\/www.fiscalia.gov.co\/colombia\/wp-content\/uploads\/LogoHorizontal_1.jpg","contentUrl":"https:\/\/www.fiscalia.gov.co\/colombia\/wp-content\/uploads\/LogoHorizontal_1.jpg","width":300,"height":90,"caption":"Fiscal\u00eda General de la Naci\u00f3n"},"image":{"@id":"https:\/\/www.fiscalia.gov.co\/colombia\/#\/schema\/logo\/image\/"},"sameAs":["https:\/\/www.facebook.com\/FiscaliaCol","https:\/\/x.com\/FiscaliaCol","https:\/\/www.instagram.com\/fiscaliacol","https:\/\/www.linkedin.com\/company\/fiscalia-general-de-la-naci-n\/","https:\/\/youtube.com\/@fiscaliageneraldelanacion-4668?si=6nN79nyQICPU5iTh"]},{"@type":"Person","@id":"https:\/\/www.fiscalia.gov.co\/colombia\/#\/schema\/person\/bf28d8ae7f1b287bbe3af484b04f43ea","name":"Direcci\u00f3n de Comunicaciones Fiscal\u00eda General de la Naci\u00f3n","image":{"@type":"ImageObject","inLanguage":"es-CO","@id":"https:\/\/www.fiscalia.gov.co\/colombia\/#\/schema\/person\/image\/","url":"https:\/\/secure.gravatar.com\/avatar\/9d55ae161d32da16dbdd0b380c080a5f?s=96&d=mm&r=g","contentUrl":"https:\/\/secure.gravatar.com\/avatar\/9d55ae161d32da16dbdd0b380c080a5f?s=96&d=mm&r=g","caption":"Direcci\u00f3n de Comunicaciones Fiscal\u00eda General de la Naci\u00f3n"},"url":"https:\/\/www.fiscalia.gov.co\/colombia\/author\/kbonilla\/"}]}},"_links":{"self":[{"href":"https:\/\/www.fiscalia.gov.co\/colombia\/wp-json\/wp\/v2\/posts\/177231","targetHints":{"allow":["GET"]}}],"collection":[{"href":"https:\/\/www.fiscalia.gov.co\/colombia\/wp-json\/wp\/v2\/posts"}],"about":[{"href":"https:\/\/www.fiscalia.gov.co\/colombia\/wp-json\/wp\/v2\/types\/post"}],"author":[{"embeddable":true,"href":"https:\/\/www.fiscalia.gov.co\/colombia\/wp-json\/wp\/v2\/users\/162"}],"replies":[{"embeddable":true,"href":"https:\/\/www.fiscalia.gov.co\/colombia\/wp-json\/wp\/v2\/comments?post=177231"}],"version-history":[{"count":1,"href":"https:\/\/www.fiscalia.gov.co\/colombia\/wp-json\/wp\/v2\/posts\/177231\/revisions"}],"predecessor-version":[{"id":177232,"href":"https:\/\/www.fiscalia.gov.co\/colombia\/wp-json\/wp\/v2\/posts\/177231\/revisions\/177232"}],"wp:attachment":[{"href":"https:\/\/www.fiscalia.gov.co\/colombia\/wp-json\/wp\/v2\/media?parent=177231"}],"wp:term":[{"taxonomy":"category","embeddable":true,"href":"https:\/\/www.fiscalia.gov.co\/colombia\/wp-json\/wp\/v2\/categories?post=177231"},{"taxonomy":"post_tag","embeddable":true,"href":"https:\/\/www.fiscalia.gov.co\/colombia\/wp-json\/wp\/v2\/tags?post=177231"}],"curies":[{"name":"wp","href":"https:\/\/api.w.org\/{rel}","templated":true}]}}