{"id":177199,"date":"2019-03-19T16:52:52","date_gmt":"2019-03-19T21:52:52","guid":{"rendered":"https:\/\/www.fiscalia.gov.co\/colombia\/?p=177199"},"modified":"2019-03-19T16:52:52","modified_gmt":"2019-03-19T21:52:52","slug":"fiscalia-escucho-en-indagatoria-a-dos-exalcaldes-por-su-presunta-participacion-en-toma-guerrillera-en-el-ano-2002-en-huila","status":"publish","type":"post","link":"https:\/\/www.fiscalia.gov.co\/colombia\/seccionales\/fiscalia-escucho-en-indagatoria-a-dos-exalcaldes-por-su-presunta-participacion-en-toma-guerrillera-en-el-ano-2002-en-huila\/","title":{"rendered":"Fiscal\u00eda escuch\u00f3 en indagatoria a dos exalcaldes por su presunta participaci\u00f3n en toma guerrillera en el a\u00f1o 2002 en Huila"},"content":{"rendered":"<blockquote class=\"td_quote_box td_box_center\">\n<h4><strong>Se trata de Laureano Molina Scarpetta, exalcalde de Oparapa y actual concejal de Pitalito, y Vidal Vargas Lomelin, exalcalde de Saladolanco, quienes se enfrentar\u00e1n a juicio por cuatro delitos, entre ellos terrorismo. <\/strong><\/h4>\n<\/blockquote>\n<p>Tras escuchar en indagatoria a <strong>los exmandatarios de Oporapa y Saladoblanco (Huila), Laureano Molina Scarpetta y Vidal Vargas Lomelin<\/strong>, respectivamente, una <strong>fiscal\u00eda<\/strong> especializada de Neiva <strong>los vincul\u00f3 formalmente a la investigaci\u00f3n que adelanta por la toma guerrillera de Oparapa<\/strong> y la inspecci\u00f3n de Maito -Tarqui <strong>en el Huila a mediados del a\u00f1o 2002<\/strong>, cuando fueron asesinados dos policiales y dos habitantes de la zona.<\/p>\n<p>Ambos <strong>son sindicados de los delitos de homicidio en persona protegida, tentativa de homicidio, homicidio agravado y terrorismo<\/strong>.<\/p>\n<p>Para la Fiscal\u00eda, los exmandatarios participaron de manera directa en el ataque insurgente perpetrado por varios frentes de las demovilizadas Farc, los d\u00edas 10 y 11 de julio de ese a\u00f1o, ya que cuenta con informaci\u00f3n y elementos de prueba, como el testimonio de Germain Socu\u00e9 Rojas, un versionado de Justicia y Paz, quien perteneci\u00f3 al Frente 13 que delinqu\u00eda en el sur del departamento.<\/p>\n<p><strong>Seg\u00fan la declaraci\u00f3n del desmovilizado, Molina y Vargas se reunieron en repetidas ocasiones a puerta cerrada con jefes de los frentes guerrilleros<\/strong>, por lo que no se pone en duda el conocimiento que tendr\u00edan ellos del ataque, y por ende del apoyo econ\u00f3mico, log\u00edstico y de inteligencia para llevar a cabo la toma que aterroriz\u00f3 a los habitantes de dichas zonas durante dos d\u00edas.<\/p>\n<p>Por su parte, la defensa de los procesados present\u00f3 varios elementos para alegar su inocencia, entre ellos documentaci\u00f3n que da cuenta de varias reuniones sostenidas con las autoridades administrativas y judiciales de la \u00e9poca, en las que se evidencian posibles amenazas contra sus vidas por parte de la estructura guerrillera.<\/p>\n<p>Al culminar la diligencia judicial, <strong>el fiscal del caso analiz\u00f3 la documentaci\u00f3n entregada y decidi\u00f3 dejarlos en libertad, mientras contin\u00faa el proceso<\/strong> en su contra. En los pr\u00f3ximos d\u00edas, bajo los t\u00e9rminos de la Ley 600 del 2000, <strong>ser\u00e1n llamados a juicio<\/strong>.<\/p>\n<p>La Fiscal\u00eda hace p\u00fablica esta informaci\u00f3n por razones de inter\u00e9s general.<\/p>\n<p>&nbsp;<\/p>\n<p>PAAM\/DLBM<\/p>\n<p>&nbsp;<\/p>\n\n<div class=\"twitter-share\"><a href=\"https:\/\/twitter.com\/intent\/tweet?via=fiscaliacol\" class=\"twitter-share-button\">Tweet<\/a><\/div>\n","protected":false},"excerpt":{"rendered":"<p>Se trata de Laureano Molina Scarpetta, exalcalde de Oparapa y actual concejal de Pitalito, y Vidal Vargas Lomelin, exalcalde de Saladolanco, quienes se enfrentar\u00e1n a juicio por cuatro delitos, entre ellos terrorismo. Tras escuchar en indagatoria a los exmandatarios de Oporapa y Saladoblanco (Huila), Laureano Molina Scarpetta y Vidal Vargas Lomelin, respectivamente, una fiscal\u00eda especializada [&hellip;]<\/p>\n","protected":false},"author":162,"featured_media":0,"comment_status":"closed","ping_status":"open","sticky":false,"template":"","format":"standard","meta":{"tdm_status":"","tdm_grid_status":"","footnotes":""},"categories":[24102,333,303],"tags":[],"class_list":{"0":"post-177199","1":"post","2":"type-post","3":"status-publish","4":"format-standard","6":"category-derechos-humanos","7":"category-seccional-neiva","8":"category-seccionales"},"yoast_head":"<!-- This site is optimized with the Yoast SEO plugin v24.3 - https:\/\/yoast.com\/wordpress\/plugins\/seo\/ -->\n<title>Fiscal\u00eda General de la Naci\u00f3n<\/title>\n<meta name=\"description\" content=\"P\u00e1gina oficial de la Fiscal\u00eda General de la Naci\u00f3n \u2013 Colombia. Garantizamos el acceso efectivo a la justicia, la verdad y la reparaci\u00f3n de las v\u00edctimas de los delitos.\" \/>\n<meta name=\"robots\" content=\"noindex, follow\" \/>\n<meta property=\"og:locale\" content=\"es_ES\" \/>\n<meta property=\"og:type\" content=\"article\" \/>\n<meta property=\"og:title\" content=\"Fiscal\u00eda General de la Naci\u00f3n\" \/>\n<meta property=\"og:description\" content=\"P\u00e1gina oficial de la Fiscal\u00eda General de la Naci\u00f3n \u2013 Colombia. Garantizamos el acceso efectivo a la justicia, la verdad y la reparaci\u00f3n de las v\u00edctimas de los delitos.\" \/>\n<meta property=\"og:url\" content=\"https:\/\/www.fiscalia.gov.co\/colombia\/seccionales\/fiscalia-escucho-en-indagatoria-a-dos-exalcaldes-por-su-presunta-participacion-en-toma-guerrillera-en-el-ano-2002-en-huila\/\" \/>\n<meta property=\"og:site_name\" content=\"Fiscal\u00eda General de la Naci\u00f3n\" \/>\n<meta property=\"article:publisher\" content=\"https:\/\/www.facebook.com\/FiscaliaCol\" \/>\n<meta property=\"article:published_time\" content=\"2019-03-19T21:52:52+00:00\" \/>\n<meta name=\"author\" content=\"Direcci\u00f3n de Comunicaciones Fiscal\u00eda General de la Naci\u00f3n\" \/>\n<meta name=\"twitter:card\" content=\"summary_large_image\" \/>\n<meta name=\"twitter:creator\" content=\"@FiscaliaCol\" \/>\n<meta name=\"twitter:site\" content=\"@FiscaliaCol\" \/>\n<meta name=\"twitter:label1\" content=\"Escrito por\" \/>\n\t<meta name=\"twitter:data1\" content=\"Direcci\u00f3n de Comunicaciones Fiscal\u00eda General de la Naci\u00f3n\" \/>\n\t<meta name=\"twitter:label2\" content=\"Tiempo de lectura\" \/>\n\t<meta name=\"twitter:data2\" content=\"2 minutos\" \/>\n<script type=\"application\/ld+json\" class=\"yoast-schema-graph\">{\"@context\":\"https:\/\/schema.org\",\"@graph\":[{\"@type\":\"Article\",\"@id\":\"https:\/\/www.fiscalia.gov.co\/colombia\/seccionales\/fiscalia-escucho-en-indagatoria-a-dos-exalcaldes-por-su-presunta-participacion-en-toma-guerrillera-en-el-ano-2002-en-huila\/#article\",\"isPartOf\":{\"@id\":\"https:\/\/www.fiscalia.gov.co\/colombia\/seccionales\/fiscalia-escucho-en-indagatoria-a-dos-exalcaldes-por-su-presunta-participacion-en-toma-guerrillera-en-el-ano-2002-en-huila\/\"},\"author\":{\"name\":\"Direcci\u00f3n de Comunicaciones Fiscal\u00eda General de la Naci\u00f3n\",\"@id\":\"https:\/\/www.fiscalia.gov.co\/colombia\/#\/schema\/person\/bf28d8ae7f1b287bbe3af484b04f43ea\"},\"headline\":\"Fiscal\u00eda escuch\u00f3 en indagatoria a dos exalcaldes por su presunta participaci\u00f3n en toma guerrillera en el a\u00f1o 2002 en Huila\",\"datePublished\":\"2019-03-19T21:52:52+00:00\",\"dateModified\":\"2019-03-19T21:52:52+00:00\",\"mainEntityOfPage\":{\"@id\":\"https:\/\/www.fiscalia.gov.co\/colombia\/seccionales\/fiscalia-escucho-en-indagatoria-a-dos-exalcaldes-por-su-presunta-participacion-en-toma-guerrillera-en-el-ano-2002-en-huila\/\"},\"wordCount\":393,\"publisher\":{\"@id\":\"https:\/\/www.fiscalia.gov.co\/colombia\/#organization\"},\"articleSection\":[\"Derechos Humanos\",\"Seccional Neiva\",\"Seccionales\"],\"inLanguage\":\"es-CO\"},{\"@type\":\"WebPage\",\"@id\":\"https:\/\/www.fiscalia.gov.co\/colombia\/seccionales\/fiscalia-escucho-en-indagatoria-a-dos-exalcaldes-por-su-presunta-participacion-en-toma-guerrillera-en-el-ano-2002-en-huila\/\",\"url\":\"https:\/\/www.fiscalia.gov.co\/colombia\/seccionales\/fiscalia-escucho-en-indagatoria-a-dos-exalcaldes-por-su-presunta-participacion-en-toma-guerrillera-en-el-ano-2002-en-huila\/\",\"name\":\"Fiscal\u00eda General de la Naci\u00f3n\",\"isPartOf\":{\"@id\":\"https:\/\/www.fiscalia.gov.co\/colombia\/#website\"},\"datePublished\":\"2019-03-19T21:52:52+00:00\",\"dateModified\":\"2019-03-19T21:52:52+00:00\",\"description\":\"P\u00e1gina oficial de la Fiscal\u00eda General de la Naci\u00f3n \u2013 Colombia. Garantizamos el acceso efectivo a la justicia, la verdad y la reparaci\u00f3n de las v\u00edctimas de los delitos.\",\"breadcrumb\":{\"@id\":\"https:\/\/www.fiscalia.gov.co\/colombia\/seccionales\/fiscalia-escucho-en-indagatoria-a-dos-exalcaldes-por-su-presunta-participacion-en-toma-guerrillera-en-el-ano-2002-en-huila\/#breadcrumb\"},\"inLanguage\":\"es-CO\",\"potentialAction\":[{\"@type\":\"ReadAction\",\"target\":[\"https:\/\/www.fiscalia.gov.co\/colombia\/seccionales\/fiscalia-escucho-en-indagatoria-a-dos-exalcaldes-por-su-presunta-participacion-en-toma-guerrillera-en-el-ano-2002-en-huila\/\"]}]},{\"@type\":\"BreadcrumbList\",\"@id\":\"https:\/\/www.fiscalia.gov.co\/colombia\/seccionales\/fiscalia-escucho-en-indagatoria-a-dos-exalcaldes-por-su-presunta-participacion-en-toma-guerrillera-en-el-ano-2002-en-huila\/#breadcrumb\",\"itemListElement\":[{\"@type\":\"ListItem\",\"position\":1,\"name\":\"Home\",\"item\":\"https:\/\/www.fiscalia.gov.co\/colombia\/\"},{\"@type\":\"ListItem\",\"position\":2,\"name\":\"Fiscal\u00eda escuch\u00f3 en indagatoria a dos exalcaldes por su presunta participaci\u00f3n en toma guerrillera en el a\u00f1o 2002 en Huila\"}]},{\"@type\":\"WebSite\",\"@id\":\"https:\/\/www.fiscalia.gov.co\/colombia\/#website\",\"url\":\"https:\/\/www.fiscalia.gov.co\/colombia\/\",\"name\":\"Fiscal\u00eda General de la Naci\u00f3n\",\"description\":\"P\u00e1gina oficial de la Fiscal\u00eda General de la Naci\u00f3n \u2013 Colombia. Garantizamos el acceso efectivo a la justicia, la verdad y la reparaci\u00f3n de las v\u00edctimas de los delitos.\",\"publisher\":{\"@id\":\"https:\/\/www.fiscalia.gov.co\/colombia\/#organization\"},\"potentialAction\":[{\"@type\":\"SearchAction\",\"target\":{\"@type\":\"EntryPoint\",\"urlTemplate\":\"https:\/\/www.fiscalia.gov.co\/colombia\/?s={search_term_string}\"},\"query-input\":{\"@type\":\"PropertyValueSpecification\",\"valueRequired\":true,\"valueName\":\"search_term_string\"}}],\"inLanguage\":\"es-CO\"},{\"@type\":\"Organization\",\"@id\":\"https:\/\/www.fiscalia.gov.co\/colombia\/#organization\",\"name\":\"Fiscal\u00eda General de la Naci\u00f3n\",\"url\":\"https:\/\/www.fiscalia.gov.co\/colombia\/\",\"logo\":{\"@type\":\"ImageObject\",\"inLanguage\":\"es-CO\",\"@id\":\"https:\/\/www.fiscalia.gov.co\/colombia\/#\/schema\/logo\/image\/\",\"url\":\"https:\/\/www.fiscalia.gov.co\/colombia\/wp-content\/uploads\/LogoHorizontal_1.jpg\",\"contentUrl\":\"https:\/\/www.fiscalia.gov.co\/colombia\/wp-content\/uploads\/LogoHorizontal_1.jpg\",\"width\":300,\"height\":90,\"caption\":\"Fiscal\u00eda General de la Naci\u00f3n\"},\"image\":{\"@id\":\"https:\/\/www.fiscalia.gov.co\/colombia\/#\/schema\/logo\/image\/\"},\"sameAs\":[\"https:\/\/www.facebook.com\/FiscaliaCol\",\"https:\/\/x.com\/FiscaliaCol\",\"https:\/\/www.instagram.com\/fiscaliacol\",\"https:\/\/www.linkedin.com\/company\/fiscalia-general-de-la-naci-n\/\",\"https:\/\/youtube.com\/@fiscaliageneraldelanacion-4668?si=6nN79nyQICPU5iTh\"]},{\"@type\":\"Person\",\"@id\":\"https:\/\/www.fiscalia.gov.co\/colombia\/#\/schema\/person\/bf28d8ae7f1b287bbe3af484b04f43ea\",\"name\":\"Direcci\u00f3n de Comunicaciones Fiscal\u00eda General de la Naci\u00f3n\",\"image\":{\"@type\":\"ImageObject\",\"inLanguage\":\"es-CO\",\"@id\":\"https:\/\/www.fiscalia.gov.co\/colombia\/#\/schema\/person\/image\/\",\"url\":\"https:\/\/secure.gravatar.com\/avatar\/9d55ae161d32da16dbdd0b380c080a5f?s=96&d=mm&r=g\",\"contentUrl\":\"https:\/\/secure.gravatar.com\/avatar\/9d55ae161d32da16dbdd0b380c080a5f?s=96&d=mm&r=g\",\"caption\":\"Direcci\u00f3n de Comunicaciones Fiscal\u00eda General de la Naci\u00f3n\"},\"url\":\"https:\/\/www.fiscalia.gov.co\/colombia\/author\/kbonilla\/\"}]}<\/script>\n<!-- \/ Yoast SEO plugin. -->","yoast_head_json":{"title":"Fiscal\u00eda General de la Naci\u00f3n","description":"P\u00e1gina oficial de la Fiscal\u00eda General de la Naci\u00f3n \u2013 Colombia. Garantizamos el acceso efectivo a la justicia, la verdad y la reparaci\u00f3n de las v\u00edctimas de los delitos.","robots":{"index":"noindex","follow":"follow"},"og_locale":"es_ES","og_type":"article","og_title":"Fiscal\u00eda General de la Naci\u00f3n","og_description":"P\u00e1gina oficial de la Fiscal\u00eda General de la Naci\u00f3n \u2013 Colombia. Garantizamos el acceso efectivo a la justicia, la verdad y la reparaci\u00f3n de las v\u00edctimas de los delitos.","og_url":"https:\/\/www.fiscalia.gov.co\/colombia\/seccionales\/fiscalia-escucho-en-indagatoria-a-dos-exalcaldes-por-su-presunta-participacion-en-toma-guerrillera-en-el-ano-2002-en-huila\/","og_site_name":"Fiscal\u00eda General de la Naci\u00f3n","article_publisher":"https:\/\/www.facebook.com\/FiscaliaCol","article_published_time":"2019-03-19T21:52:52+00:00","author":"Direcci\u00f3n de Comunicaciones Fiscal\u00eda General de la Naci\u00f3n","twitter_card":"summary_large_image","twitter_creator":"@FiscaliaCol","twitter_site":"@FiscaliaCol","twitter_misc":{"Escrito por":"Direcci\u00f3n de Comunicaciones Fiscal\u00eda General de la Naci\u00f3n","Tiempo de lectura":"2 minutos"},"schema":{"@context":"https:\/\/schema.org","@graph":[{"@type":"Article","@id":"https:\/\/www.fiscalia.gov.co\/colombia\/seccionales\/fiscalia-escucho-en-indagatoria-a-dos-exalcaldes-por-su-presunta-participacion-en-toma-guerrillera-en-el-ano-2002-en-huila\/#article","isPartOf":{"@id":"https:\/\/www.fiscalia.gov.co\/colombia\/seccionales\/fiscalia-escucho-en-indagatoria-a-dos-exalcaldes-por-su-presunta-participacion-en-toma-guerrillera-en-el-ano-2002-en-huila\/"},"author":{"name":"Direcci\u00f3n de Comunicaciones Fiscal\u00eda General de la Naci\u00f3n","@id":"https:\/\/www.fiscalia.gov.co\/colombia\/#\/schema\/person\/bf28d8ae7f1b287bbe3af484b04f43ea"},"headline":"Fiscal\u00eda escuch\u00f3 en indagatoria a dos exalcaldes por su presunta participaci\u00f3n en toma guerrillera en el a\u00f1o 2002 en Huila","datePublished":"2019-03-19T21:52:52+00:00","dateModified":"2019-03-19T21:52:52+00:00","mainEntityOfPage":{"@id":"https:\/\/www.fiscalia.gov.co\/colombia\/seccionales\/fiscalia-escucho-en-indagatoria-a-dos-exalcaldes-por-su-presunta-participacion-en-toma-guerrillera-en-el-ano-2002-en-huila\/"},"wordCount":393,"publisher":{"@id":"https:\/\/www.fiscalia.gov.co\/colombia\/#organization"},"articleSection":["Derechos Humanos","Seccional Neiva","Seccionales"],"inLanguage":"es-CO"},{"@type":"WebPage","@id":"https:\/\/www.fiscalia.gov.co\/colombia\/seccionales\/fiscalia-escucho-en-indagatoria-a-dos-exalcaldes-por-su-presunta-participacion-en-toma-guerrillera-en-el-ano-2002-en-huila\/","url":"https:\/\/www.fiscalia.gov.co\/colombia\/seccionales\/fiscalia-escucho-en-indagatoria-a-dos-exalcaldes-por-su-presunta-participacion-en-toma-guerrillera-en-el-ano-2002-en-huila\/","name":"Fiscal\u00eda General de la Naci\u00f3n","isPartOf":{"@id":"https:\/\/www.fiscalia.gov.co\/colombia\/#website"},"datePublished":"2019-03-19T21:52:52+00:00","dateModified":"2019-03-19T21:52:52+00:00","description":"P\u00e1gina oficial de la Fiscal\u00eda General de la Naci\u00f3n \u2013 Colombia. Garantizamos el acceso efectivo a la justicia, la verdad y la reparaci\u00f3n de las v\u00edctimas de los delitos.","breadcrumb":{"@id":"https:\/\/www.fiscalia.gov.co\/colombia\/seccionales\/fiscalia-escucho-en-indagatoria-a-dos-exalcaldes-por-su-presunta-participacion-en-toma-guerrillera-en-el-ano-2002-en-huila\/#breadcrumb"},"inLanguage":"es-CO","potentialAction":[{"@type":"ReadAction","target":["https:\/\/www.fiscalia.gov.co\/colombia\/seccionales\/fiscalia-escucho-en-indagatoria-a-dos-exalcaldes-por-su-presunta-participacion-en-toma-guerrillera-en-el-ano-2002-en-huila\/"]}]},{"@type":"BreadcrumbList","@id":"https:\/\/www.fiscalia.gov.co\/colombia\/seccionales\/fiscalia-escucho-en-indagatoria-a-dos-exalcaldes-por-su-presunta-participacion-en-toma-guerrillera-en-el-ano-2002-en-huila\/#breadcrumb","itemListElement":[{"@type":"ListItem","position":1,"name":"Home","item":"https:\/\/www.fiscalia.gov.co\/colombia\/"},{"@type":"ListItem","position":2,"name":"Fiscal\u00eda escuch\u00f3 en indagatoria a dos exalcaldes por su presunta participaci\u00f3n en toma guerrillera en el a\u00f1o 2002 en Huila"}]},{"@type":"WebSite","@id":"https:\/\/www.fiscalia.gov.co\/colombia\/#website","url":"https:\/\/www.fiscalia.gov.co\/colombia\/","name":"Fiscal\u00eda General de la Naci\u00f3n","description":"P\u00e1gina oficial de la Fiscal\u00eda General de la Naci\u00f3n \u2013 Colombia. Garantizamos el acceso efectivo a la justicia, la verdad y la reparaci\u00f3n de las v\u00edctimas de los delitos.","publisher":{"@id":"https:\/\/www.fiscalia.gov.co\/colombia\/#organization"},"potentialAction":[{"@type":"SearchAction","target":{"@type":"EntryPoint","urlTemplate":"https:\/\/www.fiscalia.gov.co\/colombia\/?s={search_term_string}"},"query-input":{"@type":"PropertyValueSpecification","valueRequired":true,"valueName":"search_term_string"}}],"inLanguage":"es-CO"},{"@type":"Organization","@id":"https:\/\/www.fiscalia.gov.co\/colombia\/#organization","name":"Fiscal\u00eda General de la Naci\u00f3n","url":"https:\/\/www.fiscalia.gov.co\/colombia\/","logo":{"@type":"ImageObject","inLanguage":"es-CO","@id":"https:\/\/www.fiscalia.gov.co\/colombia\/#\/schema\/logo\/image\/","url":"https:\/\/www.fiscalia.gov.co\/colombia\/wp-content\/uploads\/LogoHorizontal_1.jpg","contentUrl":"https:\/\/www.fiscalia.gov.co\/colombia\/wp-content\/uploads\/LogoHorizontal_1.jpg","width":300,"height":90,"caption":"Fiscal\u00eda General de la Naci\u00f3n"},"image":{"@id":"https:\/\/www.fiscalia.gov.co\/colombia\/#\/schema\/logo\/image\/"},"sameAs":["https:\/\/www.facebook.com\/FiscaliaCol","https:\/\/x.com\/FiscaliaCol","https:\/\/www.instagram.com\/fiscaliacol","https:\/\/www.linkedin.com\/company\/fiscalia-general-de-la-naci-n\/","https:\/\/youtube.com\/@fiscaliageneraldelanacion-4668?si=6nN79nyQICPU5iTh"]},{"@type":"Person","@id":"https:\/\/www.fiscalia.gov.co\/colombia\/#\/schema\/person\/bf28d8ae7f1b287bbe3af484b04f43ea","name":"Direcci\u00f3n de Comunicaciones Fiscal\u00eda General de la Naci\u00f3n","image":{"@type":"ImageObject","inLanguage":"es-CO","@id":"https:\/\/www.fiscalia.gov.co\/colombia\/#\/schema\/person\/image\/","url":"https:\/\/secure.gravatar.com\/avatar\/9d55ae161d32da16dbdd0b380c080a5f?s=96&d=mm&r=g","contentUrl":"https:\/\/secure.gravatar.com\/avatar\/9d55ae161d32da16dbdd0b380c080a5f?s=96&d=mm&r=g","caption":"Direcci\u00f3n de Comunicaciones Fiscal\u00eda General de la Naci\u00f3n"},"url":"https:\/\/www.fiscalia.gov.co\/colombia\/author\/kbonilla\/"}]}},"_links":{"self":[{"href":"https:\/\/www.fiscalia.gov.co\/colombia\/wp-json\/wp\/v2\/posts\/177199","targetHints":{"allow":["GET"]}}],"collection":[{"href":"https:\/\/www.fiscalia.gov.co\/colombia\/wp-json\/wp\/v2\/posts"}],"about":[{"href":"https:\/\/www.fiscalia.gov.co\/colombia\/wp-json\/wp\/v2\/types\/post"}],"author":[{"embeddable":true,"href":"https:\/\/www.fiscalia.gov.co\/colombia\/wp-json\/wp\/v2\/users\/162"}],"replies":[{"embeddable":true,"href":"https:\/\/www.fiscalia.gov.co\/colombia\/wp-json\/wp\/v2\/comments?post=177199"}],"version-history":[{"count":1,"href":"https:\/\/www.fiscalia.gov.co\/colombia\/wp-json\/wp\/v2\/posts\/177199\/revisions"}],"predecessor-version":[{"id":177200,"href":"https:\/\/www.fiscalia.gov.co\/colombia\/wp-json\/wp\/v2\/posts\/177199\/revisions\/177200"}],"wp:attachment":[{"href":"https:\/\/www.fiscalia.gov.co\/colombia\/wp-json\/wp\/v2\/media?parent=177199"}],"wp:term":[{"taxonomy":"category","embeddable":true,"href":"https:\/\/www.fiscalia.gov.co\/colombia\/wp-json\/wp\/v2\/categories?post=177199"},{"taxonomy":"post_tag","embeddable":true,"href":"https:\/\/www.fiscalia.gov.co\/colombia\/wp-json\/wp\/v2\/tags?post=177199"}],"curies":[{"name":"wp","href":"https:\/\/api.w.org\/{rel}","templated":true}]}}