{"id":176772,"date":"2019-03-11T14:45:01","date_gmt":"2019-03-11T19:45:01","guid":{"rendered":"https:\/\/www.fiscalia.gov.co\/colombia\/?p=176772"},"modified":"2019-03-11T14:45:01","modified_gmt":"2019-03-11T19:45:01","slug":"cinco-personas-fueron-judicializadas-por-violencia-intrafamiliar-contra-sus-parientes","status":"publish","type":"post","link":"https:\/\/www.fiscalia.gov.co\/colombia\/seccionales\/cinco-personas-fueron-judicializadas-por-violencia-intrafamiliar-contra-sus-parientes\/","title":{"rendered":"Cinco personas fueron judicializadas por violencia intrafamiliar contra sus parientes"},"content":{"rendered":"<blockquote class=\"td_quote_box td_box_center\">\n<h5><strong>Entre los detenidos se encuentran esposos, progenitores y una mujer que habr\u00eda agredido a su pareja por celos.<\/strong><\/h5>\n<\/blockquote>\n<p>En una labor interinstitucional entre la polic\u00eda judicial CTI de la Fiscal\u00eda y la Sij\u00edn, se logr\u00f3 la captura de cinco personas que en circunstancias distintas, al parecer, agredieron a sus parientes, provocando con ello que se abrieran investigaciones en su contra por el delito de violencia intrafamiliar, en diferentes municipios de Caquet\u00e1.<\/p>\n<p>Los detenidos responden a los nombres de Eduard Norvely Pulido Cadavid, Juli\u00e1n Yorley Aguirre, Sabas Hern\u00e1ndez Moscoso, Diego Ferney Carvajal Timbo y Maribel Mu\u00f1oz Rodr\u00edguez, detenidos la semana pasada para imputaci\u00f3n de cargos.<\/p>\n<p>Ninguno de los procesados acept\u00f3 cargos y deben seguir compareciendo al proceso.<\/p>\n<h4><strong>Atac\u00f3 a su esposa e hijos<\/strong><\/h4>\n<p>La Fiscal\u00eda vincul\u00f3 a Fabio Ome Sep\u00falveda a una investigaci\u00f3n luego de recaudar elementos de prueba y evidencia f\u00edsica que demostrar\u00edan que golpe\u00f3 severamente a su esposa e hijos en el municipio caquete\u00f1o de Puerto Rico, en donde fue materializada la orden de captura que pesaba en su contra.<\/p>\n<p>La denuncia interpuesta por su compa\u00f1era sentimental indica que las agresiones ven\u00edan present\u00e1ndose desde diciembre del a\u00f1o 2018, cuando el sujeto golpe\u00f3\u00a0a sus hijos y la mujer quiso interferir, siendo atacada igualmente por su pareja.<\/p>\n<h4><strong>Un caso similar en Florencia<\/strong><\/h4>\n<p>Diego Ferney Carvajal Timbo, seg\u00fan la denuncia instaurada por su compa\u00f1era sentimental, a inicios de este a\u00f1o en barrio Los \u00c1ngeles de Florencia, les peg\u00f3 a las hijas con una correa por haber hecho un da\u00f1o en la casa. Tras el reclamo de su esposa, el hombre supuestamente le propin\u00f3 varios golpes en el rostro que le generaron una incapacidad de varios d\u00edas.<\/p>\n<h4><strong>Agresiones justificadas por celos <\/strong><\/h4>\n<p>Otro caso ocurri\u00f3 en San Vicente del Cagu\u00e1n, donde seg\u00fan la v\u00edctima, Juli\u00e1n Yorley Aguirre, su expareja, la maltrat\u00f3 de manera f\u00edsica y verbal durante un a\u00f1o aproximadamente, por celos enfermizos. El investigado fue detenido en el barrio La Victoria de esa municipalidad, por la denuncia instaurada en noviembre del a\u00f1o 2018.<\/p>\n<p>Por celos, tambi\u00e9n otro hombre quien fue identificado como Eduard Norvely Pulido Cadavid, habr\u00eda golpeado a su esposa. El caso fue denunciado en junio del a\u00f1o 2018 en Florencia.<\/p>\n<p>La v\u00edctima inform\u00f3 a las autoridades que su pareja la golpeaba constantemente, por celos mal infundados. Su captura se produjo en el barrio Troncal del Hacha de la ciudad.<\/p>\n<p>Una mujer tambi\u00e9n fue protagonista de un episodio de violencia intrafamiliar, esta vez en contra de su esposo.<\/p>\n<p>Seg\u00fan la Fiscal\u00eda, Maribel Mu\u00f1oz Rodr\u00edguez quien fue detenida en el barrio Nueva Colombia de la capital caquete\u00f1a en donde ocurrieron los hechos, agredi\u00f3 a su esposo en varias ocasiones motivada por celos enfermizos.<\/p>\n<p>De acuerdo a la denuncia instaurada por su pareja, quien es miembro de las Fuerzas Militares, la mujer lo ha golpeado con elementos contundentes, caus\u00e1ndole graves lesiones en diferentes partes de su cuerpo.<\/p>\n<h4><strong>Adem\u00e1s de hurtarle, la golpe\u00f3<\/strong><\/h4>\n<p>En la urbanizaci\u00f3n La Gloria de Florencia (Caquet\u00e1), por orden del Juzgado 1\u00b0 Promiscuo Municipal de Puerto Rico, fue detenido Sabas Hern\u00e1ndez Moscoso luego de conocer los hechos ocurridos en enero de este a\u00f1o en ese sector, cuando la v\u00edctima dej\u00f3 al hoy investigado, quien para la \u00e9poca de los hechos era su compa\u00f1ero sentimental, cuidando su casa.<\/p>\n<p>Al regresar, la mujer se encontr\u00f3 con que faltaban electrodom\u00e9sticos y otros elementos de valor al igual que documentos, y al hacerle el reclamo, el hombre al parecer, la agredi\u00f3 con un arma cortopunzante.<\/p>\n<p>La Fiscal\u00eda hace p\u00fablica esta informaci\u00f3n por razones de inter\u00e9s general.<\/p>\n<p>&nbsp;<\/p>\n<p>&nbsp;<\/p>\n<p>PAAM\/DLBM<\/p>\n\n<div class=\"twitter-share\"><a href=\"https:\/\/twitter.com\/intent\/tweet?via=fiscaliacol\" class=\"twitter-share-button\">Tweet<\/a><\/div>\n","protected":false},"excerpt":{"rendered":"<p>Entre los detenidos se encuentran esposos, progenitores y una mujer que habr\u00eda agredido a su pareja por celos. En una labor interinstitucional entre la polic\u00eda judicial CTI de la Fiscal\u00eda [&hellip;]<\/p>\n","protected":false},"author":162,"featured_media":0,"comment_status":"closed","ping_status":"open","sticky":false,"template":"","format":"standard","meta":{"tdm_status":"","tdm_grid_status":"","footnotes":""},"categories":[328,303,24127],"tags":[],"class_list":["post-176772","post","type-post","status-publish","format-standard","category-seccional-florencia","category-seccionales","category-violencia-sexual-e-intrafamiliar"],"yoast_head":"<!-- This site is optimized with the Yoast SEO plugin v24.3 - https:\/\/yoast.com\/wordpress\/plugins\/seo\/ -->\n<title>Fiscal\u00eda General de la Naci\u00f3n<\/title>\n<meta name=\"description\" content=\"P\u00e1gina oficial de la Fiscal\u00eda General de la Naci\u00f3n \u2013 Colombia. Garantizamos el acceso efectivo a la justicia, la verdad y la reparaci\u00f3n de las v\u00edctimas de los delitos.\" \/>\n<meta name=\"robots\" content=\"noindex, follow\" \/>\n<meta property=\"og:locale\" content=\"es_ES\" \/>\n<meta property=\"og:type\" content=\"article\" \/>\n<meta property=\"og:title\" content=\"Fiscal\u00eda General de la Naci\u00f3n\" \/>\n<meta property=\"og:description\" content=\"P\u00e1gina oficial de la Fiscal\u00eda General de la Naci\u00f3n \u2013 Colombia. Garantizamos el acceso efectivo a la justicia, la verdad y la reparaci\u00f3n de las v\u00edctimas de los delitos.\" \/>\n<meta property=\"og:url\" content=\"https:\/\/www.fiscalia.gov.co\/colombia\/seccionales\/cinco-personas-fueron-judicializadas-por-violencia-intrafamiliar-contra-sus-parientes\/\" \/>\n<meta property=\"og:site_name\" content=\"Fiscal\u00eda General de la Naci\u00f3n\" \/>\n<meta property=\"article:publisher\" content=\"https:\/\/www.facebook.com\/FiscaliaCol\" \/>\n<meta property=\"article:published_time\" content=\"2019-03-11T19:45:01+00:00\" \/>\n<meta name=\"author\" content=\"Direcci\u00f3n de Comunicaciones Fiscal\u00eda General de la Naci\u00f3n\" \/>\n<meta name=\"twitter:card\" content=\"summary_large_image\" \/>\n<meta name=\"twitter:creator\" content=\"@FiscaliaCol\" \/>\n<meta name=\"twitter:site\" content=\"@FiscaliaCol\" \/>\n<meta name=\"twitter:label1\" content=\"Escrito por\" \/>\n\t<meta name=\"twitter:data1\" content=\"Direcci\u00f3n de Comunicaciones Fiscal\u00eda General de la Naci\u00f3n\" \/>\n\t<meta name=\"twitter:label2\" content=\"Tiempo de lectura\" \/>\n\t<meta name=\"twitter:data2\" content=\"3 minutos\" \/>\n<script type=\"application\/ld+json\" class=\"yoast-schema-graph\">{\"@context\":\"https:\/\/schema.org\",\"@graph\":[{\"@type\":\"Article\",\"@id\":\"https:\/\/www.fiscalia.gov.co\/colombia\/seccionales\/cinco-personas-fueron-judicializadas-por-violencia-intrafamiliar-contra-sus-parientes\/#article\",\"isPartOf\":{\"@id\":\"https:\/\/www.fiscalia.gov.co\/colombia\/seccionales\/cinco-personas-fueron-judicializadas-por-violencia-intrafamiliar-contra-sus-parientes\/\"},\"author\":{\"name\":\"Direcci\u00f3n de Comunicaciones Fiscal\u00eda General de la Naci\u00f3n\",\"@id\":\"https:\/\/www.fiscalia.gov.co\/colombia\/#\/schema\/person\/bf28d8ae7f1b287bbe3af484b04f43ea\"},\"headline\":\"Cinco personas fueron judicializadas por violencia intrafamiliar contra sus parientes\",\"datePublished\":\"2019-03-11T19:45:01+00:00\",\"dateModified\":\"2019-03-11T19:45:01+00:00\",\"mainEntityOfPage\":{\"@id\":\"https:\/\/www.fiscalia.gov.co\/colombia\/seccionales\/cinco-personas-fueron-judicializadas-por-violencia-intrafamiliar-contra-sus-parientes\/\"},\"wordCount\":645,\"publisher\":{\"@id\":\"https:\/\/www.fiscalia.gov.co\/colombia\/#organization\"},\"articleSection\":[\"Seccional Florencia\",\"Seccionales\",\"Violencia sexual e intrafamiliar\"],\"inLanguage\":\"es-CO\"},{\"@type\":\"WebPage\",\"@id\":\"https:\/\/www.fiscalia.gov.co\/colombia\/seccionales\/cinco-personas-fueron-judicializadas-por-violencia-intrafamiliar-contra-sus-parientes\/\",\"url\":\"https:\/\/www.fiscalia.gov.co\/colombia\/seccionales\/cinco-personas-fueron-judicializadas-por-violencia-intrafamiliar-contra-sus-parientes\/\",\"name\":\"Fiscal\u00eda General de la Naci\u00f3n\",\"isPartOf\":{\"@id\":\"https:\/\/www.fiscalia.gov.co\/colombia\/#website\"},\"datePublished\":\"2019-03-11T19:45:01+00:00\",\"dateModified\":\"2019-03-11T19:45:01+00:00\",\"description\":\"P\u00e1gina oficial de la Fiscal\u00eda General de la Naci\u00f3n \u2013 Colombia. Garantizamos el acceso efectivo a la justicia, la verdad y la reparaci\u00f3n de las v\u00edctimas de los delitos.\",\"breadcrumb\":{\"@id\":\"https:\/\/www.fiscalia.gov.co\/colombia\/seccionales\/cinco-personas-fueron-judicializadas-por-violencia-intrafamiliar-contra-sus-parientes\/#breadcrumb\"},\"inLanguage\":\"es-CO\",\"potentialAction\":[{\"@type\":\"ReadAction\",\"target\":[\"https:\/\/www.fiscalia.gov.co\/colombia\/seccionales\/cinco-personas-fueron-judicializadas-por-violencia-intrafamiliar-contra-sus-parientes\/\"]}]},{\"@type\":\"BreadcrumbList\",\"@id\":\"https:\/\/www.fiscalia.gov.co\/colombia\/seccionales\/cinco-personas-fueron-judicializadas-por-violencia-intrafamiliar-contra-sus-parientes\/#breadcrumb\",\"itemListElement\":[{\"@type\":\"ListItem\",\"position\":1,\"name\":\"Home\",\"item\":\"https:\/\/www.fiscalia.gov.co\/colombia\/\"},{\"@type\":\"ListItem\",\"position\":2,\"name\":\"Cinco personas fueron judicializadas por violencia intrafamiliar contra sus parientes\"}]},{\"@type\":\"WebSite\",\"@id\":\"https:\/\/www.fiscalia.gov.co\/colombia\/#website\",\"url\":\"https:\/\/www.fiscalia.gov.co\/colombia\/\",\"name\":\"Fiscal\u00eda General de la Naci\u00f3n\",\"description\":\"P\u00e1gina oficial de la Fiscal\u00eda General de la Naci\u00f3n \u2013 Colombia. Garantizamos el acceso efectivo a la justicia, la verdad y la reparaci\u00f3n de las v\u00edctimas de los delitos.\",\"publisher\":{\"@id\":\"https:\/\/www.fiscalia.gov.co\/colombia\/#organization\"},\"potentialAction\":[{\"@type\":\"SearchAction\",\"target\":{\"@type\":\"EntryPoint\",\"urlTemplate\":\"https:\/\/www.fiscalia.gov.co\/colombia\/?s={search_term_string}\"},\"query-input\":{\"@type\":\"PropertyValueSpecification\",\"valueRequired\":true,\"valueName\":\"search_term_string\"}}],\"inLanguage\":\"es-CO\"},{\"@type\":\"Organization\",\"@id\":\"https:\/\/www.fiscalia.gov.co\/colombia\/#organization\",\"name\":\"Fiscal\u00eda General de la Naci\u00f3n\",\"url\":\"https:\/\/www.fiscalia.gov.co\/colombia\/\",\"logo\":{\"@type\":\"ImageObject\",\"inLanguage\":\"es-CO\",\"@id\":\"https:\/\/www.fiscalia.gov.co\/colombia\/#\/schema\/logo\/image\/\",\"url\":\"https:\/\/www.fiscalia.gov.co\/colombia\/wp-content\/uploads\/LogoHorizontal_1.jpg\",\"contentUrl\":\"https:\/\/www.fiscalia.gov.co\/colombia\/wp-content\/uploads\/LogoHorizontal_1.jpg\",\"width\":300,\"height\":90,\"caption\":\"Fiscal\u00eda General de la Naci\u00f3n\"},\"image\":{\"@id\":\"https:\/\/www.fiscalia.gov.co\/colombia\/#\/schema\/logo\/image\/\"},\"sameAs\":[\"https:\/\/www.facebook.com\/FiscaliaCol\",\"https:\/\/x.com\/FiscaliaCol\",\"https:\/\/www.instagram.com\/fiscaliacol\",\"https:\/\/www.linkedin.com\/company\/fiscalia-general-de-la-naci-n\/\",\"https:\/\/youtube.com\/@fiscaliageneraldelanacion-4668?si=6nN79nyQICPU5iTh\"]},{\"@type\":\"Person\",\"@id\":\"https:\/\/www.fiscalia.gov.co\/colombia\/#\/schema\/person\/bf28d8ae7f1b287bbe3af484b04f43ea\",\"name\":\"Direcci\u00f3n de Comunicaciones Fiscal\u00eda General de la Naci\u00f3n\",\"image\":{\"@type\":\"ImageObject\",\"inLanguage\":\"es-CO\",\"@id\":\"https:\/\/www.fiscalia.gov.co\/colombia\/#\/schema\/person\/image\/\",\"url\":\"https:\/\/secure.gravatar.com\/avatar\/9d55ae161d32da16dbdd0b380c080a5f?s=96&d=mm&r=g\",\"contentUrl\":\"https:\/\/secure.gravatar.com\/avatar\/9d55ae161d32da16dbdd0b380c080a5f?s=96&d=mm&r=g\",\"caption\":\"Direcci\u00f3n de Comunicaciones Fiscal\u00eda General de la Naci\u00f3n\"},\"url\":\"https:\/\/www.fiscalia.gov.co\/colombia\/author\/kbonilla\/\"}]}<\/script>\n<!-- \/ Yoast SEO plugin. -->","yoast_head_json":{"title":"Fiscal\u00eda General de la Naci\u00f3n","description":"P\u00e1gina oficial de la Fiscal\u00eda General de la Naci\u00f3n \u2013 Colombia. Garantizamos el acceso efectivo a la justicia, la verdad y la reparaci\u00f3n de las v\u00edctimas de los delitos.","robots":{"index":"noindex","follow":"follow"},"og_locale":"es_ES","og_type":"article","og_title":"Fiscal\u00eda General de la Naci\u00f3n","og_description":"P\u00e1gina oficial de la Fiscal\u00eda General de la Naci\u00f3n \u2013 Colombia. Garantizamos el acceso efectivo a la justicia, la verdad y la reparaci\u00f3n de las v\u00edctimas de los delitos.","og_url":"https:\/\/www.fiscalia.gov.co\/colombia\/seccionales\/cinco-personas-fueron-judicializadas-por-violencia-intrafamiliar-contra-sus-parientes\/","og_site_name":"Fiscal\u00eda General de la Naci\u00f3n","article_publisher":"https:\/\/www.facebook.com\/FiscaliaCol","article_published_time":"2019-03-11T19:45:01+00:00","author":"Direcci\u00f3n de Comunicaciones Fiscal\u00eda General de la Naci\u00f3n","twitter_card":"summary_large_image","twitter_creator":"@FiscaliaCol","twitter_site":"@FiscaliaCol","twitter_misc":{"Escrito por":"Direcci\u00f3n de Comunicaciones Fiscal\u00eda General de la Naci\u00f3n","Tiempo de lectura":"3 minutos"},"schema":{"@context":"https:\/\/schema.org","@graph":[{"@type":"Article","@id":"https:\/\/www.fiscalia.gov.co\/colombia\/seccionales\/cinco-personas-fueron-judicializadas-por-violencia-intrafamiliar-contra-sus-parientes\/#article","isPartOf":{"@id":"https:\/\/www.fiscalia.gov.co\/colombia\/seccionales\/cinco-personas-fueron-judicializadas-por-violencia-intrafamiliar-contra-sus-parientes\/"},"author":{"name":"Direcci\u00f3n de Comunicaciones Fiscal\u00eda General de la Naci\u00f3n","@id":"https:\/\/www.fiscalia.gov.co\/colombia\/#\/schema\/person\/bf28d8ae7f1b287bbe3af484b04f43ea"},"headline":"Cinco personas fueron judicializadas por violencia intrafamiliar contra sus parientes","datePublished":"2019-03-11T19:45:01+00:00","dateModified":"2019-03-11T19:45:01+00:00","mainEntityOfPage":{"@id":"https:\/\/www.fiscalia.gov.co\/colombia\/seccionales\/cinco-personas-fueron-judicializadas-por-violencia-intrafamiliar-contra-sus-parientes\/"},"wordCount":645,"publisher":{"@id":"https:\/\/www.fiscalia.gov.co\/colombia\/#organization"},"articleSection":["Seccional Florencia","Seccionales","Violencia sexual e intrafamiliar"],"inLanguage":"es-CO"},{"@type":"WebPage","@id":"https:\/\/www.fiscalia.gov.co\/colombia\/seccionales\/cinco-personas-fueron-judicializadas-por-violencia-intrafamiliar-contra-sus-parientes\/","url":"https:\/\/www.fiscalia.gov.co\/colombia\/seccionales\/cinco-personas-fueron-judicializadas-por-violencia-intrafamiliar-contra-sus-parientes\/","name":"Fiscal\u00eda General de la Naci\u00f3n","isPartOf":{"@id":"https:\/\/www.fiscalia.gov.co\/colombia\/#website"},"datePublished":"2019-03-11T19:45:01+00:00","dateModified":"2019-03-11T19:45:01+00:00","description":"P\u00e1gina oficial de la Fiscal\u00eda General de la Naci\u00f3n \u2013 Colombia. Garantizamos el acceso efectivo a la justicia, la verdad y la reparaci\u00f3n de las v\u00edctimas de los delitos.","breadcrumb":{"@id":"https:\/\/www.fiscalia.gov.co\/colombia\/seccionales\/cinco-personas-fueron-judicializadas-por-violencia-intrafamiliar-contra-sus-parientes\/#breadcrumb"},"inLanguage":"es-CO","potentialAction":[{"@type":"ReadAction","target":["https:\/\/www.fiscalia.gov.co\/colombia\/seccionales\/cinco-personas-fueron-judicializadas-por-violencia-intrafamiliar-contra-sus-parientes\/"]}]},{"@type":"BreadcrumbList","@id":"https:\/\/www.fiscalia.gov.co\/colombia\/seccionales\/cinco-personas-fueron-judicializadas-por-violencia-intrafamiliar-contra-sus-parientes\/#breadcrumb","itemListElement":[{"@type":"ListItem","position":1,"name":"Home","item":"https:\/\/www.fiscalia.gov.co\/colombia\/"},{"@type":"ListItem","position":2,"name":"Cinco personas fueron judicializadas por violencia intrafamiliar contra sus parientes"}]},{"@type":"WebSite","@id":"https:\/\/www.fiscalia.gov.co\/colombia\/#website","url":"https:\/\/www.fiscalia.gov.co\/colombia\/","name":"Fiscal\u00eda General de la Naci\u00f3n","description":"P\u00e1gina oficial de la Fiscal\u00eda General de la Naci\u00f3n \u2013 Colombia. Garantizamos el acceso efectivo a la justicia, la verdad y la reparaci\u00f3n de las v\u00edctimas de los delitos.","publisher":{"@id":"https:\/\/www.fiscalia.gov.co\/colombia\/#organization"},"potentialAction":[{"@type":"SearchAction","target":{"@type":"EntryPoint","urlTemplate":"https:\/\/www.fiscalia.gov.co\/colombia\/?s={search_term_string}"},"query-input":{"@type":"PropertyValueSpecification","valueRequired":true,"valueName":"search_term_string"}}],"inLanguage":"es-CO"},{"@type":"Organization","@id":"https:\/\/www.fiscalia.gov.co\/colombia\/#organization","name":"Fiscal\u00eda General de la Naci\u00f3n","url":"https:\/\/www.fiscalia.gov.co\/colombia\/","logo":{"@type":"ImageObject","inLanguage":"es-CO","@id":"https:\/\/www.fiscalia.gov.co\/colombia\/#\/schema\/logo\/image\/","url":"https:\/\/www.fiscalia.gov.co\/colombia\/wp-content\/uploads\/LogoHorizontal_1.jpg","contentUrl":"https:\/\/www.fiscalia.gov.co\/colombia\/wp-content\/uploads\/LogoHorizontal_1.jpg","width":300,"height":90,"caption":"Fiscal\u00eda General de la Naci\u00f3n"},"image":{"@id":"https:\/\/www.fiscalia.gov.co\/colombia\/#\/schema\/logo\/image\/"},"sameAs":["https:\/\/www.facebook.com\/FiscaliaCol","https:\/\/x.com\/FiscaliaCol","https:\/\/www.instagram.com\/fiscaliacol","https:\/\/www.linkedin.com\/company\/fiscalia-general-de-la-naci-n\/","https:\/\/youtube.com\/@fiscaliageneraldelanacion-4668?si=6nN79nyQICPU5iTh"]},{"@type":"Person","@id":"https:\/\/www.fiscalia.gov.co\/colombia\/#\/schema\/person\/bf28d8ae7f1b287bbe3af484b04f43ea","name":"Direcci\u00f3n de Comunicaciones Fiscal\u00eda General de la Naci\u00f3n","image":{"@type":"ImageObject","inLanguage":"es-CO","@id":"https:\/\/www.fiscalia.gov.co\/colombia\/#\/schema\/person\/image\/","url":"https:\/\/secure.gravatar.com\/avatar\/9d55ae161d32da16dbdd0b380c080a5f?s=96&d=mm&r=g","contentUrl":"https:\/\/secure.gravatar.com\/avatar\/9d55ae161d32da16dbdd0b380c080a5f?s=96&d=mm&r=g","caption":"Direcci\u00f3n de Comunicaciones Fiscal\u00eda General de la Naci\u00f3n"},"url":"https:\/\/www.fiscalia.gov.co\/colombia\/author\/kbonilla\/"}]}},"_links":{"self":[{"href":"https:\/\/www.fiscalia.gov.co\/colombia\/wp-json\/wp\/v2\/posts\/176772","targetHints":{"allow":["GET"]}}],"collection":[{"href":"https:\/\/www.fiscalia.gov.co\/colombia\/wp-json\/wp\/v2\/posts"}],"about":[{"href":"https:\/\/www.fiscalia.gov.co\/colombia\/wp-json\/wp\/v2\/types\/post"}],"author":[{"embeddable":true,"href":"https:\/\/www.fiscalia.gov.co\/colombia\/wp-json\/wp\/v2\/users\/162"}],"replies":[{"embeddable":true,"href":"https:\/\/www.fiscalia.gov.co\/colombia\/wp-json\/wp\/v2\/comments?post=176772"}],"version-history":[{"count":1,"href":"https:\/\/www.fiscalia.gov.co\/colombia\/wp-json\/wp\/v2\/posts\/176772\/revisions"}],"predecessor-version":[{"id":176773,"href":"https:\/\/www.fiscalia.gov.co\/colombia\/wp-json\/wp\/v2\/posts\/176772\/revisions\/176773"}],"wp:attachment":[{"href":"https:\/\/www.fiscalia.gov.co\/colombia\/wp-json\/wp\/v2\/media?parent=176772"}],"wp:term":[{"taxonomy":"category","embeddable":true,"href":"https:\/\/www.fiscalia.gov.co\/colombia\/wp-json\/wp\/v2\/categories?post=176772"},{"taxonomy":"post_tag","embeddable":true,"href":"https:\/\/www.fiscalia.gov.co\/colombia\/wp-json\/wp\/v2\/tags?post=176772"}],"curies":[{"name":"wp","href":"https:\/\/api.w.org\/{rel}","templated":true}]}}