{"id":176767,"date":"2019-03-11T12:30:26","date_gmt":"2019-03-11T17:30:26","guid":{"rendered":"https:\/\/www.fiscalia.gov.co\/colombia\/?p=176767"},"modified":"2019-03-11T12:30:26","modified_gmt":"2019-03-11T17:30:26","slug":"a-prision-presuntos-asesinos-de-una-mujer-cuyo-cuerpo-fue-encontrado-en-un-cano-de-aguas-lluvias-en-cali","status":"publish","type":"post","link":"https:\/\/www.fiscalia.gov.co\/colombia\/seccionales\/a-prision-presuntos-asesinos-de-una-mujer-cuyo-cuerpo-fue-encontrado-en-un-cano-de-aguas-lluvias-en-cali\/","title":{"rendered":"A prisi\u00f3n presuntos asesinos de una mujer cuyo cuerpo fue encontrado en un ca\u00f1o de aguas lluvias en Cali"},"content":{"rendered":"<p>El juez Cuarto Penal Municipal de Cali envi\u00f3 a prisi\u00f3n a los primos Camilo Alexis Mart\u00ednez Restrepo y Didier Mauricio Giraldo Restrepo, ambos de 20 a\u00f1os de edad, y quienes estar\u00edan relacionados con el asesinado de\u00a0 Lady Johana Morales Hurtado, de 26 a\u00f1os de edad.<\/p>\n<p>La decisi\u00f3n del juez se produjo luego del avala a la imputaci\u00f3n que como presuntos coautores responsables del delito de feminicidio agravado propuso contra los implicados la Fiscal\u00eda General de la Naci\u00f3n.<\/p>\n<p>El cuerpo sin vida de Lady Johana Morales Hurtado apareci\u00f3 el pasado 2 de enero en un ca\u00f1o de aguas residuales en el sector de Navarro,\u00a0 oriente de Cali.<\/p>\n<p>Luego de 90 d\u00edas de investigaci\u00f3n en los que se realizaron interceptaciones telef\u00f3nicas y seguimientos individuales, servidores del Cuerpo T\u00e9cnico de Investigaci\u00f3n (CTI) con apoyo de unidades del Gaula Militar Bol\u00edvar de la Armada Nacional capturaron, el pasado 8 de marzo, a los dos implicados.<\/p>\n<p>La captura de Mart\u00ednez Restrepo se produjo en Cartagena (Bol\u00edvar), mientras que la de Giraldo Restrepo se concret\u00f3 en Baranoa (Atl\u00e1ntico).<\/p>\n<p><strong>El crimen<\/strong><\/p>\n<p>De acuerdo con las investigaciones, el asesinato de la mujer lo habr\u00eda originado la venganza por parte Camilo Alexis Mart\u00ednez, pues la mujer se habr\u00eda negado a sostener una relaci\u00f3n sentimental con \u00e9l.<\/p>\n<p>Seg\u00fan se ha precisado, luego de una discusi\u00f3n con la mujer Camilo Alexis Mart\u00ednez, habr\u00eda decidido asesinarla con ayuda de su primo Didier Mauricio.<\/p>\n<p>La v\u00edctima precisamente fue vista con vida por \u00faltima vez el 28 de diciembre en compa\u00f1\u00eda de Didier Giraldo.<\/p>\n<p>Tiempo despu\u00e9s el cuerpo sin vida de Lady Johana Morales fue encontrado sin signos vitales y en avanzado estado de descomposici\u00f3n, y estaba\u00a0 envuelto en una malla met\u00e1lica.<\/p>\n<p>El reporte entregado por Medicina Legal al cad\u00e1ver afirma que la v\u00edctima recibi\u00f3 seis heridas con arma cortopunzante en el cuello, la regi\u00f3n clavicular derecha y el t\u00f3rax. De la misma manera, se precis\u00f3 que la muerte de la mujer se produjo el pasado 31 de diciembre.\u00a0 As\u00ed mismo, se descart\u00f3 el que la mujer presentara signos de tortura.<\/p>\n<p>Las pesquisas realizadas por la Fiscal\u00eda dan cuenta de c\u00f3mo una vez fue encontrado el cuerpo sin vida de la mujer los hoy imputados salieron de la ciudad de manera sospechosa, por lo que las labores investigativas, entre ellas interceptaciones telef\u00f3nicas fueron orientadas a establecer su paradero y responsabilidad en los hechos.<\/p>\n<p><strong>Las recompensas<\/strong><\/p>\n<p>Las recompensas ofrecidas por la alcald\u00eda de Cali facilitaron la entrega de informaci\u00f3n asociada a la investigaci\u00f3n para dar con el paradero de las personas vinculadas con el crimen de Lady Johana Morales.<\/p>\n<p>A la Secretar\u00eda de Seguridad y Justicia lleg\u00f3 un ciudadano quien entreg\u00f3 pistas sobre el veh\u00edculo en que habr\u00eda sido transportado el cuerpo de la v\u00edctima, elemento que permiti\u00f3 establecer una l\u00ednea de investigaci\u00f3n objetiva.<\/p>\n<p>Otro ciudadano entreg\u00f3 informaci\u00f3n sobre la identidad de los presuntos responsables del feminicidio, lo cual permiti\u00f3 que el juez emitiera la orden de captura contra los implicados.<\/p>\n<p>En las pr\u00f3ximas horas los dos asegurados ser\u00e1n puestos a disposici\u00f3n de personal del INPEC, en la c\u00e1rcel de Villahermosa.<\/p>\n<p>La Fiscal\u00eda General de la Naci\u00f3n publica esta informaci\u00f3n por considerarla de inter\u00e9s general.<\/p>\n<p>JGPV\/MAGA<\/p>\n\n<div class=\"twitter-share\"><a href=\"https:\/\/twitter.com\/intent\/tweet?via=fiscaliacol\" class=\"twitter-share-button\">Tweet<\/a><\/div>\n","protected":false},"excerpt":{"rendered":"<p>El juez Cuarto Penal Municipal de Cali envi\u00f3 a prisi\u00f3n a los primos Camilo Alexis Mart\u00ednez Restrepo y Didier Mauricio Giraldo Restrepo, ambos de 20 a\u00f1os de edad, y quienes estar\u00edan relacionados con el asesinado de\u00a0 Lady Johana Morales Hurtado, de 26 a\u00f1os de edad. La decisi\u00f3n del juez se produjo luego del avala a [&hellip;]<\/p>\n","protected":false},"author":162,"featured_media":0,"comment_status":"closed","ping_status":"open","sticky":false,"template":"","format":"standard","meta":{"_price":"","_stock":"","_tribe_ticket_header":"","_tribe_default_ticket_provider":"","_tribe_ticket_capacity":"0","_ticket_start_date":"","_ticket_end_date":"","_tribe_ticket_show_description":"","_tribe_ticket_show_not_going":false,"_tribe_ticket_use_global_stock":"","_tribe_ticket_global_stock_level":"","_global_stock_mode":"","_global_stock_cap":"","_tribe_rsvp_for_event":"","_tribe_ticket_going_count":"","_tribe_ticket_not_going_count":"","_tribe_tickets_list":"[]","_tribe_ticket_has_attendee_info_fields":false,"tdm_status":"","tdm_grid_status":"","footnotes":""},"categories":[324,303,24099],"tags":[],"class_list":{"0":"post-176767","1":"post","2":"type-post","3":"status-publish","4":"format-standard","6":"category-seccional-cali","7":"category-seccionales","8":"category-seguridad-territorial"},"yoast_head":"<!-- This site is optimized with the Yoast SEO plugin v24.3 - https:\/\/yoast.com\/wordpress\/plugins\/seo\/ -->\n<title>Fiscal\u00eda General de la Naci\u00f3n<\/title>\n<meta name=\"description\" content=\"P\u00e1gina oficial de la Fiscal\u00eda General de la Naci\u00f3n \u2013 Colombia. Garantizamos el acceso efectivo a la justicia, la verdad y la reparaci\u00f3n de las v\u00edctimas de los delitos.\" \/>\n<meta name=\"robots\" content=\"noindex, follow\" \/>\n<meta property=\"og:locale\" content=\"es_ES\" \/>\n<meta property=\"og:type\" content=\"article\" \/>\n<meta property=\"og:title\" content=\"Fiscal\u00eda General de la Naci\u00f3n\" \/>\n<meta property=\"og:description\" content=\"P\u00e1gina oficial de la Fiscal\u00eda General de la Naci\u00f3n \u2013 Colombia. Garantizamos el acceso efectivo a la justicia, la verdad y la reparaci\u00f3n de las v\u00edctimas de los delitos.\" \/>\n<meta property=\"og:url\" content=\"https:\/\/www.fiscalia.gov.co\/colombia\/seccionales\/a-prision-presuntos-asesinos-de-una-mujer-cuyo-cuerpo-fue-encontrado-en-un-cano-de-aguas-lluvias-en-cali\/\" \/>\n<meta property=\"og:site_name\" content=\"Fiscal\u00eda General de la Naci\u00f3n\" \/>\n<meta property=\"article:publisher\" content=\"https:\/\/www.facebook.com\/FiscaliaCol\" \/>\n<meta property=\"article:published_time\" content=\"2019-03-11T17:30:26+00:00\" \/>\n<meta name=\"author\" content=\"Direcci\u00f3n de Comunicaciones Fiscal\u00eda General de la Naci\u00f3n\" \/>\n<meta name=\"twitter:card\" content=\"summary_large_image\" \/>\n<meta name=\"twitter:creator\" content=\"@FiscaliaCol\" \/>\n<meta name=\"twitter:site\" content=\"@FiscaliaCol\" \/>\n<meta name=\"twitter:label1\" content=\"Escrito por\" \/>\n\t<meta name=\"twitter:data1\" content=\"Direcci\u00f3n de Comunicaciones Fiscal\u00eda General de la Naci\u00f3n\" \/>\n\t<meta name=\"twitter:label2\" content=\"Tiempo de lectura\" \/>\n\t<meta name=\"twitter:data2\" content=\"3 minutos\" \/>\n<script type=\"application\/ld+json\" class=\"yoast-schema-graph\">{\"@context\":\"https:\/\/schema.org\",\"@graph\":[{\"@type\":\"Article\",\"@id\":\"https:\/\/www.fiscalia.gov.co\/colombia\/seccionales\/a-prision-presuntos-asesinos-de-una-mujer-cuyo-cuerpo-fue-encontrado-en-un-cano-de-aguas-lluvias-en-cali\/#article\",\"isPartOf\":{\"@id\":\"https:\/\/www.fiscalia.gov.co\/colombia\/seccionales\/a-prision-presuntos-asesinos-de-una-mujer-cuyo-cuerpo-fue-encontrado-en-un-cano-de-aguas-lluvias-en-cali\/\"},\"author\":{\"name\":\"Direcci\u00f3n de Comunicaciones Fiscal\u00eda General de la Naci\u00f3n\",\"@id\":\"https:\/\/www.fiscalia.gov.co\/colombia\/#\/schema\/person\/bf28d8ae7f1b287bbe3af484b04f43ea\"},\"headline\":\"A prisi\u00f3n presuntos asesinos de una mujer cuyo cuerpo fue encontrado en un ca\u00f1o de aguas lluvias en Cali\",\"datePublished\":\"2019-03-11T17:30:26+00:00\",\"dateModified\":\"2019-03-11T17:30:26+00:00\",\"mainEntityOfPage\":{\"@id\":\"https:\/\/www.fiscalia.gov.co\/colombia\/seccionales\/a-prision-presuntos-asesinos-de-una-mujer-cuyo-cuerpo-fue-encontrado-en-un-cano-de-aguas-lluvias-en-cali\/\"},\"wordCount\":593,\"publisher\":{\"@id\":\"https:\/\/www.fiscalia.gov.co\/colombia\/#organization\"},\"articleSection\":[\"Seccional Cali\",\"Seccionales\",\"Seguridad territorial\"],\"inLanguage\":\"es-CO\"},{\"@type\":\"WebPage\",\"@id\":\"https:\/\/www.fiscalia.gov.co\/colombia\/seccionales\/a-prision-presuntos-asesinos-de-una-mujer-cuyo-cuerpo-fue-encontrado-en-un-cano-de-aguas-lluvias-en-cali\/\",\"url\":\"https:\/\/www.fiscalia.gov.co\/colombia\/seccionales\/a-prision-presuntos-asesinos-de-una-mujer-cuyo-cuerpo-fue-encontrado-en-un-cano-de-aguas-lluvias-en-cali\/\",\"name\":\"Fiscal\u00eda General de la Naci\u00f3n\",\"isPartOf\":{\"@id\":\"https:\/\/www.fiscalia.gov.co\/colombia\/#website\"},\"datePublished\":\"2019-03-11T17:30:26+00:00\",\"dateModified\":\"2019-03-11T17:30:26+00:00\",\"description\":\"P\u00e1gina oficial de la Fiscal\u00eda General de la Naci\u00f3n \u2013 Colombia. Garantizamos el acceso efectivo a la justicia, la verdad y la reparaci\u00f3n de las v\u00edctimas de los delitos.\",\"breadcrumb\":{\"@id\":\"https:\/\/www.fiscalia.gov.co\/colombia\/seccionales\/a-prision-presuntos-asesinos-de-una-mujer-cuyo-cuerpo-fue-encontrado-en-un-cano-de-aguas-lluvias-en-cali\/#breadcrumb\"},\"inLanguage\":\"es-CO\",\"potentialAction\":[{\"@type\":\"ReadAction\",\"target\":[\"https:\/\/www.fiscalia.gov.co\/colombia\/seccionales\/a-prision-presuntos-asesinos-de-una-mujer-cuyo-cuerpo-fue-encontrado-en-un-cano-de-aguas-lluvias-en-cali\/\"]}]},{\"@type\":\"BreadcrumbList\",\"@id\":\"https:\/\/www.fiscalia.gov.co\/colombia\/seccionales\/a-prision-presuntos-asesinos-de-una-mujer-cuyo-cuerpo-fue-encontrado-en-un-cano-de-aguas-lluvias-en-cali\/#breadcrumb\",\"itemListElement\":[{\"@type\":\"ListItem\",\"position\":1,\"name\":\"Home\",\"item\":\"https:\/\/www.fiscalia.gov.co\/colombia\/\"},{\"@type\":\"ListItem\",\"position\":2,\"name\":\"A prisi\u00f3n presuntos asesinos de una mujer cuyo cuerpo fue encontrado en un ca\u00f1o de aguas lluvias en Cali\"}]},{\"@type\":\"WebSite\",\"@id\":\"https:\/\/www.fiscalia.gov.co\/colombia\/#website\",\"url\":\"https:\/\/www.fiscalia.gov.co\/colombia\/\",\"name\":\"Fiscal\u00eda General de la Naci\u00f3n\",\"description\":\"P\u00e1gina oficial de la Fiscal\u00eda General de la Naci\u00f3n \u2013 Colombia. Garantizamos el acceso efectivo a la justicia, la verdad y la reparaci\u00f3n de las v\u00edctimas de los delitos.\",\"publisher\":{\"@id\":\"https:\/\/www.fiscalia.gov.co\/colombia\/#organization\"},\"potentialAction\":[{\"@type\":\"SearchAction\",\"target\":{\"@type\":\"EntryPoint\",\"urlTemplate\":\"https:\/\/www.fiscalia.gov.co\/colombia\/?s={search_term_string}\"},\"query-input\":{\"@type\":\"PropertyValueSpecification\",\"valueRequired\":true,\"valueName\":\"search_term_string\"}}],\"inLanguage\":\"es-CO\"},{\"@type\":\"Organization\",\"@id\":\"https:\/\/www.fiscalia.gov.co\/colombia\/#organization\",\"name\":\"Fiscal\u00eda General de la Naci\u00f3n\",\"url\":\"https:\/\/www.fiscalia.gov.co\/colombia\/\",\"logo\":{\"@type\":\"ImageObject\",\"inLanguage\":\"es-CO\",\"@id\":\"https:\/\/www.fiscalia.gov.co\/colombia\/#\/schema\/logo\/image\/\",\"url\":\"https:\/\/www.fiscalia.gov.co\/colombia\/wp-content\/uploads\/LogoHorizontal_1.jpg\",\"contentUrl\":\"https:\/\/www.fiscalia.gov.co\/colombia\/wp-content\/uploads\/LogoHorizontal_1.jpg\",\"width\":300,\"height\":90,\"caption\":\"Fiscal\u00eda General de la Naci\u00f3n\"},\"image\":{\"@id\":\"https:\/\/www.fiscalia.gov.co\/colombia\/#\/schema\/logo\/image\/\"},\"sameAs\":[\"https:\/\/www.facebook.com\/FiscaliaCol\",\"https:\/\/x.com\/FiscaliaCol\",\"https:\/\/www.instagram.com\/fiscaliacol\",\"https:\/\/www.linkedin.com\/company\/fiscalia-general-de-la-naci-n\/\",\"https:\/\/youtube.com\/@fiscaliageneraldelanacion-4668?si=6nN79nyQICPU5iTh\"]},{\"@type\":\"Person\",\"@id\":\"https:\/\/www.fiscalia.gov.co\/colombia\/#\/schema\/person\/bf28d8ae7f1b287bbe3af484b04f43ea\",\"name\":\"Direcci\u00f3n de Comunicaciones Fiscal\u00eda General de la Naci\u00f3n\",\"image\":{\"@type\":\"ImageObject\",\"inLanguage\":\"es-CO\",\"@id\":\"https:\/\/www.fiscalia.gov.co\/colombia\/#\/schema\/person\/image\/\",\"url\":\"https:\/\/secure.gravatar.com\/avatar\/9d55ae161d32da16dbdd0b380c080a5f?s=96&d=mm&r=g\",\"contentUrl\":\"https:\/\/secure.gravatar.com\/avatar\/9d55ae161d32da16dbdd0b380c080a5f?s=96&d=mm&r=g\",\"caption\":\"Direcci\u00f3n de Comunicaciones Fiscal\u00eda General de la Naci\u00f3n\"},\"url\":\"https:\/\/www.fiscalia.gov.co\/colombia\/author\/kbonilla\/\"}]}<\/script>\n<!-- \/ Yoast SEO plugin. -->","yoast_head_json":{"title":"Fiscal\u00eda General de la Naci\u00f3n","description":"P\u00e1gina oficial de la Fiscal\u00eda General de la Naci\u00f3n \u2013 Colombia. Garantizamos el acceso efectivo a la justicia, la verdad y la reparaci\u00f3n de las v\u00edctimas de los delitos.","robots":{"index":"noindex","follow":"follow"},"og_locale":"es_ES","og_type":"article","og_title":"Fiscal\u00eda General de la Naci\u00f3n","og_description":"P\u00e1gina oficial de la Fiscal\u00eda General de la Naci\u00f3n \u2013 Colombia. Garantizamos el acceso efectivo a la justicia, la verdad y la reparaci\u00f3n de las v\u00edctimas de los delitos.","og_url":"https:\/\/www.fiscalia.gov.co\/colombia\/seccionales\/a-prision-presuntos-asesinos-de-una-mujer-cuyo-cuerpo-fue-encontrado-en-un-cano-de-aguas-lluvias-en-cali\/","og_site_name":"Fiscal\u00eda General de la Naci\u00f3n","article_publisher":"https:\/\/www.facebook.com\/FiscaliaCol","article_published_time":"2019-03-11T17:30:26+00:00","author":"Direcci\u00f3n de Comunicaciones Fiscal\u00eda General de la Naci\u00f3n","twitter_card":"summary_large_image","twitter_creator":"@FiscaliaCol","twitter_site":"@FiscaliaCol","twitter_misc":{"Escrito por":"Direcci\u00f3n de Comunicaciones Fiscal\u00eda General de la Naci\u00f3n","Tiempo de lectura":"3 minutos"},"schema":{"@context":"https:\/\/schema.org","@graph":[{"@type":"Article","@id":"https:\/\/www.fiscalia.gov.co\/colombia\/seccionales\/a-prision-presuntos-asesinos-de-una-mujer-cuyo-cuerpo-fue-encontrado-en-un-cano-de-aguas-lluvias-en-cali\/#article","isPartOf":{"@id":"https:\/\/www.fiscalia.gov.co\/colombia\/seccionales\/a-prision-presuntos-asesinos-de-una-mujer-cuyo-cuerpo-fue-encontrado-en-un-cano-de-aguas-lluvias-en-cali\/"},"author":{"name":"Direcci\u00f3n de Comunicaciones Fiscal\u00eda General de la Naci\u00f3n","@id":"https:\/\/www.fiscalia.gov.co\/colombia\/#\/schema\/person\/bf28d8ae7f1b287bbe3af484b04f43ea"},"headline":"A prisi\u00f3n presuntos asesinos de una mujer cuyo cuerpo fue encontrado en un ca\u00f1o de aguas lluvias en Cali","datePublished":"2019-03-11T17:30:26+00:00","dateModified":"2019-03-11T17:30:26+00:00","mainEntityOfPage":{"@id":"https:\/\/www.fiscalia.gov.co\/colombia\/seccionales\/a-prision-presuntos-asesinos-de-una-mujer-cuyo-cuerpo-fue-encontrado-en-un-cano-de-aguas-lluvias-en-cali\/"},"wordCount":593,"publisher":{"@id":"https:\/\/www.fiscalia.gov.co\/colombia\/#organization"},"articleSection":["Seccional Cali","Seccionales","Seguridad territorial"],"inLanguage":"es-CO"},{"@type":"WebPage","@id":"https:\/\/www.fiscalia.gov.co\/colombia\/seccionales\/a-prision-presuntos-asesinos-de-una-mujer-cuyo-cuerpo-fue-encontrado-en-un-cano-de-aguas-lluvias-en-cali\/","url":"https:\/\/www.fiscalia.gov.co\/colombia\/seccionales\/a-prision-presuntos-asesinos-de-una-mujer-cuyo-cuerpo-fue-encontrado-en-un-cano-de-aguas-lluvias-en-cali\/","name":"Fiscal\u00eda General de la Naci\u00f3n","isPartOf":{"@id":"https:\/\/www.fiscalia.gov.co\/colombia\/#website"},"datePublished":"2019-03-11T17:30:26+00:00","dateModified":"2019-03-11T17:30:26+00:00","description":"P\u00e1gina oficial de la Fiscal\u00eda General de la Naci\u00f3n \u2013 Colombia. Garantizamos el acceso efectivo a la justicia, la verdad y la reparaci\u00f3n de las v\u00edctimas de los delitos.","breadcrumb":{"@id":"https:\/\/www.fiscalia.gov.co\/colombia\/seccionales\/a-prision-presuntos-asesinos-de-una-mujer-cuyo-cuerpo-fue-encontrado-en-un-cano-de-aguas-lluvias-en-cali\/#breadcrumb"},"inLanguage":"es-CO","potentialAction":[{"@type":"ReadAction","target":["https:\/\/www.fiscalia.gov.co\/colombia\/seccionales\/a-prision-presuntos-asesinos-de-una-mujer-cuyo-cuerpo-fue-encontrado-en-un-cano-de-aguas-lluvias-en-cali\/"]}]},{"@type":"BreadcrumbList","@id":"https:\/\/www.fiscalia.gov.co\/colombia\/seccionales\/a-prision-presuntos-asesinos-de-una-mujer-cuyo-cuerpo-fue-encontrado-en-un-cano-de-aguas-lluvias-en-cali\/#breadcrumb","itemListElement":[{"@type":"ListItem","position":1,"name":"Home","item":"https:\/\/www.fiscalia.gov.co\/colombia\/"},{"@type":"ListItem","position":2,"name":"A prisi\u00f3n presuntos asesinos de una mujer cuyo cuerpo fue encontrado en un ca\u00f1o de aguas lluvias en Cali"}]},{"@type":"WebSite","@id":"https:\/\/www.fiscalia.gov.co\/colombia\/#website","url":"https:\/\/www.fiscalia.gov.co\/colombia\/","name":"Fiscal\u00eda General de la Naci\u00f3n","description":"P\u00e1gina oficial de la Fiscal\u00eda General de la Naci\u00f3n \u2013 Colombia. Garantizamos el acceso efectivo a la justicia, la verdad y la reparaci\u00f3n de las v\u00edctimas de los delitos.","publisher":{"@id":"https:\/\/www.fiscalia.gov.co\/colombia\/#organization"},"potentialAction":[{"@type":"SearchAction","target":{"@type":"EntryPoint","urlTemplate":"https:\/\/www.fiscalia.gov.co\/colombia\/?s={search_term_string}"},"query-input":{"@type":"PropertyValueSpecification","valueRequired":true,"valueName":"search_term_string"}}],"inLanguage":"es-CO"},{"@type":"Organization","@id":"https:\/\/www.fiscalia.gov.co\/colombia\/#organization","name":"Fiscal\u00eda General de la Naci\u00f3n","url":"https:\/\/www.fiscalia.gov.co\/colombia\/","logo":{"@type":"ImageObject","inLanguage":"es-CO","@id":"https:\/\/www.fiscalia.gov.co\/colombia\/#\/schema\/logo\/image\/","url":"https:\/\/www.fiscalia.gov.co\/colombia\/wp-content\/uploads\/LogoHorizontal_1.jpg","contentUrl":"https:\/\/www.fiscalia.gov.co\/colombia\/wp-content\/uploads\/LogoHorizontal_1.jpg","width":300,"height":90,"caption":"Fiscal\u00eda General de la Naci\u00f3n"},"image":{"@id":"https:\/\/www.fiscalia.gov.co\/colombia\/#\/schema\/logo\/image\/"},"sameAs":["https:\/\/www.facebook.com\/FiscaliaCol","https:\/\/x.com\/FiscaliaCol","https:\/\/www.instagram.com\/fiscaliacol","https:\/\/www.linkedin.com\/company\/fiscalia-general-de-la-naci-n\/","https:\/\/youtube.com\/@fiscaliageneraldelanacion-4668?si=6nN79nyQICPU5iTh"]},{"@type":"Person","@id":"https:\/\/www.fiscalia.gov.co\/colombia\/#\/schema\/person\/bf28d8ae7f1b287bbe3af484b04f43ea","name":"Direcci\u00f3n de Comunicaciones Fiscal\u00eda General de la Naci\u00f3n","image":{"@type":"ImageObject","inLanguage":"es-CO","@id":"https:\/\/www.fiscalia.gov.co\/colombia\/#\/schema\/person\/image\/","url":"https:\/\/secure.gravatar.com\/avatar\/9d55ae161d32da16dbdd0b380c080a5f?s=96&d=mm&r=g","contentUrl":"https:\/\/secure.gravatar.com\/avatar\/9d55ae161d32da16dbdd0b380c080a5f?s=96&d=mm&r=g","caption":"Direcci\u00f3n de Comunicaciones Fiscal\u00eda General de la Naci\u00f3n"},"url":"https:\/\/www.fiscalia.gov.co\/colombia\/author\/kbonilla\/"}]}},"_links":{"self":[{"href":"https:\/\/www.fiscalia.gov.co\/colombia\/wp-json\/wp\/v2\/posts\/176767","targetHints":{"allow":["GET"]}}],"collection":[{"href":"https:\/\/www.fiscalia.gov.co\/colombia\/wp-json\/wp\/v2\/posts"}],"about":[{"href":"https:\/\/www.fiscalia.gov.co\/colombia\/wp-json\/wp\/v2\/types\/post"}],"author":[{"embeddable":true,"href":"https:\/\/www.fiscalia.gov.co\/colombia\/wp-json\/wp\/v2\/users\/162"}],"replies":[{"embeddable":true,"href":"https:\/\/www.fiscalia.gov.co\/colombia\/wp-json\/wp\/v2\/comments?post=176767"}],"version-history":[{"count":1,"href":"https:\/\/www.fiscalia.gov.co\/colombia\/wp-json\/wp\/v2\/posts\/176767\/revisions"}],"predecessor-version":[{"id":176768,"href":"https:\/\/www.fiscalia.gov.co\/colombia\/wp-json\/wp\/v2\/posts\/176767\/revisions\/176768"}],"wp:attachment":[{"href":"https:\/\/www.fiscalia.gov.co\/colombia\/wp-json\/wp\/v2\/media?parent=176767"}],"wp:term":[{"taxonomy":"category","embeddable":true,"href":"https:\/\/www.fiscalia.gov.co\/colombia\/wp-json\/wp\/v2\/categories?post=176767"},{"taxonomy":"post_tag","embeddable":true,"href":"https:\/\/www.fiscalia.gov.co\/colombia\/wp-json\/wp\/v2\/tags?post=176767"}],"curies":[{"name":"wp","href":"https:\/\/api.w.org\/{rel}","templated":true}]}}