{"id":176754,"date":"2019-03-11T11:13:42","date_gmt":"2019-03-11T16:13:42","guid":{"rendered":"https:\/\/www.fiscalia.gov.co\/colombia\/?p=176754"},"modified":"2019-03-11T12:21:21","modified_gmt":"2019-03-11T17:21:21","slug":"exparamilitar-que-habria-intentado-colarse-a-proceso-de-paz-con-las-farc-es-condenado-por-tortura-y-homicidio","status":"publish","type":"post","link":"https:\/\/www.fiscalia.gov.co\/colombia\/noticias\/exparamilitar-que-habria-intentado-colarse-a-proceso-de-paz-con-las-farc-es-condenado-por-tortura-y-homicidio\/","title":{"rendered":"Exparamilitar que habr\u00eda intentado \u2018colarse\u2019 a proceso de paz con las Farc es condenado por tortura y homicidio"},"content":{"rendered":"<blockquote class=\"td_quote_box td_box_center\">\n<h5><strong>La Fiscal\u00eda logr\u00f3 algo m\u00e1s de 46 a\u00f1os de prisi\u00f3n para alias Solano o Gordo Quemado, excabecilla de una estructura paramilitar que secuestr\u00f3, tortur\u00f3 y asesin\u00f3 a un comerciante en Putumayo. En el \u00faltimo a\u00f1o, el sentenciado ha intentado justificar que perteneci\u00f3 a las desmovilizadas Farc para recibir beneficios jur\u00eddicos y evadir su responsabilidad en este caso.<\/strong><\/h5>\n<\/blockquote>\n<p>R\u00f3mulo Fl\u00f3rez Getial, un reconocido comerciante de gasolina en Putumayo, se movilizaba en su camioneta entre la vereda Siberia y el corregimiento La Hormiga, y en el sector conocido como San Isidro fue interceptado por integrantes del entonces bloque sur de las extintas AUC, que lo obligaron a cambiar de ruta y se lo llevaron hacia un punto desconocido.<\/p>\n<p>Posterior al secuestro ocurrido el 1 de noviembre de 2004, la esposa y la hija de Fl\u00f3rez Getial recibieron varias llamadas en las que les exigieron 150 millones de pesos a cambio de pruebas de vida y la supuesta liberaci\u00f3n. Parte del dinero fue pagado en cuotas; sin embargo, la informaci\u00f3n sobre la v\u00edctima era cada vez m\u00e1s escasa y confusa.<\/p>\n<p>Luego de varios d\u00edas de incertidumbre, la comunidad alert\u00f3 sobre la ubicaci\u00f3n del cuerpo del comerciante quien, contrario a lo que las AUC manifestaron a los familiares, hab\u00eda sido torturado, asesinado y sus restos sepultados en una zona boscosa.<\/p>\n<p><strong>Un fiscal de la Direcci\u00f3n Especializada contra las Violaciones a los Derechos Humanos asumi\u00f3 la investigaci\u00f3n<\/strong> y, con apoyo de un equipo de polic\u00eda judicial, <strong>demostr\u00f3 que Frederman Sarria Garc\u00eda, alias Solano o Gordo Quemado, hab\u00eda insistido ante los jefes del entonces bloque sur en asesinar a R\u00f3mulo Fl\u00f3rez Getial porque cre\u00eda que era auxiliador de las Farc y, al parecer, les suministraba combustible.<\/strong><\/p>\n<p>Varios desmovilizados que se sometieron a la Ley de Justicia y Paz y algunos habitantes coincidieron en afirmar que el se\u00f1alamiento contra el comerciante era falso y que todo correspondi\u00f3 a supuestos de alias Solano o Gordo Quemado, cabecilla de la estructura urbana de las AUC en Puerto As\u00eds que se encarg\u00f3 del secuestro del comerciante, hacer las exigencias de dinero y ejecutar el crimen.<\/p>\n<p>Con suficiente prueba testimonial y evidencia f\u00edsica, la <strong>Fiscal\u00eda demostr\u00f3 en juicio la responsabilidad de Frederman Sarria Garc\u00eda, alias Solano o Gordo Quemado<\/strong>, y el Juzgado Penal del Circuito Especializado de Mocoa lo acaba de <strong>condenar a 46 a\u00f1os y 8 meses de prisi\u00f3n en calidad de coautor de los delitos de homicidio en persona protegida, secuestro extorsivo y tortura.<\/strong><\/p>\n<p>Precisa el fallo:<\/p>\n<blockquote>\n<h5><strong>&#8220;El estado de zozobra y angustia en la familia fue terrible, toda vez que por el hecho de que guardaban la esperanza de encontrar viva a la v\u00edctimas, accedieron con facilidad a las exigencias del grupo criminal, am\u00e9n de que la esposa del comerciante termin\u00f3 hospitalizada. Es entonces que son reprochables las conductas demostradas por la Fiscal\u00eda y que fueron ejecutadas por Frederman Sarria Garc\u00eda&#8221;.<\/strong><\/h5>\n<\/blockquote>\n<p>Adem\u00e1s de la sanci\u00f3n penal, alias Solano o Gordo <strong>Quemado fue condenado a pagar a la esposa e hija de la v\u00edctima el valor equivalente a 200 salarios m\u00ednimos legales mensuales vigentes,<\/strong> algo m\u00e1s de 160 millones de pesos por concepto de perjuicios.<\/p>\n<h3><strong><u>Las maniobras judiciales<\/u><\/strong><\/h3>\n<p>La informaci\u00f3n recopilada en el proceso permiti\u00f3 conocer que <strong>Frederman Sarria Garc\u00eda, alias Solano o Gordo Quemado no se someti\u00f3 al proceso de desmovilizaci\u00f3n de la AUC y evadi\u00f3 la acci\u00f3n de la justicia<\/strong> desde finales de 2004, tras el asesinato del comerciante de gasolina en Putumayo, hasta el 25 de junio de 2014, fecha en la que fue capturado en una operaci\u00f3n conjunta del CTI de la Fiscal\u00eda y el Ej\u00e9rcito Nacional en Florencia (Caquet\u00e1).<\/p>\n<p>Desde el momento de su detenci\u00f3n, alias Solano o Gordo Quemado permanece recluido en la c\u00e1rcel La Picota, en Bogot\u00e1. <strong>En el \u00faltimo a\u00f1o, el excabecilla de la estructura urbana de las AUC en Puerto As\u00eds present\u00f3 varias solicitudes para obtener la amnist\u00eda y, en consecuencia, quedar en libertad y recibir el tratamiento judicial especial que contempl\u00f3 el Acuerdo Final entre el Gobierno Nacional y las Farc.<\/strong><\/p>\n<p>En sus solicitudes, Sarria Garc\u00eda argument\u00f3 que fue integrante activo de la desmovilizada guerrilla y que merece ser trasladado de una c\u00e1rcel de m\u00e1xima seguridad a una Zona Veredal Transitoria (ZVTN). <strong>Las peticiones han sido rechazadas por los jueces especializados y, en segunda instancia, por el Tribunal Superior de Moco<\/strong>a porque su m\u00e1s reciente actividad criminal y de la que hay evidencia acreditada en las \u00faltimas investigaciones en su contra, estar\u00eda asociada al entonces bloque sur de las AUC.<\/p>\n<p>La Fiscal\u00eda General de la Naci\u00f3n hace p\u00fablica esta informaci\u00f3n por considerarla de inter\u00e9s general.<\/p>\n<p>&nbsp;<\/p>\n<p>&nbsp;<\/p>\n\n<div class=\"twitter-share\"><a href=\"https:\/\/twitter.com\/intent\/tweet?via=fiscaliacol\" class=\"twitter-share-button\">Tweet<\/a><\/div>\n","protected":false},"excerpt":{"rendered":"<p>La Fiscal\u00eda logr\u00f3 algo m\u00e1s de 46 a\u00f1os de prisi\u00f3n para alias Solano o Gordo Quemado, excabecilla de una estructura paramilitar que secuestr\u00f3, tortur\u00f3 y asesin\u00f3 a un comerciante en Putumayo. En el \u00faltimo a\u00f1o, el sentenciado ha intentado justificar que perteneci\u00f3 a las desmovilizadas Farc para recibir beneficios jur\u00eddicos y evadir su responsabilidad en [&hellip;]<\/p>\n","protected":false},"author":162,"featured_media":0,"comment_status":"closed","ping_status":"open","sticky":false,"template":"","format":"standard","meta":{"_price":"","_stock":"","_tribe_ticket_header":"","_tribe_default_ticket_provider":"","_tribe_ticket_capacity":"0","_ticket_start_date":"","_ticket_end_date":"","_tribe_ticket_show_description":"","_tribe_ticket_show_not_going":false,"_tribe_ticket_use_global_stock":"","_tribe_ticket_global_stock_level":"","_global_stock_mode":"","_global_stock_cap":"","_tribe_rsvp_for_event":"","_tribe_ticket_going_count":"","_tribe_ticket_not_going_count":"","_tribe_tickets_list":"[]","_tribe_ticket_has_attendee_info_fields":false,"tdm_status":"","tdm_grid_status":"","footnotes":""},"categories":[24102,1],"tags":[],"class_list":{"0":"post-176754","1":"post","2":"type-post","3":"status-publish","4":"format-standard","6":"category-derechos-humanos","7":"category-noticias"},"yoast_head":"<!-- This site is optimized with the Yoast SEO plugin v24.3 - https:\/\/yoast.com\/wordpress\/plugins\/seo\/ -->\n<title>Fiscal\u00eda General de la Naci\u00f3n<\/title>\n<meta name=\"description\" content=\"P\u00e1gina oficial de la Fiscal\u00eda General de la Naci\u00f3n \u2013 Colombia. Garantizamos el acceso efectivo a la justicia, la verdad y la reparaci\u00f3n de las v\u00edctimas de los delitos.\" \/>\n<meta name=\"robots\" content=\"noindex, follow\" \/>\n<meta property=\"og:locale\" content=\"es_ES\" \/>\n<meta property=\"og:type\" content=\"article\" \/>\n<meta property=\"og:title\" content=\"Fiscal\u00eda General de la Naci\u00f3n\" \/>\n<meta property=\"og:description\" content=\"P\u00e1gina oficial de la Fiscal\u00eda General de la Naci\u00f3n \u2013 Colombia. Garantizamos el acceso efectivo a la justicia, la verdad y la reparaci\u00f3n de las v\u00edctimas de los delitos.\" \/>\n<meta property=\"og:url\" content=\"https:\/\/www.fiscalia.gov.co\/colombia\/noticias\/exparamilitar-que-habria-intentado-colarse-a-proceso-de-paz-con-las-farc-es-condenado-por-tortura-y-homicidio\/\" \/>\n<meta property=\"og:site_name\" content=\"Fiscal\u00eda General de la Naci\u00f3n\" \/>\n<meta property=\"article:publisher\" content=\"https:\/\/www.facebook.com\/FiscaliaCol\" \/>\n<meta property=\"article:published_time\" content=\"2019-03-11T16:13:42+00:00\" \/>\n<meta property=\"article:modified_time\" content=\"2019-03-11T17:21:21+00:00\" \/>\n<meta name=\"author\" content=\"Direcci\u00f3n de Comunicaciones Fiscal\u00eda General de la Naci\u00f3n\" \/>\n<meta name=\"twitter:card\" content=\"summary_large_image\" \/>\n<meta name=\"twitter:creator\" content=\"@FiscaliaCol\" \/>\n<meta name=\"twitter:site\" content=\"@FiscaliaCol\" \/>\n<meta name=\"twitter:label1\" content=\"Escrito por\" \/>\n\t<meta name=\"twitter:data1\" content=\"Direcci\u00f3n de Comunicaciones Fiscal\u00eda General de la Naci\u00f3n\" \/>\n\t<meta name=\"twitter:label2\" content=\"Tiempo de lectura\" \/>\n\t<meta name=\"twitter:data2\" content=\"4 minutos\" \/>\n<script type=\"application\/ld+json\" class=\"yoast-schema-graph\">{\"@context\":\"https:\/\/schema.org\",\"@graph\":[{\"@type\":\"Article\",\"@id\":\"https:\/\/www.fiscalia.gov.co\/colombia\/noticias\/exparamilitar-que-habria-intentado-colarse-a-proceso-de-paz-con-las-farc-es-condenado-por-tortura-y-homicidio\/#article\",\"isPartOf\":{\"@id\":\"https:\/\/www.fiscalia.gov.co\/colombia\/noticias\/exparamilitar-que-habria-intentado-colarse-a-proceso-de-paz-con-las-farc-es-condenado-por-tortura-y-homicidio\/\"},\"author\":{\"name\":\"Direcci\u00f3n de Comunicaciones Fiscal\u00eda General de la Naci\u00f3n\",\"@id\":\"https:\/\/www.fiscalia.gov.co\/colombia\/#\/schema\/person\/bf28d8ae7f1b287bbe3af484b04f43ea\"},\"headline\":\"Exparamilitar que habr\u00eda intentado \u2018colarse\u2019 a proceso de paz con las Farc es condenado por tortura y homicidio\",\"datePublished\":\"2019-03-11T16:13:42+00:00\",\"dateModified\":\"2019-03-11T17:21:21+00:00\",\"mainEntityOfPage\":{\"@id\":\"https:\/\/www.fiscalia.gov.co\/colombia\/noticias\/exparamilitar-que-habria-intentado-colarse-a-proceso-de-paz-con-las-farc-es-condenado-por-tortura-y-homicidio\/\"},\"wordCount\":828,\"publisher\":{\"@id\":\"https:\/\/www.fiscalia.gov.co\/colombia\/#organization\"},\"articleSection\":[\"Derechos Humanos\",\"Noticias\"],\"inLanguage\":\"es-CO\"},{\"@type\":\"WebPage\",\"@id\":\"https:\/\/www.fiscalia.gov.co\/colombia\/noticias\/exparamilitar-que-habria-intentado-colarse-a-proceso-de-paz-con-las-farc-es-condenado-por-tortura-y-homicidio\/\",\"url\":\"https:\/\/www.fiscalia.gov.co\/colombia\/noticias\/exparamilitar-que-habria-intentado-colarse-a-proceso-de-paz-con-las-farc-es-condenado-por-tortura-y-homicidio\/\",\"name\":\"Fiscal\u00eda General de la Naci\u00f3n\",\"isPartOf\":{\"@id\":\"https:\/\/www.fiscalia.gov.co\/colombia\/#website\"},\"datePublished\":\"2019-03-11T16:13:42+00:00\",\"dateModified\":\"2019-03-11T17:21:21+00:00\",\"description\":\"P\u00e1gina oficial de la Fiscal\u00eda General de la Naci\u00f3n \u2013 Colombia. Garantizamos el acceso efectivo a la justicia, la verdad y la reparaci\u00f3n de las v\u00edctimas de los delitos.\",\"breadcrumb\":{\"@id\":\"https:\/\/www.fiscalia.gov.co\/colombia\/noticias\/exparamilitar-que-habria-intentado-colarse-a-proceso-de-paz-con-las-farc-es-condenado-por-tortura-y-homicidio\/#breadcrumb\"},\"inLanguage\":\"es-CO\",\"potentialAction\":[{\"@type\":\"ReadAction\",\"target\":[\"https:\/\/www.fiscalia.gov.co\/colombia\/noticias\/exparamilitar-que-habria-intentado-colarse-a-proceso-de-paz-con-las-farc-es-condenado-por-tortura-y-homicidio\/\"]}]},{\"@type\":\"BreadcrumbList\",\"@id\":\"https:\/\/www.fiscalia.gov.co\/colombia\/noticias\/exparamilitar-que-habria-intentado-colarse-a-proceso-de-paz-con-las-farc-es-condenado-por-tortura-y-homicidio\/#breadcrumb\",\"itemListElement\":[{\"@type\":\"ListItem\",\"position\":1,\"name\":\"Home\",\"item\":\"https:\/\/www.fiscalia.gov.co\/colombia\/\"},{\"@type\":\"ListItem\",\"position\":2,\"name\":\"Exparamilitar que habr\u00eda intentado \u2018colarse\u2019 a proceso de paz con las Farc es condenado por tortura y homicidio\"}]},{\"@type\":\"WebSite\",\"@id\":\"https:\/\/www.fiscalia.gov.co\/colombia\/#website\",\"url\":\"https:\/\/www.fiscalia.gov.co\/colombia\/\",\"name\":\"Fiscal\u00eda General de la Naci\u00f3n\",\"description\":\"P\u00e1gina oficial de la Fiscal\u00eda General de la Naci\u00f3n \u2013 Colombia. Garantizamos el acceso efectivo a la justicia, la verdad y la reparaci\u00f3n de las v\u00edctimas de los delitos.\",\"publisher\":{\"@id\":\"https:\/\/www.fiscalia.gov.co\/colombia\/#organization\"},\"potentialAction\":[{\"@type\":\"SearchAction\",\"target\":{\"@type\":\"EntryPoint\",\"urlTemplate\":\"https:\/\/www.fiscalia.gov.co\/colombia\/?s={search_term_string}\"},\"query-input\":{\"@type\":\"PropertyValueSpecification\",\"valueRequired\":true,\"valueName\":\"search_term_string\"}}],\"inLanguage\":\"es-CO\"},{\"@type\":\"Organization\",\"@id\":\"https:\/\/www.fiscalia.gov.co\/colombia\/#organization\",\"name\":\"Fiscal\u00eda General de la Naci\u00f3n\",\"url\":\"https:\/\/www.fiscalia.gov.co\/colombia\/\",\"logo\":{\"@type\":\"ImageObject\",\"inLanguage\":\"es-CO\",\"@id\":\"https:\/\/www.fiscalia.gov.co\/colombia\/#\/schema\/logo\/image\/\",\"url\":\"https:\/\/www.fiscalia.gov.co\/colombia\/wp-content\/uploads\/LogoHorizontal_1.jpg\",\"contentUrl\":\"https:\/\/www.fiscalia.gov.co\/colombia\/wp-content\/uploads\/LogoHorizontal_1.jpg\",\"width\":300,\"height\":90,\"caption\":\"Fiscal\u00eda General de la Naci\u00f3n\"},\"image\":{\"@id\":\"https:\/\/www.fiscalia.gov.co\/colombia\/#\/schema\/logo\/image\/\"},\"sameAs\":[\"https:\/\/www.facebook.com\/FiscaliaCol\",\"https:\/\/x.com\/FiscaliaCol\",\"https:\/\/www.instagram.com\/fiscaliacol\",\"https:\/\/www.linkedin.com\/company\/fiscalia-general-de-la-naci-n\/\",\"https:\/\/youtube.com\/@fiscaliageneraldelanacion-4668?si=6nN79nyQICPU5iTh\"]},{\"@type\":\"Person\",\"@id\":\"https:\/\/www.fiscalia.gov.co\/colombia\/#\/schema\/person\/bf28d8ae7f1b287bbe3af484b04f43ea\",\"name\":\"Direcci\u00f3n de Comunicaciones Fiscal\u00eda General de la Naci\u00f3n\",\"image\":{\"@type\":\"ImageObject\",\"inLanguage\":\"es-CO\",\"@id\":\"https:\/\/www.fiscalia.gov.co\/colombia\/#\/schema\/person\/image\/\",\"url\":\"https:\/\/secure.gravatar.com\/avatar\/9d55ae161d32da16dbdd0b380c080a5f?s=96&d=mm&r=g\",\"contentUrl\":\"https:\/\/secure.gravatar.com\/avatar\/9d55ae161d32da16dbdd0b380c080a5f?s=96&d=mm&r=g\",\"caption\":\"Direcci\u00f3n de Comunicaciones Fiscal\u00eda General de la Naci\u00f3n\"},\"url\":\"https:\/\/www.fiscalia.gov.co\/colombia\/author\/kbonilla\/\"}]}<\/script>\n<!-- \/ Yoast SEO plugin. -->","yoast_head_json":{"title":"Fiscal\u00eda General de la Naci\u00f3n","description":"P\u00e1gina oficial de la Fiscal\u00eda General de la Naci\u00f3n \u2013 Colombia. Garantizamos el acceso efectivo a la justicia, la verdad y la reparaci\u00f3n de las v\u00edctimas de los delitos.","robots":{"index":"noindex","follow":"follow"},"og_locale":"es_ES","og_type":"article","og_title":"Fiscal\u00eda General de la Naci\u00f3n","og_description":"P\u00e1gina oficial de la Fiscal\u00eda General de la Naci\u00f3n \u2013 Colombia. Garantizamos el acceso efectivo a la justicia, la verdad y la reparaci\u00f3n de las v\u00edctimas de los delitos.","og_url":"https:\/\/www.fiscalia.gov.co\/colombia\/noticias\/exparamilitar-que-habria-intentado-colarse-a-proceso-de-paz-con-las-farc-es-condenado-por-tortura-y-homicidio\/","og_site_name":"Fiscal\u00eda General de la Naci\u00f3n","article_publisher":"https:\/\/www.facebook.com\/FiscaliaCol","article_published_time":"2019-03-11T16:13:42+00:00","article_modified_time":"2019-03-11T17:21:21+00:00","author":"Direcci\u00f3n de Comunicaciones Fiscal\u00eda General de la Naci\u00f3n","twitter_card":"summary_large_image","twitter_creator":"@FiscaliaCol","twitter_site":"@FiscaliaCol","twitter_misc":{"Escrito por":"Direcci\u00f3n de Comunicaciones Fiscal\u00eda General de la Naci\u00f3n","Tiempo de lectura":"4 minutos"},"schema":{"@context":"https:\/\/schema.org","@graph":[{"@type":"Article","@id":"https:\/\/www.fiscalia.gov.co\/colombia\/noticias\/exparamilitar-que-habria-intentado-colarse-a-proceso-de-paz-con-las-farc-es-condenado-por-tortura-y-homicidio\/#article","isPartOf":{"@id":"https:\/\/www.fiscalia.gov.co\/colombia\/noticias\/exparamilitar-que-habria-intentado-colarse-a-proceso-de-paz-con-las-farc-es-condenado-por-tortura-y-homicidio\/"},"author":{"name":"Direcci\u00f3n de Comunicaciones Fiscal\u00eda General de la Naci\u00f3n","@id":"https:\/\/www.fiscalia.gov.co\/colombia\/#\/schema\/person\/bf28d8ae7f1b287bbe3af484b04f43ea"},"headline":"Exparamilitar que habr\u00eda intentado \u2018colarse\u2019 a proceso de paz con las Farc es condenado por tortura y homicidio","datePublished":"2019-03-11T16:13:42+00:00","dateModified":"2019-03-11T17:21:21+00:00","mainEntityOfPage":{"@id":"https:\/\/www.fiscalia.gov.co\/colombia\/noticias\/exparamilitar-que-habria-intentado-colarse-a-proceso-de-paz-con-las-farc-es-condenado-por-tortura-y-homicidio\/"},"wordCount":828,"publisher":{"@id":"https:\/\/www.fiscalia.gov.co\/colombia\/#organization"},"articleSection":["Derechos Humanos","Noticias"],"inLanguage":"es-CO"},{"@type":"WebPage","@id":"https:\/\/www.fiscalia.gov.co\/colombia\/noticias\/exparamilitar-que-habria-intentado-colarse-a-proceso-de-paz-con-las-farc-es-condenado-por-tortura-y-homicidio\/","url":"https:\/\/www.fiscalia.gov.co\/colombia\/noticias\/exparamilitar-que-habria-intentado-colarse-a-proceso-de-paz-con-las-farc-es-condenado-por-tortura-y-homicidio\/","name":"Fiscal\u00eda General de la Naci\u00f3n","isPartOf":{"@id":"https:\/\/www.fiscalia.gov.co\/colombia\/#website"},"datePublished":"2019-03-11T16:13:42+00:00","dateModified":"2019-03-11T17:21:21+00:00","description":"P\u00e1gina oficial de la Fiscal\u00eda General de la Naci\u00f3n \u2013 Colombia. Garantizamos el acceso efectivo a la justicia, la verdad y la reparaci\u00f3n de las v\u00edctimas de los delitos.","breadcrumb":{"@id":"https:\/\/www.fiscalia.gov.co\/colombia\/noticias\/exparamilitar-que-habria-intentado-colarse-a-proceso-de-paz-con-las-farc-es-condenado-por-tortura-y-homicidio\/#breadcrumb"},"inLanguage":"es-CO","potentialAction":[{"@type":"ReadAction","target":["https:\/\/www.fiscalia.gov.co\/colombia\/noticias\/exparamilitar-que-habria-intentado-colarse-a-proceso-de-paz-con-las-farc-es-condenado-por-tortura-y-homicidio\/"]}]},{"@type":"BreadcrumbList","@id":"https:\/\/www.fiscalia.gov.co\/colombia\/noticias\/exparamilitar-que-habria-intentado-colarse-a-proceso-de-paz-con-las-farc-es-condenado-por-tortura-y-homicidio\/#breadcrumb","itemListElement":[{"@type":"ListItem","position":1,"name":"Home","item":"https:\/\/www.fiscalia.gov.co\/colombia\/"},{"@type":"ListItem","position":2,"name":"Exparamilitar que habr\u00eda intentado \u2018colarse\u2019 a proceso de paz con las Farc es condenado por tortura y homicidio"}]},{"@type":"WebSite","@id":"https:\/\/www.fiscalia.gov.co\/colombia\/#website","url":"https:\/\/www.fiscalia.gov.co\/colombia\/","name":"Fiscal\u00eda General de la Naci\u00f3n","description":"P\u00e1gina oficial de la Fiscal\u00eda General de la Naci\u00f3n \u2013 Colombia. Garantizamos el acceso efectivo a la justicia, la verdad y la reparaci\u00f3n de las v\u00edctimas de los delitos.","publisher":{"@id":"https:\/\/www.fiscalia.gov.co\/colombia\/#organization"},"potentialAction":[{"@type":"SearchAction","target":{"@type":"EntryPoint","urlTemplate":"https:\/\/www.fiscalia.gov.co\/colombia\/?s={search_term_string}"},"query-input":{"@type":"PropertyValueSpecification","valueRequired":true,"valueName":"search_term_string"}}],"inLanguage":"es-CO"},{"@type":"Organization","@id":"https:\/\/www.fiscalia.gov.co\/colombia\/#organization","name":"Fiscal\u00eda General de la Naci\u00f3n","url":"https:\/\/www.fiscalia.gov.co\/colombia\/","logo":{"@type":"ImageObject","inLanguage":"es-CO","@id":"https:\/\/www.fiscalia.gov.co\/colombia\/#\/schema\/logo\/image\/","url":"https:\/\/www.fiscalia.gov.co\/colombia\/wp-content\/uploads\/LogoHorizontal_1.jpg","contentUrl":"https:\/\/www.fiscalia.gov.co\/colombia\/wp-content\/uploads\/LogoHorizontal_1.jpg","width":300,"height":90,"caption":"Fiscal\u00eda General de la Naci\u00f3n"},"image":{"@id":"https:\/\/www.fiscalia.gov.co\/colombia\/#\/schema\/logo\/image\/"},"sameAs":["https:\/\/www.facebook.com\/FiscaliaCol","https:\/\/x.com\/FiscaliaCol","https:\/\/www.instagram.com\/fiscaliacol","https:\/\/www.linkedin.com\/company\/fiscalia-general-de-la-naci-n\/","https:\/\/youtube.com\/@fiscaliageneraldelanacion-4668?si=6nN79nyQICPU5iTh"]},{"@type":"Person","@id":"https:\/\/www.fiscalia.gov.co\/colombia\/#\/schema\/person\/bf28d8ae7f1b287bbe3af484b04f43ea","name":"Direcci\u00f3n de Comunicaciones Fiscal\u00eda General de la Naci\u00f3n","image":{"@type":"ImageObject","inLanguage":"es-CO","@id":"https:\/\/www.fiscalia.gov.co\/colombia\/#\/schema\/person\/image\/","url":"https:\/\/secure.gravatar.com\/avatar\/9d55ae161d32da16dbdd0b380c080a5f?s=96&d=mm&r=g","contentUrl":"https:\/\/secure.gravatar.com\/avatar\/9d55ae161d32da16dbdd0b380c080a5f?s=96&d=mm&r=g","caption":"Direcci\u00f3n de Comunicaciones Fiscal\u00eda General de la Naci\u00f3n"},"url":"https:\/\/www.fiscalia.gov.co\/colombia\/author\/kbonilla\/"}]}},"_links":{"self":[{"href":"https:\/\/www.fiscalia.gov.co\/colombia\/wp-json\/wp\/v2\/posts\/176754","targetHints":{"allow":["GET"]}}],"collection":[{"href":"https:\/\/www.fiscalia.gov.co\/colombia\/wp-json\/wp\/v2\/posts"}],"about":[{"href":"https:\/\/www.fiscalia.gov.co\/colombia\/wp-json\/wp\/v2\/types\/post"}],"author":[{"embeddable":true,"href":"https:\/\/www.fiscalia.gov.co\/colombia\/wp-json\/wp\/v2\/users\/162"}],"replies":[{"embeddable":true,"href":"https:\/\/www.fiscalia.gov.co\/colombia\/wp-json\/wp\/v2\/comments?post=176754"}],"version-history":[{"count":9,"href":"https:\/\/www.fiscalia.gov.co\/colombia\/wp-json\/wp\/v2\/posts\/176754\/revisions"}],"predecessor-version":[{"id":176766,"href":"https:\/\/www.fiscalia.gov.co\/colombia\/wp-json\/wp\/v2\/posts\/176754\/revisions\/176766"}],"wp:attachment":[{"href":"https:\/\/www.fiscalia.gov.co\/colombia\/wp-json\/wp\/v2\/media?parent=176754"}],"wp:term":[{"taxonomy":"category","embeddable":true,"href":"https:\/\/www.fiscalia.gov.co\/colombia\/wp-json\/wp\/v2\/categories?post=176754"},{"taxonomy":"post_tag","embeddable":true,"href":"https:\/\/www.fiscalia.gov.co\/colombia\/wp-json\/wp\/v2\/tags?post=176754"}],"curies":[{"name":"wp","href":"https:\/\/api.w.org\/{rel}","templated":true}]}}