{"id":176309,"date":"2019-03-04T09:35:17","date_gmt":"2019-03-04T14:35:17","guid":{"rendered":"https:\/\/www.fiscalia.gov.co\/colombia\/?p=176309"},"modified":"2019-03-04T09:35:17","modified_gmt":"2019-03-04T14:35:17","slug":"carcel-para-exalcalde-de-buenaventura-su-hijo-y-un-exfuncionario-por-supuestas-irregularidades-en-renuncia-del-exgerente-del-hospital-local","status":"publish","type":"post","link":"https:\/\/www.fiscalia.gov.co\/colombia\/seccionales\/carcel-para-exalcalde-de-buenaventura-su-hijo-y-un-exfuncionario-por-supuestas-irregularidades-en-renuncia-del-exgerente-del-hospital-local\/","title":{"rendered":"C\u00e1rcel para exalcalde de Buenaventura, su hijo y un exfuncionario por supuestas irregularidades en renuncia del exgerente del hospital local"},"content":{"rendered":"<p><em>Los detenidos fueron enviados a la c\u00e1rcel, el exfuncionario de la ventanilla \u00fanica del hospital local debe\u00a0permanecer\u00e1 detenido en su residencia.<\/em><\/p>\n<p>Luego de que el Juzgado Segundo del Circuito confirmara el fallo de primera instancia y librara orden de captura, el exalcalde de Buenaventura, Eli\u00e9cer Arboleda Torres, su hijo Eli\u00e9cer Arboleda Riascos y Luis Eider Mancilla, exfuncionario de la ventanilla \u00fanica del hospital local, fueron recapturados y cobijados con medida de aseguramiento, los dos primeros en c\u00e1rcel, y el exfuncionario en detenci\u00f3n domiciliaria.<\/p>\n<p>El s\u00e1bado, 2 de marzo, un juez de control de garant\u00edas de ese puerto sobre el Pac\u00edfico colombiano aval\u00f3 el procedimiento de recaptura contra los hoy imputados, luego de que estos se presentar\u00e1n ante la Polic\u00eda Nacional la noche del viernes, dada la orden de captura que pesaba sobre ellos.<\/p>\n<p>Seg\u00fan la Fiscal\u00eda, los implicados habr\u00edan participado en hechos de concusi\u00f3n y falsedades ideol\u00f3gicas pues\u00a0 supuestamente\u00a0 le habr\u00edan hecho firmar letras y cartas de renuncia al exgerente del hospital de esa localidad, Luis Ablanque De La Plata,\u00a0 a cambio de nombrarlo en dicho cargo.<\/p>\n<p>De igual forma,\u00a0 le habr\u00edan exigido contratos\u00a0 y pagos de cuentas a altos costos,\u00a0 as\u00ed como nombrar a personas en el hospital.<\/p>\n<p>Entre tanto,\u00a0 la Fiscal\u00eda determin\u00f3 que el exfuncionario de la ventanilla \u00fanica,\u00a0 al parecer, habr\u00eda facilitado los sellos para la adulteraci\u00f3n de documentos,\u00a0 entre ellos,\u00a0 la renuncia del exgerente.<\/p>\n<p>Cuando el exfuncionarios se habr\u00eda negado a tales pretensiones,\u00a0 supuestamente, le habr\u00edan hecho efectiva una de las cartas de renuncia que hab\u00eda firmado previamente.<\/p>\n<p>El 14 de junio de 2018 la Fiscal\u00eda le formul\u00f3 cargos al exalcalde por los delitos de concierto para delinquir,\u00a0 concusi\u00f3n y falsedad ideol\u00f3gica en documento p\u00fablico. Al hijo del exalcalde por concusi\u00f3n y falsedad ideol\u00f3gica en documento p\u00fablico; y a Luis Eider Mancilla, por falsedad en documento p\u00fablico.<\/p>\n<p><strong>Decisiones frente al caso<\/strong><\/p>\n<p>Ante la apelaci\u00f3n de la defensa por la decisi\u00f3n de primera instancia, un juez superior confirm\u00f3 la misma el 4 de diciembre de 2018\u00a0 por lo que deb\u00edan continuar privados de la libertad en establecimiento carcelario Arboleda Torres y Arboleda Riascos; y Mancilla en domiciliaria.<\/p>\n<p>El 16 de enero pasado, en audiencia de revocatoria de la medida de aseguramiento, solicitada por la defensa, la decisi\u00f3n del Juzgado 4 del Circuito favoreci\u00f3 a los hoy imputados y les otorg\u00f3 la libertad inmediata argumentando que no hab\u00eda conducta il\u00edcita pero contradictoriamente les impuso unas prohibiciones.<\/p>\n<p>Sin embargo, el 20 de febrero \u00faltimo, el Tribunal Superior de Buga orden\u00f3 volver a realizar la audiencia en la que los hoy imputados quedaron libres por determinaci\u00f3n del Juzgado 4 del Circuito de Buga.<\/p>\n<p>Lo anterior, dado que el Fiscal 37 Seccional de Guadalajara de Buga, interpuso acci\u00f3n de tutela contra el Juez Cuarto del Circuito de Buenaventura, Eder Arnulfo Guzm\u00e1n Monroy, por considerar que su decisi\u00f3n iba en contrav\u00eda\u00a0 al debido proceso.<\/p>\n<p>El Tribunal Superior de Buga ampar\u00f3 el derecho fundamental al debido proceso proclamado por el Fiscal 37 Seccional de Buga y orden\u00f3 no solo anular y repetir la audiencia del 16 de enero de 2019, sino compulsar copias contra el Juez Cuarto del Circuito para investigarlo penal y disciplinariamente.<\/p>\n<p>En criterio del juzgador, el\u00a0 juez cuarto habr\u00eda cometido irregularidades al revocar las medidas de aseguramiento dictadas en cuanto a los tres implicados.<\/p>\n<p>La Fiscal\u00eda General de la Naci\u00f3n publica esta informaci\u00f3n por considerarla de inter\u00e9s general.<\/p>\n<p>MAP\/MAGA<\/p>\n\n<div class=\"twitter-share\"><a href=\"https:\/\/twitter.com\/intent\/tweet?via=fiscaliacol\" class=\"twitter-share-button\">Tweet<\/a><\/div>\n","protected":false},"excerpt":{"rendered":"<p>Los detenidos fueron enviados a la c\u00e1rcel, el exfuncionario de la ventanilla \u00fanica del hospital local debe\u00a0permanecer\u00e1 detenido en su residencia. Luego de que el Juzgado Segundo del Circuito confirmara el fallo de primera instancia y librara orden de captura, el exalcalde de Buenaventura, Eli\u00e9cer Arboleda Torres, su hijo Eli\u00e9cer Arboleda Riascos y Luis Eider [&hellip;]<\/p>\n","protected":false},"author":162,"featured_media":0,"comment_status":"closed","ping_status":"open","sticky":false,"template":"","format":"standard","meta":{"tdm_status":"","tdm_grid_status":"","footnotes":""},"categories":[24107,324,303],"tags":[],"class_list":{"0":"post-176309","1":"post","2":"type-post","3":"status-publish","4":"format-standard","6":"category-lucha-contra-corrupcion","7":"category-seccional-cali","8":"category-seccionales"},"yoast_head":"<!-- This site is optimized with the Yoast SEO plugin v24.3 - https:\/\/yoast.com\/wordpress\/plugins\/seo\/ -->\n<title>Fiscal\u00eda General de la Naci\u00f3n<\/title>\n<meta name=\"description\" content=\"P\u00e1gina oficial de la Fiscal\u00eda General de la Naci\u00f3n \u2013 Colombia. Garantizamos el acceso efectivo a la justicia, la verdad y la reparaci\u00f3n de las v\u00edctimas de los delitos.\" \/>\n<meta name=\"robots\" content=\"noindex, follow\" \/>\n<meta property=\"og:locale\" content=\"es_ES\" \/>\n<meta property=\"og:type\" content=\"article\" \/>\n<meta property=\"og:title\" content=\"Fiscal\u00eda General de la Naci\u00f3n\" \/>\n<meta property=\"og:description\" content=\"P\u00e1gina oficial de la Fiscal\u00eda General de la Naci\u00f3n \u2013 Colombia. Garantizamos el acceso efectivo a la justicia, la verdad y la reparaci\u00f3n de las v\u00edctimas de los delitos.\" \/>\n<meta property=\"og:url\" content=\"https:\/\/www.fiscalia.gov.co\/colombia\/seccionales\/carcel-para-exalcalde-de-buenaventura-su-hijo-y-un-exfuncionario-por-supuestas-irregularidades-en-renuncia-del-exgerente-del-hospital-local\/\" \/>\n<meta property=\"og:site_name\" content=\"Fiscal\u00eda General de la Naci\u00f3n\" \/>\n<meta property=\"article:publisher\" content=\"https:\/\/www.facebook.com\/FiscaliaCol\" \/>\n<meta property=\"article:published_time\" content=\"2019-03-04T14:35:17+00:00\" \/>\n<meta name=\"author\" content=\"Direcci\u00f3n de Comunicaciones Fiscal\u00eda General de la Naci\u00f3n\" \/>\n<meta name=\"twitter:card\" content=\"summary_large_image\" \/>\n<meta name=\"twitter:creator\" content=\"@FiscaliaCol\" \/>\n<meta name=\"twitter:site\" content=\"@FiscaliaCol\" \/>\n<meta name=\"twitter:label1\" content=\"Escrito por\" \/>\n\t<meta name=\"twitter:data1\" content=\"Direcci\u00f3n de Comunicaciones Fiscal\u00eda General de la Naci\u00f3n\" \/>\n\t<meta name=\"twitter:label2\" content=\"Tiempo de lectura\" \/>\n\t<meta name=\"twitter:data2\" content=\"3 minutos\" \/>\n<script type=\"application\/ld+json\" class=\"yoast-schema-graph\">{\"@context\":\"https:\/\/schema.org\",\"@graph\":[{\"@type\":\"Article\",\"@id\":\"https:\/\/www.fiscalia.gov.co\/colombia\/seccionales\/carcel-para-exalcalde-de-buenaventura-su-hijo-y-un-exfuncionario-por-supuestas-irregularidades-en-renuncia-del-exgerente-del-hospital-local\/#article\",\"isPartOf\":{\"@id\":\"https:\/\/www.fiscalia.gov.co\/colombia\/seccionales\/carcel-para-exalcalde-de-buenaventura-su-hijo-y-un-exfuncionario-por-supuestas-irregularidades-en-renuncia-del-exgerente-del-hospital-local\/\"},\"author\":{\"name\":\"Direcci\u00f3n de Comunicaciones Fiscal\u00eda General de la Naci\u00f3n\",\"@id\":\"https:\/\/www.fiscalia.gov.co\/colombia\/#\/schema\/person\/bf28d8ae7f1b287bbe3af484b04f43ea\"},\"headline\":\"C\u00e1rcel para exalcalde de Buenaventura, su hijo y un exfuncionario por supuestas irregularidades en renuncia del exgerente del hospital local\",\"datePublished\":\"2019-03-04T14:35:17+00:00\",\"dateModified\":\"2019-03-04T14:35:17+00:00\",\"mainEntityOfPage\":{\"@id\":\"https:\/\/www.fiscalia.gov.co\/colombia\/seccionales\/carcel-para-exalcalde-de-buenaventura-su-hijo-y-un-exfuncionario-por-supuestas-irregularidades-en-renuncia-del-exgerente-del-hospital-local\/\"},\"wordCount\":616,\"publisher\":{\"@id\":\"https:\/\/www.fiscalia.gov.co\/colombia\/#organization\"},\"articleSection\":[\"Corrupci\u00f3n\",\"Seccional Cali\",\"Seccionales\"],\"inLanguage\":\"es-CO\"},{\"@type\":\"WebPage\",\"@id\":\"https:\/\/www.fiscalia.gov.co\/colombia\/seccionales\/carcel-para-exalcalde-de-buenaventura-su-hijo-y-un-exfuncionario-por-supuestas-irregularidades-en-renuncia-del-exgerente-del-hospital-local\/\",\"url\":\"https:\/\/www.fiscalia.gov.co\/colombia\/seccionales\/carcel-para-exalcalde-de-buenaventura-su-hijo-y-un-exfuncionario-por-supuestas-irregularidades-en-renuncia-del-exgerente-del-hospital-local\/\",\"name\":\"Fiscal\u00eda General de la Naci\u00f3n\",\"isPartOf\":{\"@id\":\"https:\/\/www.fiscalia.gov.co\/colombia\/#website\"},\"datePublished\":\"2019-03-04T14:35:17+00:00\",\"dateModified\":\"2019-03-04T14:35:17+00:00\",\"description\":\"P\u00e1gina oficial de la Fiscal\u00eda General de la Naci\u00f3n \u2013 Colombia. Garantizamos el acceso efectivo a la justicia, la verdad y la reparaci\u00f3n de las v\u00edctimas de los delitos.\",\"breadcrumb\":{\"@id\":\"https:\/\/www.fiscalia.gov.co\/colombia\/seccionales\/carcel-para-exalcalde-de-buenaventura-su-hijo-y-un-exfuncionario-por-supuestas-irregularidades-en-renuncia-del-exgerente-del-hospital-local\/#breadcrumb\"},\"inLanguage\":\"es-CO\",\"potentialAction\":[{\"@type\":\"ReadAction\",\"target\":[\"https:\/\/www.fiscalia.gov.co\/colombia\/seccionales\/carcel-para-exalcalde-de-buenaventura-su-hijo-y-un-exfuncionario-por-supuestas-irregularidades-en-renuncia-del-exgerente-del-hospital-local\/\"]}]},{\"@type\":\"BreadcrumbList\",\"@id\":\"https:\/\/www.fiscalia.gov.co\/colombia\/seccionales\/carcel-para-exalcalde-de-buenaventura-su-hijo-y-un-exfuncionario-por-supuestas-irregularidades-en-renuncia-del-exgerente-del-hospital-local\/#breadcrumb\",\"itemListElement\":[{\"@type\":\"ListItem\",\"position\":1,\"name\":\"Home\",\"item\":\"https:\/\/www.fiscalia.gov.co\/colombia\/\"},{\"@type\":\"ListItem\",\"position\":2,\"name\":\"C\u00e1rcel para exalcalde de Buenaventura, su hijo y un exfuncionario por supuestas irregularidades en renuncia del exgerente del hospital local\"}]},{\"@type\":\"WebSite\",\"@id\":\"https:\/\/www.fiscalia.gov.co\/colombia\/#website\",\"url\":\"https:\/\/www.fiscalia.gov.co\/colombia\/\",\"name\":\"Fiscal\u00eda General de la Naci\u00f3n\",\"description\":\"P\u00e1gina oficial de la Fiscal\u00eda General de la Naci\u00f3n \u2013 Colombia. Garantizamos el acceso efectivo a la justicia, la verdad y la reparaci\u00f3n de las v\u00edctimas de los delitos.\",\"publisher\":{\"@id\":\"https:\/\/www.fiscalia.gov.co\/colombia\/#organization\"},\"potentialAction\":[{\"@type\":\"SearchAction\",\"target\":{\"@type\":\"EntryPoint\",\"urlTemplate\":\"https:\/\/www.fiscalia.gov.co\/colombia\/?s={search_term_string}\"},\"query-input\":{\"@type\":\"PropertyValueSpecification\",\"valueRequired\":true,\"valueName\":\"search_term_string\"}}],\"inLanguage\":\"es-CO\"},{\"@type\":\"Organization\",\"@id\":\"https:\/\/www.fiscalia.gov.co\/colombia\/#organization\",\"name\":\"Fiscal\u00eda General de la Naci\u00f3n\",\"url\":\"https:\/\/www.fiscalia.gov.co\/colombia\/\",\"logo\":{\"@type\":\"ImageObject\",\"inLanguage\":\"es-CO\",\"@id\":\"https:\/\/www.fiscalia.gov.co\/colombia\/#\/schema\/logo\/image\/\",\"url\":\"https:\/\/www.fiscalia.gov.co\/colombia\/wp-content\/uploads\/LogoHorizontal_1.jpg\",\"contentUrl\":\"https:\/\/www.fiscalia.gov.co\/colombia\/wp-content\/uploads\/LogoHorizontal_1.jpg\",\"width\":300,\"height\":90,\"caption\":\"Fiscal\u00eda General de la Naci\u00f3n\"},\"image\":{\"@id\":\"https:\/\/www.fiscalia.gov.co\/colombia\/#\/schema\/logo\/image\/\"},\"sameAs\":[\"https:\/\/www.facebook.com\/FiscaliaCol\",\"https:\/\/x.com\/FiscaliaCol\",\"https:\/\/www.instagram.com\/fiscaliacol\",\"https:\/\/www.linkedin.com\/company\/fiscalia-general-de-la-naci-n\/\",\"https:\/\/youtube.com\/@fiscaliageneraldelanacion-4668?si=6nN79nyQICPU5iTh\"]},{\"@type\":\"Person\",\"@id\":\"https:\/\/www.fiscalia.gov.co\/colombia\/#\/schema\/person\/bf28d8ae7f1b287bbe3af484b04f43ea\",\"name\":\"Direcci\u00f3n de Comunicaciones Fiscal\u00eda General de la Naci\u00f3n\",\"image\":{\"@type\":\"ImageObject\",\"inLanguage\":\"es-CO\",\"@id\":\"https:\/\/www.fiscalia.gov.co\/colombia\/#\/schema\/person\/image\/\",\"url\":\"https:\/\/secure.gravatar.com\/avatar\/9d55ae161d32da16dbdd0b380c080a5f?s=96&d=mm&r=g\",\"contentUrl\":\"https:\/\/secure.gravatar.com\/avatar\/9d55ae161d32da16dbdd0b380c080a5f?s=96&d=mm&r=g\",\"caption\":\"Direcci\u00f3n de Comunicaciones Fiscal\u00eda General de la Naci\u00f3n\"},\"url\":\"https:\/\/www.fiscalia.gov.co\/colombia\/author\/kbonilla\/\"}]}<\/script>\n<!-- \/ Yoast SEO plugin. -->","yoast_head_json":{"title":"Fiscal\u00eda General de la Naci\u00f3n","description":"P\u00e1gina oficial de la Fiscal\u00eda General de la Naci\u00f3n \u2013 Colombia. Garantizamos el acceso efectivo a la justicia, la verdad y la reparaci\u00f3n de las v\u00edctimas de los delitos.","robots":{"index":"noindex","follow":"follow"},"og_locale":"es_ES","og_type":"article","og_title":"Fiscal\u00eda General de la Naci\u00f3n","og_description":"P\u00e1gina oficial de la Fiscal\u00eda General de la Naci\u00f3n \u2013 Colombia. Garantizamos el acceso efectivo a la justicia, la verdad y la reparaci\u00f3n de las v\u00edctimas de los delitos.","og_url":"https:\/\/www.fiscalia.gov.co\/colombia\/seccionales\/carcel-para-exalcalde-de-buenaventura-su-hijo-y-un-exfuncionario-por-supuestas-irregularidades-en-renuncia-del-exgerente-del-hospital-local\/","og_site_name":"Fiscal\u00eda General de la Naci\u00f3n","article_publisher":"https:\/\/www.facebook.com\/FiscaliaCol","article_published_time":"2019-03-04T14:35:17+00:00","author":"Direcci\u00f3n de Comunicaciones Fiscal\u00eda General de la Naci\u00f3n","twitter_card":"summary_large_image","twitter_creator":"@FiscaliaCol","twitter_site":"@FiscaliaCol","twitter_misc":{"Escrito por":"Direcci\u00f3n de Comunicaciones Fiscal\u00eda General de la Naci\u00f3n","Tiempo de lectura":"3 minutos"},"schema":{"@context":"https:\/\/schema.org","@graph":[{"@type":"Article","@id":"https:\/\/www.fiscalia.gov.co\/colombia\/seccionales\/carcel-para-exalcalde-de-buenaventura-su-hijo-y-un-exfuncionario-por-supuestas-irregularidades-en-renuncia-del-exgerente-del-hospital-local\/#article","isPartOf":{"@id":"https:\/\/www.fiscalia.gov.co\/colombia\/seccionales\/carcel-para-exalcalde-de-buenaventura-su-hijo-y-un-exfuncionario-por-supuestas-irregularidades-en-renuncia-del-exgerente-del-hospital-local\/"},"author":{"name":"Direcci\u00f3n de Comunicaciones Fiscal\u00eda General de la Naci\u00f3n","@id":"https:\/\/www.fiscalia.gov.co\/colombia\/#\/schema\/person\/bf28d8ae7f1b287bbe3af484b04f43ea"},"headline":"C\u00e1rcel para exalcalde de Buenaventura, su hijo y un exfuncionario por supuestas irregularidades en renuncia del exgerente del hospital local","datePublished":"2019-03-04T14:35:17+00:00","dateModified":"2019-03-04T14:35:17+00:00","mainEntityOfPage":{"@id":"https:\/\/www.fiscalia.gov.co\/colombia\/seccionales\/carcel-para-exalcalde-de-buenaventura-su-hijo-y-un-exfuncionario-por-supuestas-irregularidades-en-renuncia-del-exgerente-del-hospital-local\/"},"wordCount":616,"publisher":{"@id":"https:\/\/www.fiscalia.gov.co\/colombia\/#organization"},"articleSection":["Corrupci\u00f3n","Seccional Cali","Seccionales"],"inLanguage":"es-CO"},{"@type":"WebPage","@id":"https:\/\/www.fiscalia.gov.co\/colombia\/seccionales\/carcel-para-exalcalde-de-buenaventura-su-hijo-y-un-exfuncionario-por-supuestas-irregularidades-en-renuncia-del-exgerente-del-hospital-local\/","url":"https:\/\/www.fiscalia.gov.co\/colombia\/seccionales\/carcel-para-exalcalde-de-buenaventura-su-hijo-y-un-exfuncionario-por-supuestas-irregularidades-en-renuncia-del-exgerente-del-hospital-local\/","name":"Fiscal\u00eda General de la Naci\u00f3n","isPartOf":{"@id":"https:\/\/www.fiscalia.gov.co\/colombia\/#website"},"datePublished":"2019-03-04T14:35:17+00:00","dateModified":"2019-03-04T14:35:17+00:00","description":"P\u00e1gina oficial de la Fiscal\u00eda General de la Naci\u00f3n \u2013 Colombia. Garantizamos el acceso efectivo a la justicia, la verdad y la reparaci\u00f3n de las v\u00edctimas de los delitos.","breadcrumb":{"@id":"https:\/\/www.fiscalia.gov.co\/colombia\/seccionales\/carcel-para-exalcalde-de-buenaventura-su-hijo-y-un-exfuncionario-por-supuestas-irregularidades-en-renuncia-del-exgerente-del-hospital-local\/#breadcrumb"},"inLanguage":"es-CO","potentialAction":[{"@type":"ReadAction","target":["https:\/\/www.fiscalia.gov.co\/colombia\/seccionales\/carcel-para-exalcalde-de-buenaventura-su-hijo-y-un-exfuncionario-por-supuestas-irregularidades-en-renuncia-del-exgerente-del-hospital-local\/"]}]},{"@type":"BreadcrumbList","@id":"https:\/\/www.fiscalia.gov.co\/colombia\/seccionales\/carcel-para-exalcalde-de-buenaventura-su-hijo-y-un-exfuncionario-por-supuestas-irregularidades-en-renuncia-del-exgerente-del-hospital-local\/#breadcrumb","itemListElement":[{"@type":"ListItem","position":1,"name":"Home","item":"https:\/\/www.fiscalia.gov.co\/colombia\/"},{"@type":"ListItem","position":2,"name":"C\u00e1rcel para exalcalde de Buenaventura, su hijo y un exfuncionario por supuestas irregularidades en renuncia del exgerente del hospital local"}]},{"@type":"WebSite","@id":"https:\/\/www.fiscalia.gov.co\/colombia\/#website","url":"https:\/\/www.fiscalia.gov.co\/colombia\/","name":"Fiscal\u00eda General de la Naci\u00f3n","description":"P\u00e1gina oficial de la Fiscal\u00eda General de la Naci\u00f3n \u2013 Colombia. Garantizamos el acceso efectivo a la justicia, la verdad y la reparaci\u00f3n de las v\u00edctimas de los delitos.","publisher":{"@id":"https:\/\/www.fiscalia.gov.co\/colombia\/#organization"},"potentialAction":[{"@type":"SearchAction","target":{"@type":"EntryPoint","urlTemplate":"https:\/\/www.fiscalia.gov.co\/colombia\/?s={search_term_string}"},"query-input":{"@type":"PropertyValueSpecification","valueRequired":true,"valueName":"search_term_string"}}],"inLanguage":"es-CO"},{"@type":"Organization","@id":"https:\/\/www.fiscalia.gov.co\/colombia\/#organization","name":"Fiscal\u00eda General de la Naci\u00f3n","url":"https:\/\/www.fiscalia.gov.co\/colombia\/","logo":{"@type":"ImageObject","inLanguage":"es-CO","@id":"https:\/\/www.fiscalia.gov.co\/colombia\/#\/schema\/logo\/image\/","url":"https:\/\/www.fiscalia.gov.co\/colombia\/wp-content\/uploads\/LogoHorizontal_1.jpg","contentUrl":"https:\/\/www.fiscalia.gov.co\/colombia\/wp-content\/uploads\/LogoHorizontal_1.jpg","width":300,"height":90,"caption":"Fiscal\u00eda General de la Naci\u00f3n"},"image":{"@id":"https:\/\/www.fiscalia.gov.co\/colombia\/#\/schema\/logo\/image\/"},"sameAs":["https:\/\/www.facebook.com\/FiscaliaCol","https:\/\/x.com\/FiscaliaCol","https:\/\/www.instagram.com\/fiscaliacol","https:\/\/www.linkedin.com\/company\/fiscalia-general-de-la-naci-n\/","https:\/\/youtube.com\/@fiscaliageneraldelanacion-4668?si=6nN79nyQICPU5iTh"]},{"@type":"Person","@id":"https:\/\/www.fiscalia.gov.co\/colombia\/#\/schema\/person\/bf28d8ae7f1b287bbe3af484b04f43ea","name":"Direcci\u00f3n de Comunicaciones Fiscal\u00eda General de la Naci\u00f3n","image":{"@type":"ImageObject","inLanguage":"es-CO","@id":"https:\/\/www.fiscalia.gov.co\/colombia\/#\/schema\/person\/image\/","url":"https:\/\/secure.gravatar.com\/avatar\/9d55ae161d32da16dbdd0b380c080a5f?s=96&d=mm&r=g","contentUrl":"https:\/\/secure.gravatar.com\/avatar\/9d55ae161d32da16dbdd0b380c080a5f?s=96&d=mm&r=g","caption":"Direcci\u00f3n de Comunicaciones Fiscal\u00eda General de la Naci\u00f3n"},"url":"https:\/\/www.fiscalia.gov.co\/colombia\/author\/kbonilla\/"}]}},"_links":{"self":[{"href":"https:\/\/www.fiscalia.gov.co\/colombia\/wp-json\/wp\/v2\/posts\/176309","targetHints":{"allow":["GET"]}}],"collection":[{"href":"https:\/\/www.fiscalia.gov.co\/colombia\/wp-json\/wp\/v2\/posts"}],"about":[{"href":"https:\/\/www.fiscalia.gov.co\/colombia\/wp-json\/wp\/v2\/types\/post"}],"author":[{"embeddable":true,"href":"https:\/\/www.fiscalia.gov.co\/colombia\/wp-json\/wp\/v2\/users\/162"}],"replies":[{"embeddable":true,"href":"https:\/\/www.fiscalia.gov.co\/colombia\/wp-json\/wp\/v2\/comments?post=176309"}],"version-history":[{"count":1,"href":"https:\/\/www.fiscalia.gov.co\/colombia\/wp-json\/wp\/v2\/posts\/176309\/revisions"}],"predecessor-version":[{"id":176310,"href":"https:\/\/www.fiscalia.gov.co\/colombia\/wp-json\/wp\/v2\/posts\/176309\/revisions\/176310"}],"wp:attachment":[{"href":"https:\/\/www.fiscalia.gov.co\/colombia\/wp-json\/wp\/v2\/media?parent=176309"}],"wp:term":[{"taxonomy":"category","embeddable":true,"href":"https:\/\/www.fiscalia.gov.co\/colombia\/wp-json\/wp\/v2\/categories?post=176309"},{"taxonomy":"post_tag","embeddable":true,"href":"https:\/\/www.fiscalia.gov.co\/colombia\/wp-json\/wp\/v2\/tags?post=176309"}],"curies":[{"name":"wp","href":"https:\/\/api.w.org\/{rel}","templated":true}]}}