{"id":176295,"date":"2019-03-01T18:45:51","date_gmt":"2019-03-01T23:45:51","guid":{"rendered":"https:\/\/www.fiscalia.gov.co\/colombia\/?p=176295"},"modified":"2019-03-01T18:45:51","modified_gmt":"2019-03-01T23:45:51","slug":"caqueta-se-unio-a-la-jornada-contra-la-violencia-sexual-e-intrafamiliar-con-mas-de-40-judicializaciones","status":"publish","type":"post","link":"https:\/\/www.fiscalia.gov.co\/colombia\/seccionales\/caqueta-se-unio-a-la-jornada-contra-la-violencia-sexual-e-intrafamiliar-con-mas-de-40-judicializaciones\/","title":{"rendered":"Caquet\u00e1 se uni\u00f3 a la Jornada contra la Violencia Sexual e Intrafamiliar con m\u00e1s de 40 judicializaciones"},"content":{"rendered":"<p><em>Entre capturas e imputaciones se lograron 29 por violencia sexual y 16 por violencia intrafamiliar.<\/em><\/p>\n<p>Alrededor de 45 personas fueron judicializadas durante la Jornada contra la Violencia Sexual e Intrafamiliar realizada entre el 25 de febrero y el 1 de marzo de este a\u00f1o en Caquet\u00e1, la cual fue liderada por la Fiscal\u00eda General de la Naci\u00f3n en coordinaci\u00f3n con la Polic\u00eda y el Ej\u00e9rcito Nacional.<\/p>\n<p>Las capturas e imputaciones de cu\u00f1ados, padrinos, progenitores, abuelos, vecinos, amigos y padrastros de las v\u00edctimas, se presentaron en diferentes municipios de ese departamento.<\/p>\n<p><strong>Sus padres, los mayores agresores<\/strong><\/p>\n<p>En zona rural de Cartagena del Chair\u00e1, un abuelo habr\u00eda abusado sexualmente de su nieta desde que ella ten\u00eda 6 a\u00f1os. La Fiscal\u00eda le imput\u00f3 el delito de acceso carnal abusivo con menor de 14 a\u00f1os, por hechos ocurridos desde agosto del a\u00f1o 2008.<\/p>\n<p>Otro caso fue el de un padre de familia que durante una pijamada, al parecer, abus\u00f3 sexualmente de su hija. El hecho ocurri\u00f3 a principios de este a\u00f1o en Florencia, cuando la peque\u00f1a de 11 a\u00f1os se encontraba con una amiga en su casa y el pap\u00e1 entr\u00f3 a la habitaci\u00f3n. Mientras la abrazaba, se presume que por debajo de la ropa empez\u00f3 a acariciarla en sus partes \u00edntimas.<\/p>\n<p>Tambi\u00e9n se registr\u00f3 el caso de otro hombre, de 63 a\u00f1os, que fue imputado por la Fiscal\u00eda por acceso carnal con menor de 14 a\u00f1os. Aparentemente habr\u00eda cometido esa conducta contra su propia hija de 13 a\u00f1os, en zona rural de Puerto Rico en diciembre del a\u00f1o 2013, cuando la atac\u00f3 aprovechando que se encontraban a solas en la finca donde resid\u00edan.<\/p>\n<p><strong>Otros agresores: padrastros y cu\u00f1ados<\/strong><\/p>\n<p>Varios padrastros tambi\u00e9n fueron detenidos en esta jornada.<\/p>\n<p>Un caso se present\u00f3, seg\u00fan la denuncia, en el a\u00f1o 2012 en una vereda del municipio caquete\u00f1o de Mil\u00e1n, donde se logr\u00f3 establecer que la v\u00edctima padec\u00eda los vej\u00e1menes desde los 7 a\u00f1os.<\/p>\n<p>En otro hecho lamentable, fue detenido por acto sexual violento, un hombre que fue denunciado por la madre de la v\u00edctima de 11 a\u00f1os, quien se\u00f1al\u00f3 que todo ocurri\u00f3 en el a\u00f1o 2015, en la capital caquete\u00f1a, cuando la ni\u00f1a se encontraba en la casa con su hermana mayor, esposa del agresor, y en un descuido de esta, \u00e9l entr\u00f3 a su cuarto y la accedi\u00f3 carnalmente.<\/p>\n<p>Dentro de la jornada tambi\u00e9n fue detenido como presunto agresor por actos sexuales, un padrino de bautismo. Los hechos ocurridos en febrero \u00faltimo.<\/p>\n<p>En otros casos, vecinos y amigos fueron los agresores sexuales capturados, los cuales habr\u00edan aprovechado la confianza depositada en ellos para abusar de sus v\u00edctimas. Precisamente esto sucedi\u00f3 con una ni\u00f1a de 13 a\u00f1os, quien objeto de tocamientos por parte de un amigo de toda la vida de su madre. El hombre quien les ayudaba econ\u00f3micamente y se quedaba en su casa a dormir de vez en cuando por la confianza que le ten\u00edan, un d\u00eda la burl\u00f3 para tocar a la ni\u00f1a mientras dorm\u00edan.<\/p>\n<p><strong>Imputados por violencia intrafamiliar<\/strong><\/p>\n<p>Entre los casos a destacar por violencia intrafamiliar, se encuentra el de un padrastro que al parecer agredi\u00f3 a su hijastra cuando esta se neg\u00f3 a ir a un paseo familiar en el a\u00f1o 2018.<\/p>\n<p>El hombre fue identificado como Wilmer Plazas Mosquera, quien la golpe\u00f3 con un objeto contundente dej\u00e1ndole varios hematomas.<\/p>\n<p>El otro caso hace referencia a Gina Marcela Su\u00e1rez Moreno, denunciada por su pareja, quien asegur\u00f3 que la mujer de profesi\u00f3n comerciante lo atac\u00f3, luego de que \u00e9l le hiciera un reclamo por descubrir, al parecer, informaci\u00f3n comprometedora en su celular, por lo que ella se enfureci\u00f3 y procedi\u00f3 a agredirlo.<\/p>\n<p>Todos fueron presentados ante jueces con funciones de control de garant\u00edas en diferentes municipalidades, ante quienes se les imputaron los respectivos cargos que no aceptaron, y en su mayor\u00eda fueron afectados con medida de aseguramiento en centro de reclusi\u00f3n.<\/p>\n<p>La Fiscal\u00eda hace p\u00fablica esta informaci\u00f3n por razones de inter\u00e9s general.<\/p>\n<p>&nbsp;<\/p>\n<p>PAAM\/DLBM<\/p>\n<p>&nbsp;<\/p>\n\n<div class=\"twitter-share\"><a href=\"https:\/\/twitter.com\/intent\/tweet?via=fiscaliacol\" class=\"twitter-share-button\">Tweet<\/a><\/div>\n","protected":false},"excerpt":{"rendered":"<p>Entre capturas e imputaciones se lograron 29 por violencia sexual y 16 por violencia intrafamiliar. Alrededor de 45 personas fueron judicializadas durante la Jornada contra la Violencia Sexual e Intrafamiliar [&hellip;]<\/p>\n","protected":false},"author":162,"featured_media":0,"comment_status":"closed","ping_status":"open","sticky":false,"template":"","format":"standard","meta":{"tdm_status":"","tdm_grid_status":"","footnotes":""},"categories":[328,303,24127],"tags":[],"class_list":["post-176295","post","type-post","status-publish","format-standard","category-seccional-florencia","category-seccionales","category-violencia-sexual-e-intrafamiliar"],"yoast_head":"<!-- This site is optimized with the Yoast SEO plugin v24.3 - https:\/\/yoast.com\/wordpress\/plugins\/seo\/ -->\n<title>Fiscal\u00eda General de la Naci\u00f3n<\/title>\n<meta name=\"description\" content=\"P\u00e1gina oficial de la Fiscal\u00eda General de la Naci\u00f3n \u2013 Colombia. Garantizamos el acceso efectivo a la justicia, la verdad y la reparaci\u00f3n de las v\u00edctimas de los delitos.\" \/>\n<meta name=\"robots\" content=\"noindex, follow\" \/>\n<meta property=\"og:locale\" content=\"es_ES\" \/>\n<meta property=\"og:type\" content=\"article\" \/>\n<meta property=\"og:title\" content=\"Fiscal\u00eda General de la Naci\u00f3n\" \/>\n<meta property=\"og:description\" content=\"P\u00e1gina oficial de la Fiscal\u00eda General de la Naci\u00f3n \u2013 Colombia. Garantizamos el acceso efectivo a la justicia, la verdad y la reparaci\u00f3n de las v\u00edctimas de los delitos.\" \/>\n<meta property=\"og:url\" content=\"https:\/\/www.fiscalia.gov.co\/colombia\/seccionales\/caqueta-se-unio-a-la-jornada-contra-la-violencia-sexual-e-intrafamiliar-con-mas-de-40-judicializaciones\/\" \/>\n<meta property=\"og:site_name\" content=\"Fiscal\u00eda General de la Naci\u00f3n\" \/>\n<meta property=\"article:publisher\" content=\"https:\/\/www.facebook.com\/FiscaliaCol\" \/>\n<meta property=\"article:published_time\" content=\"2019-03-01T23:45:51+00:00\" \/>\n<meta name=\"author\" content=\"Direcci\u00f3n de Comunicaciones Fiscal\u00eda General de la Naci\u00f3n\" \/>\n<meta name=\"twitter:card\" content=\"summary_large_image\" \/>\n<meta name=\"twitter:creator\" content=\"@FiscaliaCol\" \/>\n<meta name=\"twitter:site\" content=\"@FiscaliaCol\" \/>\n<meta name=\"twitter:label1\" content=\"Escrito por\" \/>\n\t<meta name=\"twitter:data1\" content=\"Direcci\u00f3n de Comunicaciones Fiscal\u00eda General de la Naci\u00f3n\" \/>\n\t<meta name=\"twitter:label2\" content=\"Tiempo de lectura\" \/>\n\t<meta name=\"twitter:data2\" content=\"3 minutos\" \/>\n<script type=\"application\/ld+json\" class=\"yoast-schema-graph\">{\"@context\":\"https:\/\/schema.org\",\"@graph\":[{\"@type\":\"Article\",\"@id\":\"https:\/\/www.fiscalia.gov.co\/colombia\/seccionales\/caqueta-se-unio-a-la-jornada-contra-la-violencia-sexual-e-intrafamiliar-con-mas-de-40-judicializaciones\/#article\",\"isPartOf\":{\"@id\":\"https:\/\/www.fiscalia.gov.co\/colombia\/seccionales\/caqueta-se-unio-a-la-jornada-contra-la-violencia-sexual-e-intrafamiliar-con-mas-de-40-judicializaciones\/\"},\"author\":{\"name\":\"Direcci\u00f3n de Comunicaciones Fiscal\u00eda General de la Naci\u00f3n\",\"@id\":\"https:\/\/www.fiscalia.gov.co\/colombia\/#\/schema\/person\/bf28d8ae7f1b287bbe3af484b04f43ea\"},\"headline\":\"Caquet\u00e1 se uni\u00f3 a la Jornada contra la Violencia Sexual e Intrafamiliar con m\u00e1s de 40 judicializaciones\",\"datePublished\":\"2019-03-01T23:45:51+00:00\",\"dateModified\":\"2019-03-01T23:45:51+00:00\",\"mainEntityOfPage\":{\"@id\":\"https:\/\/www.fiscalia.gov.co\/colombia\/seccionales\/caqueta-se-unio-a-la-jornada-contra-la-violencia-sexual-e-intrafamiliar-con-mas-de-40-judicializaciones\/\"},\"wordCount\":715,\"publisher\":{\"@id\":\"https:\/\/www.fiscalia.gov.co\/colombia\/#organization\"},\"articleSection\":[\"Seccional Florencia\",\"Seccionales\",\"Violencia sexual e intrafamiliar\"],\"inLanguage\":\"es-CO\"},{\"@type\":\"WebPage\",\"@id\":\"https:\/\/www.fiscalia.gov.co\/colombia\/seccionales\/caqueta-se-unio-a-la-jornada-contra-la-violencia-sexual-e-intrafamiliar-con-mas-de-40-judicializaciones\/\",\"url\":\"https:\/\/www.fiscalia.gov.co\/colombia\/seccionales\/caqueta-se-unio-a-la-jornada-contra-la-violencia-sexual-e-intrafamiliar-con-mas-de-40-judicializaciones\/\",\"name\":\"Fiscal\u00eda General de la Naci\u00f3n\",\"isPartOf\":{\"@id\":\"https:\/\/www.fiscalia.gov.co\/colombia\/#website\"},\"datePublished\":\"2019-03-01T23:45:51+00:00\",\"dateModified\":\"2019-03-01T23:45:51+00:00\",\"description\":\"P\u00e1gina oficial de la Fiscal\u00eda General de la Naci\u00f3n \u2013 Colombia. Garantizamos el acceso efectivo a la justicia, la verdad y la reparaci\u00f3n de las v\u00edctimas de los delitos.\",\"breadcrumb\":{\"@id\":\"https:\/\/www.fiscalia.gov.co\/colombia\/seccionales\/caqueta-se-unio-a-la-jornada-contra-la-violencia-sexual-e-intrafamiliar-con-mas-de-40-judicializaciones\/#breadcrumb\"},\"inLanguage\":\"es-CO\",\"potentialAction\":[{\"@type\":\"ReadAction\",\"target\":[\"https:\/\/www.fiscalia.gov.co\/colombia\/seccionales\/caqueta-se-unio-a-la-jornada-contra-la-violencia-sexual-e-intrafamiliar-con-mas-de-40-judicializaciones\/\"]}]},{\"@type\":\"BreadcrumbList\",\"@id\":\"https:\/\/www.fiscalia.gov.co\/colombia\/seccionales\/caqueta-se-unio-a-la-jornada-contra-la-violencia-sexual-e-intrafamiliar-con-mas-de-40-judicializaciones\/#breadcrumb\",\"itemListElement\":[{\"@type\":\"ListItem\",\"position\":1,\"name\":\"Home\",\"item\":\"https:\/\/www.fiscalia.gov.co\/colombia\/\"},{\"@type\":\"ListItem\",\"position\":2,\"name\":\"Caquet\u00e1 se uni\u00f3 a la Jornada contra la Violencia Sexual e Intrafamiliar con m\u00e1s de 40 judicializaciones\"}]},{\"@type\":\"WebSite\",\"@id\":\"https:\/\/www.fiscalia.gov.co\/colombia\/#website\",\"url\":\"https:\/\/www.fiscalia.gov.co\/colombia\/\",\"name\":\"Fiscal\u00eda General de la Naci\u00f3n\",\"description\":\"P\u00e1gina oficial de la Fiscal\u00eda General de la Naci\u00f3n \u2013 Colombia. Garantizamos el acceso efectivo a la justicia, la verdad y la reparaci\u00f3n de las v\u00edctimas de los delitos.\",\"publisher\":{\"@id\":\"https:\/\/www.fiscalia.gov.co\/colombia\/#organization\"},\"potentialAction\":[{\"@type\":\"SearchAction\",\"target\":{\"@type\":\"EntryPoint\",\"urlTemplate\":\"https:\/\/www.fiscalia.gov.co\/colombia\/?s={search_term_string}\"},\"query-input\":{\"@type\":\"PropertyValueSpecification\",\"valueRequired\":true,\"valueName\":\"search_term_string\"}}],\"inLanguage\":\"es-CO\"},{\"@type\":\"Organization\",\"@id\":\"https:\/\/www.fiscalia.gov.co\/colombia\/#organization\",\"name\":\"Fiscal\u00eda General de la Naci\u00f3n\",\"url\":\"https:\/\/www.fiscalia.gov.co\/colombia\/\",\"logo\":{\"@type\":\"ImageObject\",\"inLanguage\":\"es-CO\",\"@id\":\"https:\/\/www.fiscalia.gov.co\/colombia\/#\/schema\/logo\/image\/\",\"url\":\"https:\/\/www.fiscalia.gov.co\/colombia\/wp-content\/uploads\/LogoHorizontal_1.jpg\",\"contentUrl\":\"https:\/\/www.fiscalia.gov.co\/colombia\/wp-content\/uploads\/LogoHorizontal_1.jpg\",\"width\":300,\"height\":90,\"caption\":\"Fiscal\u00eda General de la Naci\u00f3n\"},\"image\":{\"@id\":\"https:\/\/www.fiscalia.gov.co\/colombia\/#\/schema\/logo\/image\/\"},\"sameAs\":[\"https:\/\/www.facebook.com\/FiscaliaCol\",\"https:\/\/x.com\/FiscaliaCol\",\"https:\/\/www.instagram.com\/fiscaliacol\",\"https:\/\/www.linkedin.com\/company\/fiscalia-general-de-la-naci-n\/\",\"https:\/\/youtube.com\/@fiscaliageneraldelanacion-4668?si=6nN79nyQICPU5iTh\"]},{\"@type\":\"Person\",\"@id\":\"https:\/\/www.fiscalia.gov.co\/colombia\/#\/schema\/person\/bf28d8ae7f1b287bbe3af484b04f43ea\",\"name\":\"Direcci\u00f3n de Comunicaciones Fiscal\u00eda General de la Naci\u00f3n\",\"image\":{\"@type\":\"ImageObject\",\"inLanguage\":\"es-CO\",\"@id\":\"https:\/\/www.fiscalia.gov.co\/colombia\/#\/schema\/person\/image\/\",\"url\":\"https:\/\/secure.gravatar.com\/avatar\/9d55ae161d32da16dbdd0b380c080a5f?s=96&d=mm&r=g\",\"contentUrl\":\"https:\/\/secure.gravatar.com\/avatar\/9d55ae161d32da16dbdd0b380c080a5f?s=96&d=mm&r=g\",\"caption\":\"Direcci\u00f3n de Comunicaciones Fiscal\u00eda General de la Naci\u00f3n\"},\"url\":\"https:\/\/www.fiscalia.gov.co\/colombia\/author\/kbonilla\/\"}]}<\/script>\n<!-- \/ Yoast SEO plugin. -->","yoast_head_json":{"title":"Fiscal\u00eda General de la Naci\u00f3n","description":"P\u00e1gina oficial de la Fiscal\u00eda General de la Naci\u00f3n \u2013 Colombia. Garantizamos el acceso efectivo a la justicia, la verdad y la reparaci\u00f3n de las v\u00edctimas de los delitos.","robots":{"index":"noindex","follow":"follow"},"og_locale":"es_ES","og_type":"article","og_title":"Fiscal\u00eda General de la Naci\u00f3n","og_description":"P\u00e1gina oficial de la Fiscal\u00eda General de la Naci\u00f3n \u2013 Colombia. Garantizamos el acceso efectivo a la justicia, la verdad y la reparaci\u00f3n de las v\u00edctimas de los delitos.","og_url":"https:\/\/www.fiscalia.gov.co\/colombia\/seccionales\/caqueta-se-unio-a-la-jornada-contra-la-violencia-sexual-e-intrafamiliar-con-mas-de-40-judicializaciones\/","og_site_name":"Fiscal\u00eda General de la Naci\u00f3n","article_publisher":"https:\/\/www.facebook.com\/FiscaliaCol","article_published_time":"2019-03-01T23:45:51+00:00","author":"Direcci\u00f3n de Comunicaciones Fiscal\u00eda General de la Naci\u00f3n","twitter_card":"summary_large_image","twitter_creator":"@FiscaliaCol","twitter_site":"@FiscaliaCol","twitter_misc":{"Escrito por":"Direcci\u00f3n de Comunicaciones Fiscal\u00eda General de la Naci\u00f3n","Tiempo de lectura":"3 minutos"},"schema":{"@context":"https:\/\/schema.org","@graph":[{"@type":"Article","@id":"https:\/\/www.fiscalia.gov.co\/colombia\/seccionales\/caqueta-se-unio-a-la-jornada-contra-la-violencia-sexual-e-intrafamiliar-con-mas-de-40-judicializaciones\/#article","isPartOf":{"@id":"https:\/\/www.fiscalia.gov.co\/colombia\/seccionales\/caqueta-se-unio-a-la-jornada-contra-la-violencia-sexual-e-intrafamiliar-con-mas-de-40-judicializaciones\/"},"author":{"name":"Direcci\u00f3n de Comunicaciones Fiscal\u00eda General de la Naci\u00f3n","@id":"https:\/\/www.fiscalia.gov.co\/colombia\/#\/schema\/person\/bf28d8ae7f1b287bbe3af484b04f43ea"},"headline":"Caquet\u00e1 se uni\u00f3 a la Jornada contra la Violencia Sexual e Intrafamiliar con m\u00e1s de 40 judicializaciones","datePublished":"2019-03-01T23:45:51+00:00","dateModified":"2019-03-01T23:45:51+00:00","mainEntityOfPage":{"@id":"https:\/\/www.fiscalia.gov.co\/colombia\/seccionales\/caqueta-se-unio-a-la-jornada-contra-la-violencia-sexual-e-intrafamiliar-con-mas-de-40-judicializaciones\/"},"wordCount":715,"publisher":{"@id":"https:\/\/www.fiscalia.gov.co\/colombia\/#organization"},"articleSection":["Seccional Florencia","Seccionales","Violencia sexual e intrafamiliar"],"inLanguage":"es-CO"},{"@type":"WebPage","@id":"https:\/\/www.fiscalia.gov.co\/colombia\/seccionales\/caqueta-se-unio-a-la-jornada-contra-la-violencia-sexual-e-intrafamiliar-con-mas-de-40-judicializaciones\/","url":"https:\/\/www.fiscalia.gov.co\/colombia\/seccionales\/caqueta-se-unio-a-la-jornada-contra-la-violencia-sexual-e-intrafamiliar-con-mas-de-40-judicializaciones\/","name":"Fiscal\u00eda General de la Naci\u00f3n","isPartOf":{"@id":"https:\/\/www.fiscalia.gov.co\/colombia\/#website"},"datePublished":"2019-03-01T23:45:51+00:00","dateModified":"2019-03-01T23:45:51+00:00","description":"P\u00e1gina oficial de la Fiscal\u00eda General de la Naci\u00f3n \u2013 Colombia. Garantizamos el acceso efectivo a la justicia, la verdad y la reparaci\u00f3n de las v\u00edctimas de los delitos.","breadcrumb":{"@id":"https:\/\/www.fiscalia.gov.co\/colombia\/seccionales\/caqueta-se-unio-a-la-jornada-contra-la-violencia-sexual-e-intrafamiliar-con-mas-de-40-judicializaciones\/#breadcrumb"},"inLanguage":"es-CO","potentialAction":[{"@type":"ReadAction","target":["https:\/\/www.fiscalia.gov.co\/colombia\/seccionales\/caqueta-se-unio-a-la-jornada-contra-la-violencia-sexual-e-intrafamiliar-con-mas-de-40-judicializaciones\/"]}]},{"@type":"BreadcrumbList","@id":"https:\/\/www.fiscalia.gov.co\/colombia\/seccionales\/caqueta-se-unio-a-la-jornada-contra-la-violencia-sexual-e-intrafamiliar-con-mas-de-40-judicializaciones\/#breadcrumb","itemListElement":[{"@type":"ListItem","position":1,"name":"Home","item":"https:\/\/www.fiscalia.gov.co\/colombia\/"},{"@type":"ListItem","position":2,"name":"Caquet\u00e1 se uni\u00f3 a la Jornada contra la Violencia Sexual e Intrafamiliar con m\u00e1s de 40 judicializaciones"}]},{"@type":"WebSite","@id":"https:\/\/www.fiscalia.gov.co\/colombia\/#website","url":"https:\/\/www.fiscalia.gov.co\/colombia\/","name":"Fiscal\u00eda General de la Naci\u00f3n","description":"P\u00e1gina oficial de la Fiscal\u00eda General de la Naci\u00f3n \u2013 Colombia. Garantizamos el acceso efectivo a la justicia, la verdad y la reparaci\u00f3n de las v\u00edctimas de los delitos.","publisher":{"@id":"https:\/\/www.fiscalia.gov.co\/colombia\/#organization"},"potentialAction":[{"@type":"SearchAction","target":{"@type":"EntryPoint","urlTemplate":"https:\/\/www.fiscalia.gov.co\/colombia\/?s={search_term_string}"},"query-input":{"@type":"PropertyValueSpecification","valueRequired":true,"valueName":"search_term_string"}}],"inLanguage":"es-CO"},{"@type":"Organization","@id":"https:\/\/www.fiscalia.gov.co\/colombia\/#organization","name":"Fiscal\u00eda General de la Naci\u00f3n","url":"https:\/\/www.fiscalia.gov.co\/colombia\/","logo":{"@type":"ImageObject","inLanguage":"es-CO","@id":"https:\/\/www.fiscalia.gov.co\/colombia\/#\/schema\/logo\/image\/","url":"https:\/\/www.fiscalia.gov.co\/colombia\/wp-content\/uploads\/LogoHorizontal_1.jpg","contentUrl":"https:\/\/www.fiscalia.gov.co\/colombia\/wp-content\/uploads\/LogoHorizontal_1.jpg","width":300,"height":90,"caption":"Fiscal\u00eda General de la Naci\u00f3n"},"image":{"@id":"https:\/\/www.fiscalia.gov.co\/colombia\/#\/schema\/logo\/image\/"},"sameAs":["https:\/\/www.facebook.com\/FiscaliaCol","https:\/\/x.com\/FiscaliaCol","https:\/\/www.instagram.com\/fiscaliacol","https:\/\/www.linkedin.com\/company\/fiscalia-general-de-la-naci-n\/","https:\/\/youtube.com\/@fiscaliageneraldelanacion-4668?si=6nN79nyQICPU5iTh"]},{"@type":"Person","@id":"https:\/\/www.fiscalia.gov.co\/colombia\/#\/schema\/person\/bf28d8ae7f1b287bbe3af484b04f43ea","name":"Direcci\u00f3n de Comunicaciones Fiscal\u00eda General de la Naci\u00f3n","image":{"@type":"ImageObject","inLanguage":"es-CO","@id":"https:\/\/www.fiscalia.gov.co\/colombia\/#\/schema\/person\/image\/","url":"https:\/\/secure.gravatar.com\/avatar\/9d55ae161d32da16dbdd0b380c080a5f?s=96&d=mm&r=g","contentUrl":"https:\/\/secure.gravatar.com\/avatar\/9d55ae161d32da16dbdd0b380c080a5f?s=96&d=mm&r=g","caption":"Direcci\u00f3n de Comunicaciones Fiscal\u00eda General de la Naci\u00f3n"},"url":"https:\/\/www.fiscalia.gov.co\/colombia\/author\/kbonilla\/"}]}},"_links":{"self":[{"href":"https:\/\/www.fiscalia.gov.co\/colombia\/wp-json\/wp\/v2\/posts\/176295","targetHints":{"allow":["GET"]}}],"collection":[{"href":"https:\/\/www.fiscalia.gov.co\/colombia\/wp-json\/wp\/v2\/posts"}],"about":[{"href":"https:\/\/www.fiscalia.gov.co\/colombia\/wp-json\/wp\/v2\/types\/post"}],"author":[{"embeddable":true,"href":"https:\/\/www.fiscalia.gov.co\/colombia\/wp-json\/wp\/v2\/users\/162"}],"replies":[{"embeddable":true,"href":"https:\/\/www.fiscalia.gov.co\/colombia\/wp-json\/wp\/v2\/comments?post=176295"}],"version-history":[{"count":1,"href":"https:\/\/www.fiscalia.gov.co\/colombia\/wp-json\/wp\/v2\/posts\/176295\/revisions"}],"predecessor-version":[{"id":176296,"href":"https:\/\/www.fiscalia.gov.co\/colombia\/wp-json\/wp\/v2\/posts\/176295\/revisions\/176296"}],"wp:attachment":[{"href":"https:\/\/www.fiscalia.gov.co\/colombia\/wp-json\/wp\/v2\/media?parent=176295"}],"wp:term":[{"taxonomy":"category","embeddable":true,"href":"https:\/\/www.fiscalia.gov.co\/colombia\/wp-json\/wp\/v2\/categories?post=176295"},{"taxonomy":"post_tag","embeddable":true,"href":"https:\/\/www.fiscalia.gov.co\/colombia\/wp-json\/wp\/v2\/tags?post=176295"}],"curies":[{"name":"wp","href":"https:\/\/api.w.org\/{rel}","templated":true}]}}