{"id":175831,"date":"2019-02-20T12:01:15","date_gmt":"2019-02-20T17:01:15","guid":{"rendered":"https:\/\/www.fiscalia.gov.co\/colombia\/?p=175831"},"modified":"2019-02-20T12:01:15","modified_gmt":"2019-02-20T17:01:15","slug":"compulsan-copias-para-investigar-disciplinaria-y-penalmente-a-juez-de-buenaventura-valle","status":"publish","type":"post","link":"https:\/\/www.fiscalia.gov.co\/colombia\/seccionales\/compulsan-copias-para-investigar-disciplinaria-y-penalmente-a-juez-de-buenaventura-valle\/","title":{"rendered":"Compulsan copias para investigar disciplinaria y penalmente a juez de Buenaventura (Valle)"},"content":{"rendered":"<p><strong>Bolsillos de Cristal \u2013 Corrupci\u00f3n en la administraci\u00f3n de justicia<\/strong><\/p>\n<p><em><u>Fiscal interpuso acci\u00f3n de tutela contra el togado por supuestas irregularidades en libertades otorgadas a imputados.<\/u><\/em><\/p>\n<p>El Tribunal Superior de Guadalajara de Buga (Valle del Cauca) ampar\u00f3 el derecho fundamental del debido proceso al Fiscal 37 Seccional de Buga por considerar que el Juzgado 4 Penal de Circuito de Buenaventura, contra quien se dirigi\u00f3 la acci\u00f3n constitucional, habr\u00eda cometido irregularidades al revocar la medida de aseguramiento.<\/p>\n<p>Se trata del aseguramiento en c\u00e1rcel dispuesto contra del exalcalde de Buenaventura Eli\u00e9cer Arboleda Torres, su hijo Eli\u00e9cer Arboleda Riascos y a Luis Eider Mancilla,\u00a0 exfuncionario de la ventanilla \u00fanica del hospital de esa localidad, quienes estaban siendo investigados dentro de un proceso relacionado con delitos contra la administraci\u00f3n p\u00fablica.<\/p>\n<p>En este caso el Tribunal determin\u00f3 compulsar copias a la Fiscal\u00eda General de la Naci\u00f3n y a la Sala Disciplinaria del Consejo Seccional de la Judicatura del Valle del Cauca para que se investigue penal y disciplinariamente el actuar del juez.<\/p>\n<p>La decisi\u00f3n que se acaba de adoptar dej\u00f3 sin efectos la audiencia realizada el 16 de enero de 2019 en la que el Juzgado 4 del circuito otorg\u00f3 la libertad del <u>exalcalde Arboleda Torres, a su hijo Eli\u00e9cer Arboleda Riascos y a Luis Eider Mancilla,\u00a0 exfuncionario de la ventanilla \u00fanica del hospital de esa localidad.<\/u><\/p>\n<p>As\u00ed pues, dentro de las 48 horas siguientes a la notificaci\u00f3n de la decisi\u00f3n del Tribunal, se debe realizar un nuevo\u00a0 sorteo entre los jueces del circuito de Buenaventura para que se repita la audiencia de apelaci\u00f3n. De dicho sorteo se debe excluir al juez cuarto del circuito.<\/p>\n<p><strong><u>Los hechos:<\/u><\/strong><\/p>\n<p>Seg\u00fan la Fiscal\u00eda, los hoy imputados habr\u00edan participado en actos de concusi\u00f3n y falsedades ideol\u00f3gicas pues,\u00a0 supuestamente,\u00a0 habr\u00edan hecho firmar letras y cartas de renuncia al exgerente del hospital local, a cambio de nombrarlo en dicho cargo.<\/p>\n<p>Asimismo,\u00a0le habr\u00edan exigido contratos\u00a0 y pagos de cuentas a altos costos,\u00a0 as\u00ed como nombrar a personas determinadas en el hospital.<\/p>\n<p>Entre tanto,\u00a0la Fiscal\u00eda determin\u00f3 que el exfuncionario de la ventanilla \u00fanica,\u00a0 al parecer,\u00a0 habr\u00eda facilitado los sellos para la adulteraci\u00f3n de documentos,\u00a0 entre ellos,\u00a0 la renuncia del exgerente.<\/p>\n<p>Cuando el exgerente se habr\u00eda negado a tales pretensiones,\u00a0 supuestamente, le habr\u00edan hecho efectiva una de las cartas de renuncia,\u00a0 previamente firmadas.<\/p>\n<p>La Fiscal\u00eda, el 14 de junio de 2018, le formul\u00f3 cargos al exalcalde por los delitos de concierto para delinquir,\u00a0concusi\u00f3n y falsedad ideol\u00f3gica en documento p\u00fablico. Mientras que el hijo del exmandatario lo fue por concusi\u00f3n y falsedad ideol\u00f3gica en documento p\u00fablico.<\/p>\n<p>Luis Eider Mancilla es investigado por falsedad en documento p\u00fablico.<\/p>\n<p>El juez sexto de control de garant\u00edas, en primera instancia, los priv\u00f3 de la libertad en su momento. El juez de segunda instancia confirm\u00f3 dicha decisi\u00f3n por lo que deb\u00edan continuar privados de la libertad\u00a0en establecimiento carcelario Arboleda Torres y Arboleda Riascos; y en domiciliaria, Luis Eider Mancilla.<\/p>\n<p>Sin embargo, el 16 de enero pasado, en audiencia de apelaci\u00f3n el Juzgado 4 revoc\u00f3 la medida de aseguramiento para los tres imputados y les otorg\u00f3 la libertad, argumentando que no hab\u00eda conducta il\u00edcita, aunque decidi\u00f3 imponerles unas prohibiciones.<\/p>\n<p>La Fiscal\u00eda hace p\u00fablica esta informaci\u00f3n por razones de inter\u00e9s general.<\/p>\n<p>MAP\/MAGA<\/p>\n\n<div class=\"twitter-share\"><a href=\"https:\/\/twitter.com\/intent\/tweet?via=fiscaliacol\" class=\"twitter-share-button\">Tweet<\/a><\/div>\n","protected":false},"excerpt":{"rendered":"<p>Bolsillos de Cristal \u2013 Corrupci\u00f3n en la administraci\u00f3n de justicia Fiscal interpuso acci\u00f3n de tutela contra el togado por supuestas irregularidades en libertades otorgadas a imputados. El Tribunal Superior de [&hellip;]<\/p>\n","protected":false},"author":162,"featured_media":0,"comment_status":"closed","ping_status":"open","sticky":false,"template":"","format":"standard","meta":{"tdm_status":"","tdm_grid_status":"","footnotes":""},"categories":[24107,324,303],"tags":[],"class_list":["post-175831","post","type-post","status-publish","format-standard","category-lucha-contra-corrupcion","category-seccional-cali","category-seccionales"],"yoast_head":"<!-- This site is optimized with the Yoast SEO plugin v24.3 - https:\/\/yoast.com\/wordpress\/plugins\/seo\/ -->\n<title>Fiscal\u00eda General de la Naci\u00f3n<\/title>\n<meta name=\"description\" content=\"P\u00e1gina oficial de la Fiscal\u00eda General de la Naci\u00f3n \u2013 Colombia. Garantizamos el acceso efectivo a la justicia, la verdad y la reparaci\u00f3n de las v\u00edctimas de los delitos.\" \/>\n<meta name=\"robots\" content=\"noindex, follow\" \/>\n<meta property=\"og:locale\" content=\"es_ES\" \/>\n<meta property=\"og:type\" content=\"article\" \/>\n<meta property=\"og:title\" content=\"Fiscal\u00eda General de la Naci\u00f3n\" \/>\n<meta property=\"og:description\" content=\"P\u00e1gina oficial de la Fiscal\u00eda General de la Naci\u00f3n \u2013 Colombia. Garantizamos el acceso efectivo a la justicia, la verdad y la reparaci\u00f3n de las v\u00edctimas de los delitos.\" \/>\n<meta property=\"og:url\" content=\"https:\/\/www.fiscalia.gov.co\/colombia\/seccionales\/compulsan-copias-para-investigar-disciplinaria-y-penalmente-a-juez-de-buenaventura-valle\/\" \/>\n<meta property=\"og:site_name\" content=\"Fiscal\u00eda General de la Naci\u00f3n\" \/>\n<meta property=\"article:publisher\" content=\"https:\/\/www.facebook.com\/FiscaliaCol\" \/>\n<meta property=\"article:published_time\" content=\"2019-02-20T17:01:15+00:00\" \/>\n<meta name=\"author\" content=\"Direcci\u00f3n de Comunicaciones Fiscal\u00eda General de la Naci\u00f3n\" \/>\n<meta name=\"twitter:card\" content=\"summary_large_image\" \/>\n<meta name=\"twitter:creator\" content=\"@FiscaliaCol\" \/>\n<meta name=\"twitter:site\" content=\"@FiscaliaCol\" \/>\n<meta name=\"twitter:label1\" content=\"Escrito por\" \/>\n\t<meta name=\"twitter:data1\" content=\"Direcci\u00f3n de Comunicaciones Fiscal\u00eda General de la Naci\u00f3n\" \/>\n\t<meta name=\"twitter:label2\" content=\"Tiempo de lectura\" \/>\n\t<meta name=\"twitter:data2\" content=\"3 minutos\" \/>\n<script type=\"application\/ld+json\" class=\"yoast-schema-graph\">{\"@context\":\"https:\/\/schema.org\",\"@graph\":[{\"@type\":\"Article\",\"@id\":\"https:\/\/www.fiscalia.gov.co\/colombia\/seccionales\/compulsan-copias-para-investigar-disciplinaria-y-penalmente-a-juez-de-buenaventura-valle\/#article\",\"isPartOf\":{\"@id\":\"https:\/\/www.fiscalia.gov.co\/colombia\/seccionales\/compulsan-copias-para-investigar-disciplinaria-y-penalmente-a-juez-de-buenaventura-valle\/\"},\"author\":{\"name\":\"Direcci\u00f3n de Comunicaciones Fiscal\u00eda General de la Naci\u00f3n\",\"@id\":\"https:\/\/www.fiscalia.gov.co\/colombia\/#\/schema\/person\/bf28d8ae7f1b287bbe3af484b04f43ea\"},\"headline\":\"Compulsan copias para investigar disciplinaria y penalmente a juez de Buenaventura (Valle)\",\"datePublished\":\"2019-02-20T17:01:15+00:00\",\"dateModified\":\"2019-02-20T17:01:15+00:00\",\"mainEntityOfPage\":{\"@id\":\"https:\/\/www.fiscalia.gov.co\/colombia\/seccionales\/compulsan-copias-para-investigar-disciplinaria-y-penalmente-a-juez-de-buenaventura-valle\/\"},\"wordCount\":583,\"publisher\":{\"@id\":\"https:\/\/www.fiscalia.gov.co\/colombia\/#organization\"},\"articleSection\":[\"Corrupci\u00f3n\",\"Seccional Cali\",\"Seccionales\"],\"inLanguage\":\"es-CO\"},{\"@type\":\"WebPage\",\"@id\":\"https:\/\/www.fiscalia.gov.co\/colombia\/seccionales\/compulsan-copias-para-investigar-disciplinaria-y-penalmente-a-juez-de-buenaventura-valle\/\",\"url\":\"https:\/\/www.fiscalia.gov.co\/colombia\/seccionales\/compulsan-copias-para-investigar-disciplinaria-y-penalmente-a-juez-de-buenaventura-valle\/\",\"name\":\"Fiscal\u00eda General de la Naci\u00f3n\",\"isPartOf\":{\"@id\":\"https:\/\/www.fiscalia.gov.co\/colombia\/#website\"},\"datePublished\":\"2019-02-20T17:01:15+00:00\",\"dateModified\":\"2019-02-20T17:01:15+00:00\",\"description\":\"P\u00e1gina oficial de la Fiscal\u00eda General de la Naci\u00f3n \u2013 Colombia. Garantizamos el acceso efectivo a la justicia, la verdad y la reparaci\u00f3n de las v\u00edctimas de los delitos.\",\"breadcrumb\":{\"@id\":\"https:\/\/www.fiscalia.gov.co\/colombia\/seccionales\/compulsan-copias-para-investigar-disciplinaria-y-penalmente-a-juez-de-buenaventura-valle\/#breadcrumb\"},\"inLanguage\":\"es-CO\",\"potentialAction\":[{\"@type\":\"ReadAction\",\"target\":[\"https:\/\/www.fiscalia.gov.co\/colombia\/seccionales\/compulsan-copias-para-investigar-disciplinaria-y-penalmente-a-juez-de-buenaventura-valle\/\"]}]},{\"@type\":\"BreadcrumbList\",\"@id\":\"https:\/\/www.fiscalia.gov.co\/colombia\/seccionales\/compulsan-copias-para-investigar-disciplinaria-y-penalmente-a-juez-de-buenaventura-valle\/#breadcrumb\",\"itemListElement\":[{\"@type\":\"ListItem\",\"position\":1,\"name\":\"Home\",\"item\":\"https:\/\/www.fiscalia.gov.co\/colombia\/\"},{\"@type\":\"ListItem\",\"position\":2,\"name\":\"Compulsan copias para investigar disciplinaria y penalmente a juez de Buenaventura (Valle)\"}]},{\"@type\":\"WebSite\",\"@id\":\"https:\/\/www.fiscalia.gov.co\/colombia\/#website\",\"url\":\"https:\/\/www.fiscalia.gov.co\/colombia\/\",\"name\":\"Fiscal\u00eda General de la Naci\u00f3n\",\"description\":\"P\u00e1gina oficial de la Fiscal\u00eda General de la Naci\u00f3n \u2013 Colombia. Garantizamos el acceso efectivo a la justicia, la verdad y la reparaci\u00f3n de las v\u00edctimas de los delitos.\",\"publisher\":{\"@id\":\"https:\/\/www.fiscalia.gov.co\/colombia\/#organization\"},\"potentialAction\":[{\"@type\":\"SearchAction\",\"target\":{\"@type\":\"EntryPoint\",\"urlTemplate\":\"https:\/\/www.fiscalia.gov.co\/colombia\/?s={search_term_string}\"},\"query-input\":{\"@type\":\"PropertyValueSpecification\",\"valueRequired\":true,\"valueName\":\"search_term_string\"}}],\"inLanguage\":\"es-CO\"},{\"@type\":\"Organization\",\"@id\":\"https:\/\/www.fiscalia.gov.co\/colombia\/#organization\",\"name\":\"Fiscal\u00eda General de la Naci\u00f3n\",\"url\":\"https:\/\/www.fiscalia.gov.co\/colombia\/\",\"logo\":{\"@type\":\"ImageObject\",\"inLanguage\":\"es-CO\",\"@id\":\"https:\/\/www.fiscalia.gov.co\/colombia\/#\/schema\/logo\/image\/\",\"url\":\"https:\/\/www.fiscalia.gov.co\/colombia\/wp-content\/uploads\/LogoHorizontal_1.jpg\",\"contentUrl\":\"https:\/\/www.fiscalia.gov.co\/colombia\/wp-content\/uploads\/LogoHorizontal_1.jpg\",\"width\":300,\"height\":90,\"caption\":\"Fiscal\u00eda General de la Naci\u00f3n\"},\"image\":{\"@id\":\"https:\/\/www.fiscalia.gov.co\/colombia\/#\/schema\/logo\/image\/\"},\"sameAs\":[\"https:\/\/www.facebook.com\/FiscaliaCol\",\"https:\/\/x.com\/FiscaliaCol\",\"https:\/\/www.instagram.com\/fiscaliacol\",\"https:\/\/www.linkedin.com\/company\/fiscalia-general-de-la-naci-n\/\",\"https:\/\/youtube.com\/@fiscaliageneraldelanacion-4668?si=6nN79nyQICPU5iTh\"]},{\"@type\":\"Person\",\"@id\":\"https:\/\/www.fiscalia.gov.co\/colombia\/#\/schema\/person\/bf28d8ae7f1b287bbe3af484b04f43ea\",\"name\":\"Direcci\u00f3n de Comunicaciones Fiscal\u00eda General de la Naci\u00f3n\",\"image\":{\"@type\":\"ImageObject\",\"inLanguage\":\"es-CO\",\"@id\":\"https:\/\/www.fiscalia.gov.co\/colombia\/#\/schema\/person\/image\/\",\"url\":\"https:\/\/secure.gravatar.com\/avatar\/9d55ae161d32da16dbdd0b380c080a5f?s=96&d=mm&r=g\",\"contentUrl\":\"https:\/\/secure.gravatar.com\/avatar\/9d55ae161d32da16dbdd0b380c080a5f?s=96&d=mm&r=g\",\"caption\":\"Direcci\u00f3n de Comunicaciones Fiscal\u00eda General de la Naci\u00f3n\"},\"url\":\"https:\/\/www.fiscalia.gov.co\/colombia\/author\/kbonilla\/\"}]}<\/script>\n<!-- \/ Yoast SEO plugin. -->","yoast_head_json":{"title":"Fiscal\u00eda General de la Naci\u00f3n","description":"P\u00e1gina oficial de la Fiscal\u00eda General de la Naci\u00f3n \u2013 Colombia. Garantizamos el acceso efectivo a la justicia, la verdad y la reparaci\u00f3n de las v\u00edctimas de los delitos.","robots":{"index":"noindex","follow":"follow"},"og_locale":"es_ES","og_type":"article","og_title":"Fiscal\u00eda General de la Naci\u00f3n","og_description":"P\u00e1gina oficial de la Fiscal\u00eda General de la Naci\u00f3n \u2013 Colombia. Garantizamos el acceso efectivo a la justicia, la verdad y la reparaci\u00f3n de las v\u00edctimas de los delitos.","og_url":"https:\/\/www.fiscalia.gov.co\/colombia\/seccionales\/compulsan-copias-para-investigar-disciplinaria-y-penalmente-a-juez-de-buenaventura-valle\/","og_site_name":"Fiscal\u00eda General de la Naci\u00f3n","article_publisher":"https:\/\/www.facebook.com\/FiscaliaCol","article_published_time":"2019-02-20T17:01:15+00:00","author":"Direcci\u00f3n de Comunicaciones Fiscal\u00eda General de la Naci\u00f3n","twitter_card":"summary_large_image","twitter_creator":"@FiscaliaCol","twitter_site":"@FiscaliaCol","twitter_misc":{"Escrito por":"Direcci\u00f3n de Comunicaciones Fiscal\u00eda General de la Naci\u00f3n","Tiempo de lectura":"3 minutos"},"schema":{"@context":"https:\/\/schema.org","@graph":[{"@type":"Article","@id":"https:\/\/www.fiscalia.gov.co\/colombia\/seccionales\/compulsan-copias-para-investigar-disciplinaria-y-penalmente-a-juez-de-buenaventura-valle\/#article","isPartOf":{"@id":"https:\/\/www.fiscalia.gov.co\/colombia\/seccionales\/compulsan-copias-para-investigar-disciplinaria-y-penalmente-a-juez-de-buenaventura-valle\/"},"author":{"name":"Direcci\u00f3n de Comunicaciones Fiscal\u00eda General de la Naci\u00f3n","@id":"https:\/\/www.fiscalia.gov.co\/colombia\/#\/schema\/person\/bf28d8ae7f1b287bbe3af484b04f43ea"},"headline":"Compulsan copias para investigar disciplinaria y penalmente a juez de Buenaventura (Valle)","datePublished":"2019-02-20T17:01:15+00:00","dateModified":"2019-02-20T17:01:15+00:00","mainEntityOfPage":{"@id":"https:\/\/www.fiscalia.gov.co\/colombia\/seccionales\/compulsan-copias-para-investigar-disciplinaria-y-penalmente-a-juez-de-buenaventura-valle\/"},"wordCount":583,"publisher":{"@id":"https:\/\/www.fiscalia.gov.co\/colombia\/#organization"},"articleSection":["Corrupci\u00f3n","Seccional Cali","Seccionales"],"inLanguage":"es-CO"},{"@type":"WebPage","@id":"https:\/\/www.fiscalia.gov.co\/colombia\/seccionales\/compulsan-copias-para-investigar-disciplinaria-y-penalmente-a-juez-de-buenaventura-valle\/","url":"https:\/\/www.fiscalia.gov.co\/colombia\/seccionales\/compulsan-copias-para-investigar-disciplinaria-y-penalmente-a-juez-de-buenaventura-valle\/","name":"Fiscal\u00eda General de la Naci\u00f3n","isPartOf":{"@id":"https:\/\/www.fiscalia.gov.co\/colombia\/#website"},"datePublished":"2019-02-20T17:01:15+00:00","dateModified":"2019-02-20T17:01:15+00:00","description":"P\u00e1gina oficial de la Fiscal\u00eda General de la Naci\u00f3n \u2013 Colombia. Garantizamos el acceso efectivo a la justicia, la verdad y la reparaci\u00f3n de las v\u00edctimas de los delitos.","breadcrumb":{"@id":"https:\/\/www.fiscalia.gov.co\/colombia\/seccionales\/compulsan-copias-para-investigar-disciplinaria-y-penalmente-a-juez-de-buenaventura-valle\/#breadcrumb"},"inLanguage":"es-CO","potentialAction":[{"@type":"ReadAction","target":["https:\/\/www.fiscalia.gov.co\/colombia\/seccionales\/compulsan-copias-para-investigar-disciplinaria-y-penalmente-a-juez-de-buenaventura-valle\/"]}]},{"@type":"BreadcrumbList","@id":"https:\/\/www.fiscalia.gov.co\/colombia\/seccionales\/compulsan-copias-para-investigar-disciplinaria-y-penalmente-a-juez-de-buenaventura-valle\/#breadcrumb","itemListElement":[{"@type":"ListItem","position":1,"name":"Home","item":"https:\/\/www.fiscalia.gov.co\/colombia\/"},{"@type":"ListItem","position":2,"name":"Compulsan copias para investigar disciplinaria y penalmente a juez de Buenaventura (Valle)"}]},{"@type":"WebSite","@id":"https:\/\/www.fiscalia.gov.co\/colombia\/#website","url":"https:\/\/www.fiscalia.gov.co\/colombia\/","name":"Fiscal\u00eda General de la Naci\u00f3n","description":"P\u00e1gina oficial de la Fiscal\u00eda General de la Naci\u00f3n \u2013 Colombia. Garantizamos el acceso efectivo a la justicia, la verdad y la reparaci\u00f3n de las v\u00edctimas de los delitos.","publisher":{"@id":"https:\/\/www.fiscalia.gov.co\/colombia\/#organization"},"potentialAction":[{"@type":"SearchAction","target":{"@type":"EntryPoint","urlTemplate":"https:\/\/www.fiscalia.gov.co\/colombia\/?s={search_term_string}"},"query-input":{"@type":"PropertyValueSpecification","valueRequired":true,"valueName":"search_term_string"}}],"inLanguage":"es-CO"},{"@type":"Organization","@id":"https:\/\/www.fiscalia.gov.co\/colombia\/#organization","name":"Fiscal\u00eda General de la Naci\u00f3n","url":"https:\/\/www.fiscalia.gov.co\/colombia\/","logo":{"@type":"ImageObject","inLanguage":"es-CO","@id":"https:\/\/www.fiscalia.gov.co\/colombia\/#\/schema\/logo\/image\/","url":"https:\/\/www.fiscalia.gov.co\/colombia\/wp-content\/uploads\/LogoHorizontal_1.jpg","contentUrl":"https:\/\/www.fiscalia.gov.co\/colombia\/wp-content\/uploads\/LogoHorizontal_1.jpg","width":300,"height":90,"caption":"Fiscal\u00eda General de la Naci\u00f3n"},"image":{"@id":"https:\/\/www.fiscalia.gov.co\/colombia\/#\/schema\/logo\/image\/"},"sameAs":["https:\/\/www.facebook.com\/FiscaliaCol","https:\/\/x.com\/FiscaliaCol","https:\/\/www.instagram.com\/fiscaliacol","https:\/\/www.linkedin.com\/company\/fiscalia-general-de-la-naci-n\/","https:\/\/youtube.com\/@fiscaliageneraldelanacion-4668?si=6nN79nyQICPU5iTh"]},{"@type":"Person","@id":"https:\/\/www.fiscalia.gov.co\/colombia\/#\/schema\/person\/bf28d8ae7f1b287bbe3af484b04f43ea","name":"Direcci\u00f3n de Comunicaciones Fiscal\u00eda General de la Naci\u00f3n","image":{"@type":"ImageObject","inLanguage":"es-CO","@id":"https:\/\/www.fiscalia.gov.co\/colombia\/#\/schema\/person\/image\/","url":"https:\/\/secure.gravatar.com\/avatar\/9d55ae161d32da16dbdd0b380c080a5f?s=96&d=mm&r=g","contentUrl":"https:\/\/secure.gravatar.com\/avatar\/9d55ae161d32da16dbdd0b380c080a5f?s=96&d=mm&r=g","caption":"Direcci\u00f3n de Comunicaciones Fiscal\u00eda General de la Naci\u00f3n"},"url":"https:\/\/www.fiscalia.gov.co\/colombia\/author\/kbonilla\/"}]}},"_links":{"self":[{"href":"https:\/\/www.fiscalia.gov.co\/colombia\/wp-json\/wp\/v2\/posts\/175831","targetHints":{"allow":["GET"]}}],"collection":[{"href":"https:\/\/www.fiscalia.gov.co\/colombia\/wp-json\/wp\/v2\/posts"}],"about":[{"href":"https:\/\/www.fiscalia.gov.co\/colombia\/wp-json\/wp\/v2\/types\/post"}],"author":[{"embeddable":true,"href":"https:\/\/www.fiscalia.gov.co\/colombia\/wp-json\/wp\/v2\/users\/162"}],"replies":[{"embeddable":true,"href":"https:\/\/www.fiscalia.gov.co\/colombia\/wp-json\/wp\/v2\/comments?post=175831"}],"version-history":[{"count":1,"href":"https:\/\/www.fiscalia.gov.co\/colombia\/wp-json\/wp\/v2\/posts\/175831\/revisions"}],"predecessor-version":[{"id":175832,"href":"https:\/\/www.fiscalia.gov.co\/colombia\/wp-json\/wp\/v2\/posts\/175831\/revisions\/175832"}],"wp:attachment":[{"href":"https:\/\/www.fiscalia.gov.co\/colombia\/wp-json\/wp\/v2\/media?parent=175831"}],"wp:term":[{"taxonomy":"category","embeddable":true,"href":"https:\/\/www.fiscalia.gov.co\/colombia\/wp-json\/wp\/v2\/categories?post=175831"},{"taxonomy":"post_tag","embeddable":true,"href":"https:\/\/www.fiscalia.gov.co\/colombia\/wp-json\/wp\/v2\/tags?post=175831"}],"curies":[{"name":"wp","href":"https:\/\/api.w.org\/{rel}","templated":true}]}}