{"id":175721,"date":"2019-02-18T11:13:04","date_gmt":"2019-02-18T16:13:04","guid":{"rendered":"https:\/\/www.fiscalia.gov.co\/colombia\/?p=175721"},"modified":"2019-02-18T11:13:04","modified_gmt":"2019-02-18T16:13:04","slug":"integrantes-del-clan-chaux-a-prision-por-presunto-lavado-de-activos-al-bloque-oriental-de-las-desmovilizadas-farc","status":"publish","type":"post","link":"https:\/\/www.fiscalia.gov.co\/colombia\/seccionales\/integrantes-del-clan-chaux-a-prision-por-presunto-lavado-de-activos-al-bloque-oriental-de-las-desmovilizadas-farc\/","title":{"rendered":"Integrantes del Clan Chaux a prisi\u00f3n por presunto lavado de activos al Bloque Oriental de las desmovilizadas Farc"},"content":{"rendered":"<p>Por solicitud de la Fiscal\u00eda General de la Naci\u00f3n, el Juzgado 27 Penal de con funci\u00f3n de control de garant\u00edas de Bogot\u00e1 profiri\u00f3 medida de aseguramiento \u2014consistente en detenci\u00f3n preventiva\u2014 en la c\u00e1rcel Modelo de Bogot\u00e1 en contra de Jos\u00e9 Hugo Chaux Cu\u00e9llar y su hijo Jos\u00e9 Hugo Chaux Gonz\u00e1lez, por los delitos de lavado de activos y enriquecimiento il\u00edcito.<\/p>\n<p>La medida tambi\u00e9n cobija por esas conductas a Luz Stella Gonz\u00e1lez L\u00f3pez, quien fue trasladada a la c\u00e1rcel El Buen Pastor de esta misma ciudad.<\/p>\n<p>De acuerdo con el material recaudado por la Delegada contra las Finanzas Criminales de la Fiscal\u00eda, los integrantes del denominado Clan Chaux habr\u00edan lavado dinero entre el 2001 y 2016, para ocultar activos y dineros il\u00edcitos de Tom\u00e1s Medina Caracas, alias el Negro Acacio, cabecilla del frente 16 de las desmovilizadas Farc, producto de extorsiones y secuestros.<\/p>\n<p>La investigaci\u00f3n inici\u00f3 en abril de 2011 por informaci\u00f3n de fuente no formal,\u00a0 mediante la cual se puso en conocimiento de la Fiscal\u00eda que Luz Stella Gonz\u00e1lez L\u00f3pez colaboraba activamente con las Farc con la compra de bienes inmuebles.<\/p>\n<p>En el proceso se\u00a0 incorporaron los detalles de la operaci\u00f3n Gato Negro realizada el 19 de abril de 2001, tras conocerse que se estaba realizando el intercambio de armamento\u00a0 por droga entre narcotraficantes brasile\u00f1os y el extinto cabecilla de las Farc, Negro Acacio, en los departamentos de Vichada, Guaviare y Guain\u00eda.<\/p>\n<p>Explic\u00f3 la Fiscal\u00eda que fueron realizados varios allanamientos \u201cen el sitio Capital, sector Los Mangos donde se conoci\u00f3 que un grupo de hombres prestaban seguridad al narcotraficante brasile\u00f1o Luiz Fernando da Costa, conocido como Fernandinho Beira-Mar o Gaucho extraditado posteriormente a Brasil\u201d.<\/p>\n<p>Sostuvo la delegada del ente acusador que en dicha operaci\u00f3n fue capturado el hoy procesado Jose Hugo Cu\u00e9llar y otro sujeto identificado como Julio Rodr\u00edguez Lomer\u00edn mientras prestaban seguridad a los narcotraficantes brasile\u00f1os. \u201cEn el lugar fue incautado dinero, armas de fuego y equipos de comunicaci\u00f3n\u201d agreg\u00f3.<\/p>\n<p>Durante la audiencia p\u00fablica de solicitud de la medida privativa, el juez advirti\u00f3 que la Fiscal\u00eda cumpli\u00f3 con los requisitos de ley necesarios que sustentan la decisi\u00f3n de restricci\u00f3n de la libertad, al valorar la urgencia, la peligrosidad y la probable obstrucci\u00f3n a la justicia.<\/p>\n<p>Finalmente, el ente acusador sustent\u00f3 documentos entregados por la Unidad de Informaci\u00f3n y An\u00e1lisis Financiero (UIAF) en los que se constata un acelerado incremento patrimonial de los tres procesados, quienes durante los \u00faltimos a\u00f1os intentaron justificarlo como producto de actividades de ganader\u00eda, compra y venta de finca ra\u00edz y pr\u00e9stamos de dinero.<\/p>\n<p>La Fiscal\u00eda hace p\u00fablica esta informaci\u00f3n por razones de inter\u00e9s general.<\/p>\n<p>&nbsp;<\/p>\n<p>CMRM\/DLBM<\/p>\n\n<div class=\"twitter-share\"><a href=\"https:\/\/twitter.com\/intent\/tweet?via=fiscaliacol\" class=\"twitter-share-button\">Tweet<\/a><\/div>\n","protected":false},"excerpt":{"rendered":"<p>Por solicitud de la Fiscal\u00eda General de la Naci\u00f3n, el Juzgado 27 Penal de con funci\u00f3n de control de garant\u00edas de Bogot\u00e1 profiri\u00f3 medida de aseguramiento \u2014consistente en detenci\u00f3n preventiva\u2014 en la c\u00e1rcel Modelo de Bogot\u00e1 en contra de Jos\u00e9 Hugo Chaux Cu\u00e9llar y su hijo Jos\u00e9 Hugo Chaux Gonz\u00e1lez, por los delitos de lavado [&hellip;]<\/p>\n","protected":false},"author":162,"featured_media":0,"comment_status":"closed","ping_status":"open","sticky":false,"template":"","format":"standard","meta":{"tdm_status":"","tdm_grid_status":"","footnotes":""},"categories":[24125,321,303],"tags":[],"class_list":{"0":"post-175721","1":"post","2":"type-post","3":"status-publish","4":"format-standard","6":"category-lavado-de-activos","7":"category-seccional-bogota","8":"category-seccionales"},"yoast_head":"<!-- This site is optimized with the Yoast SEO plugin v24.3 - https:\/\/yoast.com\/wordpress\/plugins\/seo\/ -->\n<title>Fiscal\u00eda General de la Naci\u00f3n<\/title>\n<meta name=\"description\" content=\"P\u00e1gina oficial de la Fiscal\u00eda General de la Naci\u00f3n \u2013 Colombia. Garantizamos el acceso efectivo a la justicia, la verdad y la reparaci\u00f3n de las v\u00edctimas de los delitos.\" \/>\n<meta name=\"robots\" content=\"noindex, follow\" \/>\n<meta property=\"og:locale\" content=\"es_ES\" \/>\n<meta property=\"og:type\" content=\"article\" \/>\n<meta property=\"og:title\" content=\"Fiscal\u00eda General de la Naci\u00f3n\" \/>\n<meta property=\"og:description\" content=\"P\u00e1gina oficial de la Fiscal\u00eda General de la Naci\u00f3n \u2013 Colombia. Garantizamos el acceso efectivo a la justicia, la verdad y la reparaci\u00f3n de las v\u00edctimas de los delitos.\" \/>\n<meta property=\"og:url\" content=\"https:\/\/www.fiscalia.gov.co\/colombia\/seccionales\/integrantes-del-clan-chaux-a-prision-por-presunto-lavado-de-activos-al-bloque-oriental-de-las-desmovilizadas-farc\/\" \/>\n<meta property=\"og:site_name\" content=\"Fiscal\u00eda General de la Naci\u00f3n\" \/>\n<meta property=\"article:publisher\" content=\"https:\/\/www.facebook.com\/FiscaliaCol\" \/>\n<meta property=\"article:published_time\" content=\"2019-02-18T16:13:04+00:00\" \/>\n<meta name=\"author\" content=\"Direcci\u00f3n de Comunicaciones Fiscal\u00eda General de la Naci\u00f3n\" \/>\n<meta name=\"twitter:card\" content=\"summary_large_image\" \/>\n<meta name=\"twitter:creator\" content=\"@FiscaliaCol\" \/>\n<meta name=\"twitter:site\" content=\"@FiscaliaCol\" \/>\n<meta name=\"twitter:label1\" content=\"Escrito por\" \/>\n\t<meta name=\"twitter:data1\" content=\"Direcci\u00f3n de Comunicaciones Fiscal\u00eda General de la Naci\u00f3n\" \/>\n\t<meta name=\"twitter:label2\" content=\"Tiempo de lectura\" \/>\n\t<meta name=\"twitter:data2\" content=\"2 minutos\" \/>\n<script type=\"application\/ld+json\" class=\"yoast-schema-graph\">{\"@context\":\"https:\/\/schema.org\",\"@graph\":[{\"@type\":\"Article\",\"@id\":\"https:\/\/www.fiscalia.gov.co\/colombia\/seccionales\/integrantes-del-clan-chaux-a-prision-por-presunto-lavado-de-activos-al-bloque-oriental-de-las-desmovilizadas-farc\/#article\",\"isPartOf\":{\"@id\":\"https:\/\/www.fiscalia.gov.co\/colombia\/seccionales\/integrantes-del-clan-chaux-a-prision-por-presunto-lavado-de-activos-al-bloque-oriental-de-las-desmovilizadas-farc\/\"},\"author\":{\"name\":\"Direcci\u00f3n de Comunicaciones Fiscal\u00eda General de la Naci\u00f3n\",\"@id\":\"https:\/\/www.fiscalia.gov.co\/colombia\/#\/schema\/person\/bf28d8ae7f1b287bbe3af484b04f43ea\"},\"headline\":\"Integrantes del Clan Chaux a prisi\u00f3n por presunto lavado de activos al Bloque Oriental de las desmovilizadas Farc\",\"datePublished\":\"2019-02-18T16:13:04+00:00\",\"dateModified\":\"2019-02-18T16:13:04+00:00\",\"mainEntityOfPage\":{\"@id\":\"https:\/\/www.fiscalia.gov.co\/colombia\/seccionales\/integrantes-del-clan-chaux-a-prision-por-presunto-lavado-de-activos-al-bloque-oriental-de-las-desmovilizadas-farc\/\"},\"wordCount\":492,\"publisher\":{\"@id\":\"https:\/\/www.fiscalia.gov.co\/colombia\/#organization\"},\"articleSection\":[\"Lavado de activos\",\"Seccional Bogot\u00e1\",\"Seccionales\"],\"inLanguage\":\"es-CO\"},{\"@type\":\"WebPage\",\"@id\":\"https:\/\/www.fiscalia.gov.co\/colombia\/seccionales\/integrantes-del-clan-chaux-a-prision-por-presunto-lavado-de-activos-al-bloque-oriental-de-las-desmovilizadas-farc\/\",\"url\":\"https:\/\/www.fiscalia.gov.co\/colombia\/seccionales\/integrantes-del-clan-chaux-a-prision-por-presunto-lavado-de-activos-al-bloque-oriental-de-las-desmovilizadas-farc\/\",\"name\":\"Fiscal\u00eda General de la Naci\u00f3n\",\"isPartOf\":{\"@id\":\"https:\/\/www.fiscalia.gov.co\/colombia\/#website\"},\"datePublished\":\"2019-02-18T16:13:04+00:00\",\"dateModified\":\"2019-02-18T16:13:04+00:00\",\"description\":\"P\u00e1gina oficial de la Fiscal\u00eda General de la Naci\u00f3n \u2013 Colombia. Garantizamos el acceso efectivo a la justicia, la verdad y la reparaci\u00f3n de las v\u00edctimas de los delitos.\",\"breadcrumb\":{\"@id\":\"https:\/\/www.fiscalia.gov.co\/colombia\/seccionales\/integrantes-del-clan-chaux-a-prision-por-presunto-lavado-de-activos-al-bloque-oriental-de-las-desmovilizadas-farc\/#breadcrumb\"},\"inLanguage\":\"es-CO\",\"potentialAction\":[{\"@type\":\"ReadAction\",\"target\":[\"https:\/\/www.fiscalia.gov.co\/colombia\/seccionales\/integrantes-del-clan-chaux-a-prision-por-presunto-lavado-de-activos-al-bloque-oriental-de-las-desmovilizadas-farc\/\"]}]},{\"@type\":\"BreadcrumbList\",\"@id\":\"https:\/\/www.fiscalia.gov.co\/colombia\/seccionales\/integrantes-del-clan-chaux-a-prision-por-presunto-lavado-de-activos-al-bloque-oriental-de-las-desmovilizadas-farc\/#breadcrumb\",\"itemListElement\":[{\"@type\":\"ListItem\",\"position\":1,\"name\":\"Home\",\"item\":\"https:\/\/www.fiscalia.gov.co\/colombia\/\"},{\"@type\":\"ListItem\",\"position\":2,\"name\":\"Integrantes del Clan Chaux a prisi\u00f3n por presunto lavado de activos al Bloque Oriental de las desmovilizadas Farc\"}]},{\"@type\":\"WebSite\",\"@id\":\"https:\/\/www.fiscalia.gov.co\/colombia\/#website\",\"url\":\"https:\/\/www.fiscalia.gov.co\/colombia\/\",\"name\":\"Fiscal\u00eda General de la Naci\u00f3n\",\"description\":\"P\u00e1gina oficial de la Fiscal\u00eda General de la Naci\u00f3n \u2013 Colombia. Garantizamos el acceso efectivo a la justicia, la verdad y la reparaci\u00f3n de las v\u00edctimas de los delitos.\",\"publisher\":{\"@id\":\"https:\/\/www.fiscalia.gov.co\/colombia\/#organization\"},\"potentialAction\":[{\"@type\":\"SearchAction\",\"target\":{\"@type\":\"EntryPoint\",\"urlTemplate\":\"https:\/\/www.fiscalia.gov.co\/colombia\/?s={search_term_string}\"},\"query-input\":{\"@type\":\"PropertyValueSpecification\",\"valueRequired\":true,\"valueName\":\"search_term_string\"}}],\"inLanguage\":\"es-CO\"},{\"@type\":\"Organization\",\"@id\":\"https:\/\/www.fiscalia.gov.co\/colombia\/#organization\",\"name\":\"Fiscal\u00eda General de la Naci\u00f3n\",\"url\":\"https:\/\/www.fiscalia.gov.co\/colombia\/\",\"logo\":{\"@type\":\"ImageObject\",\"inLanguage\":\"es-CO\",\"@id\":\"https:\/\/www.fiscalia.gov.co\/colombia\/#\/schema\/logo\/image\/\",\"url\":\"https:\/\/www.fiscalia.gov.co\/colombia\/wp-content\/uploads\/LogoHorizontal_1.jpg\",\"contentUrl\":\"https:\/\/www.fiscalia.gov.co\/colombia\/wp-content\/uploads\/LogoHorizontal_1.jpg\",\"width\":300,\"height\":90,\"caption\":\"Fiscal\u00eda General de la Naci\u00f3n\"},\"image\":{\"@id\":\"https:\/\/www.fiscalia.gov.co\/colombia\/#\/schema\/logo\/image\/\"},\"sameAs\":[\"https:\/\/www.facebook.com\/FiscaliaCol\",\"https:\/\/x.com\/FiscaliaCol\",\"https:\/\/www.instagram.com\/fiscaliacol\",\"https:\/\/www.linkedin.com\/company\/fiscalia-general-de-la-naci-n\/\",\"https:\/\/youtube.com\/@fiscaliageneraldelanacion-4668?si=6nN79nyQICPU5iTh\"]},{\"@type\":\"Person\",\"@id\":\"https:\/\/www.fiscalia.gov.co\/colombia\/#\/schema\/person\/bf28d8ae7f1b287bbe3af484b04f43ea\",\"name\":\"Direcci\u00f3n de Comunicaciones Fiscal\u00eda General de la Naci\u00f3n\",\"image\":{\"@type\":\"ImageObject\",\"inLanguage\":\"es-CO\",\"@id\":\"https:\/\/www.fiscalia.gov.co\/colombia\/#\/schema\/person\/image\/\",\"url\":\"https:\/\/secure.gravatar.com\/avatar\/9d55ae161d32da16dbdd0b380c080a5f?s=96&d=mm&r=g\",\"contentUrl\":\"https:\/\/secure.gravatar.com\/avatar\/9d55ae161d32da16dbdd0b380c080a5f?s=96&d=mm&r=g\",\"caption\":\"Direcci\u00f3n de Comunicaciones Fiscal\u00eda General de la Naci\u00f3n\"},\"url\":\"https:\/\/www.fiscalia.gov.co\/colombia\/author\/kbonilla\/\"}]}<\/script>\n<!-- \/ Yoast SEO plugin. -->","yoast_head_json":{"title":"Fiscal\u00eda General de la Naci\u00f3n","description":"P\u00e1gina oficial de la Fiscal\u00eda General de la Naci\u00f3n \u2013 Colombia. Garantizamos el acceso efectivo a la justicia, la verdad y la reparaci\u00f3n de las v\u00edctimas de los delitos.","robots":{"index":"noindex","follow":"follow"},"og_locale":"es_ES","og_type":"article","og_title":"Fiscal\u00eda General de la Naci\u00f3n","og_description":"P\u00e1gina oficial de la Fiscal\u00eda General de la Naci\u00f3n \u2013 Colombia. Garantizamos el acceso efectivo a la justicia, la verdad y la reparaci\u00f3n de las v\u00edctimas de los delitos.","og_url":"https:\/\/www.fiscalia.gov.co\/colombia\/seccionales\/integrantes-del-clan-chaux-a-prision-por-presunto-lavado-de-activos-al-bloque-oriental-de-las-desmovilizadas-farc\/","og_site_name":"Fiscal\u00eda General de la Naci\u00f3n","article_publisher":"https:\/\/www.facebook.com\/FiscaliaCol","article_published_time":"2019-02-18T16:13:04+00:00","author":"Direcci\u00f3n de Comunicaciones Fiscal\u00eda General de la Naci\u00f3n","twitter_card":"summary_large_image","twitter_creator":"@FiscaliaCol","twitter_site":"@FiscaliaCol","twitter_misc":{"Escrito por":"Direcci\u00f3n de Comunicaciones Fiscal\u00eda General de la Naci\u00f3n","Tiempo de lectura":"2 minutos"},"schema":{"@context":"https:\/\/schema.org","@graph":[{"@type":"Article","@id":"https:\/\/www.fiscalia.gov.co\/colombia\/seccionales\/integrantes-del-clan-chaux-a-prision-por-presunto-lavado-de-activos-al-bloque-oriental-de-las-desmovilizadas-farc\/#article","isPartOf":{"@id":"https:\/\/www.fiscalia.gov.co\/colombia\/seccionales\/integrantes-del-clan-chaux-a-prision-por-presunto-lavado-de-activos-al-bloque-oriental-de-las-desmovilizadas-farc\/"},"author":{"name":"Direcci\u00f3n de Comunicaciones Fiscal\u00eda General de la Naci\u00f3n","@id":"https:\/\/www.fiscalia.gov.co\/colombia\/#\/schema\/person\/bf28d8ae7f1b287bbe3af484b04f43ea"},"headline":"Integrantes del Clan Chaux a prisi\u00f3n por presunto lavado de activos al Bloque Oriental de las desmovilizadas Farc","datePublished":"2019-02-18T16:13:04+00:00","dateModified":"2019-02-18T16:13:04+00:00","mainEntityOfPage":{"@id":"https:\/\/www.fiscalia.gov.co\/colombia\/seccionales\/integrantes-del-clan-chaux-a-prision-por-presunto-lavado-de-activos-al-bloque-oriental-de-las-desmovilizadas-farc\/"},"wordCount":492,"publisher":{"@id":"https:\/\/www.fiscalia.gov.co\/colombia\/#organization"},"articleSection":["Lavado de activos","Seccional Bogot\u00e1","Seccionales"],"inLanguage":"es-CO"},{"@type":"WebPage","@id":"https:\/\/www.fiscalia.gov.co\/colombia\/seccionales\/integrantes-del-clan-chaux-a-prision-por-presunto-lavado-de-activos-al-bloque-oriental-de-las-desmovilizadas-farc\/","url":"https:\/\/www.fiscalia.gov.co\/colombia\/seccionales\/integrantes-del-clan-chaux-a-prision-por-presunto-lavado-de-activos-al-bloque-oriental-de-las-desmovilizadas-farc\/","name":"Fiscal\u00eda General de la Naci\u00f3n","isPartOf":{"@id":"https:\/\/www.fiscalia.gov.co\/colombia\/#website"},"datePublished":"2019-02-18T16:13:04+00:00","dateModified":"2019-02-18T16:13:04+00:00","description":"P\u00e1gina oficial de la Fiscal\u00eda General de la Naci\u00f3n \u2013 Colombia. Garantizamos el acceso efectivo a la justicia, la verdad y la reparaci\u00f3n de las v\u00edctimas de los delitos.","breadcrumb":{"@id":"https:\/\/www.fiscalia.gov.co\/colombia\/seccionales\/integrantes-del-clan-chaux-a-prision-por-presunto-lavado-de-activos-al-bloque-oriental-de-las-desmovilizadas-farc\/#breadcrumb"},"inLanguage":"es-CO","potentialAction":[{"@type":"ReadAction","target":["https:\/\/www.fiscalia.gov.co\/colombia\/seccionales\/integrantes-del-clan-chaux-a-prision-por-presunto-lavado-de-activos-al-bloque-oriental-de-las-desmovilizadas-farc\/"]}]},{"@type":"BreadcrumbList","@id":"https:\/\/www.fiscalia.gov.co\/colombia\/seccionales\/integrantes-del-clan-chaux-a-prision-por-presunto-lavado-de-activos-al-bloque-oriental-de-las-desmovilizadas-farc\/#breadcrumb","itemListElement":[{"@type":"ListItem","position":1,"name":"Home","item":"https:\/\/www.fiscalia.gov.co\/colombia\/"},{"@type":"ListItem","position":2,"name":"Integrantes del Clan Chaux a prisi\u00f3n por presunto lavado de activos al Bloque Oriental de las desmovilizadas Farc"}]},{"@type":"WebSite","@id":"https:\/\/www.fiscalia.gov.co\/colombia\/#website","url":"https:\/\/www.fiscalia.gov.co\/colombia\/","name":"Fiscal\u00eda General de la Naci\u00f3n","description":"P\u00e1gina oficial de la Fiscal\u00eda General de la Naci\u00f3n \u2013 Colombia. Garantizamos el acceso efectivo a la justicia, la verdad y la reparaci\u00f3n de las v\u00edctimas de los delitos.","publisher":{"@id":"https:\/\/www.fiscalia.gov.co\/colombia\/#organization"},"potentialAction":[{"@type":"SearchAction","target":{"@type":"EntryPoint","urlTemplate":"https:\/\/www.fiscalia.gov.co\/colombia\/?s={search_term_string}"},"query-input":{"@type":"PropertyValueSpecification","valueRequired":true,"valueName":"search_term_string"}}],"inLanguage":"es-CO"},{"@type":"Organization","@id":"https:\/\/www.fiscalia.gov.co\/colombia\/#organization","name":"Fiscal\u00eda General de la Naci\u00f3n","url":"https:\/\/www.fiscalia.gov.co\/colombia\/","logo":{"@type":"ImageObject","inLanguage":"es-CO","@id":"https:\/\/www.fiscalia.gov.co\/colombia\/#\/schema\/logo\/image\/","url":"https:\/\/www.fiscalia.gov.co\/colombia\/wp-content\/uploads\/LogoHorizontal_1.jpg","contentUrl":"https:\/\/www.fiscalia.gov.co\/colombia\/wp-content\/uploads\/LogoHorizontal_1.jpg","width":300,"height":90,"caption":"Fiscal\u00eda General de la Naci\u00f3n"},"image":{"@id":"https:\/\/www.fiscalia.gov.co\/colombia\/#\/schema\/logo\/image\/"},"sameAs":["https:\/\/www.facebook.com\/FiscaliaCol","https:\/\/x.com\/FiscaliaCol","https:\/\/www.instagram.com\/fiscaliacol","https:\/\/www.linkedin.com\/company\/fiscalia-general-de-la-naci-n\/","https:\/\/youtube.com\/@fiscaliageneraldelanacion-4668?si=6nN79nyQICPU5iTh"]},{"@type":"Person","@id":"https:\/\/www.fiscalia.gov.co\/colombia\/#\/schema\/person\/bf28d8ae7f1b287bbe3af484b04f43ea","name":"Direcci\u00f3n de Comunicaciones Fiscal\u00eda General de la Naci\u00f3n","image":{"@type":"ImageObject","inLanguage":"es-CO","@id":"https:\/\/www.fiscalia.gov.co\/colombia\/#\/schema\/person\/image\/","url":"https:\/\/secure.gravatar.com\/avatar\/9d55ae161d32da16dbdd0b380c080a5f?s=96&d=mm&r=g","contentUrl":"https:\/\/secure.gravatar.com\/avatar\/9d55ae161d32da16dbdd0b380c080a5f?s=96&d=mm&r=g","caption":"Direcci\u00f3n de Comunicaciones Fiscal\u00eda General de la Naci\u00f3n"},"url":"https:\/\/www.fiscalia.gov.co\/colombia\/author\/kbonilla\/"}]}},"_links":{"self":[{"href":"https:\/\/www.fiscalia.gov.co\/colombia\/wp-json\/wp\/v2\/posts\/175721","targetHints":{"allow":["GET"]}}],"collection":[{"href":"https:\/\/www.fiscalia.gov.co\/colombia\/wp-json\/wp\/v2\/posts"}],"about":[{"href":"https:\/\/www.fiscalia.gov.co\/colombia\/wp-json\/wp\/v2\/types\/post"}],"author":[{"embeddable":true,"href":"https:\/\/www.fiscalia.gov.co\/colombia\/wp-json\/wp\/v2\/users\/162"}],"replies":[{"embeddable":true,"href":"https:\/\/www.fiscalia.gov.co\/colombia\/wp-json\/wp\/v2\/comments?post=175721"}],"version-history":[{"count":1,"href":"https:\/\/www.fiscalia.gov.co\/colombia\/wp-json\/wp\/v2\/posts\/175721\/revisions"}],"predecessor-version":[{"id":175722,"href":"https:\/\/www.fiscalia.gov.co\/colombia\/wp-json\/wp\/v2\/posts\/175721\/revisions\/175722"}],"wp:attachment":[{"href":"https:\/\/www.fiscalia.gov.co\/colombia\/wp-json\/wp\/v2\/media?parent=175721"}],"wp:term":[{"taxonomy":"category","embeddable":true,"href":"https:\/\/www.fiscalia.gov.co\/colombia\/wp-json\/wp\/v2\/categories?post=175721"},{"taxonomy":"post_tag","embeddable":true,"href":"https:\/\/www.fiscalia.gov.co\/colombia\/wp-json\/wp\/v2\/tags?post=175721"}],"curies":[{"name":"wp","href":"https:\/\/api.w.org\/{rel}","templated":true}]}}