{"id":175674,"date":"2019-02-15T12:47:55","date_gmt":"2019-02-15T17:47:55","guid":{"rendered":"https:\/\/www.fiscalia.gov.co\/colombia\/?p=175674"},"modified":"2019-02-15T12:47:55","modified_gmt":"2019-02-15T17:47:55","slug":"fraude-en-pensiones-tambien-afecto-a-la-policia-nacional-en-bolivar","status":"publish","type":"post","link":"https:\/\/www.fiscalia.gov.co\/colombia\/noticias\/fraude-en-pensiones-tambien-afecto-a-la-policia-nacional-en-bolivar\/","title":{"rendered":"Fraude en pensiones tambi\u00e9n afect\u00f3 a la Polic\u00eda Nacional en Bol\u00edvar"},"content":{"rendered":"<p><em><u>La Fiscal\u00eda captur\u00f3 a \u00a012 personas entre uniformados y m\u00e9dicos que habr\u00edan certificado falsas enfermedades psiqui\u00e1tricas y f\u00edsicas para pensionar a integrantes de la Polic\u00eda Nacional.<\/u><\/em><\/p>\n<p>En desarrollo de la primera fase de la operaci\u00f3n \u2018Evadidos\u2019, la Fiscal\u00eda General de la Naci\u00f3n descubri\u00f3 una red criminal que, a trav\u00e9s de maniobras fraudulentas, obtuvo recursos econ\u00f3micos de la Caja de Sueldos de Retiro de la Polic\u00eda Nacional (Casur) y permiti\u00f3 que polic\u00edas fueran declarados no aptos para el servicio cuando en realidad cumpl\u00edan con las condiciones para desempe\u00f1ar sus funciones.<\/p>\n<p>En Cartagena (Bol\u00edvar), personal de polic\u00eda judicial de la Fiscal\u00eda, con apoyo de la Dijin de la Polic\u00eda Nacional, hizo efectivas 12 \u00f3rdenes de captura contra presuntos integrantes de la organizaci\u00f3n se\u00f1alada de realizar tr\u00e1mites ante Casur y conseguir dict\u00e1menes de incapacidad y certificados m\u00e9dicos falsos con los que polic\u00edas obtuvieron niveles de incapacidad f\u00edsica superiores al 75%, y as\u00ed se jubilaron y accedieron al reconocimiento pensional por invalidez.<\/p>\n<p>De acuerdo con la informaci\u00f3n recaudada, el fraude al sistema pensional se ejecut\u00f3 entre 2008 y 2017. Cada uno de los presuntos involucrados cumpl\u00eda roles diversos y tendr\u00eda alg\u00fan v\u00ednculo o har\u00eda parte de la Junta M\u00e9dico Laboral en Bol\u00edvar.<\/p>\n<p>Precisamente, entre los investigados hay un m\u00e9dico psiquiatra se\u00f1alado de expedir incapacidades falsas a los uniformados, de tal manera que, sin trabajar, recib\u00edan pagos del 100% del sueldo y el respectivo registro en las historia cl\u00ednicas. Con estas observaciones m\u00e9dicas, la Junta M\u00e9dico en Laboral de Bol\u00edvar se reun\u00eda y, al parecer, emit\u00eda certificaciones de una supuesta disminuci\u00f3n del 75% en la capacidad psicof\u00edsica de los polic\u00edas, algo muy distinto al verdadero estado de salud.<\/p>\n<p>Con estas maniobras il\u00edcitas se indujo a error al entonces Director de la Polic\u00eda Nacional, general Jorge Hernando Nieto, quien aval\u00f3 resoluciones de pensi\u00f3n por invalidez y\/o de asignaci\u00f3n por retiro con indemnizaci\u00f3n.<\/p>\n<p>En el desarrollo de la investigaci\u00f3n, el fiscal de conocimiento descubri\u00f3 que el fraude se extendi\u00f3 a las aseguradoras, puesto que los uniformados incapacitados solicitaron cr\u00e9ditos bancarios y luego de obtenida su pensi\u00f3n o asignaci\u00f3n por retiro, pidieron la condonaci\u00f3n de la deuda por su estado de invalidez, siendo esta aceptada y asumida por las compa\u00f1\u00edas.<\/p>\n<p><strong><u>Capturas<\/u><\/strong><\/p>\n<p>En operativo cumplido en las \u00faltimas horas fueron capturados:<\/p>\n<ol>\n<li>Amaury Rafael Garc\u00eda Blanco <strong>\u2013 <\/strong>m\u00e9dico psiquiatra.<\/li>\n<li>Mar\u00eda Isabel Echeverry Simancas <strong>\u2013 <\/strong>m\u00e9dica de la Junta M\u00e9dico Laboral.<\/li>\n<li>Rodrigo Alonso Gonz\u00e1lez Marrugo <strong>\u2013 <\/strong>m\u00e9dico de la Junta M\u00e9dico Laboral.<\/li>\n<li>Agust\u00edn Hern\u00e1ndez Licona <strong>\u2013 <\/strong>expolic\u00eda<\/li>\n<li>Alicia Devia Moreno <strong>\u2013 <\/strong>expolic\u00eda<\/li>\n<li>Carlos Andr\u00e9s Simancas Izquierdo <strong>\u2013 <\/strong>expolic\u00eda<\/li>\n<li>Crist\u00f3bal Angulo Ortega <strong>\u2013 <\/strong>expolic\u00eda<\/li>\n<li>Luis Mel\u00e9ndez Cortes <strong>\u2013 <\/strong>expolic\u00eda<\/li>\n<li>Adams Jim\u00e9nez Solano <strong>\u2013 <\/strong>expolic\u00eda<\/li>\n<li>Alexander <em>\u00c1vila<\/em>Ovalle <strong>\u2013 <\/strong>expolic\u00eda<\/li>\n<li>Benjam\u00edn Jes\u00fas Puello Castillo <strong>\u2013 <\/strong>expolic\u00eda<\/li>\n<li>Nury Polo Castro <strong>\u2013 <\/strong>expolic\u00eda<\/li>\n<\/ol>\n<p>Los detenidos ser\u00e1n presentados ante un juez de control de garant\u00edas en Cartagena (Bol\u00edvar), y un fiscal de la Unidad de Delitos contra la Administraci\u00f3n P\u00fablica de la Seccional Bol\u00edvar les imputar\u00e1 los delitos de:<\/p>\n<ul>\n<li>Peculado por apropiaci\u00f3n<\/li>\n<li>Estafa agravada<\/li>\n<li>Falsedad en documento p\u00fablico<\/li>\n<li>Fraude procesal<\/li>\n<\/ul>\n<p>Los investigadores recaudaron importante material probatorio que, en una segunda fase, permitir\u00e1 individualizar a otros presuntos involucrados en esta modalidad de defraudaci\u00f3n al sistema de pensiones de la Polic\u00eda Nacional, que podr\u00eda superar los mil millones de pesos ($1.000\u2019000.000)<\/p>\n<p>La Fiscal\u00eda hace p\u00fablica esta informaci\u00f3n por motivos de inter\u00e9s general.<\/p>\n\n<div class=\"twitter-share\"><a href=\"https:\/\/twitter.com\/intent\/tweet?via=fiscaliacol\" class=\"twitter-share-button\">Tweet<\/a><\/div>\n","protected":false},"excerpt":{"rendered":"<p>La Fiscal\u00eda captur\u00f3 a \u00a012 personas entre uniformados y m\u00e9dicos que habr\u00edan certificado falsas enfermedades psiqui\u00e1tricas y f\u00edsicas para pensionar a integrantes de la Polic\u00eda Nacional. En desarrollo de la primera fase de la operaci\u00f3n \u2018Evadidos\u2019, la Fiscal\u00eda General de la Naci\u00f3n descubri\u00f3 una red criminal que, a trav\u00e9s de maniobras fraudulentas, obtuvo recursos econ\u00f3micos [&hellip;]<\/p>\n","protected":false},"author":162,"featured_media":0,"comment_status":"closed","ping_status":"open","sticky":false,"template":"","format":"standard","meta":{"_price":"","_stock":"","_tribe_ticket_header":"","_tribe_default_ticket_provider":"","_tribe_ticket_capacity":"0","_ticket_start_date":"","_ticket_end_date":"","_tribe_ticket_show_description":"","_tribe_ticket_show_not_going":false,"_tribe_ticket_use_global_stock":"","_tribe_ticket_global_stock_level":"","_global_stock_mode":"","_global_stock_cap":"","_tribe_rsvp_for_event":"","_tribe_ticket_going_count":"","_tribe_ticket_not_going_count":"","_tribe_tickets_list":"[]","_tribe_ticket_has_attendee_info_fields":false,"tdm_status":"","tdm_grid_status":"","footnotes":""},"categories":[24107,1],"tags":[],"class_list":{"0":"post-175674","1":"post","2":"type-post","3":"status-publish","4":"format-standard","6":"category-lucha-contra-corrupcion","7":"category-noticias"},"yoast_head":"<!-- This site is optimized with the Yoast SEO plugin v24.3 - https:\/\/yoast.com\/wordpress\/plugins\/seo\/ -->\n<title>Fiscal\u00eda General de la Naci\u00f3n<\/title>\n<meta name=\"description\" content=\"P\u00e1gina oficial de la Fiscal\u00eda General de la Naci\u00f3n \u2013 Colombia. Garantizamos el acceso efectivo a la justicia, la verdad y la reparaci\u00f3n de las v\u00edctimas de los delitos.\" \/>\n<meta name=\"robots\" content=\"noindex, follow\" \/>\n<meta property=\"og:locale\" content=\"es_ES\" \/>\n<meta property=\"og:type\" content=\"article\" \/>\n<meta property=\"og:title\" content=\"Fiscal\u00eda General de la Naci\u00f3n\" \/>\n<meta property=\"og:description\" content=\"P\u00e1gina oficial de la Fiscal\u00eda General de la Naci\u00f3n \u2013 Colombia. Garantizamos el acceso efectivo a la justicia, la verdad y la reparaci\u00f3n de las v\u00edctimas de los delitos.\" \/>\n<meta property=\"og:url\" content=\"https:\/\/www.fiscalia.gov.co\/colombia\/noticias\/fraude-en-pensiones-tambien-afecto-a-la-policia-nacional-en-bolivar\/\" \/>\n<meta property=\"og:site_name\" content=\"Fiscal\u00eda General de la Naci\u00f3n\" \/>\n<meta property=\"article:publisher\" content=\"https:\/\/www.facebook.com\/FiscaliaCol\" \/>\n<meta property=\"article:published_time\" content=\"2019-02-15T17:47:55+00:00\" \/>\n<meta name=\"author\" content=\"Direcci\u00f3n de Comunicaciones Fiscal\u00eda General de la Naci\u00f3n\" \/>\n<meta name=\"twitter:card\" content=\"summary_large_image\" \/>\n<meta name=\"twitter:creator\" content=\"@FiscaliaCol\" \/>\n<meta name=\"twitter:site\" content=\"@FiscaliaCol\" \/>\n<meta name=\"twitter:label1\" content=\"Escrito por\" \/>\n\t<meta name=\"twitter:data1\" content=\"Direcci\u00f3n de Comunicaciones Fiscal\u00eda General de la Naci\u00f3n\" \/>\n\t<meta name=\"twitter:label2\" content=\"Tiempo de lectura\" \/>\n\t<meta name=\"twitter:data2\" content=\"3 minutos\" \/>\n<script type=\"application\/ld+json\" class=\"yoast-schema-graph\">{\"@context\":\"https:\/\/schema.org\",\"@graph\":[{\"@type\":\"Article\",\"@id\":\"https:\/\/www.fiscalia.gov.co\/colombia\/noticias\/fraude-en-pensiones-tambien-afecto-a-la-policia-nacional-en-bolivar\/#article\",\"isPartOf\":{\"@id\":\"https:\/\/www.fiscalia.gov.co\/colombia\/noticias\/fraude-en-pensiones-tambien-afecto-a-la-policia-nacional-en-bolivar\/\"},\"author\":{\"name\":\"Direcci\u00f3n de Comunicaciones Fiscal\u00eda General de la Naci\u00f3n\",\"@id\":\"https:\/\/www.fiscalia.gov.co\/colombia\/#\/schema\/person\/bf28d8ae7f1b287bbe3af484b04f43ea\"},\"headline\":\"Fraude en pensiones tambi\u00e9n afect\u00f3 a la Polic\u00eda Nacional en Bol\u00edvar\",\"datePublished\":\"2019-02-15T17:47:55+00:00\",\"dateModified\":\"2019-02-15T17:47:55+00:00\",\"mainEntityOfPage\":{\"@id\":\"https:\/\/www.fiscalia.gov.co\/colombia\/noticias\/fraude-en-pensiones-tambien-afecto-a-la-policia-nacional-en-bolivar\/\"},\"wordCount\":635,\"publisher\":{\"@id\":\"https:\/\/www.fiscalia.gov.co\/colombia\/#organization\"},\"articleSection\":[\"Corrupci\u00f3n\",\"Noticias\"],\"inLanguage\":\"es-CO\"},{\"@type\":\"WebPage\",\"@id\":\"https:\/\/www.fiscalia.gov.co\/colombia\/noticias\/fraude-en-pensiones-tambien-afecto-a-la-policia-nacional-en-bolivar\/\",\"url\":\"https:\/\/www.fiscalia.gov.co\/colombia\/noticias\/fraude-en-pensiones-tambien-afecto-a-la-policia-nacional-en-bolivar\/\",\"name\":\"Fiscal\u00eda General de la Naci\u00f3n\",\"isPartOf\":{\"@id\":\"https:\/\/www.fiscalia.gov.co\/colombia\/#website\"},\"datePublished\":\"2019-02-15T17:47:55+00:00\",\"dateModified\":\"2019-02-15T17:47:55+00:00\",\"description\":\"P\u00e1gina oficial de la Fiscal\u00eda General de la Naci\u00f3n \u2013 Colombia. Garantizamos el acceso efectivo a la justicia, la verdad y la reparaci\u00f3n de las v\u00edctimas de los delitos.\",\"breadcrumb\":{\"@id\":\"https:\/\/www.fiscalia.gov.co\/colombia\/noticias\/fraude-en-pensiones-tambien-afecto-a-la-policia-nacional-en-bolivar\/#breadcrumb\"},\"inLanguage\":\"es-CO\",\"potentialAction\":[{\"@type\":\"ReadAction\",\"target\":[\"https:\/\/www.fiscalia.gov.co\/colombia\/noticias\/fraude-en-pensiones-tambien-afecto-a-la-policia-nacional-en-bolivar\/\"]}]},{\"@type\":\"BreadcrumbList\",\"@id\":\"https:\/\/www.fiscalia.gov.co\/colombia\/noticias\/fraude-en-pensiones-tambien-afecto-a-la-policia-nacional-en-bolivar\/#breadcrumb\",\"itemListElement\":[{\"@type\":\"ListItem\",\"position\":1,\"name\":\"Home\",\"item\":\"https:\/\/www.fiscalia.gov.co\/colombia\/\"},{\"@type\":\"ListItem\",\"position\":2,\"name\":\"Fraude en pensiones tambi\u00e9n afect\u00f3 a la Polic\u00eda Nacional en Bol\u00edvar\"}]},{\"@type\":\"WebSite\",\"@id\":\"https:\/\/www.fiscalia.gov.co\/colombia\/#website\",\"url\":\"https:\/\/www.fiscalia.gov.co\/colombia\/\",\"name\":\"Fiscal\u00eda General de la Naci\u00f3n\",\"description\":\"P\u00e1gina oficial de la Fiscal\u00eda General de la Naci\u00f3n \u2013 Colombia. Garantizamos el acceso efectivo a la justicia, la verdad y la reparaci\u00f3n de las v\u00edctimas de los delitos.\",\"publisher\":{\"@id\":\"https:\/\/www.fiscalia.gov.co\/colombia\/#organization\"},\"potentialAction\":[{\"@type\":\"SearchAction\",\"target\":{\"@type\":\"EntryPoint\",\"urlTemplate\":\"https:\/\/www.fiscalia.gov.co\/colombia\/?s={search_term_string}\"},\"query-input\":{\"@type\":\"PropertyValueSpecification\",\"valueRequired\":true,\"valueName\":\"search_term_string\"}}],\"inLanguage\":\"es-CO\"},{\"@type\":\"Organization\",\"@id\":\"https:\/\/www.fiscalia.gov.co\/colombia\/#organization\",\"name\":\"Fiscal\u00eda General de la Naci\u00f3n\",\"url\":\"https:\/\/www.fiscalia.gov.co\/colombia\/\",\"logo\":{\"@type\":\"ImageObject\",\"inLanguage\":\"es-CO\",\"@id\":\"https:\/\/www.fiscalia.gov.co\/colombia\/#\/schema\/logo\/image\/\",\"url\":\"https:\/\/www.fiscalia.gov.co\/colombia\/wp-content\/uploads\/LogoHorizontal_1.jpg\",\"contentUrl\":\"https:\/\/www.fiscalia.gov.co\/colombia\/wp-content\/uploads\/LogoHorizontal_1.jpg\",\"width\":300,\"height\":90,\"caption\":\"Fiscal\u00eda General de la Naci\u00f3n\"},\"image\":{\"@id\":\"https:\/\/www.fiscalia.gov.co\/colombia\/#\/schema\/logo\/image\/\"},\"sameAs\":[\"https:\/\/www.facebook.com\/FiscaliaCol\",\"https:\/\/x.com\/FiscaliaCol\",\"https:\/\/www.instagram.com\/fiscaliacol\",\"https:\/\/www.linkedin.com\/company\/fiscalia-general-de-la-naci-n\/\",\"https:\/\/youtube.com\/@fiscaliageneraldelanacion-4668?si=6nN79nyQICPU5iTh\"]},{\"@type\":\"Person\",\"@id\":\"https:\/\/www.fiscalia.gov.co\/colombia\/#\/schema\/person\/bf28d8ae7f1b287bbe3af484b04f43ea\",\"name\":\"Direcci\u00f3n de Comunicaciones Fiscal\u00eda General de la Naci\u00f3n\",\"image\":{\"@type\":\"ImageObject\",\"inLanguage\":\"es-CO\",\"@id\":\"https:\/\/www.fiscalia.gov.co\/colombia\/#\/schema\/person\/image\/\",\"url\":\"https:\/\/secure.gravatar.com\/avatar\/9d55ae161d32da16dbdd0b380c080a5f?s=96&d=mm&r=g\",\"contentUrl\":\"https:\/\/secure.gravatar.com\/avatar\/9d55ae161d32da16dbdd0b380c080a5f?s=96&d=mm&r=g\",\"caption\":\"Direcci\u00f3n de Comunicaciones Fiscal\u00eda General de la Naci\u00f3n\"},\"url\":\"https:\/\/www.fiscalia.gov.co\/colombia\/author\/kbonilla\/\"}]}<\/script>\n<!-- \/ Yoast SEO plugin. -->","yoast_head_json":{"title":"Fiscal\u00eda General de la Naci\u00f3n","description":"P\u00e1gina oficial de la Fiscal\u00eda General de la Naci\u00f3n \u2013 Colombia. Garantizamos el acceso efectivo a la justicia, la verdad y la reparaci\u00f3n de las v\u00edctimas de los delitos.","robots":{"index":"noindex","follow":"follow"},"og_locale":"es_ES","og_type":"article","og_title":"Fiscal\u00eda General de la Naci\u00f3n","og_description":"P\u00e1gina oficial de la Fiscal\u00eda General de la Naci\u00f3n \u2013 Colombia. Garantizamos el acceso efectivo a la justicia, la verdad y la reparaci\u00f3n de las v\u00edctimas de los delitos.","og_url":"https:\/\/www.fiscalia.gov.co\/colombia\/noticias\/fraude-en-pensiones-tambien-afecto-a-la-policia-nacional-en-bolivar\/","og_site_name":"Fiscal\u00eda General de la Naci\u00f3n","article_publisher":"https:\/\/www.facebook.com\/FiscaliaCol","article_published_time":"2019-02-15T17:47:55+00:00","author":"Direcci\u00f3n de Comunicaciones Fiscal\u00eda General de la Naci\u00f3n","twitter_card":"summary_large_image","twitter_creator":"@FiscaliaCol","twitter_site":"@FiscaliaCol","twitter_misc":{"Escrito por":"Direcci\u00f3n de Comunicaciones Fiscal\u00eda General de la Naci\u00f3n","Tiempo de lectura":"3 minutos"},"schema":{"@context":"https:\/\/schema.org","@graph":[{"@type":"Article","@id":"https:\/\/www.fiscalia.gov.co\/colombia\/noticias\/fraude-en-pensiones-tambien-afecto-a-la-policia-nacional-en-bolivar\/#article","isPartOf":{"@id":"https:\/\/www.fiscalia.gov.co\/colombia\/noticias\/fraude-en-pensiones-tambien-afecto-a-la-policia-nacional-en-bolivar\/"},"author":{"name":"Direcci\u00f3n de Comunicaciones Fiscal\u00eda General de la Naci\u00f3n","@id":"https:\/\/www.fiscalia.gov.co\/colombia\/#\/schema\/person\/bf28d8ae7f1b287bbe3af484b04f43ea"},"headline":"Fraude en pensiones tambi\u00e9n afect\u00f3 a la Polic\u00eda Nacional en Bol\u00edvar","datePublished":"2019-02-15T17:47:55+00:00","dateModified":"2019-02-15T17:47:55+00:00","mainEntityOfPage":{"@id":"https:\/\/www.fiscalia.gov.co\/colombia\/noticias\/fraude-en-pensiones-tambien-afecto-a-la-policia-nacional-en-bolivar\/"},"wordCount":635,"publisher":{"@id":"https:\/\/www.fiscalia.gov.co\/colombia\/#organization"},"articleSection":["Corrupci\u00f3n","Noticias"],"inLanguage":"es-CO"},{"@type":"WebPage","@id":"https:\/\/www.fiscalia.gov.co\/colombia\/noticias\/fraude-en-pensiones-tambien-afecto-a-la-policia-nacional-en-bolivar\/","url":"https:\/\/www.fiscalia.gov.co\/colombia\/noticias\/fraude-en-pensiones-tambien-afecto-a-la-policia-nacional-en-bolivar\/","name":"Fiscal\u00eda General de la Naci\u00f3n","isPartOf":{"@id":"https:\/\/www.fiscalia.gov.co\/colombia\/#website"},"datePublished":"2019-02-15T17:47:55+00:00","dateModified":"2019-02-15T17:47:55+00:00","description":"P\u00e1gina oficial de la Fiscal\u00eda General de la Naci\u00f3n \u2013 Colombia. Garantizamos el acceso efectivo a la justicia, la verdad y la reparaci\u00f3n de las v\u00edctimas de los delitos.","breadcrumb":{"@id":"https:\/\/www.fiscalia.gov.co\/colombia\/noticias\/fraude-en-pensiones-tambien-afecto-a-la-policia-nacional-en-bolivar\/#breadcrumb"},"inLanguage":"es-CO","potentialAction":[{"@type":"ReadAction","target":["https:\/\/www.fiscalia.gov.co\/colombia\/noticias\/fraude-en-pensiones-tambien-afecto-a-la-policia-nacional-en-bolivar\/"]}]},{"@type":"BreadcrumbList","@id":"https:\/\/www.fiscalia.gov.co\/colombia\/noticias\/fraude-en-pensiones-tambien-afecto-a-la-policia-nacional-en-bolivar\/#breadcrumb","itemListElement":[{"@type":"ListItem","position":1,"name":"Home","item":"https:\/\/www.fiscalia.gov.co\/colombia\/"},{"@type":"ListItem","position":2,"name":"Fraude en pensiones tambi\u00e9n afect\u00f3 a la Polic\u00eda Nacional en Bol\u00edvar"}]},{"@type":"WebSite","@id":"https:\/\/www.fiscalia.gov.co\/colombia\/#website","url":"https:\/\/www.fiscalia.gov.co\/colombia\/","name":"Fiscal\u00eda General de la Naci\u00f3n","description":"P\u00e1gina oficial de la Fiscal\u00eda General de la Naci\u00f3n \u2013 Colombia. Garantizamos el acceso efectivo a la justicia, la verdad y la reparaci\u00f3n de las v\u00edctimas de los delitos.","publisher":{"@id":"https:\/\/www.fiscalia.gov.co\/colombia\/#organization"},"potentialAction":[{"@type":"SearchAction","target":{"@type":"EntryPoint","urlTemplate":"https:\/\/www.fiscalia.gov.co\/colombia\/?s={search_term_string}"},"query-input":{"@type":"PropertyValueSpecification","valueRequired":true,"valueName":"search_term_string"}}],"inLanguage":"es-CO"},{"@type":"Organization","@id":"https:\/\/www.fiscalia.gov.co\/colombia\/#organization","name":"Fiscal\u00eda General de la Naci\u00f3n","url":"https:\/\/www.fiscalia.gov.co\/colombia\/","logo":{"@type":"ImageObject","inLanguage":"es-CO","@id":"https:\/\/www.fiscalia.gov.co\/colombia\/#\/schema\/logo\/image\/","url":"https:\/\/www.fiscalia.gov.co\/colombia\/wp-content\/uploads\/LogoHorizontal_1.jpg","contentUrl":"https:\/\/www.fiscalia.gov.co\/colombia\/wp-content\/uploads\/LogoHorizontal_1.jpg","width":300,"height":90,"caption":"Fiscal\u00eda General de la Naci\u00f3n"},"image":{"@id":"https:\/\/www.fiscalia.gov.co\/colombia\/#\/schema\/logo\/image\/"},"sameAs":["https:\/\/www.facebook.com\/FiscaliaCol","https:\/\/x.com\/FiscaliaCol","https:\/\/www.instagram.com\/fiscaliacol","https:\/\/www.linkedin.com\/company\/fiscalia-general-de-la-naci-n\/","https:\/\/youtube.com\/@fiscaliageneraldelanacion-4668?si=6nN79nyQICPU5iTh"]},{"@type":"Person","@id":"https:\/\/www.fiscalia.gov.co\/colombia\/#\/schema\/person\/bf28d8ae7f1b287bbe3af484b04f43ea","name":"Direcci\u00f3n de Comunicaciones Fiscal\u00eda General de la Naci\u00f3n","image":{"@type":"ImageObject","inLanguage":"es-CO","@id":"https:\/\/www.fiscalia.gov.co\/colombia\/#\/schema\/person\/image\/","url":"https:\/\/secure.gravatar.com\/avatar\/9d55ae161d32da16dbdd0b380c080a5f?s=96&d=mm&r=g","contentUrl":"https:\/\/secure.gravatar.com\/avatar\/9d55ae161d32da16dbdd0b380c080a5f?s=96&d=mm&r=g","caption":"Direcci\u00f3n de Comunicaciones Fiscal\u00eda General de la Naci\u00f3n"},"url":"https:\/\/www.fiscalia.gov.co\/colombia\/author\/kbonilla\/"}]}},"_links":{"self":[{"href":"https:\/\/www.fiscalia.gov.co\/colombia\/wp-json\/wp\/v2\/posts\/175674","targetHints":{"allow":["GET"]}}],"collection":[{"href":"https:\/\/www.fiscalia.gov.co\/colombia\/wp-json\/wp\/v2\/posts"}],"about":[{"href":"https:\/\/www.fiscalia.gov.co\/colombia\/wp-json\/wp\/v2\/types\/post"}],"author":[{"embeddable":true,"href":"https:\/\/www.fiscalia.gov.co\/colombia\/wp-json\/wp\/v2\/users\/162"}],"replies":[{"embeddable":true,"href":"https:\/\/www.fiscalia.gov.co\/colombia\/wp-json\/wp\/v2\/comments?post=175674"}],"version-history":[{"count":1,"href":"https:\/\/www.fiscalia.gov.co\/colombia\/wp-json\/wp\/v2\/posts\/175674\/revisions"}],"predecessor-version":[{"id":175675,"href":"https:\/\/www.fiscalia.gov.co\/colombia\/wp-json\/wp\/v2\/posts\/175674\/revisions\/175675"}],"wp:attachment":[{"href":"https:\/\/www.fiscalia.gov.co\/colombia\/wp-json\/wp\/v2\/media?parent=175674"}],"wp:term":[{"taxonomy":"category","embeddable":true,"href":"https:\/\/www.fiscalia.gov.co\/colombia\/wp-json\/wp\/v2\/categories?post=175674"},{"taxonomy":"post_tag","embeddable":true,"href":"https:\/\/www.fiscalia.gov.co\/colombia\/wp-json\/wp\/v2\/tags?post=175674"}],"curies":[{"name":"wp","href":"https:\/\/api.w.org\/{rel}","templated":true}]}}