{"id":175436,"date":"2019-02-13T10:15:47","date_gmt":"2019-02-13T15:15:47","guid":{"rendered":"https:\/\/www.fiscalia.gov.co\/colombia\/?p=175436"},"modified":"2019-02-13T10:15:47","modified_gmt":"2019-02-13T15:15:47","slug":"por-apelacion-de-la-fiscalia-juez-envio-a-la-carcel-a-exalcaldesa-de-quibdo-choco-por-caso-de-los-vigesimos-juegos-nacionales","status":"publish","type":"post","link":"https:\/\/www.fiscalia.gov.co\/colombia\/seccionales\/por-apelacion-de-la-fiscalia-juez-envio-a-la-carcel-a-exalcaldesa-de-quibdo-choco-por-caso-de-los-vigesimos-juegos-nacionales\/","title":{"rendered":"Por apelaci\u00f3n de la Fiscal\u00eda, juez envi\u00f3 a la c\u00e1rcel a exalcaldesa de Quibd\u00f3 (Choc\u00f3)  por caso de los Vig\u00e9simos Juegos Nacionales"},"content":{"rendered":"<p>Al resolver el recurso de apelaci\u00f3n presentado por la Fiscal\u00eda General de la Naci\u00f3n, el Juzgado Segundo Penal del Circuito de Quibd\u00f3 (Choc\u00f3), con funciones de control de garant\u00edas, revoc\u00f3 la medida no privativa de la libertad que ten\u00eda la alcaldesa de la capital chocoana para el per\u00edodo (2012 -2015),\u00a0 Zulia Mar\u00eda Mena Garc\u00eda, y le impuso medida de aseguramiento en centro carcelario.<\/p>\n<p>La ahora exmandataria fue capturada inmediatamente despu\u00e9s de concluida la audiencia de segunda instancia.<\/p>\n<p>Con la misma decisi\u00f3n\u00a0 fueron afectados el ex asesor jur\u00eddico de la alcald\u00eda Luis Alberto Rivera Ayala y el particular Samir Bechara Simanca, quienes tambi\u00e9n gozaban de la medida no privativa de la libertad.\u00a0Dicha medida les fue concedida a los tres investigados el 29 de\u00a0noviembre de 2018 por el Juzgado Primero Penal Municipal de Quibd\u00f3.<\/p>\n<p>Al desatar el recurso elevado por la Fiscal\u00eda y el representante\u00a0 del Ministerio P\u00fablico, el fallador destac\u00f3 que existen suficientes materiales probatorios para inferir de manera razonable la autor\u00eda y participaci\u00f3n de los tres investigados en los hechos de corrupci\u00f3n.\u00a0Explic\u00f3 adem\u00e1s que su libertad puede ocasionar una obstrucci\u00f3n a la justicia.<\/p>\n<p>La investigaci\u00f3n est\u00e1 relacionada con presuntas irregularidades en la adquisici\u00f3n de terrenos para la construcci\u00f3n de escenarios deportivos para los Vig\u00e9simos Juegos Nacionales de 2015.<\/p>\n<p>De acuerdo con el proceso penal adelantado\u00a0 por un fiscal seccional de la Unidad de Delitos contra la Administraci\u00f3n P\u00fablica de Quibd\u00f3, los procesados habr\u00edan adquirido dos lotes de terreno para la construcci\u00f3n y\/o adecuaci\u00f3n de canchas y otros escenarios para el certamen deportivo, con un sobrecosto superior al 1000%.<\/p>\n<p>Los investigadores evidenciaron que se habr\u00edan alterado los peritajes de propiedad ra\u00edz para que algunos particulares pudieran vender los predios a la Administraci\u00f3n\u00a0Municipal, hasta por diez veces m\u00e1s de su valor real. La Fiscal\u00eda determin\u00f3 que el detrimento patrimonial super\u00f3 los 2130 millones de pesos.<\/p>\n<p>Se estableci\u00f3 adem\u00e1s que se falsificaron los soportes t\u00e9cnicos\u00a0del peritaje para hacer aparecer los lotes con acceso a redes de servicios p\u00fablicos domiciliarios, cuando en realidad solo contaban con aljibes y vertederos. La Fiscal\u00eda determin\u00f3 tambi\u00e9n que los dos predios adquiridos fueron seleccionados de manera caprichosa y arbitraria, sin reparar que los mismos eran predios rurales y alejados de ciudad, y carentes de servicios p\u00fablicos.<\/p>\n<p>En otras palabras, se adquirieron, de manera ama\u00f1ada, dos predios rurales sin la m\u00ednima infraestructura para la construcci\u00f3n de los escenarios que se requer\u00edan, por un valor diez veces superior al real y\u00a0con el objeto de beneficiar a un particular.\u00a0Adem\u00e1s, los terrenos\u00a0ten\u00edan un pleito judicial pendiente y estaban afectados por hipotecas.<\/p>\n<p>Pese a la oposici\u00f3n y\u00a0las recomendaciones t\u00e9cnicas de\u00a0Coldeportes, la exalcaldesa seleccion\u00f3 los lotes en contrav\u00eda de las leyes de reforma urbana y de ordenamiento territorial, que especifican las caracter\u00edsticas para compras inmobiliarias destinadas\u00a0 la construcci\u00f3n de escenarios deportivos.<\/p>\n<p>Bechara Simanca, vendedor de uno de los cuestionados lotes, es hermano de una persona que financi\u00f3 econ\u00f3micamente la campa\u00f1a pol\u00edtica de Mena Garc\u00eda, como candidata a la Alcald\u00eda de Quibd\u00f3 para el a\u00f1o 2007.<\/p>\n<p>Los procesados deber\u00e1n responder\u00a0 por\u00a0 delitos como celebraci\u00f3n de contratos sin cumplimiento de requisitos legales esenciales y peculado por apropiaci\u00f3n, ambas conductas en concurso homog\u00e9neo y sucesivo y con circunstancias de mayor punibilidad.<\/p>\n<p>Los hechos se presentaron entre los a\u00f1os 2013 y 2015, cuando la se\u00f1ora Mena Garc\u00eda fung\u00eda como alcaldesa de la capital chocoana.<\/p>\n<p><strong>Los concejales tambi\u00e9n deben responder<\/strong><\/p>\n<p>En los pr\u00f3ximos d\u00edas la Fiscal\u00eda\u00a0 tambi\u00e9n imputar\u00e1 cargos y solicitar\u00e1 medida de aseguramiento en contra\u00a015 concejales de Quibd\u00f3, y un diputado a la Asamblea Departamental, por los delitos de prevaricato por acci\u00f3n y prevaricato por omisi\u00f3n.<\/p>\n<p>Los cabildantes habr\u00edan tramitado y aprobado dos acuerdos (el 051 del 16 de diciembre de 2013 y el 032 del 27 de diciembre de 2014),\u00a0 por medio de los cuales se incorporaron,\u00a0 de manera irregular, 7 kil\u00f3metros de terrenos rurales\u00a0al per\u00edmetro urbano, en la v\u00eda que de Quibd\u00f3 conduce la municipio de Yuto. De esta manera se mutaron terrenos improductivos, fincas agrestes y porquerizas, en latifundios de uso industrial y comercial, para inflar el precio de los terrenos que ofrec\u00edan los vendedores.<\/p>\n<p>A la investigaci\u00f3n tambi\u00e9n ser\u00e1n vinculados varios peritos de la Lonja Choc\u00f3.<\/p>\n<p>La Fiscal\u00eda hace p\u00fablica esta informaci\u00f3n por razones de inter\u00e9s general<\/p>\n<p>&nbsp;<\/p>\n<p>LFML\/DLBM<\/p>\n\n<div class=\"twitter-share\"><a href=\"https:\/\/twitter.com\/intent\/tweet?via=fiscaliacol\" class=\"twitter-share-button\">Tweet<\/a><\/div>\n","protected":false},"excerpt":{"rendered":"<p>Al resolver el recurso de apelaci\u00f3n presentado por la Fiscal\u00eda General de la Naci\u00f3n, el Juzgado Segundo Penal del Circuito de Quibd\u00f3 (Choc\u00f3), con funciones de control de garant\u00edas, revoc\u00f3 [&hellip;]<\/p>\n","protected":false},"author":162,"featured_media":0,"comment_status":"closed","ping_status":"open","sticky":false,"template":"","format":"standard","meta":{"tdm_status":"","tdm_grid_status":"","footnotes":""},"categories":[24107,2336,303],"tags":[],"class_list":["post-175436","post","type-post","status-publish","format-standard","category-lucha-contra-corrupcion","category-seccional-quibdo","category-seccionales"],"yoast_head":"<!-- This site is optimized with the Yoast SEO plugin v24.3 - https:\/\/yoast.com\/wordpress\/plugins\/seo\/ -->\n<title>Fiscal\u00eda General de la Naci\u00f3n<\/title>\n<meta name=\"description\" content=\"P\u00e1gina oficial de la Fiscal\u00eda General de la Naci\u00f3n \u2013 Colombia. Garantizamos el acceso efectivo a la justicia, la verdad y la reparaci\u00f3n de las v\u00edctimas de los delitos.\" \/>\n<meta name=\"robots\" content=\"noindex, follow\" \/>\n<meta property=\"og:locale\" content=\"es_ES\" \/>\n<meta property=\"og:type\" content=\"article\" \/>\n<meta property=\"og:title\" content=\"Fiscal\u00eda General de la Naci\u00f3n\" \/>\n<meta property=\"og:description\" content=\"P\u00e1gina oficial de la Fiscal\u00eda General de la Naci\u00f3n \u2013 Colombia. Garantizamos el acceso efectivo a la justicia, la verdad y la reparaci\u00f3n de las v\u00edctimas de los delitos.\" \/>\n<meta property=\"og:url\" content=\"https:\/\/www.fiscalia.gov.co\/colombia\/seccionales\/por-apelacion-de-la-fiscalia-juez-envio-a-la-carcel-a-exalcaldesa-de-quibdo-choco-por-caso-de-los-vigesimos-juegos-nacionales\/\" \/>\n<meta property=\"og:site_name\" content=\"Fiscal\u00eda General de la Naci\u00f3n\" \/>\n<meta property=\"article:publisher\" content=\"https:\/\/www.facebook.com\/FiscaliaCol\" \/>\n<meta property=\"article:published_time\" content=\"2019-02-13T15:15:47+00:00\" \/>\n<meta name=\"author\" content=\"Direcci\u00f3n de Comunicaciones Fiscal\u00eda General de la Naci\u00f3n\" \/>\n<meta name=\"twitter:card\" content=\"summary_large_image\" \/>\n<meta name=\"twitter:creator\" content=\"@FiscaliaCol\" \/>\n<meta name=\"twitter:site\" content=\"@FiscaliaCol\" \/>\n<meta name=\"twitter:label1\" content=\"Escrito por\" \/>\n\t<meta name=\"twitter:data1\" content=\"Direcci\u00f3n de Comunicaciones Fiscal\u00eda General de la Naci\u00f3n\" \/>\n\t<meta name=\"twitter:label2\" content=\"Tiempo de lectura\" \/>\n\t<meta name=\"twitter:data2\" content=\"4 minutos\" \/>\n<script type=\"application\/ld+json\" class=\"yoast-schema-graph\">{\"@context\":\"https:\/\/schema.org\",\"@graph\":[{\"@type\":\"Article\",\"@id\":\"https:\/\/www.fiscalia.gov.co\/colombia\/seccionales\/por-apelacion-de-la-fiscalia-juez-envio-a-la-carcel-a-exalcaldesa-de-quibdo-choco-por-caso-de-los-vigesimos-juegos-nacionales\/#article\",\"isPartOf\":{\"@id\":\"https:\/\/www.fiscalia.gov.co\/colombia\/seccionales\/por-apelacion-de-la-fiscalia-juez-envio-a-la-carcel-a-exalcaldesa-de-quibdo-choco-por-caso-de-los-vigesimos-juegos-nacionales\/\"},\"author\":{\"name\":\"Direcci\u00f3n de Comunicaciones Fiscal\u00eda General de la Naci\u00f3n\",\"@id\":\"https:\/\/www.fiscalia.gov.co\/colombia\/#\/schema\/person\/bf28d8ae7f1b287bbe3af484b04f43ea\"},\"headline\":\"Por apelaci\u00f3n de la Fiscal\u00eda, juez envi\u00f3 a la c\u00e1rcel a exalcaldesa de Quibd\u00f3 (Choc\u00f3) por caso de los Vig\u00e9simos Juegos Nacionales\",\"datePublished\":\"2019-02-13T15:15:47+00:00\",\"dateModified\":\"2019-02-13T15:15:47+00:00\",\"mainEntityOfPage\":{\"@id\":\"https:\/\/www.fiscalia.gov.co\/colombia\/seccionales\/por-apelacion-de-la-fiscalia-juez-envio-a-la-carcel-a-exalcaldesa-de-quibdo-choco-por-caso-de-los-vigesimos-juegos-nacionales\/\"},\"wordCount\":802,\"publisher\":{\"@id\":\"https:\/\/www.fiscalia.gov.co\/colombia\/#organization\"},\"articleSection\":[\"Corrupci\u00f3n\",\"Seccional Quibd\u00f3\",\"Seccionales\"],\"inLanguage\":\"es-CO\"},{\"@type\":\"WebPage\",\"@id\":\"https:\/\/www.fiscalia.gov.co\/colombia\/seccionales\/por-apelacion-de-la-fiscalia-juez-envio-a-la-carcel-a-exalcaldesa-de-quibdo-choco-por-caso-de-los-vigesimos-juegos-nacionales\/\",\"url\":\"https:\/\/www.fiscalia.gov.co\/colombia\/seccionales\/por-apelacion-de-la-fiscalia-juez-envio-a-la-carcel-a-exalcaldesa-de-quibdo-choco-por-caso-de-los-vigesimos-juegos-nacionales\/\",\"name\":\"Fiscal\u00eda General de la Naci\u00f3n\",\"isPartOf\":{\"@id\":\"https:\/\/www.fiscalia.gov.co\/colombia\/#website\"},\"datePublished\":\"2019-02-13T15:15:47+00:00\",\"dateModified\":\"2019-02-13T15:15:47+00:00\",\"description\":\"P\u00e1gina oficial de la Fiscal\u00eda General de la Naci\u00f3n \u2013 Colombia. Garantizamos el acceso efectivo a la justicia, la verdad y la reparaci\u00f3n de las v\u00edctimas de los delitos.\",\"breadcrumb\":{\"@id\":\"https:\/\/www.fiscalia.gov.co\/colombia\/seccionales\/por-apelacion-de-la-fiscalia-juez-envio-a-la-carcel-a-exalcaldesa-de-quibdo-choco-por-caso-de-los-vigesimos-juegos-nacionales\/#breadcrumb\"},\"inLanguage\":\"es-CO\",\"potentialAction\":[{\"@type\":\"ReadAction\",\"target\":[\"https:\/\/www.fiscalia.gov.co\/colombia\/seccionales\/por-apelacion-de-la-fiscalia-juez-envio-a-la-carcel-a-exalcaldesa-de-quibdo-choco-por-caso-de-los-vigesimos-juegos-nacionales\/\"]}]},{\"@type\":\"BreadcrumbList\",\"@id\":\"https:\/\/www.fiscalia.gov.co\/colombia\/seccionales\/por-apelacion-de-la-fiscalia-juez-envio-a-la-carcel-a-exalcaldesa-de-quibdo-choco-por-caso-de-los-vigesimos-juegos-nacionales\/#breadcrumb\",\"itemListElement\":[{\"@type\":\"ListItem\",\"position\":1,\"name\":\"Home\",\"item\":\"https:\/\/www.fiscalia.gov.co\/colombia\/\"},{\"@type\":\"ListItem\",\"position\":2,\"name\":\"Por apelaci\u00f3n de la Fiscal\u00eda, juez envi\u00f3 a la c\u00e1rcel a exalcaldesa de Quibd\u00f3 (Choc\u00f3) por caso de los Vig\u00e9simos Juegos Nacionales\"}]},{\"@type\":\"WebSite\",\"@id\":\"https:\/\/www.fiscalia.gov.co\/colombia\/#website\",\"url\":\"https:\/\/www.fiscalia.gov.co\/colombia\/\",\"name\":\"Fiscal\u00eda General de la Naci\u00f3n\",\"description\":\"P\u00e1gina oficial de la Fiscal\u00eda General de la Naci\u00f3n \u2013 Colombia. Garantizamos el acceso efectivo a la justicia, la verdad y la reparaci\u00f3n de las v\u00edctimas de los delitos.\",\"publisher\":{\"@id\":\"https:\/\/www.fiscalia.gov.co\/colombia\/#organization\"},\"potentialAction\":[{\"@type\":\"SearchAction\",\"target\":{\"@type\":\"EntryPoint\",\"urlTemplate\":\"https:\/\/www.fiscalia.gov.co\/colombia\/?s={search_term_string}\"},\"query-input\":{\"@type\":\"PropertyValueSpecification\",\"valueRequired\":true,\"valueName\":\"search_term_string\"}}],\"inLanguage\":\"es-CO\"},{\"@type\":\"Organization\",\"@id\":\"https:\/\/www.fiscalia.gov.co\/colombia\/#organization\",\"name\":\"Fiscal\u00eda General de la Naci\u00f3n\",\"url\":\"https:\/\/www.fiscalia.gov.co\/colombia\/\",\"logo\":{\"@type\":\"ImageObject\",\"inLanguage\":\"es-CO\",\"@id\":\"https:\/\/www.fiscalia.gov.co\/colombia\/#\/schema\/logo\/image\/\",\"url\":\"https:\/\/www.fiscalia.gov.co\/colombia\/wp-content\/uploads\/LogoHorizontal_1.jpg\",\"contentUrl\":\"https:\/\/www.fiscalia.gov.co\/colombia\/wp-content\/uploads\/LogoHorizontal_1.jpg\",\"width\":300,\"height\":90,\"caption\":\"Fiscal\u00eda General de la Naci\u00f3n\"},\"image\":{\"@id\":\"https:\/\/www.fiscalia.gov.co\/colombia\/#\/schema\/logo\/image\/\"},\"sameAs\":[\"https:\/\/www.facebook.com\/FiscaliaCol\",\"https:\/\/x.com\/FiscaliaCol\",\"https:\/\/www.instagram.com\/fiscaliacol\",\"https:\/\/www.linkedin.com\/company\/fiscalia-general-de-la-naci-n\/\",\"https:\/\/youtube.com\/@fiscaliageneraldelanacion-4668?si=6nN79nyQICPU5iTh\"]},{\"@type\":\"Person\",\"@id\":\"https:\/\/www.fiscalia.gov.co\/colombia\/#\/schema\/person\/bf28d8ae7f1b287bbe3af484b04f43ea\",\"name\":\"Direcci\u00f3n de Comunicaciones Fiscal\u00eda General de la Naci\u00f3n\",\"image\":{\"@type\":\"ImageObject\",\"inLanguage\":\"es-CO\",\"@id\":\"https:\/\/www.fiscalia.gov.co\/colombia\/#\/schema\/person\/image\/\",\"url\":\"https:\/\/secure.gravatar.com\/avatar\/9d55ae161d32da16dbdd0b380c080a5f?s=96&d=mm&r=g\",\"contentUrl\":\"https:\/\/secure.gravatar.com\/avatar\/9d55ae161d32da16dbdd0b380c080a5f?s=96&d=mm&r=g\",\"caption\":\"Direcci\u00f3n de Comunicaciones Fiscal\u00eda General de la Naci\u00f3n\"},\"url\":\"https:\/\/www.fiscalia.gov.co\/colombia\/author\/kbonilla\/\"}]}<\/script>\n<!-- \/ Yoast SEO plugin. -->","yoast_head_json":{"title":"Fiscal\u00eda General de la Naci\u00f3n","description":"P\u00e1gina oficial de la Fiscal\u00eda General de la Naci\u00f3n \u2013 Colombia. Garantizamos el acceso efectivo a la justicia, la verdad y la reparaci\u00f3n de las v\u00edctimas de los delitos.","robots":{"index":"noindex","follow":"follow"},"og_locale":"es_ES","og_type":"article","og_title":"Fiscal\u00eda General de la Naci\u00f3n","og_description":"P\u00e1gina oficial de la Fiscal\u00eda General de la Naci\u00f3n \u2013 Colombia. Garantizamos el acceso efectivo a la justicia, la verdad y la reparaci\u00f3n de las v\u00edctimas de los delitos.","og_url":"https:\/\/www.fiscalia.gov.co\/colombia\/seccionales\/por-apelacion-de-la-fiscalia-juez-envio-a-la-carcel-a-exalcaldesa-de-quibdo-choco-por-caso-de-los-vigesimos-juegos-nacionales\/","og_site_name":"Fiscal\u00eda General de la Naci\u00f3n","article_publisher":"https:\/\/www.facebook.com\/FiscaliaCol","article_published_time":"2019-02-13T15:15:47+00:00","author":"Direcci\u00f3n de Comunicaciones Fiscal\u00eda General de la Naci\u00f3n","twitter_card":"summary_large_image","twitter_creator":"@FiscaliaCol","twitter_site":"@FiscaliaCol","twitter_misc":{"Escrito por":"Direcci\u00f3n de Comunicaciones Fiscal\u00eda General de la Naci\u00f3n","Tiempo de lectura":"4 minutos"},"schema":{"@context":"https:\/\/schema.org","@graph":[{"@type":"Article","@id":"https:\/\/www.fiscalia.gov.co\/colombia\/seccionales\/por-apelacion-de-la-fiscalia-juez-envio-a-la-carcel-a-exalcaldesa-de-quibdo-choco-por-caso-de-los-vigesimos-juegos-nacionales\/#article","isPartOf":{"@id":"https:\/\/www.fiscalia.gov.co\/colombia\/seccionales\/por-apelacion-de-la-fiscalia-juez-envio-a-la-carcel-a-exalcaldesa-de-quibdo-choco-por-caso-de-los-vigesimos-juegos-nacionales\/"},"author":{"name":"Direcci\u00f3n de Comunicaciones Fiscal\u00eda General de la Naci\u00f3n","@id":"https:\/\/www.fiscalia.gov.co\/colombia\/#\/schema\/person\/bf28d8ae7f1b287bbe3af484b04f43ea"},"headline":"Por apelaci\u00f3n de la Fiscal\u00eda, juez envi\u00f3 a la c\u00e1rcel a exalcaldesa de Quibd\u00f3 (Choc\u00f3) por caso de los Vig\u00e9simos Juegos Nacionales","datePublished":"2019-02-13T15:15:47+00:00","dateModified":"2019-02-13T15:15:47+00:00","mainEntityOfPage":{"@id":"https:\/\/www.fiscalia.gov.co\/colombia\/seccionales\/por-apelacion-de-la-fiscalia-juez-envio-a-la-carcel-a-exalcaldesa-de-quibdo-choco-por-caso-de-los-vigesimos-juegos-nacionales\/"},"wordCount":802,"publisher":{"@id":"https:\/\/www.fiscalia.gov.co\/colombia\/#organization"},"articleSection":["Corrupci\u00f3n","Seccional Quibd\u00f3","Seccionales"],"inLanguage":"es-CO"},{"@type":"WebPage","@id":"https:\/\/www.fiscalia.gov.co\/colombia\/seccionales\/por-apelacion-de-la-fiscalia-juez-envio-a-la-carcel-a-exalcaldesa-de-quibdo-choco-por-caso-de-los-vigesimos-juegos-nacionales\/","url":"https:\/\/www.fiscalia.gov.co\/colombia\/seccionales\/por-apelacion-de-la-fiscalia-juez-envio-a-la-carcel-a-exalcaldesa-de-quibdo-choco-por-caso-de-los-vigesimos-juegos-nacionales\/","name":"Fiscal\u00eda General de la Naci\u00f3n","isPartOf":{"@id":"https:\/\/www.fiscalia.gov.co\/colombia\/#website"},"datePublished":"2019-02-13T15:15:47+00:00","dateModified":"2019-02-13T15:15:47+00:00","description":"P\u00e1gina oficial de la Fiscal\u00eda General de la Naci\u00f3n \u2013 Colombia. Garantizamos el acceso efectivo a la justicia, la verdad y la reparaci\u00f3n de las v\u00edctimas de los delitos.","breadcrumb":{"@id":"https:\/\/www.fiscalia.gov.co\/colombia\/seccionales\/por-apelacion-de-la-fiscalia-juez-envio-a-la-carcel-a-exalcaldesa-de-quibdo-choco-por-caso-de-los-vigesimos-juegos-nacionales\/#breadcrumb"},"inLanguage":"es-CO","potentialAction":[{"@type":"ReadAction","target":["https:\/\/www.fiscalia.gov.co\/colombia\/seccionales\/por-apelacion-de-la-fiscalia-juez-envio-a-la-carcel-a-exalcaldesa-de-quibdo-choco-por-caso-de-los-vigesimos-juegos-nacionales\/"]}]},{"@type":"BreadcrumbList","@id":"https:\/\/www.fiscalia.gov.co\/colombia\/seccionales\/por-apelacion-de-la-fiscalia-juez-envio-a-la-carcel-a-exalcaldesa-de-quibdo-choco-por-caso-de-los-vigesimos-juegos-nacionales\/#breadcrumb","itemListElement":[{"@type":"ListItem","position":1,"name":"Home","item":"https:\/\/www.fiscalia.gov.co\/colombia\/"},{"@type":"ListItem","position":2,"name":"Por apelaci\u00f3n de la Fiscal\u00eda, juez envi\u00f3 a la c\u00e1rcel a exalcaldesa de Quibd\u00f3 (Choc\u00f3) por caso de los Vig\u00e9simos Juegos Nacionales"}]},{"@type":"WebSite","@id":"https:\/\/www.fiscalia.gov.co\/colombia\/#website","url":"https:\/\/www.fiscalia.gov.co\/colombia\/","name":"Fiscal\u00eda General de la Naci\u00f3n","description":"P\u00e1gina oficial de la Fiscal\u00eda General de la Naci\u00f3n \u2013 Colombia. Garantizamos el acceso efectivo a la justicia, la verdad y la reparaci\u00f3n de las v\u00edctimas de los delitos.","publisher":{"@id":"https:\/\/www.fiscalia.gov.co\/colombia\/#organization"},"potentialAction":[{"@type":"SearchAction","target":{"@type":"EntryPoint","urlTemplate":"https:\/\/www.fiscalia.gov.co\/colombia\/?s={search_term_string}"},"query-input":{"@type":"PropertyValueSpecification","valueRequired":true,"valueName":"search_term_string"}}],"inLanguage":"es-CO"},{"@type":"Organization","@id":"https:\/\/www.fiscalia.gov.co\/colombia\/#organization","name":"Fiscal\u00eda General de la Naci\u00f3n","url":"https:\/\/www.fiscalia.gov.co\/colombia\/","logo":{"@type":"ImageObject","inLanguage":"es-CO","@id":"https:\/\/www.fiscalia.gov.co\/colombia\/#\/schema\/logo\/image\/","url":"https:\/\/www.fiscalia.gov.co\/colombia\/wp-content\/uploads\/LogoHorizontal_1.jpg","contentUrl":"https:\/\/www.fiscalia.gov.co\/colombia\/wp-content\/uploads\/LogoHorizontal_1.jpg","width":300,"height":90,"caption":"Fiscal\u00eda General de la Naci\u00f3n"},"image":{"@id":"https:\/\/www.fiscalia.gov.co\/colombia\/#\/schema\/logo\/image\/"},"sameAs":["https:\/\/www.facebook.com\/FiscaliaCol","https:\/\/x.com\/FiscaliaCol","https:\/\/www.instagram.com\/fiscaliacol","https:\/\/www.linkedin.com\/company\/fiscalia-general-de-la-naci-n\/","https:\/\/youtube.com\/@fiscaliageneraldelanacion-4668?si=6nN79nyQICPU5iTh"]},{"@type":"Person","@id":"https:\/\/www.fiscalia.gov.co\/colombia\/#\/schema\/person\/bf28d8ae7f1b287bbe3af484b04f43ea","name":"Direcci\u00f3n de Comunicaciones Fiscal\u00eda General de la Naci\u00f3n","image":{"@type":"ImageObject","inLanguage":"es-CO","@id":"https:\/\/www.fiscalia.gov.co\/colombia\/#\/schema\/person\/image\/","url":"https:\/\/secure.gravatar.com\/avatar\/9d55ae161d32da16dbdd0b380c080a5f?s=96&d=mm&r=g","contentUrl":"https:\/\/secure.gravatar.com\/avatar\/9d55ae161d32da16dbdd0b380c080a5f?s=96&d=mm&r=g","caption":"Direcci\u00f3n de Comunicaciones Fiscal\u00eda General de la Naci\u00f3n"},"url":"https:\/\/www.fiscalia.gov.co\/colombia\/author\/kbonilla\/"}]}},"_links":{"self":[{"href":"https:\/\/www.fiscalia.gov.co\/colombia\/wp-json\/wp\/v2\/posts\/175436","targetHints":{"allow":["GET"]}}],"collection":[{"href":"https:\/\/www.fiscalia.gov.co\/colombia\/wp-json\/wp\/v2\/posts"}],"about":[{"href":"https:\/\/www.fiscalia.gov.co\/colombia\/wp-json\/wp\/v2\/types\/post"}],"author":[{"embeddable":true,"href":"https:\/\/www.fiscalia.gov.co\/colombia\/wp-json\/wp\/v2\/users\/162"}],"replies":[{"embeddable":true,"href":"https:\/\/www.fiscalia.gov.co\/colombia\/wp-json\/wp\/v2\/comments?post=175436"}],"version-history":[{"count":1,"href":"https:\/\/www.fiscalia.gov.co\/colombia\/wp-json\/wp\/v2\/posts\/175436\/revisions"}],"predecessor-version":[{"id":175437,"href":"https:\/\/www.fiscalia.gov.co\/colombia\/wp-json\/wp\/v2\/posts\/175436\/revisions\/175437"}],"wp:attachment":[{"href":"https:\/\/www.fiscalia.gov.co\/colombia\/wp-json\/wp\/v2\/media?parent=175436"}],"wp:term":[{"taxonomy":"category","embeddable":true,"href":"https:\/\/www.fiscalia.gov.co\/colombia\/wp-json\/wp\/v2\/categories?post=175436"},{"taxonomy":"post_tag","embeddable":true,"href":"https:\/\/www.fiscalia.gov.co\/colombia\/wp-json\/wp\/v2\/tags?post=175436"}],"curies":[{"name":"wp","href":"https:\/\/api.w.org\/{rel}","templated":true}]}}