{"id":1753,"date":"2011-04-04T09:01:17","date_gmt":"2011-04-04T14:01:17","guid":{"rendered":"http:\/\/www.fiscalia.gov.co\/colombia\/?p=1753"},"modified":"2012-05-18T16:04:00","modified_gmt":"2012-05-18T21:04:00","slug":"la-constitucion-politica-es-el-motor-del-derecho-penal-fiscal-general","status":"publish","type":"post","link":"https:\/\/www.fiscalia.gov.co\/colombia\/noticias\/la-constitucion-politica-es-el-motor-del-derecho-penal-fiscal-general\/","title":{"rendered":"\u201cLa Constituci\u00f3n Pol\u00edtica es el motor del Derecho Penal\u201d, Fiscal General"},"content":{"rendered":"<p>El siguiente es un fragmento del discurso dado por la Fiscal General de la Naci\u00f3n, Viviane Morales Hoyos, en el \u2018Primer Congreso Nacional de Derecho Constitucional\u2019, organizado por la Universidad Libre de Cali en el marco de los 20 a\u00f1os de la Constituci\u00f3n Pol\u00edtica de Colombia:<\/p>\n<p>\u201cLa Constituci\u00f3n Pol\u00edtica de Colombia dej\u00f3 de ser una norma abstracta para convertirse en un puente directo del Derecho, aplicable en la definici\u00f3n de las libertades fundamentales en casos concretos.<\/p>\n<p>Esto ha producido cambios en la manera de entender el derecho penal, porque significa que los derechos del procesado y de las v\u00edctimas ya no dependen  de su consagraci\u00f3n expresa en los C\u00f3digos Penal  y de Procedimiento Penal, sino que debe acudirse al texto constitucional como fuente directa del derecho.<\/p>\n<p>Esta importancia que ha venido adquiriendo el texto  constitucional en la determinaci\u00f3n del derecho penal, aplicable en cada caso concreto, es consecuencia, entre otras causas, de la creaci\u00f3n de la Corte Constitucional, porque ha sido la jurisprudencia de esta corporaci\u00f3n la que se ha encargado de llenar de contenido y definir los l\u00edmites de las instituciones penales.<\/p>\n<p>(\u00c2\u2026) Por ejemplo, la jurisprudencia de la Corte Constitucional acerca del l\u00edmite de las facultades jurisdiccionales de la Fiscal\u00eda General de la Naci\u00f3n ha sido medular en la racionalidad y la estructura del Sistema Penal Acusatorio.<\/p>\n<p>Los sujetos procesales no s\u00f3lo cuentan con abundante y decantada jurisprudencia a cerca del contenido de sus derechos fundamentales, sino que adem\u00e1s cuentan con un mecanismo \u00e1gil e independiente al proceso penal para hacerlos valer.<\/p>\n<p>Hace dos d\u00e9cadas, los \u00fanicos mecanismos existentes para proteger los derechos del procesado frente a agravios o agresiones de sus derechos fundamentales eran las instituciones procesales tradicionales. <\/p>\n<p>Actualmente, los procesados tienen a su alcance una acci\u00f3n p\u00fablica para exigir la tutela de sus derechos fundamentales, en aquellos casos en los que la ley procesal no tiene alcance. <\/p>\n<p>Pero la acci\u00f3n de tutela no es la \u00fanica v\u00eda. La Constituci\u00f3n de 1991 ha llenado de valores al habeas corpus no s\u00f3lo como derecho fundamental sino como una acci\u00f3n p\u00fablica para la defensa de la libertad. La Corte Constitucional ha logrado convertir el habeas corpus como el mecanismo m\u00e1s indicado para la protecci\u00f3n de la libertad individual, existente en el ordenamiento penal colombiano.<\/p>\n<p>En fin, la Constituci\u00f3n Nacional y el desarrollo de la Corte Constitucional redimieron, por completo, el derecho penal. La Constituci\u00f3n Nacional  ha producido un cambio total de paradigma en este campo del derecho. Prueba de ello es la manera como los jueces penales municipales vienen cumpliendo la funci\u00f3n como jueces de control de garant\u00edas en el proceso penal.<\/p>\n<p>Pod\u00edamos decir, sin equivocarnos, que el derecho penal colombiano es hoy m\u00e1s garantista que nunca. Precisamente, gracias a que la Constituci\u00f3n Nacional  y la jurisprudencia de la Corte Constitucional lo cambiaron por completo,  al punto que los jueces, los fiscales, los defensores, las v\u00edctimas y el Ministerio P\u00fablico, recurren a ellos.<\/p>\n<p>(\u00c2\u2026) El ordenamiento pol\u00edtico colombiano ha creado un r\u00e9gimen especial para revestir de mayores garant\u00edas a las v\u00edctimas de los delitos cometidos por miembros de los grupos ilegales desde el 2006.<\/p>\n<p>La Ley de Justicia y Paz tiene a la v\u00edctima justo en el centro del proceso y la convierte en un actor indispensable.<\/p>\n<p>La Unidad Nacional de Justicia y Paz de la Fiscal\u00eda General de la Naci\u00f3n ha realizado 559 jornadas de v\u00edctimas, en las que ha atendido a 110 mil personas y 176 jornadas de atenci\u00f3n a familiares de desaparecidos en las cuales se han atendido cerca de  34 mil familiares.<\/p>\n<p>En esas jornadas, las v\u00edctimas no s\u00f3lo aportan informaci\u00f3n valiosa sino que han entregado alrededor de 14 mil muestras de sangre para posterior cotejo de ADN.<\/p>\n<p>La colaboraci\u00f3n de las v\u00edctimas y de los familiares de desaparecidos es fundamental para la reconstrucci\u00f3n de la verdad hist\u00f3rica del conflicto y para identificar los miles de restos encontrados en las exhumaciones de los cientos de fosas comunes, informadas por los postulados de Justicia y Paz.<\/p>\n<p>(\u00c2\u2026) La Unidad Nacional de fiscales especializados, tambi\u00e9n, tiene por delante un reto importante en materia de reparaci\u00f3n, consistente en apoyar el proceso de restituci\u00f3n de tierras. <\/p>\n<p>La restituci\u00f3n de tierras es un proyecto sumamente ambicioso que pasa por la dif\u00edcil tarea de hacer un censo electoral de tierras despojadas, titularizarlas y devolverlas a las miles de familias desplazadas.<\/p>\n<p>La responsabilidad de la Fiscal\u00eda consiste esencialmente en contribuir a la identificaci\u00f3n de las v\u00edctimas de desplazamiento que tienen derecho a la restituci\u00f3n. Adem\u00e1s, tiene la obligaci\u00f3n constitucional de identificar, capturar y judicializar a los responsables para asegurar que el derecho de restituci\u00f3n de tierras no se lleve a cabo en un marco de impunidad.<\/p>\n<p>Y por si esto fuera poco, la Fiscal\u00eda General de la Naci\u00f3n tiene, tambi\u00e9n, la obligaci\u00f3n de contribuir a la identificaci\u00f3n de las tierras arrebatadas a los miles de campesinos desplazados por la violencia para que las autoridades correspondientes puedan llevar a feliz t\u00e9rmino su restituci\u00f3n.<\/p>\n<p>Por ejemplo, la Unidad Nacional de Derechos Humanos y DIH est\u00e1 manejando una investigaci\u00f3n emblem\u00e1tica de restituci\u00f3n de tierras, la cual tiene como objetivo la identificaci\u00f3n de los responsables del despojo de 30 mil hect\u00e1reas de lotes colectivos ubicados en las riveras de los r\u00edos Curvarad\u00f3 y Jiguamiand\u00f3 en el a\u00f1o 2001. Indispensable para la restituci\u00f3n a sus leg\u00edtimos propietarios.<\/p>\n<p>Finalmente, la Constituci\u00f3n Nacional tuvo influencia en la forma de proteger los bienes jur\u00eddicos colectivos. La Fiscal\u00eda General de la Naci\u00f3n ha tenido que crear unidades especializadas en delitos contra la salud p\u00fablica, seguridad p\u00fablica, del orden econ\u00f3mico y social. <\/p>\n<p>A manera de conclusi\u00f3n, quisiera se\u00f1alar que no hay duda de que el derecho penal colombiano es un derecho completamente constitucionalizado. Pr\u00e1cticamente no hay instituci\u00f3n penal que escape a la influencia de la Constituci\u00f3n Nacional o que no requiera de una interpretaci\u00f3n constitucional. Esto hace que la Carta Pol\u00edtica adquiera vida y se transforme en el motor del derecho penal\u201d.<\/p>\n\n<div class=\"twitter-share\"><a href=\"https:\/\/twitter.com\/intent\/tweet?via=fiscaliacol\" class=\"twitter-share-button\">Tweet<\/a><\/div>\n","protected":false},"excerpt":{"rendered":"<p>El siguiente es un fragmento del discurso dado por la Fiscal General de la Naci\u00f3n, Viviane Morales Hoyos, en el \u2018Primer Congreso Nacional de Derecho Constitucional\u2019, organizado por la Universidad Libre de Cali en el marco de los 20 a\u00f1os de la Constituci\u00f3n Pol\u00edtica de Colombia: \u201cLa Constituci\u00f3n Pol\u00edtica de Colombia dej\u00f3 de ser una [&hellip;]<\/p>\n","protected":false},"author":143,"featured_media":0,"comment_status":"open","ping_status":"open","sticky":false,"template":"","format":"standard","meta":{"_price":"","_stock":"","_tribe_ticket_header":"","_tribe_default_ticket_provider":"","_tribe_ticket_capacity":"0","_ticket_start_date":"","_ticket_end_date":"","_tribe_ticket_show_description":"","_tribe_ticket_show_not_going":false,"_tribe_ticket_use_global_stock":"","_tribe_ticket_global_stock_level":"","_global_stock_mode":"","_global_stock_cap":"","_tribe_rsvp_for_event":"","_tribe_ticket_going_count":"","_tribe_ticket_not_going_count":"","_tribe_tickets_list":"[]","_tribe_ticket_has_attendee_info_fields":false,"tdm_status":"","tdm_grid_status":"","footnotes":""},"categories":[1],"tags":[23823],"class_list":{"0":"post-1753","1":"post","2":"type-post","3":"status-publish","4":"format-standard","6":"category-noticias","7":"tag-cali"},"yoast_head":"<!-- This site is optimized with the Yoast SEO plugin v24.3 - https:\/\/yoast.com\/wordpress\/plugins\/seo\/ -->\n<title>Fiscal\u00eda General de la Naci\u00f3n<\/title>\n<meta name=\"description\" content=\"P\u00e1gina oficial de la Fiscal\u00eda General de la Naci\u00f3n \u2013 Colombia. Garantizamos el acceso efectivo a la justicia, la verdad y la reparaci\u00f3n de las v\u00edctimas de los delitos.\" \/>\n<meta name=\"robots\" content=\"noindex, follow\" \/>\n<meta property=\"og:locale\" content=\"es_ES\" \/>\n<meta property=\"og:type\" content=\"article\" \/>\n<meta property=\"og:title\" content=\"Fiscal\u00eda General de la Naci\u00f3n\" \/>\n<meta property=\"og:description\" content=\"P\u00e1gina oficial de la Fiscal\u00eda General de la Naci\u00f3n \u2013 Colombia. Garantizamos el acceso efectivo a la justicia, la verdad y la reparaci\u00f3n de las v\u00edctimas de los delitos.\" \/>\n<meta property=\"og:url\" content=\"https:\/\/www.fiscalia.gov.co\/colombia\/noticias\/la-constitucion-politica-es-el-motor-del-derecho-penal-fiscal-general\/\" \/>\n<meta property=\"og:site_name\" content=\"Fiscal\u00eda General de la Naci\u00f3n\" \/>\n<meta property=\"article:publisher\" content=\"https:\/\/www.facebook.com\/FiscaliaCol\" \/>\n<meta property=\"article:published_time\" content=\"2011-04-04T14:01:17+00:00\" \/>\n<meta property=\"article:modified_time\" content=\"2012-05-18T21:04:00+00:00\" \/>\n<meta name=\"author\" content=\"dfgordillo\" \/>\n<meta name=\"twitter:card\" content=\"summary_large_image\" \/>\n<meta name=\"twitter:creator\" content=\"@FiscaliaCol\" \/>\n<meta name=\"twitter:site\" content=\"@FiscaliaCol\" \/>\n<meta name=\"twitter:label1\" content=\"Escrito por\" \/>\n\t<meta name=\"twitter:data1\" content=\"dfgordillo\" \/>\n\t<meta name=\"twitter:label2\" content=\"Tiempo de lectura\" \/>\n\t<meta name=\"twitter:data2\" content=\"5 minutos\" \/>\n<script type=\"application\/ld+json\" class=\"yoast-schema-graph\">{\"@context\":\"https:\/\/schema.org\",\"@graph\":[{\"@type\":\"Article\",\"@id\":\"https:\/\/www.fiscalia.gov.co\/colombia\/noticias\/la-constitucion-politica-es-el-motor-del-derecho-penal-fiscal-general\/#article\",\"isPartOf\":{\"@id\":\"https:\/\/www.fiscalia.gov.co\/colombia\/noticias\/la-constitucion-politica-es-el-motor-del-derecho-penal-fiscal-general\/\"},\"author\":{\"name\":\"dfgordillo\",\"@id\":\"https:\/\/www.fiscalia.gov.co\/colombia\/#\/schema\/person\/3903856a3ce2d54b094c69eb29247895\"},\"headline\":\"\u201cLa Constituci\u00f3n Pol\u00edtica es el motor del Derecho Penal\u201d, Fiscal General\",\"datePublished\":\"2011-04-04T14:01:17+00:00\",\"dateModified\":\"2012-05-18T21:04:00+00:00\",\"mainEntityOfPage\":{\"@id\":\"https:\/\/www.fiscalia.gov.co\/colombia\/noticias\/la-constitucion-politica-es-el-motor-del-derecho-penal-fiscal-general\/\"},\"wordCount\":1077,\"commentCount\":0,\"publisher\":{\"@id\":\"https:\/\/www.fiscalia.gov.co\/colombia\/#organization\"},\"keywords\":[\"Cali\"],\"articleSection\":[\"Noticias\"],\"inLanguage\":\"es-CO\",\"potentialAction\":[{\"@type\":\"CommentAction\",\"name\":\"Comment\",\"target\":[\"https:\/\/www.fiscalia.gov.co\/colombia\/noticias\/la-constitucion-politica-es-el-motor-del-derecho-penal-fiscal-general\/#respond\"]}]},{\"@type\":\"WebPage\",\"@id\":\"https:\/\/www.fiscalia.gov.co\/colombia\/noticias\/la-constitucion-politica-es-el-motor-del-derecho-penal-fiscal-general\/\",\"url\":\"https:\/\/www.fiscalia.gov.co\/colombia\/noticias\/la-constitucion-politica-es-el-motor-del-derecho-penal-fiscal-general\/\",\"name\":\"Fiscal\u00eda General de la Naci\u00f3n\",\"isPartOf\":{\"@id\":\"https:\/\/www.fiscalia.gov.co\/colombia\/#website\"},\"datePublished\":\"2011-04-04T14:01:17+00:00\",\"dateModified\":\"2012-05-18T21:04:00+00:00\",\"description\":\"P\u00e1gina oficial de la Fiscal\u00eda General de la Naci\u00f3n \u2013 Colombia. Garantizamos el acceso efectivo a la justicia, la verdad y la reparaci\u00f3n de las v\u00edctimas de los delitos.\",\"breadcrumb\":{\"@id\":\"https:\/\/www.fiscalia.gov.co\/colombia\/noticias\/la-constitucion-politica-es-el-motor-del-derecho-penal-fiscal-general\/#breadcrumb\"},\"inLanguage\":\"es-CO\",\"potentialAction\":[{\"@type\":\"ReadAction\",\"target\":[\"https:\/\/www.fiscalia.gov.co\/colombia\/noticias\/la-constitucion-politica-es-el-motor-del-derecho-penal-fiscal-general\/\"]}]},{\"@type\":\"BreadcrumbList\",\"@id\":\"https:\/\/www.fiscalia.gov.co\/colombia\/noticias\/la-constitucion-politica-es-el-motor-del-derecho-penal-fiscal-general\/#breadcrumb\",\"itemListElement\":[{\"@type\":\"ListItem\",\"position\":1,\"name\":\"Home\",\"item\":\"https:\/\/www.fiscalia.gov.co\/colombia\/\"},{\"@type\":\"ListItem\",\"position\":2,\"name\":\"\u201cLa Constituci\u00f3n Pol\u00edtica es el motor del Derecho Penal\u201d, Fiscal General\"}]},{\"@type\":\"WebSite\",\"@id\":\"https:\/\/www.fiscalia.gov.co\/colombia\/#website\",\"url\":\"https:\/\/www.fiscalia.gov.co\/colombia\/\",\"name\":\"Fiscal\u00eda General de la Naci\u00f3n\",\"description\":\"P\u00e1gina oficial de la Fiscal\u00eda General de la Naci\u00f3n \u2013 Colombia. Garantizamos el acceso efectivo a la justicia, la verdad y la reparaci\u00f3n de las v\u00edctimas de los delitos.\",\"publisher\":{\"@id\":\"https:\/\/www.fiscalia.gov.co\/colombia\/#organization\"},\"potentialAction\":[{\"@type\":\"SearchAction\",\"target\":{\"@type\":\"EntryPoint\",\"urlTemplate\":\"https:\/\/www.fiscalia.gov.co\/colombia\/?s={search_term_string}\"},\"query-input\":{\"@type\":\"PropertyValueSpecification\",\"valueRequired\":true,\"valueName\":\"search_term_string\"}}],\"inLanguage\":\"es-CO\"},{\"@type\":\"Organization\",\"@id\":\"https:\/\/www.fiscalia.gov.co\/colombia\/#organization\",\"name\":\"Fiscal\u00eda General de la Naci\u00f3n\",\"url\":\"https:\/\/www.fiscalia.gov.co\/colombia\/\",\"logo\":{\"@type\":\"ImageObject\",\"inLanguage\":\"es-CO\",\"@id\":\"https:\/\/www.fiscalia.gov.co\/colombia\/#\/schema\/logo\/image\/\",\"url\":\"https:\/\/www.fiscalia.gov.co\/colombia\/wp-content\/uploads\/LogoHorizontal_1.jpg\",\"contentUrl\":\"https:\/\/www.fiscalia.gov.co\/colombia\/wp-content\/uploads\/LogoHorizontal_1.jpg\",\"width\":300,\"height\":90,\"caption\":\"Fiscal\u00eda General de la Naci\u00f3n\"},\"image\":{\"@id\":\"https:\/\/www.fiscalia.gov.co\/colombia\/#\/schema\/logo\/image\/\"},\"sameAs\":[\"https:\/\/www.facebook.com\/FiscaliaCol\",\"https:\/\/x.com\/FiscaliaCol\",\"https:\/\/www.instagram.com\/fiscaliacol\",\"https:\/\/www.linkedin.com\/company\/fiscalia-general-de-la-naci-n\/\",\"https:\/\/youtube.com\/@fiscaliageneraldelanacion-4668?si=6nN79nyQICPU5iTh\"]},{\"@type\":\"Person\",\"@id\":\"https:\/\/www.fiscalia.gov.co\/colombia\/#\/schema\/person\/3903856a3ce2d54b094c69eb29247895\",\"name\":\"dfgordillo\",\"image\":{\"@type\":\"ImageObject\",\"inLanguage\":\"es-CO\",\"@id\":\"https:\/\/www.fiscalia.gov.co\/colombia\/#\/schema\/person\/image\/\",\"url\":\"https:\/\/secure.gravatar.com\/avatar\/b6356e21c5657c60757fe6fb9493e947?s=96&d=mm&r=g\",\"contentUrl\":\"https:\/\/secure.gravatar.com\/avatar\/b6356e21c5657c60757fe6fb9493e947?s=96&d=mm&r=g\",\"caption\":\"dfgordillo\"},\"sameAs\":[\"dfgordillo\"],\"url\":\"https:\/\/www.fiscalia.gov.co\/colombia\/author\/dfgordillo\/\"}]}<\/script>\n<!-- \/ Yoast SEO plugin. -->","yoast_head_json":{"title":"Fiscal\u00eda General de la Naci\u00f3n","description":"P\u00e1gina oficial de la Fiscal\u00eda General de la Naci\u00f3n \u2013 Colombia. Garantizamos el acceso efectivo a la justicia, la verdad y la reparaci\u00f3n de las v\u00edctimas de los delitos.","robots":{"index":"noindex","follow":"follow"},"og_locale":"es_ES","og_type":"article","og_title":"Fiscal\u00eda General de la Naci\u00f3n","og_description":"P\u00e1gina oficial de la Fiscal\u00eda General de la Naci\u00f3n \u2013 Colombia. Garantizamos el acceso efectivo a la justicia, la verdad y la reparaci\u00f3n de las v\u00edctimas de los delitos.","og_url":"https:\/\/www.fiscalia.gov.co\/colombia\/noticias\/la-constitucion-politica-es-el-motor-del-derecho-penal-fiscal-general\/","og_site_name":"Fiscal\u00eda General de la Naci\u00f3n","article_publisher":"https:\/\/www.facebook.com\/FiscaliaCol","article_published_time":"2011-04-04T14:01:17+00:00","article_modified_time":"2012-05-18T21:04:00+00:00","author":"dfgordillo","twitter_card":"summary_large_image","twitter_creator":"@FiscaliaCol","twitter_site":"@FiscaliaCol","twitter_misc":{"Escrito por":"dfgordillo","Tiempo de lectura":"5 minutos"},"schema":{"@context":"https:\/\/schema.org","@graph":[{"@type":"Article","@id":"https:\/\/www.fiscalia.gov.co\/colombia\/noticias\/la-constitucion-politica-es-el-motor-del-derecho-penal-fiscal-general\/#article","isPartOf":{"@id":"https:\/\/www.fiscalia.gov.co\/colombia\/noticias\/la-constitucion-politica-es-el-motor-del-derecho-penal-fiscal-general\/"},"author":{"name":"dfgordillo","@id":"https:\/\/www.fiscalia.gov.co\/colombia\/#\/schema\/person\/3903856a3ce2d54b094c69eb29247895"},"headline":"\u201cLa Constituci\u00f3n Pol\u00edtica es el motor del Derecho Penal\u201d, Fiscal General","datePublished":"2011-04-04T14:01:17+00:00","dateModified":"2012-05-18T21:04:00+00:00","mainEntityOfPage":{"@id":"https:\/\/www.fiscalia.gov.co\/colombia\/noticias\/la-constitucion-politica-es-el-motor-del-derecho-penal-fiscal-general\/"},"wordCount":1077,"commentCount":0,"publisher":{"@id":"https:\/\/www.fiscalia.gov.co\/colombia\/#organization"},"keywords":["Cali"],"articleSection":["Noticias"],"inLanguage":"es-CO","potentialAction":[{"@type":"CommentAction","name":"Comment","target":["https:\/\/www.fiscalia.gov.co\/colombia\/noticias\/la-constitucion-politica-es-el-motor-del-derecho-penal-fiscal-general\/#respond"]}]},{"@type":"WebPage","@id":"https:\/\/www.fiscalia.gov.co\/colombia\/noticias\/la-constitucion-politica-es-el-motor-del-derecho-penal-fiscal-general\/","url":"https:\/\/www.fiscalia.gov.co\/colombia\/noticias\/la-constitucion-politica-es-el-motor-del-derecho-penal-fiscal-general\/","name":"Fiscal\u00eda General de la Naci\u00f3n","isPartOf":{"@id":"https:\/\/www.fiscalia.gov.co\/colombia\/#website"},"datePublished":"2011-04-04T14:01:17+00:00","dateModified":"2012-05-18T21:04:00+00:00","description":"P\u00e1gina oficial de la Fiscal\u00eda General de la Naci\u00f3n \u2013 Colombia. Garantizamos el acceso efectivo a la justicia, la verdad y la reparaci\u00f3n de las v\u00edctimas de los delitos.","breadcrumb":{"@id":"https:\/\/www.fiscalia.gov.co\/colombia\/noticias\/la-constitucion-politica-es-el-motor-del-derecho-penal-fiscal-general\/#breadcrumb"},"inLanguage":"es-CO","potentialAction":[{"@type":"ReadAction","target":["https:\/\/www.fiscalia.gov.co\/colombia\/noticias\/la-constitucion-politica-es-el-motor-del-derecho-penal-fiscal-general\/"]}]},{"@type":"BreadcrumbList","@id":"https:\/\/www.fiscalia.gov.co\/colombia\/noticias\/la-constitucion-politica-es-el-motor-del-derecho-penal-fiscal-general\/#breadcrumb","itemListElement":[{"@type":"ListItem","position":1,"name":"Home","item":"https:\/\/www.fiscalia.gov.co\/colombia\/"},{"@type":"ListItem","position":2,"name":"\u201cLa Constituci\u00f3n Pol\u00edtica es el motor del Derecho Penal\u201d, Fiscal General"}]},{"@type":"WebSite","@id":"https:\/\/www.fiscalia.gov.co\/colombia\/#website","url":"https:\/\/www.fiscalia.gov.co\/colombia\/","name":"Fiscal\u00eda General de la Naci\u00f3n","description":"P\u00e1gina oficial de la Fiscal\u00eda General de la Naci\u00f3n \u2013 Colombia. Garantizamos el acceso efectivo a la justicia, la verdad y la reparaci\u00f3n de las v\u00edctimas de los delitos.","publisher":{"@id":"https:\/\/www.fiscalia.gov.co\/colombia\/#organization"},"potentialAction":[{"@type":"SearchAction","target":{"@type":"EntryPoint","urlTemplate":"https:\/\/www.fiscalia.gov.co\/colombia\/?s={search_term_string}"},"query-input":{"@type":"PropertyValueSpecification","valueRequired":true,"valueName":"search_term_string"}}],"inLanguage":"es-CO"},{"@type":"Organization","@id":"https:\/\/www.fiscalia.gov.co\/colombia\/#organization","name":"Fiscal\u00eda General de la Naci\u00f3n","url":"https:\/\/www.fiscalia.gov.co\/colombia\/","logo":{"@type":"ImageObject","inLanguage":"es-CO","@id":"https:\/\/www.fiscalia.gov.co\/colombia\/#\/schema\/logo\/image\/","url":"https:\/\/www.fiscalia.gov.co\/colombia\/wp-content\/uploads\/LogoHorizontal_1.jpg","contentUrl":"https:\/\/www.fiscalia.gov.co\/colombia\/wp-content\/uploads\/LogoHorizontal_1.jpg","width":300,"height":90,"caption":"Fiscal\u00eda General de la Naci\u00f3n"},"image":{"@id":"https:\/\/www.fiscalia.gov.co\/colombia\/#\/schema\/logo\/image\/"},"sameAs":["https:\/\/www.facebook.com\/FiscaliaCol","https:\/\/x.com\/FiscaliaCol","https:\/\/www.instagram.com\/fiscaliacol","https:\/\/www.linkedin.com\/company\/fiscalia-general-de-la-naci-n\/","https:\/\/youtube.com\/@fiscaliageneraldelanacion-4668?si=6nN79nyQICPU5iTh"]},{"@type":"Person","@id":"https:\/\/www.fiscalia.gov.co\/colombia\/#\/schema\/person\/3903856a3ce2d54b094c69eb29247895","name":"dfgordillo","image":{"@type":"ImageObject","inLanguage":"es-CO","@id":"https:\/\/www.fiscalia.gov.co\/colombia\/#\/schema\/person\/image\/","url":"https:\/\/secure.gravatar.com\/avatar\/b6356e21c5657c60757fe6fb9493e947?s=96&d=mm&r=g","contentUrl":"https:\/\/secure.gravatar.com\/avatar\/b6356e21c5657c60757fe6fb9493e947?s=96&d=mm&r=g","caption":"dfgordillo"},"sameAs":["dfgordillo"],"url":"https:\/\/www.fiscalia.gov.co\/colombia\/author\/dfgordillo\/"}]}},"_links":{"self":[{"href":"https:\/\/www.fiscalia.gov.co\/colombia\/wp-json\/wp\/v2\/posts\/1753","targetHints":{"allow":["GET"]}}],"collection":[{"href":"https:\/\/www.fiscalia.gov.co\/colombia\/wp-json\/wp\/v2\/posts"}],"about":[{"href":"https:\/\/www.fiscalia.gov.co\/colombia\/wp-json\/wp\/v2\/types\/post"}],"author":[{"embeddable":true,"href":"https:\/\/www.fiscalia.gov.co\/colombia\/wp-json\/wp\/v2\/users\/143"}],"replies":[{"embeddable":true,"href":"https:\/\/www.fiscalia.gov.co\/colombia\/wp-json\/wp\/v2\/comments?post=1753"}],"version-history":[{"count":1,"href":"https:\/\/www.fiscalia.gov.co\/colombia\/wp-json\/wp\/v2\/posts\/1753\/revisions"}],"predecessor-version":[{"id":15197,"href":"https:\/\/www.fiscalia.gov.co\/colombia\/wp-json\/wp\/v2\/posts\/1753\/revisions\/15197"}],"wp:attachment":[{"href":"https:\/\/www.fiscalia.gov.co\/colombia\/wp-json\/wp\/v2\/media?parent=1753"}],"wp:term":[{"taxonomy":"category","embeddable":true,"href":"https:\/\/www.fiscalia.gov.co\/colombia\/wp-json\/wp\/v2\/categories?post=1753"},{"taxonomy":"post_tag","embeddable":true,"href":"https:\/\/www.fiscalia.gov.co\/colombia\/wp-json\/wp\/v2\/tags?post=1753"}],"curies":[{"name":"wp","href":"https:\/\/api.w.org\/{rel}","templated":true}]}}