{"id":175192,"date":"2019-02-07T10:49:26","date_gmt":"2019-02-07T15:49:26","guid":{"rendered":"https:\/\/www.fiscalia.gov.co\/colombia\/?p=175192"},"modified":"2019-02-07T10:49:26","modified_gmt":"2019-02-07T15:49:26","slug":"fiscalia-puso-al-descubierto-presunta-red-de-corrupcion-que-desfalco-nomina-de-la-entidad","status":"publish","type":"post","link":"https:\/\/www.fiscalia.gov.co\/colombia\/lucha-contra-corrupcion\/fiscalia-puso-al-descubierto-presunta-red-de-corrupcion-que-desfalco-nomina-de-la-entidad\/","title":{"rendered":"Fiscal\u00eda puso al descubierto presunta red de corrupci\u00f3n que desfalc\u00f3 n\u00f3mina de la entidad"},"content":{"rendered":"<p><em>Un funcionario y dos particulares fueron capturados. Al parecer se manipul\u00f3 el sistema de informaci\u00f3n para realizar pagos de n\u00f3mina a personas que no est\u00e1n vinculadas a la instituci\u00f3n. La defraudaci\u00f3n se calcula en $90\u2019000.000.<\/em><\/p>\n<p>En las \u00faltimas horas, el CTI Seccional Bogot\u00e1 materializ\u00f3 la captura de un funcionario de la Subdirecci\u00f3n de Talento Humano de Fiscal\u00eda General de la Naci\u00f3n, presuntamente implicado en una defraudaci\u00f3n a la entidad por noventa millones de pesos ($90\u2019000.000), a trav\u00e9s de supuestos pagos de salarios a personas particulares que figuraban en la n\u00f3mina y realmente no ten\u00edan v\u00ednculo laboral.<\/p>\n<p>El funcionario ser\u00e1 presentado este 7 de febrero ante un juez de control de garant\u00edas para su respectiva judicializaci\u00f3n por los delitos de:<\/p>\n<ul>\n<li>Hurto por medios inform\u00e1ticos y semejantes agravado<\/li>\n<li>Acceso abusivo a sistema inform\u00e1tico agravado<\/li>\n<li>Falsedad ideol\u00f3gica en documento p\u00fablico<\/li>\n<li>Da\u00f1o inform\u00e1tico<\/li>\n<li>Concierto para delinquir<\/li>\n<\/ul>\n<p><strong>La investigaci\u00f3n<\/strong><\/p>\n<p>La Fiscal\u00eda detect\u00f3 desde el 27 de noviembre de 2018 una posible manipulaci\u00f3n del sistema de informaci\u00f3n utilizado para realizar los pagos de salarios, pues encontr\u00f3 que exist\u00edan en la pre-n\u00f3mina y en la n\u00f3mina dos nombres de personas que no est\u00e1n vinculadas laboralmente a la entidad.<\/p>\n<p>Mediante labores investigativas adelantadas por el CTI, bajo la coordinaci\u00f3n de un fiscal de la Estructura de Apoyo de la Direcci\u00f3n Seccional de Bogot\u00e1, se determin\u00f3 que el monto pagado a falsos funcionarios asciende a los $90\u2019000.000.<\/p>\n<p><strong>Los particulares<\/strong><\/p>\n<p>Por estos hechos, el 31 de enero \u00faltimo fue capturado Edisson Esneider Casta\u00f1eda Berm\u00fadez, un particular a quien la Fiscal\u00eda le imput\u00f3 los delitos de hurto por medios inform\u00e1ticos y semejantes agravado, acceso abusivo a sistema inform\u00e1tico agravado, falsedad ideol\u00f3gica en documento p\u00fablico, da\u00f1o inform\u00e1tico y concierto para delinquir. El procesado no acept\u00f3 cargos.<\/p>\n<p>Se evidenci\u00f3 que el investigado aparec\u00eda en el listado de la n\u00f3mina en el cargo de fiscal delegado ante los jueces del circuito.<\/p>\n<p>De otro lado, Iv\u00e1n Dar\u00edo Villamizar Silva, capturado el pasado 4 de febrero, tampoco admiti\u00f3 su responsabilidad en los delitos de hurto por medios inform\u00e1ticos y semejantes agravado, acceso abusivo a sistema inform\u00e1tico agravado, falsedad ideol\u00f3gica en documento p\u00fablico, da\u00f1o inform\u00e1tico y concierto para delinquir.<\/p>\n<p>Seg\u00fan la investigaci\u00f3n, Villamizar Silva, quien ser\u00eda el enlace con el funcionario de la Subdirecci\u00f3n de Talento Humano y se comunicaba con \u00e9l los d\u00edas de pago, realiz\u00f3 retiros de su entidad bancaria, supuestamente, del salario correspondiente a los meses de junio, julio y agosto de 2018.<\/p>\n<p>A los dos hombres, los jueces 17 y 25 de control de garant\u00edas de Bogot\u00e1, respectivamente, les impusieron medidas consistentes en detenci\u00f3n domiciliaria por su colaboraci\u00f3n con la justicia.<\/p>\n<p>La Fiscal\u00eda hace p\u00fabica esta informaci\u00f3n por considerarla de inter\u00e9s general.<\/p>\n\n<div class=\"twitter-share\"><a href=\"https:\/\/twitter.com\/intent\/tweet?via=fiscaliacol\" class=\"twitter-share-button\">Tweet<\/a><\/div>\n","protected":false},"excerpt":{"rendered":"<p>Un funcionario y dos particulares fueron capturados. Al parecer se manipul\u00f3 el sistema de informaci\u00f3n para realizar pagos de n\u00f3mina a personas que no est\u00e1n vinculadas a la instituci\u00f3n. La [&hellip;]<\/p>\n","protected":false},"author":163,"featured_media":0,"comment_status":"closed","ping_status":"open","sticky":false,"template":"","format":"standard","meta":{"tdm_status":"","tdm_grid_status":"","footnotes":""},"categories":[24107],"tags":[],"class_list":["post-175192","post","type-post","status-publish","format-standard","category-lucha-contra-corrupcion"],"yoast_head":"<!-- This site is optimized with the Yoast SEO plugin v24.3 - https:\/\/yoast.com\/wordpress\/plugins\/seo\/ -->\n<title>Fiscal\u00eda General de la Naci\u00f3n<\/title>\n<meta name=\"description\" content=\"P\u00e1gina oficial de la Fiscal\u00eda General de la Naci\u00f3n \u2013 Colombia. Garantizamos el acceso efectivo a la justicia, la verdad y la reparaci\u00f3n de las v\u00edctimas de los delitos.\" \/>\n<meta name=\"robots\" content=\"noindex, follow\" \/>\n<meta property=\"og:locale\" content=\"es_ES\" \/>\n<meta property=\"og:type\" content=\"article\" \/>\n<meta property=\"og:title\" content=\"Fiscal\u00eda General de la Naci\u00f3n\" \/>\n<meta property=\"og:description\" content=\"P\u00e1gina oficial de la Fiscal\u00eda General de la Naci\u00f3n \u2013 Colombia. Garantizamos el acceso efectivo a la justicia, la verdad y la reparaci\u00f3n de las v\u00edctimas de los delitos.\" \/>\n<meta property=\"og:url\" content=\"https:\/\/www.fiscalia.gov.co\/colombia\/lucha-contra-corrupcion\/fiscalia-puso-al-descubierto-presunta-red-de-corrupcion-que-desfalco-nomina-de-la-entidad\/\" \/>\n<meta property=\"og:site_name\" content=\"Fiscal\u00eda General de la Naci\u00f3n\" \/>\n<meta property=\"article:publisher\" content=\"https:\/\/www.facebook.com\/FiscaliaCol\" \/>\n<meta property=\"article:published_time\" content=\"2019-02-07T15:49:26+00:00\" \/>\n<meta name=\"author\" content=\"Federico Bar\u00f3n\" \/>\n<meta name=\"twitter:card\" content=\"summary_large_image\" \/>\n<meta name=\"twitter:creator\" content=\"@FiscaliaCol\" \/>\n<meta name=\"twitter:site\" content=\"@FiscaliaCol\" \/>\n<meta name=\"twitter:label1\" content=\"Escrito por\" \/>\n\t<meta name=\"twitter:data1\" content=\"Federico Bar\u00f3n\" \/>\n\t<meta name=\"twitter:label2\" content=\"Tiempo de lectura\" \/>\n\t<meta name=\"twitter:data2\" content=\"2 minutos\" \/>\n<script type=\"application\/ld+json\" class=\"yoast-schema-graph\">{\"@context\":\"https:\/\/schema.org\",\"@graph\":[{\"@type\":\"Article\",\"@id\":\"https:\/\/www.fiscalia.gov.co\/colombia\/lucha-contra-corrupcion\/fiscalia-puso-al-descubierto-presunta-red-de-corrupcion-que-desfalco-nomina-de-la-entidad\/#article\",\"isPartOf\":{\"@id\":\"https:\/\/www.fiscalia.gov.co\/colombia\/lucha-contra-corrupcion\/fiscalia-puso-al-descubierto-presunta-red-de-corrupcion-que-desfalco-nomina-de-la-entidad\/\"},\"author\":{\"name\":\"Federico Bar\u00f3n\",\"@id\":\"https:\/\/www.fiscalia.gov.co\/colombia\/#\/schema\/person\/6c583a82254e9615e852ba9db84e67ee\"},\"headline\":\"Fiscal\u00eda puso al descubierto presunta red de corrupci\u00f3n que desfalc\u00f3 n\u00f3mina de la entidad\",\"datePublished\":\"2019-02-07T15:49:26+00:00\",\"dateModified\":\"2019-02-07T15:49:26+00:00\",\"mainEntityOfPage\":{\"@id\":\"https:\/\/www.fiscalia.gov.co\/colombia\/lucha-contra-corrupcion\/fiscalia-puso-al-descubierto-presunta-red-de-corrupcion-que-desfalco-nomina-de-la-entidad\/\"},\"wordCount\":507,\"publisher\":{\"@id\":\"https:\/\/www.fiscalia.gov.co\/colombia\/#organization\"},\"articleSection\":[\"Corrupci\u00f3n\"],\"inLanguage\":\"es-CO\"},{\"@type\":\"WebPage\",\"@id\":\"https:\/\/www.fiscalia.gov.co\/colombia\/lucha-contra-corrupcion\/fiscalia-puso-al-descubierto-presunta-red-de-corrupcion-que-desfalco-nomina-de-la-entidad\/\",\"url\":\"https:\/\/www.fiscalia.gov.co\/colombia\/lucha-contra-corrupcion\/fiscalia-puso-al-descubierto-presunta-red-de-corrupcion-que-desfalco-nomina-de-la-entidad\/\",\"name\":\"Fiscal\u00eda General de la Naci\u00f3n\",\"isPartOf\":{\"@id\":\"https:\/\/www.fiscalia.gov.co\/colombia\/#website\"},\"datePublished\":\"2019-02-07T15:49:26+00:00\",\"dateModified\":\"2019-02-07T15:49:26+00:00\",\"description\":\"P\u00e1gina oficial de la Fiscal\u00eda General de la Naci\u00f3n \u2013 Colombia. Garantizamos el acceso efectivo a la justicia, la verdad y la reparaci\u00f3n de las v\u00edctimas de los delitos.\",\"breadcrumb\":{\"@id\":\"https:\/\/www.fiscalia.gov.co\/colombia\/lucha-contra-corrupcion\/fiscalia-puso-al-descubierto-presunta-red-de-corrupcion-que-desfalco-nomina-de-la-entidad\/#breadcrumb\"},\"inLanguage\":\"es-CO\",\"potentialAction\":[{\"@type\":\"ReadAction\",\"target\":[\"https:\/\/www.fiscalia.gov.co\/colombia\/lucha-contra-corrupcion\/fiscalia-puso-al-descubierto-presunta-red-de-corrupcion-que-desfalco-nomina-de-la-entidad\/\"]}]},{\"@type\":\"BreadcrumbList\",\"@id\":\"https:\/\/www.fiscalia.gov.co\/colombia\/lucha-contra-corrupcion\/fiscalia-puso-al-descubierto-presunta-red-de-corrupcion-que-desfalco-nomina-de-la-entidad\/#breadcrumb\",\"itemListElement\":[{\"@type\":\"ListItem\",\"position\":1,\"name\":\"Home\",\"item\":\"https:\/\/www.fiscalia.gov.co\/colombia\/\"},{\"@type\":\"ListItem\",\"position\":2,\"name\":\"Fiscal\u00eda puso al descubierto presunta red de corrupci\u00f3n que desfalc\u00f3 n\u00f3mina de la entidad\"}]},{\"@type\":\"WebSite\",\"@id\":\"https:\/\/www.fiscalia.gov.co\/colombia\/#website\",\"url\":\"https:\/\/www.fiscalia.gov.co\/colombia\/\",\"name\":\"Fiscal\u00eda General de la Naci\u00f3n\",\"description\":\"P\u00e1gina oficial de la Fiscal\u00eda General de la Naci\u00f3n \u2013 Colombia. Garantizamos el acceso efectivo a la justicia, la verdad y la reparaci\u00f3n de las v\u00edctimas de los delitos.\",\"publisher\":{\"@id\":\"https:\/\/www.fiscalia.gov.co\/colombia\/#organization\"},\"potentialAction\":[{\"@type\":\"SearchAction\",\"target\":{\"@type\":\"EntryPoint\",\"urlTemplate\":\"https:\/\/www.fiscalia.gov.co\/colombia\/?s={search_term_string}\"},\"query-input\":{\"@type\":\"PropertyValueSpecification\",\"valueRequired\":true,\"valueName\":\"search_term_string\"}}],\"inLanguage\":\"es-CO\"},{\"@type\":\"Organization\",\"@id\":\"https:\/\/www.fiscalia.gov.co\/colombia\/#organization\",\"name\":\"Fiscal\u00eda General de la Naci\u00f3n\",\"url\":\"https:\/\/www.fiscalia.gov.co\/colombia\/\",\"logo\":{\"@type\":\"ImageObject\",\"inLanguage\":\"es-CO\",\"@id\":\"https:\/\/www.fiscalia.gov.co\/colombia\/#\/schema\/logo\/image\/\",\"url\":\"https:\/\/www.fiscalia.gov.co\/colombia\/wp-content\/uploads\/LogoHorizontal_1.jpg\",\"contentUrl\":\"https:\/\/www.fiscalia.gov.co\/colombia\/wp-content\/uploads\/LogoHorizontal_1.jpg\",\"width\":300,\"height\":90,\"caption\":\"Fiscal\u00eda General de la Naci\u00f3n\"},\"image\":{\"@id\":\"https:\/\/www.fiscalia.gov.co\/colombia\/#\/schema\/logo\/image\/\"},\"sameAs\":[\"https:\/\/www.facebook.com\/FiscaliaCol\",\"https:\/\/x.com\/FiscaliaCol\",\"https:\/\/www.instagram.com\/fiscaliacol\",\"https:\/\/www.linkedin.com\/company\/fiscalia-general-de-la-naci-n\/\",\"https:\/\/youtube.com\/@fiscaliageneraldelanacion-4668?si=6nN79nyQICPU5iTh\"]},{\"@type\":\"Person\",\"@id\":\"https:\/\/www.fiscalia.gov.co\/colombia\/#\/schema\/person\/6c583a82254e9615e852ba9db84e67ee\",\"name\":\"Federico Bar\u00f3n\",\"image\":{\"@type\":\"ImageObject\",\"inLanguage\":\"es-CO\",\"@id\":\"https:\/\/www.fiscalia.gov.co\/colombia\/#\/schema\/person\/image\/\",\"url\":\"https:\/\/secure.gravatar.com\/avatar\/30ff8ce2c54287c7927de9067165726c?s=96&d=mm&r=g\",\"contentUrl\":\"https:\/\/secure.gravatar.com\/avatar\/30ff8ce2c54287c7927de9067165726c?s=96&d=mm&r=g\",\"caption\":\"Federico Bar\u00f3n\"},\"url\":\"https:\/\/www.fiscalia.gov.co\/colombia\/author\/fbaron\/\"}]}<\/script>\n<!-- \/ Yoast SEO plugin. -->","yoast_head_json":{"title":"Fiscal\u00eda General de la Naci\u00f3n","description":"P\u00e1gina oficial de la Fiscal\u00eda General de la Naci\u00f3n \u2013 Colombia. Garantizamos el acceso efectivo a la justicia, la verdad y la reparaci\u00f3n de las v\u00edctimas de los delitos.","robots":{"index":"noindex","follow":"follow"},"og_locale":"es_ES","og_type":"article","og_title":"Fiscal\u00eda General de la Naci\u00f3n","og_description":"P\u00e1gina oficial de la Fiscal\u00eda General de la Naci\u00f3n \u2013 Colombia. Garantizamos el acceso efectivo a la justicia, la verdad y la reparaci\u00f3n de las v\u00edctimas de los delitos.","og_url":"https:\/\/www.fiscalia.gov.co\/colombia\/lucha-contra-corrupcion\/fiscalia-puso-al-descubierto-presunta-red-de-corrupcion-que-desfalco-nomina-de-la-entidad\/","og_site_name":"Fiscal\u00eda General de la Naci\u00f3n","article_publisher":"https:\/\/www.facebook.com\/FiscaliaCol","article_published_time":"2019-02-07T15:49:26+00:00","author":"Federico Bar\u00f3n","twitter_card":"summary_large_image","twitter_creator":"@FiscaliaCol","twitter_site":"@FiscaliaCol","twitter_misc":{"Escrito por":"Federico Bar\u00f3n","Tiempo de lectura":"2 minutos"},"schema":{"@context":"https:\/\/schema.org","@graph":[{"@type":"Article","@id":"https:\/\/www.fiscalia.gov.co\/colombia\/lucha-contra-corrupcion\/fiscalia-puso-al-descubierto-presunta-red-de-corrupcion-que-desfalco-nomina-de-la-entidad\/#article","isPartOf":{"@id":"https:\/\/www.fiscalia.gov.co\/colombia\/lucha-contra-corrupcion\/fiscalia-puso-al-descubierto-presunta-red-de-corrupcion-que-desfalco-nomina-de-la-entidad\/"},"author":{"name":"Federico Bar\u00f3n","@id":"https:\/\/www.fiscalia.gov.co\/colombia\/#\/schema\/person\/6c583a82254e9615e852ba9db84e67ee"},"headline":"Fiscal\u00eda puso al descubierto presunta red de corrupci\u00f3n que desfalc\u00f3 n\u00f3mina de la entidad","datePublished":"2019-02-07T15:49:26+00:00","dateModified":"2019-02-07T15:49:26+00:00","mainEntityOfPage":{"@id":"https:\/\/www.fiscalia.gov.co\/colombia\/lucha-contra-corrupcion\/fiscalia-puso-al-descubierto-presunta-red-de-corrupcion-que-desfalco-nomina-de-la-entidad\/"},"wordCount":507,"publisher":{"@id":"https:\/\/www.fiscalia.gov.co\/colombia\/#organization"},"articleSection":["Corrupci\u00f3n"],"inLanguage":"es-CO"},{"@type":"WebPage","@id":"https:\/\/www.fiscalia.gov.co\/colombia\/lucha-contra-corrupcion\/fiscalia-puso-al-descubierto-presunta-red-de-corrupcion-que-desfalco-nomina-de-la-entidad\/","url":"https:\/\/www.fiscalia.gov.co\/colombia\/lucha-contra-corrupcion\/fiscalia-puso-al-descubierto-presunta-red-de-corrupcion-que-desfalco-nomina-de-la-entidad\/","name":"Fiscal\u00eda General de la Naci\u00f3n","isPartOf":{"@id":"https:\/\/www.fiscalia.gov.co\/colombia\/#website"},"datePublished":"2019-02-07T15:49:26+00:00","dateModified":"2019-02-07T15:49:26+00:00","description":"P\u00e1gina oficial de la Fiscal\u00eda General de la Naci\u00f3n \u2013 Colombia. Garantizamos el acceso efectivo a la justicia, la verdad y la reparaci\u00f3n de las v\u00edctimas de los delitos.","breadcrumb":{"@id":"https:\/\/www.fiscalia.gov.co\/colombia\/lucha-contra-corrupcion\/fiscalia-puso-al-descubierto-presunta-red-de-corrupcion-que-desfalco-nomina-de-la-entidad\/#breadcrumb"},"inLanguage":"es-CO","potentialAction":[{"@type":"ReadAction","target":["https:\/\/www.fiscalia.gov.co\/colombia\/lucha-contra-corrupcion\/fiscalia-puso-al-descubierto-presunta-red-de-corrupcion-que-desfalco-nomina-de-la-entidad\/"]}]},{"@type":"BreadcrumbList","@id":"https:\/\/www.fiscalia.gov.co\/colombia\/lucha-contra-corrupcion\/fiscalia-puso-al-descubierto-presunta-red-de-corrupcion-que-desfalco-nomina-de-la-entidad\/#breadcrumb","itemListElement":[{"@type":"ListItem","position":1,"name":"Home","item":"https:\/\/www.fiscalia.gov.co\/colombia\/"},{"@type":"ListItem","position":2,"name":"Fiscal\u00eda puso al descubierto presunta red de corrupci\u00f3n que desfalc\u00f3 n\u00f3mina de la entidad"}]},{"@type":"WebSite","@id":"https:\/\/www.fiscalia.gov.co\/colombia\/#website","url":"https:\/\/www.fiscalia.gov.co\/colombia\/","name":"Fiscal\u00eda General de la Naci\u00f3n","description":"P\u00e1gina oficial de la Fiscal\u00eda General de la Naci\u00f3n \u2013 Colombia. Garantizamos el acceso efectivo a la justicia, la verdad y la reparaci\u00f3n de las v\u00edctimas de los delitos.","publisher":{"@id":"https:\/\/www.fiscalia.gov.co\/colombia\/#organization"},"potentialAction":[{"@type":"SearchAction","target":{"@type":"EntryPoint","urlTemplate":"https:\/\/www.fiscalia.gov.co\/colombia\/?s={search_term_string}"},"query-input":{"@type":"PropertyValueSpecification","valueRequired":true,"valueName":"search_term_string"}}],"inLanguage":"es-CO"},{"@type":"Organization","@id":"https:\/\/www.fiscalia.gov.co\/colombia\/#organization","name":"Fiscal\u00eda General de la Naci\u00f3n","url":"https:\/\/www.fiscalia.gov.co\/colombia\/","logo":{"@type":"ImageObject","inLanguage":"es-CO","@id":"https:\/\/www.fiscalia.gov.co\/colombia\/#\/schema\/logo\/image\/","url":"https:\/\/www.fiscalia.gov.co\/colombia\/wp-content\/uploads\/LogoHorizontal_1.jpg","contentUrl":"https:\/\/www.fiscalia.gov.co\/colombia\/wp-content\/uploads\/LogoHorizontal_1.jpg","width":300,"height":90,"caption":"Fiscal\u00eda General de la Naci\u00f3n"},"image":{"@id":"https:\/\/www.fiscalia.gov.co\/colombia\/#\/schema\/logo\/image\/"},"sameAs":["https:\/\/www.facebook.com\/FiscaliaCol","https:\/\/x.com\/FiscaliaCol","https:\/\/www.instagram.com\/fiscaliacol","https:\/\/www.linkedin.com\/company\/fiscalia-general-de-la-naci-n\/","https:\/\/youtube.com\/@fiscaliageneraldelanacion-4668?si=6nN79nyQICPU5iTh"]},{"@type":"Person","@id":"https:\/\/www.fiscalia.gov.co\/colombia\/#\/schema\/person\/6c583a82254e9615e852ba9db84e67ee","name":"Federico Bar\u00f3n","image":{"@type":"ImageObject","inLanguage":"es-CO","@id":"https:\/\/www.fiscalia.gov.co\/colombia\/#\/schema\/person\/image\/","url":"https:\/\/secure.gravatar.com\/avatar\/30ff8ce2c54287c7927de9067165726c?s=96&d=mm&r=g","contentUrl":"https:\/\/secure.gravatar.com\/avatar\/30ff8ce2c54287c7927de9067165726c?s=96&d=mm&r=g","caption":"Federico Bar\u00f3n"},"url":"https:\/\/www.fiscalia.gov.co\/colombia\/author\/fbaron\/"}]}},"_links":{"self":[{"href":"https:\/\/www.fiscalia.gov.co\/colombia\/wp-json\/wp\/v2\/posts\/175192","targetHints":{"allow":["GET"]}}],"collection":[{"href":"https:\/\/www.fiscalia.gov.co\/colombia\/wp-json\/wp\/v2\/posts"}],"about":[{"href":"https:\/\/www.fiscalia.gov.co\/colombia\/wp-json\/wp\/v2\/types\/post"}],"author":[{"embeddable":true,"href":"https:\/\/www.fiscalia.gov.co\/colombia\/wp-json\/wp\/v2\/users\/163"}],"replies":[{"embeddable":true,"href":"https:\/\/www.fiscalia.gov.co\/colombia\/wp-json\/wp\/v2\/comments?post=175192"}],"version-history":[{"count":1,"href":"https:\/\/www.fiscalia.gov.co\/colombia\/wp-json\/wp\/v2\/posts\/175192\/revisions"}],"predecessor-version":[{"id":175193,"href":"https:\/\/www.fiscalia.gov.co\/colombia\/wp-json\/wp\/v2\/posts\/175192\/revisions\/175193"}],"wp:attachment":[{"href":"https:\/\/www.fiscalia.gov.co\/colombia\/wp-json\/wp\/v2\/media?parent=175192"}],"wp:term":[{"taxonomy":"category","embeddable":true,"href":"https:\/\/www.fiscalia.gov.co\/colombia\/wp-json\/wp\/v2\/categories?post=175192"},{"taxonomy":"post_tag","embeddable":true,"href":"https:\/\/www.fiscalia.gov.co\/colombia\/wp-json\/wp\/v2\/tags?post=175192"}],"curies":[{"name":"wp","href":"https:\/\/api.w.org\/{rel}","templated":true}]}}