{"id":175146,"date":"2019-02-06T11:17:17","date_gmt":"2019-02-06T16:17:17","guid":{"rendered":"https:\/\/www.fiscalia.gov.co\/colombia\/?p=175146"},"modified":"2019-02-06T11:17:17","modified_gmt":"2019-02-06T16:17:17","slug":"a-la-carcel-san-sebastian-de-ternera-envian-al-supuesto-jefe-de-la-banda-los-ronda","status":"publish","type":"post","link":"https:\/\/www.fiscalia.gov.co\/colombia\/seccionales\/a-la-carcel-san-sebastian-de-ternera-envian-al-supuesto-jefe-de-la-banda-los-ronda\/","title":{"rendered":"A la c\u00e1rcel San Sebasti\u00e1n de Ternera env\u00edan al supuesto jefe de la banda Los Ronda"},"content":{"rendered":"<p><i><u>Se trata de Carlos Andr\u00e9s Ch\u00e1vez De La Rosa, m\u00e1s conocido con el alias de El Mente, a quien se le atribuye su participaci\u00f3n en, al menos, 13 asesinatos. Una de las v\u00edctimas ser\u00eda un l\u00edder social.<\/u><\/i><\/p>\n<p>Por solicitud de la Fiscal\u00eda un juez de control de garant\u00edas de Cartagena envi\u00f3 en las \u00faltimas horas a la c\u00e1rcel San Sebasti\u00e1n de Ternera a Carlos Andr\u00e9s Ch\u00e1vez De La Rosa, m\u00e1s conocido con el alias de El Mente.<\/p>\n<p>El investigado fue capturado el jueves pasado por la Polic\u00eda en el barrio Henequ\u00e9n de Cartagena pues en su contra exist\u00eda una orden de captura vigente, por su aparente relaci\u00f3n con la organizaci\u00f3n delincuencial denominada Los Ronda, de la cual habr\u00eda asumido su mando tras la muerte de alias Rey Ronda.<\/p>\n<p>El material probatorio recaudado por los investigadores del caso adem\u00e1s a Ch\u00e1vez como el supuesto jefe de sicarios de la organizaci\u00f3n ilegal, posici\u00f3n que le habr\u00eda permitido ordenar m\u00faltiples asesinatos ordenados por otros integrantes de la estructura criminal.<\/p>\n<p>El Mente estar\u00eda implicado en, al menos, once procesos penales en los que se investiga la muerte de 13 personas, siendo una de las v\u00edctimas Jorge Luis Garc\u00eda, el l\u00edder comunal del barrio Nelson Mandela ultimado el 5 de octubre del 2017.<\/p>\n<p>Otros de los casos que se achacan a Ch\u00e1vez es el relacionado con la muerte de los taxistas Luis Alfonso Soto \u00c1lvarez y Yaiser P\u00e9rez Estrada quienes habr\u00edan sido torturados y asesinados a mediados de octubre de 2016. Los cuerpos de estos dos hombres fueron encontrados descuartizados en costales que fueron arrojados al lago Tanga Mojada del barrio Henequ\u00e9n.<\/p>\n<p>De la misma manera, se investiga si el implicado tendr\u00eda relaci\u00f3n en tres tentativas de homicidio y dos desapariciones forzadas.<\/p>\n<p>Con base en estos hechos la Fiscal\u00eda le imput\u00f3 a Ch\u00e1vez De la Rosa\u00a0 cargos por los delitos de homicidio agravado, tentativa de homicidio agravada, desaparici\u00f3n forzada agravada, tortura agravada, concierto para delinquir agravado, tr\u00e1fico, fabricaci\u00f3n o porte de estupefacientes agravado, extorsi\u00f3n agravada, fabricaci\u00f3n, tr\u00e1fico o porte de armas de fuego o municiones agravada, destinaci\u00f3n il\u00edcita de muebles e inmuebles, desplazamiento forzado y financiaci\u00f3n de terrorismo. Todos fueron avalados por el juez del caso.<\/p>\n<p>La gravedad de los delitos y el perfil criminal que se le atribuye a El Mente fueron suficientes para que la Fiscal\u00eda reclamara su reclusi\u00f3n en un centro penitenciario de m\u00e1xima seguridad, petici\u00f3n que fue desestimada por el juez del caso quien consider\u00f3 que esa determinaci\u00f3n es competencia del Instituto Nacional Penitenciario (Inpec).<\/p>\n<p>Entre otras pruebas que hacen parte del proceso que se sigue contra El Mente est\u00e1n varias interceptaciones telef\u00f3nicas que habr\u00edan pusieron en evidencia no solo la manera de operar del capturado en cuanto al sicariato, sino tambi\u00e9n en la venta de estupefacientes y medicamentos, armas de fuego y partes de motocicletas.<\/p>\n<p>Dos testimonios, uno de ellos el de un hombre reclutado por Los Ronda cuando era menor de edad, son claves para establecer la manera como operaba el implicado, quien adem\u00e1s recurrir\u00eda a la extorci\u00f3n de peque\u00f1os comerciantes, a la venta de estupefacientes y hasta el cobro por el uso del agua o por el acceso a la televisi\u00f3n por cable en algunas zonas, todo para obtener recursos que financiar\u00e1n la organizaci\u00f3n ilegal y los cuales al mes superar\u00edan los 50 millones de pesos.<\/p>\n<p><strong>Homicidios coordinados presuntamente por El Mente<\/strong><\/p>\n<ol>\n<li>Rafael Segundo Mattos Jaraba, 7 de noviembre del 2014, en el barrio Henequ\u00e9n.<\/li>\n<li>Jorge Luis Garc\u00eda Berrio, 5 de octubre del 2017, en el barrio Nelson Mandela sector 3 de junio.<\/li>\n<li>Junior Oswaldo Castro Loiza, 9 de octubre del 2017, en el barrio Colinas de Villa.<\/li>\n<li>Luis Alfonso Soto \u00c1lvarez y Yaiser P\u00e9rez Estrada, el 15 de octubre del 2016, en el barrio Henequ\u00e9n.<\/li>\n<li>Yeison Alexander Pineda Dautt y Zaider Enrique Peralta Zabala, el 3 de junio del 2017,\u00a0 en el barrio Nelson Mandela.<\/li>\n<li>Jorge Isaac Aguaslimpias Murillo el 19 de diciembre de 2017, en el barrio Albornoz.<\/li>\n<li>Esnaider Salas Herazo el 4 de diciembre del 2017, en el barrio Henequ\u00e9n sector la Troya.<\/li>\n<li>Cristian Andr\u00e9s Vargas Mart\u00ednez el 3 de octubre del 2017, en el barrio San Pedro M\u00e1rtir, sector Tamarindo.<\/li>\n<li>Harold Olava Jarava, el 18 de diciembre de 2017, en el barrio El Carmelo.<\/li>\n<li>Harold Mora Navarro el 15 de marzo de 2018, en el barrio Policarpa.<\/li>\n<li>Luis Gabriel G\u00f3mez Amor, el 8 de abril de 2018, en el barrio Henequ\u00e9n, sector 3 de Junio.<\/li>\n<\/ol>\n<p>La Fiscal\u00eda publica esta informaci\u00f3n por considerarla de inter\u00e9s general.<\/p>\n<p>JLH \/MAGA<\/p>\n\n<div class=\"twitter-share\"><a href=\"https:\/\/twitter.com\/intent\/tweet?via=fiscaliacol\" class=\"twitter-share-button\">Tweet<\/a><\/div>\n","protected":false},"excerpt":{"rendered":"<p>Se trata de Carlos Andr\u00e9s Ch\u00e1vez De La Rosa, m\u00e1s conocido con el alias de El Mente, a quien se le atribuye su participaci\u00f3n en, al menos, 13 asesinatos. Una de las v\u00edctimas ser\u00eda un l\u00edder social. Por solicitud de la Fiscal\u00eda un juez de control de garant\u00edas de Cartagena envi\u00f3 en las \u00faltimas horas [&hellip;]<\/p>\n","protected":false},"author":163,"featured_media":0,"comment_status":"closed","ping_status":"open","sticky":false,"template":"","format":"standard","meta":{"_price":"","_stock":"","_tribe_ticket_header":"","_tribe_default_ticket_provider":"","_tribe_ticket_capacity":"0","_ticket_start_date":"","_ticket_end_date":"","_tribe_ticket_show_description":"","_tribe_ticket_show_not_going":false,"_tribe_ticket_use_global_stock":"","_tribe_ticket_global_stock_level":"","_global_stock_mode":"","_global_stock_cap":"","_tribe_rsvp_for_event":"","_tribe_ticket_going_count":"","_tribe_ticket_not_going_count":"","_tribe_tickets_list":"[]","_tribe_ticket_has_attendee_info_fields":false,"tdm_status":"","tdm_grid_status":"","footnotes":""},"categories":[24098,325,303],"tags":[],"class_list":{"0":"post-175146","1":"post","2":"type-post","3":"status-publish","4":"format-standard","6":"category-crimen-organizado","7":"category-seccional-cartagena","8":"category-seccionales"},"yoast_head":"<!-- This site is optimized with the Yoast SEO plugin v24.3 - https:\/\/yoast.com\/wordpress\/plugins\/seo\/ -->\n<title>Fiscal\u00eda General de la Naci\u00f3n<\/title>\n<meta name=\"description\" content=\"P\u00e1gina oficial de la Fiscal\u00eda General de la Naci\u00f3n \u2013 Colombia. Garantizamos el acceso efectivo a la justicia, la verdad y la reparaci\u00f3n de las v\u00edctimas de los delitos.\" \/>\n<meta name=\"robots\" content=\"noindex, follow\" \/>\n<meta property=\"og:locale\" content=\"es_ES\" \/>\n<meta property=\"og:type\" content=\"article\" \/>\n<meta property=\"og:title\" content=\"Fiscal\u00eda General de la Naci\u00f3n\" \/>\n<meta property=\"og:description\" content=\"P\u00e1gina oficial de la Fiscal\u00eda General de la Naci\u00f3n \u2013 Colombia. Garantizamos el acceso efectivo a la justicia, la verdad y la reparaci\u00f3n de las v\u00edctimas de los delitos.\" \/>\n<meta property=\"og:url\" content=\"https:\/\/www.fiscalia.gov.co\/colombia\/seccionales\/a-la-carcel-san-sebastian-de-ternera-envian-al-supuesto-jefe-de-la-banda-los-ronda\/\" \/>\n<meta property=\"og:site_name\" content=\"Fiscal\u00eda General de la Naci\u00f3n\" \/>\n<meta property=\"article:publisher\" content=\"https:\/\/www.facebook.com\/FiscaliaCol\" \/>\n<meta property=\"article:published_time\" content=\"2019-02-06T16:17:17+00:00\" \/>\n<meta name=\"author\" content=\"Federico Bar\u00f3n\" \/>\n<meta name=\"twitter:card\" content=\"summary_large_image\" \/>\n<meta name=\"twitter:creator\" content=\"@FiscaliaCol\" \/>\n<meta name=\"twitter:site\" content=\"@FiscaliaCol\" \/>\n<meta name=\"twitter:label1\" content=\"Escrito por\" \/>\n\t<meta name=\"twitter:data1\" content=\"Federico Bar\u00f3n\" \/>\n\t<meta name=\"twitter:label2\" content=\"Tiempo de lectura\" \/>\n\t<meta name=\"twitter:data2\" content=\"4 minutos\" \/>\n<script type=\"application\/ld+json\" class=\"yoast-schema-graph\">{\"@context\":\"https:\/\/schema.org\",\"@graph\":[{\"@type\":\"Article\",\"@id\":\"https:\/\/www.fiscalia.gov.co\/colombia\/seccionales\/a-la-carcel-san-sebastian-de-ternera-envian-al-supuesto-jefe-de-la-banda-los-ronda\/#article\",\"isPartOf\":{\"@id\":\"https:\/\/www.fiscalia.gov.co\/colombia\/seccionales\/a-la-carcel-san-sebastian-de-ternera-envian-al-supuesto-jefe-de-la-banda-los-ronda\/\"},\"author\":{\"name\":\"Federico Bar\u00f3n\",\"@id\":\"https:\/\/www.fiscalia.gov.co\/colombia\/#\/schema\/person\/6c583a82254e9615e852ba9db84e67ee\"},\"headline\":\"A la c\u00e1rcel San Sebasti\u00e1n de Ternera env\u00edan al supuesto jefe de la banda Los Ronda\",\"datePublished\":\"2019-02-06T16:17:17+00:00\",\"dateModified\":\"2019-02-06T16:17:17+00:00\",\"mainEntityOfPage\":{\"@id\":\"https:\/\/www.fiscalia.gov.co\/colombia\/seccionales\/a-la-carcel-san-sebastian-de-ternera-envian-al-supuesto-jefe-de-la-banda-los-ronda\/\"},\"wordCount\":809,\"publisher\":{\"@id\":\"https:\/\/www.fiscalia.gov.co\/colombia\/#organization\"},\"articleSection\":[\"Crimen organizado\",\"Seccional Cartagena\",\"Seccionales\"],\"inLanguage\":\"es-CO\"},{\"@type\":\"WebPage\",\"@id\":\"https:\/\/www.fiscalia.gov.co\/colombia\/seccionales\/a-la-carcel-san-sebastian-de-ternera-envian-al-supuesto-jefe-de-la-banda-los-ronda\/\",\"url\":\"https:\/\/www.fiscalia.gov.co\/colombia\/seccionales\/a-la-carcel-san-sebastian-de-ternera-envian-al-supuesto-jefe-de-la-banda-los-ronda\/\",\"name\":\"Fiscal\u00eda General de la Naci\u00f3n\",\"isPartOf\":{\"@id\":\"https:\/\/www.fiscalia.gov.co\/colombia\/#website\"},\"datePublished\":\"2019-02-06T16:17:17+00:00\",\"dateModified\":\"2019-02-06T16:17:17+00:00\",\"description\":\"P\u00e1gina oficial de la Fiscal\u00eda General de la Naci\u00f3n \u2013 Colombia. Garantizamos el acceso efectivo a la justicia, la verdad y la reparaci\u00f3n de las v\u00edctimas de los delitos.\",\"breadcrumb\":{\"@id\":\"https:\/\/www.fiscalia.gov.co\/colombia\/seccionales\/a-la-carcel-san-sebastian-de-ternera-envian-al-supuesto-jefe-de-la-banda-los-ronda\/#breadcrumb\"},\"inLanguage\":\"es-CO\",\"potentialAction\":[{\"@type\":\"ReadAction\",\"target\":[\"https:\/\/www.fiscalia.gov.co\/colombia\/seccionales\/a-la-carcel-san-sebastian-de-ternera-envian-al-supuesto-jefe-de-la-banda-los-ronda\/\"]}]},{\"@type\":\"BreadcrumbList\",\"@id\":\"https:\/\/www.fiscalia.gov.co\/colombia\/seccionales\/a-la-carcel-san-sebastian-de-ternera-envian-al-supuesto-jefe-de-la-banda-los-ronda\/#breadcrumb\",\"itemListElement\":[{\"@type\":\"ListItem\",\"position\":1,\"name\":\"Home\",\"item\":\"https:\/\/www.fiscalia.gov.co\/colombia\/\"},{\"@type\":\"ListItem\",\"position\":2,\"name\":\"A la c\u00e1rcel San Sebasti\u00e1n de Ternera env\u00edan al supuesto jefe de la banda Los Ronda\"}]},{\"@type\":\"WebSite\",\"@id\":\"https:\/\/www.fiscalia.gov.co\/colombia\/#website\",\"url\":\"https:\/\/www.fiscalia.gov.co\/colombia\/\",\"name\":\"Fiscal\u00eda General de la Naci\u00f3n\",\"description\":\"P\u00e1gina oficial de la Fiscal\u00eda General de la Naci\u00f3n \u2013 Colombia. Garantizamos el acceso efectivo a la justicia, la verdad y la reparaci\u00f3n de las v\u00edctimas de los delitos.\",\"publisher\":{\"@id\":\"https:\/\/www.fiscalia.gov.co\/colombia\/#organization\"},\"potentialAction\":[{\"@type\":\"SearchAction\",\"target\":{\"@type\":\"EntryPoint\",\"urlTemplate\":\"https:\/\/www.fiscalia.gov.co\/colombia\/?s={search_term_string}\"},\"query-input\":{\"@type\":\"PropertyValueSpecification\",\"valueRequired\":true,\"valueName\":\"search_term_string\"}}],\"inLanguage\":\"es-CO\"},{\"@type\":\"Organization\",\"@id\":\"https:\/\/www.fiscalia.gov.co\/colombia\/#organization\",\"name\":\"Fiscal\u00eda General de la Naci\u00f3n\",\"url\":\"https:\/\/www.fiscalia.gov.co\/colombia\/\",\"logo\":{\"@type\":\"ImageObject\",\"inLanguage\":\"es-CO\",\"@id\":\"https:\/\/www.fiscalia.gov.co\/colombia\/#\/schema\/logo\/image\/\",\"url\":\"https:\/\/www.fiscalia.gov.co\/colombia\/wp-content\/uploads\/LogoHorizontal_1.jpg\",\"contentUrl\":\"https:\/\/www.fiscalia.gov.co\/colombia\/wp-content\/uploads\/LogoHorizontal_1.jpg\",\"width\":300,\"height\":90,\"caption\":\"Fiscal\u00eda General de la Naci\u00f3n\"},\"image\":{\"@id\":\"https:\/\/www.fiscalia.gov.co\/colombia\/#\/schema\/logo\/image\/\"},\"sameAs\":[\"https:\/\/www.facebook.com\/FiscaliaCol\",\"https:\/\/x.com\/FiscaliaCol\",\"https:\/\/www.instagram.com\/fiscaliacol\",\"https:\/\/www.linkedin.com\/company\/fiscalia-general-de-la-naci-n\/\",\"https:\/\/youtube.com\/@fiscaliageneraldelanacion-4668?si=6nN79nyQICPU5iTh\"]},{\"@type\":\"Person\",\"@id\":\"https:\/\/www.fiscalia.gov.co\/colombia\/#\/schema\/person\/6c583a82254e9615e852ba9db84e67ee\",\"name\":\"Federico Bar\u00f3n\",\"image\":{\"@type\":\"ImageObject\",\"inLanguage\":\"es-CO\",\"@id\":\"https:\/\/www.fiscalia.gov.co\/colombia\/#\/schema\/person\/image\/\",\"url\":\"https:\/\/secure.gravatar.com\/avatar\/30ff8ce2c54287c7927de9067165726c?s=96&d=mm&r=g\",\"contentUrl\":\"https:\/\/secure.gravatar.com\/avatar\/30ff8ce2c54287c7927de9067165726c?s=96&d=mm&r=g\",\"caption\":\"Federico Bar\u00f3n\"},\"url\":\"https:\/\/www.fiscalia.gov.co\/colombia\/author\/fbaron\/\"}]}<\/script>\n<!-- \/ Yoast SEO plugin. -->","yoast_head_json":{"title":"Fiscal\u00eda General de la Naci\u00f3n","description":"P\u00e1gina oficial de la Fiscal\u00eda General de la Naci\u00f3n \u2013 Colombia. Garantizamos el acceso efectivo a la justicia, la verdad y la reparaci\u00f3n de las v\u00edctimas de los delitos.","robots":{"index":"noindex","follow":"follow"},"og_locale":"es_ES","og_type":"article","og_title":"Fiscal\u00eda General de la Naci\u00f3n","og_description":"P\u00e1gina oficial de la Fiscal\u00eda General de la Naci\u00f3n \u2013 Colombia. Garantizamos el acceso efectivo a la justicia, la verdad y la reparaci\u00f3n de las v\u00edctimas de los delitos.","og_url":"https:\/\/www.fiscalia.gov.co\/colombia\/seccionales\/a-la-carcel-san-sebastian-de-ternera-envian-al-supuesto-jefe-de-la-banda-los-ronda\/","og_site_name":"Fiscal\u00eda General de la Naci\u00f3n","article_publisher":"https:\/\/www.facebook.com\/FiscaliaCol","article_published_time":"2019-02-06T16:17:17+00:00","author":"Federico Bar\u00f3n","twitter_card":"summary_large_image","twitter_creator":"@FiscaliaCol","twitter_site":"@FiscaliaCol","twitter_misc":{"Escrito por":"Federico Bar\u00f3n","Tiempo de lectura":"4 minutos"},"schema":{"@context":"https:\/\/schema.org","@graph":[{"@type":"Article","@id":"https:\/\/www.fiscalia.gov.co\/colombia\/seccionales\/a-la-carcel-san-sebastian-de-ternera-envian-al-supuesto-jefe-de-la-banda-los-ronda\/#article","isPartOf":{"@id":"https:\/\/www.fiscalia.gov.co\/colombia\/seccionales\/a-la-carcel-san-sebastian-de-ternera-envian-al-supuesto-jefe-de-la-banda-los-ronda\/"},"author":{"name":"Federico Bar\u00f3n","@id":"https:\/\/www.fiscalia.gov.co\/colombia\/#\/schema\/person\/6c583a82254e9615e852ba9db84e67ee"},"headline":"A la c\u00e1rcel San Sebasti\u00e1n de Ternera env\u00edan al supuesto jefe de la banda Los Ronda","datePublished":"2019-02-06T16:17:17+00:00","dateModified":"2019-02-06T16:17:17+00:00","mainEntityOfPage":{"@id":"https:\/\/www.fiscalia.gov.co\/colombia\/seccionales\/a-la-carcel-san-sebastian-de-ternera-envian-al-supuesto-jefe-de-la-banda-los-ronda\/"},"wordCount":809,"publisher":{"@id":"https:\/\/www.fiscalia.gov.co\/colombia\/#organization"},"articleSection":["Crimen organizado","Seccional Cartagena","Seccionales"],"inLanguage":"es-CO"},{"@type":"WebPage","@id":"https:\/\/www.fiscalia.gov.co\/colombia\/seccionales\/a-la-carcel-san-sebastian-de-ternera-envian-al-supuesto-jefe-de-la-banda-los-ronda\/","url":"https:\/\/www.fiscalia.gov.co\/colombia\/seccionales\/a-la-carcel-san-sebastian-de-ternera-envian-al-supuesto-jefe-de-la-banda-los-ronda\/","name":"Fiscal\u00eda General de la Naci\u00f3n","isPartOf":{"@id":"https:\/\/www.fiscalia.gov.co\/colombia\/#website"},"datePublished":"2019-02-06T16:17:17+00:00","dateModified":"2019-02-06T16:17:17+00:00","description":"P\u00e1gina oficial de la Fiscal\u00eda General de la Naci\u00f3n \u2013 Colombia. Garantizamos el acceso efectivo a la justicia, la verdad y la reparaci\u00f3n de las v\u00edctimas de los delitos.","breadcrumb":{"@id":"https:\/\/www.fiscalia.gov.co\/colombia\/seccionales\/a-la-carcel-san-sebastian-de-ternera-envian-al-supuesto-jefe-de-la-banda-los-ronda\/#breadcrumb"},"inLanguage":"es-CO","potentialAction":[{"@type":"ReadAction","target":["https:\/\/www.fiscalia.gov.co\/colombia\/seccionales\/a-la-carcel-san-sebastian-de-ternera-envian-al-supuesto-jefe-de-la-banda-los-ronda\/"]}]},{"@type":"BreadcrumbList","@id":"https:\/\/www.fiscalia.gov.co\/colombia\/seccionales\/a-la-carcel-san-sebastian-de-ternera-envian-al-supuesto-jefe-de-la-banda-los-ronda\/#breadcrumb","itemListElement":[{"@type":"ListItem","position":1,"name":"Home","item":"https:\/\/www.fiscalia.gov.co\/colombia\/"},{"@type":"ListItem","position":2,"name":"A la c\u00e1rcel San Sebasti\u00e1n de Ternera env\u00edan al supuesto jefe de la banda Los Ronda"}]},{"@type":"WebSite","@id":"https:\/\/www.fiscalia.gov.co\/colombia\/#website","url":"https:\/\/www.fiscalia.gov.co\/colombia\/","name":"Fiscal\u00eda General de la Naci\u00f3n","description":"P\u00e1gina oficial de la Fiscal\u00eda General de la Naci\u00f3n \u2013 Colombia. Garantizamos el acceso efectivo a la justicia, la verdad y la reparaci\u00f3n de las v\u00edctimas de los delitos.","publisher":{"@id":"https:\/\/www.fiscalia.gov.co\/colombia\/#organization"},"potentialAction":[{"@type":"SearchAction","target":{"@type":"EntryPoint","urlTemplate":"https:\/\/www.fiscalia.gov.co\/colombia\/?s={search_term_string}"},"query-input":{"@type":"PropertyValueSpecification","valueRequired":true,"valueName":"search_term_string"}}],"inLanguage":"es-CO"},{"@type":"Organization","@id":"https:\/\/www.fiscalia.gov.co\/colombia\/#organization","name":"Fiscal\u00eda General de la Naci\u00f3n","url":"https:\/\/www.fiscalia.gov.co\/colombia\/","logo":{"@type":"ImageObject","inLanguage":"es-CO","@id":"https:\/\/www.fiscalia.gov.co\/colombia\/#\/schema\/logo\/image\/","url":"https:\/\/www.fiscalia.gov.co\/colombia\/wp-content\/uploads\/LogoHorizontal_1.jpg","contentUrl":"https:\/\/www.fiscalia.gov.co\/colombia\/wp-content\/uploads\/LogoHorizontal_1.jpg","width":300,"height":90,"caption":"Fiscal\u00eda General de la Naci\u00f3n"},"image":{"@id":"https:\/\/www.fiscalia.gov.co\/colombia\/#\/schema\/logo\/image\/"},"sameAs":["https:\/\/www.facebook.com\/FiscaliaCol","https:\/\/x.com\/FiscaliaCol","https:\/\/www.instagram.com\/fiscaliacol","https:\/\/www.linkedin.com\/company\/fiscalia-general-de-la-naci-n\/","https:\/\/youtube.com\/@fiscaliageneraldelanacion-4668?si=6nN79nyQICPU5iTh"]},{"@type":"Person","@id":"https:\/\/www.fiscalia.gov.co\/colombia\/#\/schema\/person\/6c583a82254e9615e852ba9db84e67ee","name":"Federico Bar\u00f3n","image":{"@type":"ImageObject","inLanguage":"es-CO","@id":"https:\/\/www.fiscalia.gov.co\/colombia\/#\/schema\/person\/image\/","url":"https:\/\/secure.gravatar.com\/avatar\/30ff8ce2c54287c7927de9067165726c?s=96&d=mm&r=g","contentUrl":"https:\/\/secure.gravatar.com\/avatar\/30ff8ce2c54287c7927de9067165726c?s=96&d=mm&r=g","caption":"Federico Bar\u00f3n"},"url":"https:\/\/www.fiscalia.gov.co\/colombia\/author\/fbaron\/"}]}},"_links":{"self":[{"href":"https:\/\/www.fiscalia.gov.co\/colombia\/wp-json\/wp\/v2\/posts\/175146","targetHints":{"allow":["GET"]}}],"collection":[{"href":"https:\/\/www.fiscalia.gov.co\/colombia\/wp-json\/wp\/v2\/posts"}],"about":[{"href":"https:\/\/www.fiscalia.gov.co\/colombia\/wp-json\/wp\/v2\/types\/post"}],"author":[{"embeddable":true,"href":"https:\/\/www.fiscalia.gov.co\/colombia\/wp-json\/wp\/v2\/users\/163"}],"replies":[{"embeddable":true,"href":"https:\/\/www.fiscalia.gov.co\/colombia\/wp-json\/wp\/v2\/comments?post=175146"}],"version-history":[{"count":1,"href":"https:\/\/www.fiscalia.gov.co\/colombia\/wp-json\/wp\/v2\/posts\/175146\/revisions"}],"predecessor-version":[{"id":175147,"href":"https:\/\/www.fiscalia.gov.co\/colombia\/wp-json\/wp\/v2\/posts\/175146\/revisions\/175147"}],"wp:attachment":[{"href":"https:\/\/www.fiscalia.gov.co\/colombia\/wp-json\/wp\/v2\/media?parent=175146"}],"wp:term":[{"taxonomy":"category","embeddable":true,"href":"https:\/\/www.fiscalia.gov.co\/colombia\/wp-json\/wp\/v2\/categories?post=175146"},{"taxonomy":"post_tag","embeddable":true,"href":"https:\/\/www.fiscalia.gov.co\/colombia\/wp-json\/wp\/v2\/tags?post=175146"}],"curies":[{"name":"wp","href":"https:\/\/api.w.org\/{rel}","templated":true}]}}