{"id":175143,"date":"2019-02-06T11:08:42","date_gmt":"2019-02-06T16:08:42","guid":{"rendered":"https:\/\/www.fiscalia.gov.co\/colombia\/?p=175143"},"modified":"2019-02-06T11:15:13","modified_gmt":"2019-02-06T16:15:13","slug":"a-extincion-de-dominio-bienes-que-sirvieron-de-transito-a-la-antigua-zona-de-distension","status":"publish","type":"post","link":"https:\/\/www.fiscalia.gov.co\/colombia\/finanzas-criminales\/a-extincion-de-dominio-bienes-que-sirvieron-de-transito-a-la-antigua-zona-de-distension\/","title":{"rendered":"A extinci\u00f3n de dominio bienes que sirvieron de tr\u00e1nsito a la antigua zona de distensi\u00f3n"},"content":{"rendered":"<p><i><u><span lang=\"ES-TRAD\">La Fiscal\u00eda y el Ej\u00e9rcito Nacional ocuparon cerca de 300 hect\u00e1reas de tierra en Baraya (Huila) que sirvieron de corredor para las Farc y pertenecer\u00edan a presuntos testaferros del entonces frente 17.<\/span><\/u><\/i><\/p>\n<p>La Fiscal\u00eda General de la Naci\u00f3n puso en evidencia a un grupo familiar que habr\u00eda servido de fachada para ocultar bienes y recursos il\u00edcitos del entonces bloque oriental de las Farc en Huila.<\/p>\n<p>De acuerdo con los testimonios y el material probatorio recopilado, Anaquilia Le\u00f3n Toro, conocida como \u2018La Leona\u2019, y sus hijos Alexander y Maribel Roa Le\u00f3n, al parecer, asumieron el control de varios bienes que fueron adquiridos con dineros producto de extorsiones y secuestros en la regi\u00f3n.<\/p>\n<p>Cerca de 300 hect\u00e1reas que pertenecer\u00edan a ese patrimonio ilegal fueron detectadas en la vereda La Reforma, en Baraya (Huila). Sobre este terreno, cuyo valor superar\u00eda los mil millones de pesos, la Fiscal\u00eda impuso medidas cautelares con fines de extinci\u00f3n de dominio y fue ocupado en una operaci\u00f3n conjunta de la Direcci\u00f3n Especializada de Extinci\u00f3n del Derecho de Dominio y unidades del Ej\u00e9rcito Nacional.<\/p>\n<p>El frente 17 de las desmovilizadas Farc habr\u00eda obtenido las 300 hect\u00e1reas de tierra porque hac\u00edan parte de un corredor monta\u00f1oso de vital importancia para acceder por el noroccidente a la antigua zona de distensi\u00f3n.<\/p>\n<p>Varias declaraciones en poder de la Fiscal\u00eda dan cuenta que, por el \u00e1rea hoy ocupada, se almacenaron y movieron armas y explosivos que terminaron en los 42 mil kil\u00f3metros despejados en los departamentos de Meta y Caquet\u00e1, entre 1998 \u2013 2002.<\/p>\n<p>La porci\u00f3n de tierra afectada con medidas cautelares est\u00e1 fraccionada en cuatro bienes y\u00a0 quedar\u00e1 a disposici\u00f3n de la Sociedad de Activos Especiales (SAE) para su administraci\u00f3n.<\/p>\n<p><u>\u00a0<\/u><\/p>\n<p><strong><u>Los Le\u00f3n, presuntos testaferros de las Farc<\/u><\/strong><\/p>\n<p>En el curso de varias investigaciones contra el denominado bloque oriental de las Farc, la Fiscal\u00eda detect\u00f3 los nombres de los tres integrantes de la familia Roa Le\u00f3n. Precisamente, la pareja de hermanos hab\u00eda sido capturada en 2011, por los delitos de rebeli\u00f3n, concierto para delinquir y lavado de activos.<\/p>\n<ul>\n<li>Maribel Roa Le\u00f3n: fue condenada por el delito de rebeli\u00f3n por el Juzgado Cuarto Penal del Circuito de Neiva. Esta mujer, conocida como \u2018La Tigra, fue responsabilizada de coordinar el transporte de explosivos, armas y material de guerra para el frente 17 de las Farc en Huila y Caquet\u00e1.<\/li>\n<li>Alexander Roa Le\u00f3n: fue capturado en flagrancia con 100 millones de pesos en efectivo y judicializado por el delito de enriquecimiento il\u00edcito.<\/li>\n<\/ul>\n<p>La Fiscal\u00eda General de la Naci\u00f3n hace p\u00fablica esta informaci\u00f3n por considerarla de inter\u00e9s general.<\/p>\n\n<div class=\"twitter-share\"><a href=\"https:\/\/twitter.com\/intent\/tweet?via=fiscaliacol\" class=\"twitter-share-button\">Tweet<\/a><\/div>\n","protected":false},"excerpt":{"rendered":"<p>La Fiscal\u00eda y el Ej\u00e9rcito Nacional ocuparon cerca de 300 hect\u00e1reas de tierra en Baraya (Huila) que sirvieron de corredor para las Farc y pertenecer\u00edan a presuntos testaferros del entonces frente 17. La Fiscal\u00eda General de la Naci\u00f3n puso en evidencia a un grupo familiar que habr\u00eda servido de fachada para ocultar bienes y recursos [&hellip;]<\/p>\n","protected":false},"author":163,"featured_media":0,"comment_status":"closed","ping_status":"open","sticky":false,"template":"","format":"standard","meta":{"_price":"","_stock":"","_tribe_ticket_header":"","_tribe_default_ticket_provider":"","_tribe_ticket_capacity":"0","_ticket_start_date":"","_ticket_end_date":"","_tribe_ticket_show_description":"","_tribe_ticket_show_not_going":false,"_tribe_ticket_use_global_stock":"","_tribe_ticket_global_stock_level":"","_global_stock_mode":"","_global_stock_cap":"","_tribe_rsvp_for_event":"","_tribe_ticket_going_count":"","_tribe_ticket_not_going_count":"","_tribe_tickets_list":"[]","_tribe_ticket_has_attendee_info_fields":false,"tdm_status":"","tdm_grid_status":"","footnotes":""},"categories":[24157],"tags":[24158],"class_list":{"0":"post-175143","1":"post","2":"type-post","3":"status-publish","4":"format-standard","6":"category-finanzas-criminales","7":"tag-finanzas-criminales"},"yoast_head":"<!-- This site is optimized with the Yoast SEO plugin v24.3 - https:\/\/yoast.com\/wordpress\/plugins\/seo\/ -->\n<title>Fiscal\u00eda General de la Naci\u00f3n<\/title>\n<meta name=\"description\" content=\"P\u00e1gina oficial de la Fiscal\u00eda General de la Naci\u00f3n \u2013 Colombia. Garantizamos el acceso efectivo a la justicia, la verdad y la reparaci\u00f3n de las v\u00edctimas de los delitos.\" \/>\n<meta name=\"robots\" content=\"noindex, follow\" \/>\n<meta property=\"og:locale\" content=\"es_ES\" \/>\n<meta property=\"og:type\" content=\"article\" \/>\n<meta property=\"og:title\" content=\"Fiscal\u00eda General de la Naci\u00f3n\" \/>\n<meta property=\"og:description\" content=\"P\u00e1gina oficial de la Fiscal\u00eda General de la Naci\u00f3n \u2013 Colombia. Garantizamos el acceso efectivo a la justicia, la verdad y la reparaci\u00f3n de las v\u00edctimas de los delitos.\" \/>\n<meta property=\"og:url\" content=\"https:\/\/www.fiscalia.gov.co\/colombia\/finanzas-criminales\/a-extincion-de-dominio-bienes-que-sirvieron-de-transito-a-la-antigua-zona-de-distension\/\" \/>\n<meta property=\"og:site_name\" content=\"Fiscal\u00eda General de la Naci\u00f3n\" \/>\n<meta property=\"article:publisher\" content=\"https:\/\/www.facebook.com\/FiscaliaCol\" \/>\n<meta property=\"article:published_time\" content=\"2019-02-06T16:08:42+00:00\" \/>\n<meta property=\"article:modified_time\" content=\"2019-02-06T16:15:13+00:00\" \/>\n<meta name=\"author\" content=\"Federico Bar\u00f3n\" \/>\n<meta name=\"twitter:card\" content=\"summary_large_image\" \/>\n<meta name=\"twitter:creator\" content=\"@FiscaliaCol\" \/>\n<meta name=\"twitter:site\" content=\"@FiscaliaCol\" \/>\n<meta name=\"twitter:label1\" content=\"Escrito por\" \/>\n\t<meta name=\"twitter:data1\" content=\"Federico Bar\u00f3n\" \/>\n\t<meta name=\"twitter:label2\" content=\"Tiempo de lectura\" \/>\n\t<meta name=\"twitter:data2\" content=\"2 minutos\" \/>\n<script type=\"application\/ld+json\" class=\"yoast-schema-graph\">{\"@context\":\"https:\/\/schema.org\",\"@graph\":[{\"@type\":\"Article\",\"@id\":\"https:\/\/www.fiscalia.gov.co\/colombia\/finanzas-criminales\/a-extincion-de-dominio-bienes-que-sirvieron-de-transito-a-la-antigua-zona-de-distension\/#article\",\"isPartOf\":{\"@id\":\"https:\/\/www.fiscalia.gov.co\/colombia\/finanzas-criminales\/a-extincion-de-dominio-bienes-que-sirvieron-de-transito-a-la-antigua-zona-de-distension\/\"},\"author\":{\"name\":\"Federico Bar\u00f3n\",\"@id\":\"https:\/\/www.fiscalia.gov.co\/colombia\/#\/schema\/person\/6c583a82254e9615e852ba9db84e67ee\"},\"headline\":\"A extinci\u00f3n de dominio bienes que sirvieron de tr\u00e1nsito a la antigua zona de distensi\u00f3n\",\"datePublished\":\"2019-02-06T16:08:42+00:00\",\"dateModified\":\"2019-02-06T16:15:13+00:00\",\"mainEntityOfPage\":{\"@id\":\"https:\/\/www.fiscalia.gov.co\/colombia\/finanzas-criminales\/a-extincion-de-dominio-bienes-que-sirvieron-de-transito-a-la-antigua-zona-de-distension\/\"},\"wordCount\":471,\"publisher\":{\"@id\":\"https:\/\/www.fiscalia.gov.co\/colombia\/#organization\"},\"keywords\":[\"Finanzas criminales\"],\"articleSection\":[\"Finanzas criminales\"],\"inLanguage\":\"es-CO\"},{\"@type\":\"WebPage\",\"@id\":\"https:\/\/www.fiscalia.gov.co\/colombia\/finanzas-criminales\/a-extincion-de-dominio-bienes-que-sirvieron-de-transito-a-la-antigua-zona-de-distension\/\",\"url\":\"https:\/\/www.fiscalia.gov.co\/colombia\/finanzas-criminales\/a-extincion-de-dominio-bienes-que-sirvieron-de-transito-a-la-antigua-zona-de-distension\/\",\"name\":\"Fiscal\u00eda General de la Naci\u00f3n\",\"isPartOf\":{\"@id\":\"https:\/\/www.fiscalia.gov.co\/colombia\/#website\"},\"datePublished\":\"2019-02-06T16:08:42+00:00\",\"dateModified\":\"2019-02-06T16:15:13+00:00\",\"description\":\"P\u00e1gina oficial de la Fiscal\u00eda General de la Naci\u00f3n \u2013 Colombia. Garantizamos el acceso efectivo a la justicia, la verdad y la reparaci\u00f3n de las v\u00edctimas de los delitos.\",\"breadcrumb\":{\"@id\":\"https:\/\/www.fiscalia.gov.co\/colombia\/finanzas-criminales\/a-extincion-de-dominio-bienes-que-sirvieron-de-transito-a-la-antigua-zona-de-distension\/#breadcrumb\"},\"inLanguage\":\"es-CO\",\"potentialAction\":[{\"@type\":\"ReadAction\",\"target\":[\"https:\/\/www.fiscalia.gov.co\/colombia\/finanzas-criminales\/a-extincion-de-dominio-bienes-que-sirvieron-de-transito-a-la-antigua-zona-de-distension\/\"]}]},{\"@type\":\"BreadcrumbList\",\"@id\":\"https:\/\/www.fiscalia.gov.co\/colombia\/finanzas-criminales\/a-extincion-de-dominio-bienes-que-sirvieron-de-transito-a-la-antigua-zona-de-distension\/#breadcrumb\",\"itemListElement\":[{\"@type\":\"ListItem\",\"position\":1,\"name\":\"Home\",\"item\":\"https:\/\/www.fiscalia.gov.co\/colombia\/\"},{\"@type\":\"ListItem\",\"position\":2,\"name\":\"A extinci\u00f3n de dominio bienes que sirvieron de tr\u00e1nsito a la antigua zona de distensi\u00f3n\"}]},{\"@type\":\"WebSite\",\"@id\":\"https:\/\/www.fiscalia.gov.co\/colombia\/#website\",\"url\":\"https:\/\/www.fiscalia.gov.co\/colombia\/\",\"name\":\"Fiscal\u00eda General de la Naci\u00f3n\",\"description\":\"P\u00e1gina oficial de la Fiscal\u00eda General de la Naci\u00f3n \u2013 Colombia. Garantizamos el acceso efectivo a la justicia, la verdad y la reparaci\u00f3n de las v\u00edctimas de los delitos.\",\"publisher\":{\"@id\":\"https:\/\/www.fiscalia.gov.co\/colombia\/#organization\"},\"potentialAction\":[{\"@type\":\"SearchAction\",\"target\":{\"@type\":\"EntryPoint\",\"urlTemplate\":\"https:\/\/www.fiscalia.gov.co\/colombia\/?s={search_term_string}\"},\"query-input\":{\"@type\":\"PropertyValueSpecification\",\"valueRequired\":true,\"valueName\":\"search_term_string\"}}],\"inLanguage\":\"es-CO\"},{\"@type\":\"Organization\",\"@id\":\"https:\/\/www.fiscalia.gov.co\/colombia\/#organization\",\"name\":\"Fiscal\u00eda General de la Naci\u00f3n\",\"url\":\"https:\/\/www.fiscalia.gov.co\/colombia\/\",\"logo\":{\"@type\":\"ImageObject\",\"inLanguage\":\"es-CO\",\"@id\":\"https:\/\/www.fiscalia.gov.co\/colombia\/#\/schema\/logo\/image\/\",\"url\":\"https:\/\/www.fiscalia.gov.co\/colombia\/wp-content\/uploads\/LogoHorizontal_1.jpg\",\"contentUrl\":\"https:\/\/www.fiscalia.gov.co\/colombia\/wp-content\/uploads\/LogoHorizontal_1.jpg\",\"width\":300,\"height\":90,\"caption\":\"Fiscal\u00eda General de la Naci\u00f3n\"},\"image\":{\"@id\":\"https:\/\/www.fiscalia.gov.co\/colombia\/#\/schema\/logo\/image\/\"},\"sameAs\":[\"https:\/\/www.facebook.com\/FiscaliaCol\",\"https:\/\/x.com\/FiscaliaCol\",\"https:\/\/www.instagram.com\/fiscaliacol\",\"https:\/\/www.linkedin.com\/company\/fiscalia-general-de-la-naci-n\/\",\"https:\/\/youtube.com\/@fiscaliageneraldelanacion-4668?si=6nN79nyQICPU5iTh\"]},{\"@type\":\"Person\",\"@id\":\"https:\/\/www.fiscalia.gov.co\/colombia\/#\/schema\/person\/6c583a82254e9615e852ba9db84e67ee\",\"name\":\"Federico Bar\u00f3n\",\"image\":{\"@type\":\"ImageObject\",\"inLanguage\":\"es-CO\",\"@id\":\"https:\/\/www.fiscalia.gov.co\/colombia\/#\/schema\/person\/image\/\",\"url\":\"https:\/\/secure.gravatar.com\/avatar\/30ff8ce2c54287c7927de9067165726c?s=96&d=mm&r=g\",\"contentUrl\":\"https:\/\/secure.gravatar.com\/avatar\/30ff8ce2c54287c7927de9067165726c?s=96&d=mm&r=g\",\"caption\":\"Federico Bar\u00f3n\"},\"url\":\"https:\/\/www.fiscalia.gov.co\/colombia\/author\/fbaron\/\"}]}<\/script>\n<!-- \/ Yoast SEO plugin. -->","yoast_head_json":{"title":"Fiscal\u00eda General de la Naci\u00f3n","description":"P\u00e1gina oficial de la Fiscal\u00eda General de la Naci\u00f3n \u2013 Colombia. Garantizamos el acceso efectivo a la justicia, la verdad y la reparaci\u00f3n de las v\u00edctimas de los delitos.","robots":{"index":"noindex","follow":"follow"},"og_locale":"es_ES","og_type":"article","og_title":"Fiscal\u00eda General de la Naci\u00f3n","og_description":"P\u00e1gina oficial de la Fiscal\u00eda General de la Naci\u00f3n \u2013 Colombia. Garantizamos el acceso efectivo a la justicia, la verdad y la reparaci\u00f3n de las v\u00edctimas de los delitos.","og_url":"https:\/\/www.fiscalia.gov.co\/colombia\/finanzas-criminales\/a-extincion-de-dominio-bienes-que-sirvieron-de-transito-a-la-antigua-zona-de-distension\/","og_site_name":"Fiscal\u00eda General de la Naci\u00f3n","article_publisher":"https:\/\/www.facebook.com\/FiscaliaCol","article_published_time":"2019-02-06T16:08:42+00:00","article_modified_time":"2019-02-06T16:15:13+00:00","author":"Federico Bar\u00f3n","twitter_card":"summary_large_image","twitter_creator":"@FiscaliaCol","twitter_site":"@FiscaliaCol","twitter_misc":{"Escrito por":"Federico Bar\u00f3n","Tiempo de lectura":"2 minutos"},"schema":{"@context":"https:\/\/schema.org","@graph":[{"@type":"Article","@id":"https:\/\/www.fiscalia.gov.co\/colombia\/finanzas-criminales\/a-extincion-de-dominio-bienes-que-sirvieron-de-transito-a-la-antigua-zona-de-distension\/#article","isPartOf":{"@id":"https:\/\/www.fiscalia.gov.co\/colombia\/finanzas-criminales\/a-extincion-de-dominio-bienes-que-sirvieron-de-transito-a-la-antigua-zona-de-distension\/"},"author":{"name":"Federico Bar\u00f3n","@id":"https:\/\/www.fiscalia.gov.co\/colombia\/#\/schema\/person\/6c583a82254e9615e852ba9db84e67ee"},"headline":"A extinci\u00f3n de dominio bienes que sirvieron de tr\u00e1nsito a la antigua zona de distensi\u00f3n","datePublished":"2019-02-06T16:08:42+00:00","dateModified":"2019-02-06T16:15:13+00:00","mainEntityOfPage":{"@id":"https:\/\/www.fiscalia.gov.co\/colombia\/finanzas-criminales\/a-extincion-de-dominio-bienes-que-sirvieron-de-transito-a-la-antigua-zona-de-distension\/"},"wordCount":471,"publisher":{"@id":"https:\/\/www.fiscalia.gov.co\/colombia\/#organization"},"keywords":["Finanzas criminales"],"articleSection":["Finanzas criminales"],"inLanguage":"es-CO"},{"@type":"WebPage","@id":"https:\/\/www.fiscalia.gov.co\/colombia\/finanzas-criminales\/a-extincion-de-dominio-bienes-que-sirvieron-de-transito-a-la-antigua-zona-de-distension\/","url":"https:\/\/www.fiscalia.gov.co\/colombia\/finanzas-criminales\/a-extincion-de-dominio-bienes-que-sirvieron-de-transito-a-la-antigua-zona-de-distension\/","name":"Fiscal\u00eda General de la Naci\u00f3n","isPartOf":{"@id":"https:\/\/www.fiscalia.gov.co\/colombia\/#website"},"datePublished":"2019-02-06T16:08:42+00:00","dateModified":"2019-02-06T16:15:13+00:00","description":"P\u00e1gina oficial de la Fiscal\u00eda General de la Naci\u00f3n \u2013 Colombia. Garantizamos el acceso efectivo a la justicia, la verdad y la reparaci\u00f3n de las v\u00edctimas de los delitos.","breadcrumb":{"@id":"https:\/\/www.fiscalia.gov.co\/colombia\/finanzas-criminales\/a-extincion-de-dominio-bienes-que-sirvieron-de-transito-a-la-antigua-zona-de-distension\/#breadcrumb"},"inLanguage":"es-CO","potentialAction":[{"@type":"ReadAction","target":["https:\/\/www.fiscalia.gov.co\/colombia\/finanzas-criminales\/a-extincion-de-dominio-bienes-que-sirvieron-de-transito-a-la-antigua-zona-de-distension\/"]}]},{"@type":"BreadcrumbList","@id":"https:\/\/www.fiscalia.gov.co\/colombia\/finanzas-criminales\/a-extincion-de-dominio-bienes-que-sirvieron-de-transito-a-la-antigua-zona-de-distension\/#breadcrumb","itemListElement":[{"@type":"ListItem","position":1,"name":"Home","item":"https:\/\/www.fiscalia.gov.co\/colombia\/"},{"@type":"ListItem","position":2,"name":"A extinci\u00f3n de dominio bienes que sirvieron de tr\u00e1nsito a la antigua zona de distensi\u00f3n"}]},{"@type":"WebSite","@id":"https:\/\/www.fiscalia.gov.co\/colombia\/#website","url":"https:\/\/www.fiscalia.gov.co\/colombia\/","name":"Fiscal\u00eda General de la Naci\u00f3n","description":"P\u00e1gina oficial de la Fiscal\u00eda General de la Naci\u00f3n \u2013 Colombia. Garantizamos el acceso efectivo a la justicia, la verdad y la reparaci\u00f3n de las v\u00edctimas de los delitos.","publisher":{"@id":"https:\/\/www.fiscalia.gov.co\/colombia\/#organization"},"potentialAction":[{"@type":"SearchAction","target":{"@type":"EntryPoint","urlTemplate":"https:\/\/www.fiscalia.gov.co\/colombia\/?s={search_term_string}"},"query-input":{"@type":"PropertyValueSpecification","valueRequired":true,"valueName":"search_term_string"}}],"inLanguage":"es-CO"},{"@type":"Organization","@id":"https:\/\/www.fiscalia.gov.co\/colombia\/#organization","name":"Fiscal\u00eda General de la Naci\u00f3n","url":"https:\/\/www.fiscalia.gov.co\/colombia\/","logo":{"@type":"ImageObject","inLanguage":"es-CO","@id":"https:\/\/www.fiscalia.gov.co\/colombia\/#\/schema\/logo\/image\/","url":"https:\/\/www.fiscalia.gov.co\/colombia\/wp-content\/uploads\/LogoHorizontal_1.jpg","contentUrl":"https:\/\/www.fiscalia.gov.co\/colombia\/wp-content\/uploads\/LogoHorizontal_1.jpg","width":300,"height":90,"caption":"Fiscal\u00eda General de la Naci\u00f3n"},"image":{"@id":"https:\/\/www.fiscalia.gov.co\/colombia\/#\/schema\/logo\/image\/"},"sameAs":["https:\/\/www.facebook.com\/FiscaliaCol","https:\/\/x.com\/FiscaliaCol","https:\/\/www.instagram.com\/fiscaliacol","https:\/\/www.linkedin.com\/company\/fiscalia-general-de-la-naci-n\/","https:\/\/youtube.com\/@fiscaliageneraldelanacion-4668?si=6nN79nyQICPU5iTh"]},{"@type":"Person","@id":"https:\/\/www.fiscalia.gov.co\/colombia\/#\/schema\/person\/6c583a82254e9615e852ba9db84e67ee","name":"Federico Bar\u00f3n","image":{"@type":"ImageObject","inLanguage":"es-CO","@id":"https:\/\/www.fiscalia.gov.co\/colombia\/#\/schema\/person\/image\/","url":"https:\/\/secure.gravatar.com\/avatar\/30ff8ce2c54287c7927de9067165726c?s=96&d=mm&r=g","contentUrl":"https:\/\/secure.gravatar.com\/avatar\/30ff8ce2c54287c7927de9067165726c?s=96&d=mm&r=g","caption":"Federico Bar\u00f3n"},"url":"https:\/\/www.fiscalia.gov.co\/colombia\/author\/fbaron\/"}]}},"_links":{"self":[{"href":"https:\/\/www.fiscalia.gov.co\/colombia\/wp-json\/wp\/v2\/posts\/175143","targetHints":{"allow":["GET"]}}],"collection":[{"href":"https:\/\/www.fiscalia.gov.co\/colombia\/wp-json\/wp\/v2\/posts"}],"about":[{"href":"https:\/\/www.fiscalia.gov.co\/colombia\/wp-json\/wp\/v2\/types\/post"}],"author":[{"embeddable":true,"href":"https:\/\/www.fiscalia.gov.co\/colombia\/wp-json\/wp\/v2\/users\/163"}],"replies":[{"embeddable":true,"href":"https:\/\/www.fiscalia.gov.co\/colombia\/wp-json\/wp\/v2\/comments?post=175143"}],"version-history":[{"count":1,"href":"https:\/\/www.fiscalia.gov.co\/colombia\/wp-json\/wp\/v2\/posts\/175143\/revisions"}],"predecessor-version":[{"id":175144,"href":"https:\/\/www.fiscalia.gov.co\/colombia\/wp-json\/wp\/v2\/posts\/175143\/revisions\/175144"}],"wp:attachment":[{"href":"https:\/\/www.fiscalia.gov.co\/colombia\/wp-json\/wp\/v2\/media?parent=175143"}],"wp:term":[{"taxonomy":"category","embeddable":true,"href":"https:\/\/www.fiscalia.gov.co\/colombia\/wp-json\/wp\/v2\/categories?post=175143"},{"taxonomy":"post_tag","embeddable":true,"href":"https:\/\/www.fiscalia.gov.co\/colombia\/wp-json\/wp\/v2\/tags?post=175143"}],"curies":[{"name":"wp","href":"https:\/\/api.w.org\/{rel}","templated":true}]}}