{"id":174198,"date":"2019-01-15T10:34:35","date_gmt":"2019-01-15T15:34:35","guid":{"rendered":"https:\/\/www.fiscalia.gov.co\/colombia\/?p=174198"},"modified":"2019-01-15T10:34:35","modified_gmt":"2019-01-15T15:34:35","slug":"errores-de-diseno-y-de-construccion-principal-linea-investigativa-de-la-fiscalia-por-colapso-de-puente-chirajara","status":"publish","type":"post","link":"https:\/\/www.fiscalia.gov.co\/colombia\/noticias\/errores-de-diseno-y-de-construccion-principal-linea-investigativa-de-la-fiscalia-por-colapso-de-puente-chirajara\/","title":{"rendered":"Errores de dise\u00f1o y de construcci\u00f3n, principal l\u00ednea investigativa de la Fiscal\u00eda por colapso de puente Chirajara"},"content":{"rendered":"<p><em>Fiscal\u00eda avanza en la identificaci\u00f3n de posibles responsables con base en m\u00e1s de 17 mil<\/em><br \/>\n<em>documentos recolectados por 21 funcionarios de la Entidad. Tambi\u00e9n fue recibido un<\/em><br \/>\n<em>informe t\u00e9cnico de la Universidad Polit\u00e9cnica de Catalu\u00f1a. <\/em><\/p>\n<p>La Fiscal\u00eda General de la Naci\u00f3n concluy\u00f3 la etapa de recopilaci\u00f3n de documentos e<br \/>\ninformaci\u00f3n t\u00e9cnica sobre lo ocurrido en el colapso de la Pila B del Puente Recto de<br \/>\nChirajara, ocurrido el 15 de enero del a\u00f1o 2018, en el que murieron nueve personas.<\/p>\n<p>Esta fase se cerr\u00f3 con la obtenci\u00f3n del resultado del estudio realizado por la Universidad<br \/>\nPolit\u00e9cnica de Catalu\u00f1a (Espa\u00f1a), a trav\u00e9s del Centro Internacional de M\u00e9todos<br \/>\nNum\u00e9ricos en la Ingenier\u00eda -CIMNE-, en el que estableci\u00f3 que el puente presentaba<br \/>\n\u201c[i]mportantes errores de dise\u00f1o y su construcci\u00f3n se llev\u00f3 a cabo acumulando diversas<br \/>\ndeficiencias. La ca\u00edda sobrevino por la conjunci\u00f3n de varias de estas circunstancias (\u2026)\u201d.<\/p>\n<p>Ante esta conclusi\u00f3n cient\u00edfica, el fiscal actualmente determina e individualiza a los<br \/>\nposibles responsables por las muertes y lesiones que fueron causadas por el colapso, para<br \/>\nlo cual avanza en el an\u00e1lisis de m\u00e1s de 17 mil documentos t\u00e9cnicos relacionados con el<br \/>\nproceso de dise\u00f1o, construcci\u00f3n e interventor\u00eda del puente.<\/p>\n<p>Desde el momento de conocida la tragedia, la Fiscal\u00eda General de la Naci\u00f3n dispuso de un<br \/>\nequipo conformado por 21 funcionarios, tres de ellos encargados de la toma de im\u00e1genes<br \/>\nen tercera dimensi\u00f3n, cuatro m\u00e1s capacitados en el manejo de drones, dos fot\u00f3grafos, dos<br \/>\nperitos de georadar, dos especialistas en seguridad y salud en el trabajo, un ingeniero<br \/>\nperito inform\u00e1tico, cinco ingenieros civiles y tres investigadores de apoyo.<\/p>\n<p>Este grupo ha realizado tomas de terreno y materiales en el lugar de la ca\u00edda del puente e<br \/>\ninspecciones a las sedes y campamentos de las empresas constructoras, la compa\u00f1\u00eda<br \/>\nauditora, diversos contratistas relacionados con el proyecto y la Administradora de<br \/>\nRiesgos Laborales \u2013 ARL, y se obtuvo documentaci\u00f3n importante sobre los dise\u00f1os de la<br \/>\nobra, los presupuestos, cronogramas y personal dispuesto para el desarrollo de la misma.<\/p>\n<p>La Fiscal\u00eda mantiene su compromiso y realiza las acciones necesarias para establecer la<br \/>\nverdad sobre lo ocurrido hace un a\u00f1o en la V\u00eda al Llano.<\/p>\n<p>La Fiscal\u00eda hace p\u00fablica esta informaci\u00f3n por razones de inter\u00e9s general.<\/p>\n\n<div class=\"twitter-share\"><a href=\"https:\/\/twitter.com\/intent\/tweet?via=fiscaliacol\" class=\"twitter-share-button\">Tweet<\/a><\/div>\n","protected":false},"excerpt":{"rendered":"<p>Fiscal\u00eda avanza en la identificaci\u00f3n de posibles responsables con base en m\u00e1s de 17 mil documentos recolectados por 21 funcionarios de la Entidad. Tambi\u00e9n fue recibido un informe t\u00e9cnico de [&hellip;]<\/p>\n","protected":false},"author":162,"featured_media":0,"comment_status":"closed","ping_status":"open","sticky":false,"template":"","format":"standard","meta":{"tdm_status":"","tdm_grid_status":"","footnotes":""},"categories":[1,24099],"tags":[],"class_list":["post-174198","post","type-post","status-publish","format-standard","category-noticias","category-seguridad-territorial"],"yoast_head":"<!-- This site is optimized with the Yoast SEO plugin v24.3 - https:\/\/yoast.com\/wordpress\/plugins\/seo\/ -->\n<title>Fiscal\u00eda General de la Naci\u00f3n<\/title>\n<meta name=\"description\" content=\"P\u00e1gina oficial de la Fiscal\u00eda General de la Naci\u00f3n \u2013 Colombia. Garantizamos el acceso efectivo a la justicia, la verdad y la reparaci\u00f3n de las v\u00edctimas de los delitos.\" \/>\n<meta name=\"robots\" content=\"noindex, follow\" \/>\n<meta property=\"og:locale\" content=\"es_ES\" \/>\n<meta property=\"og:type\" content=\"article\" \/>\n<meta property=\"og:title\" content=\"Fiscal\u00eda General de la Naci\u00f3n\" \/>\n<meta property=\"og:description\" content=\"P\u00e1gina oficial de la Fiscal\u00eda General de la Naci\u00f3n \u2013 Colombia. Garantizamos el acceso efectivo a la justicia, la verdad y la reparaci\u00f3n de las v\u00edctimas de los delitos.\" \/>\n<meta property=\"og:url\" content=\"https:\/\/www.fiscalia.gov.co\/colombia\/noticias\/errores-de-diseno-y-de-construccion-principal-linea-investigativa-de-la-fiscalia-por-colapso-de-puente-chirajara\/\" \/>\n<meta property=\"og:site_name\" content=\"Fiscal\u00eda General de la Naci\u00f3n\" \/>\n<meta property=\"article:publisher\" content=\"https:\/\/www.facebook.com\/FiscaliaCol\" \/>\n<meta property=\"article:published_time\" content=\"2019-01-15T15:34:35+00:00\" \/>\n<meta name=\"author\" content=\"Direcci\u00f3n de Comunicaciones Fiscal\u00eda General de la Naci\u00f3n\" \/>\n<meta name=\"twitter:card\" content=\"summary_large_image\" \/>\n<meta name=\"twitter:creator\" content=\"@FiscaliaCol\" \/>\n<meta name=\"twitter:site\" content=\"@FiscaliaCol\" \/>\n<meta name=\"twitter:label1\" content=\"Escrito por\" \/>\n\t<meta name=\"twitter:data1\" content=\"Direcci\u00f3n de Comunicaciones Fiscal\u00eda General de la Naci\u00f3n\" \/>\n\t<meta name=\"twitter:label2\" content=\"Tiempo de lectura\" \/>\n\t<meta name=\"twitter:data2\" content=\"2 minutos\" \/>\n<script type=\"application\/ld+json\" class=\"yoast-schema-graph\">{\"@context\":\"https:\/\/schema.org\",\"@graph\":[{\"@type\":\"Article\",\"@id\":\"https:\/\/www.fiscalia.gov.co\/colombia\/noticias\/errores-de-diseno-y-de-construccion-principal-linea-investigativa-de-la-fiscalia-por-colapso-de-puente-chirajara\/#article\",\"isPartOf\":{\"@id\":\"https:\/\/www.fiscalia.gov.co\/colombia\/noticias\/errores-de-diseno-y-de-construccion-principal-linea-investigativa-de-la-fiscalia-por-colapso-de-puente-chirajara\/\"},\"author\":{\"name\":\"Direcci\u00f3n de Comunicaciones Fiscal\u00eda General de la Naci\u00f3n\",\"@id\":\"https:\/\/www.fiscalia.gov.co\/colombia\/#\/schema\/person\/bf28d8ae7f1b287bbe3af484b04f43ea\"},\"headline\":\"Errores de dise\u00f1o y de construcci\u00f3n, principal l\u00ednea investigativa de la Fiscal\u00eda por colapso de puente Chirajara\",\"datePublished\":\"2019-01-15T15:34:35+00:00\",\"dateModified\":\"2019-01-15T15:34:35+00:00\",\"mainEntityOfPage\":{\"@id\":\"https:\/\/www.fiscalia.gov.co\/colombia\/noticias\/errores-de-diseno-y-de-construccion-principal-linea-investigativa-de-la-fiscalia-por-colapso-de-puente-chirajara\/\"},\"wordCount\":432,\"publisher\":{\"@id\":\"https:\/\/www.fiscalia.gov.co\/colombia\/#organization\"},\"articleSection\":[\"Noticias\",\"Seguridad territorial\"],\"inLanguage\":\"es-CO\"},{\"@type\":\"WebPage\",\"@id\":\"https:\/\/www.fiscalia.gov.co\/colombia\/noticias\/errores-de-diseno-y-de-construccion-principal-linea-investigativa-de-la-fiscalia-por-colapso-de-puente-chirajara\/\",\"url\":\"https:\/\/www.fiscalia.gov.co\/colombia\/noticias\/errores-de-diseno-y-de-construccion-principal-linea-investigativa-de-la-fiscalia-por-colapso-de-puente-chirajara\/\",\"name\":\"Fiscal\u00eda General de la Naci\u00f3n\",\"isPartOf\":{\"@id\":\"https:\/\/www.fiscalia.gov.co\/colombia\/#website\"},\"datePublished\":\"2019-01-15T15:34:35+00:00\",\"dateModified\":\"2019-01-15T15:34:35+00:00\",\"description\":\"P\u00e1gina oficial de la Fiscal\u00eda General de la Naci\u00f3n \u2013 Colombia. Garantizamos el acceso efectivo a la justicia, la verdad y la reparaci\u00f3n de las v\u00edctimas de los delitos.\",\"breadcrumb\":{\"@id\":\"https:\/\/www.fiscalia.gov.co\/colombia\/noticias\/errores-de-diseno-y-de-construccion-principal-linea-investigativa-de-la-fiscalia-por-colapso-de-puente-chirajara\/#breadcrumb\"},\"inLanguage\":\"es-CO\",\"potentialAction\":[{\"@type\":\"ReadAction\",\"target\":[\"https:\/\/www.fiscalia.gov.co\/colombia\/noticias\/errores-de-diseno-y-de-construccion-principal-linea-investigativa-de-la-fiscalia-por-colapso-de-puente-chirajara\/\"]}]},{\"@type\":\"BreadcrumbList\",\"@id\":\"https:\/\/www.fiscalia.gov.co\/colombia\/noticias\/errores-de-diseno-y-de-construccion-principal-linea-investigativa-de-la-fiscalia-por-colapso-de-puente-chirajara\/#breadcrumb\",\"itemListElement\":[{\"@type\":\"ListItem\",\"position\":1,\"name\":\"Home\",\"item\":\"https:\/\/www.fiscalia.gov.co\/colombia\/\"},{\"@type\":\"ListItem\",\"position\":2,\"name\":\"Errores de dise\u00f1o y de construcci\u00f3n, principal l\u00ednea investigativa de la Fiscal\u00eda por colapso de puente Chirajara\"}]},{\"@type\":\"WebSite\",\"@id\":\"https:\/\/www.fiscalia.gov.co\/colombia\/#website\",\"url\":\"https:\/\/www.fiscalia.gov.co\/colombia\/\",\"name\":\"Fiscal\u00eda General de la Naci\u00f3n\",\"description\":\"P\u00e1gina oficial de la Fiscal\u00eda General de la Naci\u00f3n \u2013 Colombia. Garantizamos el acceso efectivo a la justicia, la verdad y la reparaci\u00f3n de las v\u00edctimas de los delitos.\",\"publisher\":{\"@id\":\"https:\/\/www.fiscalia.gov.co\/colombia\/#organization\"},\"potentialAction\":[{\"@type\":\"SearchAction\",\"target\":{\"@type\":\"EntryPoint\",\"urlTemplate\":\"https:\/\/www.fiscalia.gov.co\/colombia\/?s={search_term_string}\"},\"query-input\":{\"@type\":\"PropertyValueSpecification\",\"valueRequired\":true,\"valueName\":\"search_term_string\"}}],\"inLanguage\":\"es-CO\"},{\"@type\":\"Organization\",\"@id\":\"https:\/\/www.fiscalia.gov.co\/colombia\/#organization\",\"name\":\"Fiscal\u00eda General de la Naci\u00f3n\",\"url\":\"https:\/\/www.fiscalia.gov.co\/colombia\/\",\"logo\":{\"@type\":\"ImageObject\",\"inLanguage\":\"es-CO\",\"@id\":\"https:\/\/www.fiscalia.gov.co\/colombia\/#\/schema\/logo\/image\/\",\"url\":\"https:\/\/www.fiscalia.gov.co\/colombia\/wp-content\/uploads\/LogoHorizontal_1.jpg\",\"contentUrl\":\"https:\/\/www.fiscalia.gov.co\/colombia\/wp-content\/uploads\/LogoHorizontal_1.jpg\",\"width\":300,\"height\":90,\"caption\":\"Fiscal\u00eda General de la Naci\u00f3n\"},\"image\":{\"@id\":\"https:\/\/www.fiscalia.gov.co\/colombia\/#\/schema\/logo\/image\/\"},\"sameAs\":[\"https:\/\/www.facebook.com\/FiscaliaCol\",\"https:\/\/x.com\/FiscaliaCol\",\"https:\/\/www.instagram.com\/fiscaliacol\",\"https:\/\/www.linkedin.com\/company\/fiscalia-general-de-la-naci-n\/\",\"https:\/\/youtube.com\/@fiscaliageneraldelanacion-4668?si=6nN79nyQICPU5iTh\"]},{\"@type\":\"Person\",\"@id\":\"https:\/\/www.fiscalia.gov.co\/colombia\/#\/schema\/person\/bf28d8ae7f1b287bbe3af484b04f43ea\",\"name\":\"Direcci\u00f3n de Comunicaciones Fiscal\u00eda General de la Naci\u00f3n\",\"image\":{\"@type\":\"ImageObject\",\"inLanguage\":\"es-CO\",\"@id\":\"https:\/\/www.fiscalia.gov.co\/colombia\/#\/schema\/person\/image\/\",\"url\":\"https:\/\/secure.gravatar.com\/avatar\/9d55ae161d32da16dbdd0b380c080a5f?s=96&d=mm&r=g\",\"contentUrl\":\"https:\/\/secure.gravatar.com\/avatar\/9d55ae161d32da16dbdd0b380c080a5f?s=96&d=mm&r=g\",\"caption\":\"Direcci\u00f3n de Comunicaciones Fiscal\u00eda General de la Naci\u00f3n\"},\"url\":\"https:\/\/www.fiscalia.gov.co\/colombia\/author\/kbonilla\/\"}]}<\/script>\n<!-- \/ Yoast SEO plugin. -->","yoast_head_json":{"title":"Fiscal\u00eda General de la Naci\u00f3n","description":"P\u00e1gina oficial de la Fiscal\u00eda General de la Naci\u00f3n \u2013 Colombia. Garantizamos el acceso efectivo a la justicia, la verdad y la reparaci\u00f3n de las v\u00edctimas de los delitos.","robots":{"index":"noindex","follow":"follow"},"og_locale":"es_ES","og_type":"article","og_title":"Fiscal\u00eda General de la Naci\u00f3n","og_description":"P\u00e1gina oficial de la Fiscal\u00eda General de la Naci\u00f3n \u2013 Colombia. Garantizamos el acceso efectivo a la justicia, la verdad y la reparaci\u00f3n de las v\u00edctimas de los delitos.","og_url":"https:\/\/www.fiscalia.gov.co\/colombia\/noticias\/errores-de-diseno-y-de-construccion-principal-linea-investigativa-de-la-fiscalia-por-colapso-de-puente-chirajara\/","og_site_name":"Fiscal\u00eda General de la Naci\u00f3n","article_publisher":"https:\/\/www.facebook.com\/FiscaliaCol","article_published_time":"2019-01-15T15:34:35+00:00","author":"Direcci\u00f3n de Comunicaciones Fiscal\u00eda General de la Naci\u00f3n","twitter_card":"summary_large_image","twitter_creator":"@FiscaliaCol","twitter_site":"@FiscaliaCol","twitter_misc":{"Escrito por":"Direcci\u00f3n de Comunicaciones Fiscal\u00eda General de la Naci\u00f3n","Tiempo de lectura":"2 minutos"},"schema":{"@context":"https:\/\/schema.org","@graph":[{"@type":"Article","@id":"https:\/\/www.fiscalia.gov.co\/colombia\/noticias\/errores-de-diseno-y-de-construccion-principal-linea-investigativa-de-la-fiscalia-por-colapso-de-puente-chirajara\/#article","isPartOf":{"@id":"https:\/\/www.fiscalia.gov.co\/colombia\/noticias\/errores-de-diseno-y-de-construccion-principal-linea-investigativa-de-la-fiscalia-por-colapso-de-puente-chirajara\/"},"author":{"name":"Direcci\u00f3n de Comunicaciones Fiscal\u00eda General de la Naci\u00f3n","@id":"https:\/\/www.fiscalia.gov.co\/colombia\/#\/schema\/person\/bf28d8ae7f1b287bbe3af484b04f43ea"},"headline":"Errores de dise\u00f1o y de construcci\u00f3n, principal l\u00ednea investigativa de la Fiscal\u00eda por colapso de puente Chirajara","datePublished":"2019-01-15T15:34:35+00:00","dateModified":"2019-01-15T15:34:35+00:00","mainEntityOfPage":{"@id":"https:\/\/www.fiscalia.gov.co\/colombia\/noticias\/errores-de-diseno-y-de-construccion-principal-linea-investigativa-de-la-fiscalia-por-colapso-de-puente-chirajara\/"},"wordCount":432,"publisher":{"@id":"https:\/\/www.fiscalia.gov.co\/colombia\/#organization"},"articleSection":["Noticias","Seguridad territorial"],"inLanguage":"es-CO"},{"@type":"WebPage","@id":"https:\/\/www.fiscalia.gov.co\/colombia\/noticias\/errores-de-diseno-y-de-construccion-principal-linea-investigativa-de-la-fiscalia-por-colapso-de-puente-chirajara\/","url":"https:\/\/www.fiscalia.gov.co\/colombia\/noticias\/errores-de-diseno-y-de-construccion-principal-linea-investigativa-de-la-fiscalia-por-colapso-de-puente-chirajara\/","name":"Fiscal\u00eda General de la Naci\u00f3n","isPartOf":{"@id":"https:\/\/www.fiscalia.gov.co\/colombia\/#website"},"datePublished":"2019-01-15T15:34:35+00:00","dateModified":"2019-01-15T15:34:35+00:00","description":"P\u00e1gina oficial de la Fiscal\u00eda General de la Naci\u00f3n \u2013 Colombia. Garantizamos el acceso efectivo a la justicia, la verdad y la reparaci\u00f3n de las v\u00edctimas de los delitos.","breadcrumb":{"@id":"https:\/\/www.fiscalia.gov.co\/colombia\/noticias\/errores-de-diseno-y-de-construccion-principal-linea-investigativa-de-la-fiscalia-por-colapso-de-puente-chirajara\/#breadcrumb"},"inLanguage":"es-CO","potentialAction":[{"@type":"ReadAction","target":["https:\/\/www.fiscalia.gov.co\/colombia\/noticias\/errores-de-diseno-y-de-construccion-principal-linea-investigativa-de-la-fiscalia-por-colapso-de-puente-chirajara\/"]}]},{"@type":"BreadcrumbList","@id":"https:\/\/www.fiscalia.gov.co\/colombia\/noticias\/errores-de-diseno-y-de-construccion-principal-linea-investigativa-de-la-fiscalia-por-colapso-de-puente-chirajara\/#breadcrumb","itemListElement":[{"@type":"ListItem","position":1,"name":"Home","item":"https:\/\/www.fiscalia.gov.co\/colombia\/"},{"@type":"ListItem","position":2,"name":"Errores de dise\u00f1o y de construcci\u00f3n, principal l\u00ednea investigativa de la Fiscal\u00eda por colapso de puente Chirajara"}]},{"@type":"WebSite","@id":"https:\/\/www.fiscalia.gov.co\/colombia\/#website","url":"https:\/\/www.fiscalia.gov.co\/colombia\/","name":"Fiscal\u00eda General de la Naci\u00f3n","description":"P\u00e1gina oficial de la Fiscal\u00eda General de la Naci\u00f3n \u2013 Colombia. Garantizamos el acceso efectivo a la justicia, la verdad y la reparaci\u00f3n de las v\u00edctimas de los delitos.","publisher":{"@id":"https:\/\/www.fiscalia.gov.co\/colombia\/#organization"},"potentialAction":[{"@type":"SearchAction","target":{"@type":"EntryPoint","urlTemplate":"https:\/\/www.fiscalia.gov.co\/colombia\/?s={search_term_string}"},"query-input":{"@type":"PropertyValueSpecification","valueRequired":true,"valueName":"search_term_string"}}],"inLanguage":"es-CO"},{"@type":"Organization","@id":"https:\/\/www.fiscalia.gov.co\/colombia\/#organization","name":"Fiscal\u00eda General de la Naci\u00f3n","url":"https:\/\/www.fiscalia.gov.co\/colombia\/","logo":{"@type":"ImageObject","inLanguage":"es-CO","@id":"https:\/\/www.fiscalia.gov.co\/colombia\/#\/schema\/logo\/image\/","url":"https:\/\/www.fiscalia.gov.co\/colombia\/wp-content\/uploads\/LogoHorizontal_1.jpg","contentUrl":"https:\/\/www.fiscalia.gov.co\/colombia\/wp-content\/uploads\/LogoHorizontal_1.jpg","width":300,"height":90,"caption":"Fiscal\u00eda General de la Naci\u00f3n"},"image":{"@id":"https:\/\/www.fiscalia.gov.co\/colombia\/#\/schema\/logo\/image\/"},"sameAs":["https:\/\/www.facebook.com\/FiscaliaCol","https:\/\/x.com\/FiscaliaCol","https:\/\/www.instagram.com\/fiscaliacol","https:\/\/www.linkedin.com\/company\/fiscalia-general-de-la-naci-n\/","https:\/\/youtube.com\/@fiscaliageneraldelanacion-4668?si=6nN79nyQICPU5iTh"]},{"@type":"Person","@id":"https:\/\/www.fiscalia.gov.co\/colombia\/#\/schema\/person\/bf28d8ae7f1b287bbe3af484b04f43ea","name":"Direcci\u00f3n de Comunicaciones Fiscal\u00eda General de la Naci\u00f3n","image":{"@type":"ImageObject","inLanguage":"es-CO","@id":"https:\/\/www.fiscalia.gov.co\/colombia\/#\/schema\/person\/image\/","url":"https:\/\/secure.gravatar.com\/avatar\/9d55ae161d32da16dbdd0b380c080a5f?s=96&d=mm&r=g","contentUrl":"https:\/\/secure.gravatar.com\/avatar\/9d55ae161d32da16dbdd0b380c080a5f?s=96&d=mm&r=g","caption":"Direcci\u00f3n de Comunicaciones Fiscal\u00eda General de la Naci\u00f3n"},"url":"https:\/\/www.fiscalia.gov.co\/colombia\/author\/kbonilla\/"}]}},"_links":{"self":[{"href":"https:\/\/www.fiscalia.gov.co\/colombia\/wp-json\/wp\/v2\/posts\/174198","targetHints":{"allow":["GET"]}}],"collection":[{"href":"https:\/\/www.fiscalia.gov.co\/colombia\/wp-json\/wp\/v2\/posts"}],"about":[{"href":"https:\/\/www.fiscalia.gov.co\/colombia\/wp-json\/wp\/v2\/types\/post"}],"author":[{"embeddable":true,"href":"https:\/\/www.fiscalia.gov.co\/colombia\/wp-json\/wp\/v2\/users\/162"}],"replies":[{"embeddable":true,"href":"https:\/\/www.fiscalia.gov.co\/colombia\/wp-json\/wp\/v2\/comments?post=174198"}],"version-history":[{"count":1,"href":"https:\/\/www.fiscalia.gov.co\/colombia\/wp-json\/wp\/v2\/posts\/174198\/revisions"}],"predecessor-version":[{"id":174199,"href":"https:\/\/www.fiscalia.gov.co\/colombia\/wp-json\/wp\/v2\/posts\/174198\/revisions\/174199"}],"wp:attachment":[{"href":"https:\/\/www.fiscalia.gov.co\/colombia\/wp-json\/wp\/v2\/media?parent=174198"}],"wp:term":[{"taxonomy":"category","embeddable":true,"href":"https:\/\/www.fiscalia.gov.co\/colombia\/wp-json\/wp\/v2\/categories?post=174198"},{"taxonomy":"post_tag","embeddable":true,"href":"https:\/\/www.fiscalia.gov.co\/colombia\/wp-json\/wp\/v2\/tags?post=174198"}],"curies":[{"name":"wp","href":"https:\/\/api.w.org\/{rel}","templated":true}]}}