{"id":174028,"date":"2019-01-03T11:21:36","date_gmt":"2019-01-03T16:21:36","guid":{"rendered":"https:\/\/www.fiscalia.gov.co\/colombia\/?p=174028"},"modified":"2019-01-03T11:22:20","modified_gmt":"2019-01-03T16:22:20","slug":"fiscalia-formulo-cargos-contra-6-presuntos-integrantes-de-los-flacos-que-delinquian-en-el-norte-del-valle","status":"publish","type":"post","link":"https:\/\/www.fiscalia.gov.co\/colombia\/seccionales\/fiscalia-formulo-cargos-contra-6-presuntos-integrantes-de-los-flacos-que-delinquian-en-el-norte-del-valle\/","title":{"rendered":"Fiscal\u00eda formul\u00f3 cargos contra 6 presuntos integrantes de Los Flacos que delinqu\u00edan en el Norte del Valle"},"content":{"rendered":"<p><em>Ser\u00edan los presuntos responsables del ataque sicarial en un parque del municipio de Cartago. Ninguno de los hoy imputados aceptaron los cargos. Hoy contin\u00faa la audiencia de solicitud de medida de aseguramiento<\/em>.<\/p>\n<p>Ante el Juzgado Tercero de control de garant\u00edas de Cali (Valle del Cauca), la Fiscal\u00eda General de la Naci\u00f3n formul\u00f3 cargos contra seis presuntos integrantes de la estructura delictiva Los Flacos, se\u00f1alada del ataque sicarial ocurrido el 1 de diciembre pasado en el parque La Isleta de Cartago (Valle del Cauca).<\/p>\n<p>Por el delito de cohecho impropio, la Fiscal\u00eda formul\u00f3 cargos contra los guardas de tr\u00e1nsito Harry Leguis Viveros Rivas, Jhon Harold Agudelo Garc\u00eda y Jainer Antonio Guti\u00e9rrez Guevara.<\/p>\n<p>Asimismo, el ente investigador les imput\u00f3 cargos por los delitos de concierto para delinquir agravado, homicidio agravado, homicidio agravado en grado de tentativa y fabricaci\u00f3n, tr\u00e1fico o porte de armas de fuego de uso privativo contra Luis Fernando Villamil Rom\u00e1n, alias Chuky; y Cristian Camilo Osorio Madrigal, alias Lobo, supuesto jefe de la estructura delictiva en menci\u00f3n, al igual que contra Cristian Leguis Viveros Rivas, alias Cris Mej\u00eda.<\/p>\n<p>Los hechos materia de investigaci\u00f3n ocurrieron el 1 de diciembre del a\u00f1o anterior,\u00a0 en el parque La Isleta donde varios sujetos dispararon contra varias personas quienes se encontraban en el lugar dejando dos personas muertas y cinco m\u00e1s lesionadas.<\/p>\n<p>Los imputados fueron capturados en 10 diligencias de allanamiento y registro, ordenadas por fiscal de la Unidad Nacional contra el Crimen Organizado de Cali (Valle del Cauca).<\/p>\n<p>Las diligencias judiciales se llevaron a cabo en el municipio de Cartago (Valle del Cauca), el 31 de diciembre de 2018, luego de que un juez de control de garant\u00edas libr\u00f3 las respectivas \u00f3rdenes de captura, previa solicitud del fiscal del caso.<\/p>\n<p>Durante la actividad operativa las autoridades incautaron dos armas de fuego tipo escopeta, una\u00a0 motocicleta y cuatro celulares.<\/p>\n<p>Seg\u00fan la Fiscal\u00eda, la investigaci\u00f3n permiti\u00f3 establecer que Los Flacos ten\u00edan incidencia en los municipios de Cartago, Ansermanuevo, Alcal\u00e1 y Obando, en el norte del Valle del Cauca. En dichas localidades habr\u00edan ejecutado actividades delictivas de sicariato, al parecer, por el control del tr\u00e1fico de estupefacientes.<\/p>\n<p>Entre tanto, se pudo establecer que Los Flacos implementar\u00edan la participaci\u00f3n de guardas de tr\u00e1nsito para asegurar la no realizaci\u00f3n de procedimientos de control y sanci\u00f3n contra los integrantes de la misma.<\/p>\n<p>En desarrollo de las audiencias judiciales, que iniciaron el 31 de diciembre, el juez de control de garant\u00edas declar\u00f3 legales las diligencias de allanamiento y registro, as\u00ed como las capturas; adem\u00e1s de avalar la formulaci\u00f3n de cargos de la Fiscal\u00eda.<\/p>\n<p>La audiencia de solicitud de medida de aseguramiento contin\u00faa hoy en el Palacio de Justicia de la capital vallecaucana.<\/p>\n<p>Los 3 agentes de tr\u00e1nsito no ser\u00e1n objeto de solicitud de medida de aseguramiento dado el tipo de delito imputado, el mismo que les permiti\u00f3 quedar en libertad, aunque contin\u00faan vinculados al proceso.<\/p>\n<p>La Fiscal\u00eda General de la Naci\u00f3n publica esta informaci\u00f3n por considerarla de inter\u00e9s general.<\/p>\n<p>MAP\/MAGA<\/p>\n\n<div class=\"twitter-share\"><a href=\"https:\/\/twitter.com\/intent\/tweet?via=fiscaliacol\" class=\"twitter-share-button\">Tweet<\/a><\/div>\n","protected":false},"excerpt":{"rendered":"<p>Ser\u00edan los presuntos responsables del ataque sicarial en un parque del municipio de Cartago. Ninguno de los hoy imputados aceptaron los cargos. Hoy contin\u00faa la audiencia de solicitud de medida de aseguramiento. Ante el Juzgado Tercero de control de garant\u00edas de Cali (Valle del Cauca), la Fiscal\u00eda General de la Naci\u00f3n formul\u00f3 cargos contra seis [&hellip;]<\/p>\n","protected":false},"author":162,"featured_media":0,"comment_status":"closed","ping_status":"open","sticky":false,"template":"","format":"standard","meta":{"_price":"","_stock":"","_tribe_ticket_header":"","_tribe_default_ticket_provider":"","_tribe_ticket_capacity":"0","_ticket_start_date":"","_ticket_end_date":"","_tribe_ticket_show_description":"","_tribe_ticket_show_not_going":false,"_tribe_ticket_use_global_stock":"","_tribe_ticket_global_stock_level":"","_global_stock_mode":"","_global_stock_cap":"","_tribe_rsvp_for_event":"","_tribe_ticket_going_count":"","_tribe_ticket_not_going_count":"","_tribe_tickets_list":"[]","_tribe_ticket_has_attendee_info_fields":false,"tdm_status":"","tdm_grid_status":"","footnotes":""},"categories":[324,303,24099],"tags":[],"class_list":{"0":"post-174028","1":"post","2":"type-post","3":"status-publish","4":"format-standard","6":"category-seccional-cali","7":"category-seccionales","8":"category-seguridad-territorial"},"yoast_head":"<!-- This site is optimized with the Yoast SEO plugin v24.3 - https:\/\/yoast.com\/wordpress\/plugins\/seo\/ -->\n<title>Fiscal\u00eda General de la Naci\u00f3n<\/title>\n<meta name=\"description\" content=\"P\u00e1gina oficial de la Fiscal\u00eda General de la Naci\u00f3n \u2013 Colombia. Garantizamos el acceso efectivo a la justicia, la verdad y la reparaci\u00f3n de las v\u00edctimas de los delitos.\" \/>\n<meta name=\"robots\" content=\"noindex, follow\" \/>\n<meta property=\"og:locale\" content=\"es_ES\" \/>\n<meta property=\"og:type\" content=\"article\" \/>\n<meta property=\"og:title\" content=\"Fiscal\u00eda General de la Naci\u00f3n\" \/>\n<meta property=\"og:description\" content=\"P\u00e1gina oficial de la Fiscal\u00eda General de la Naci\u00f3n \u2013 Colombia. Garantizamos el acceso efectivo a la justicia, la verdad y la reparaci\u00f3n de las v\u00edctimas de los delitos.\" \/>\n<meta property=\"og:url\" content=\"https:\/\/www.fiscalia.gov.co\/colombia\/seccionales\/fiscalia-formulo-cargos-contra-6-presuntos-integrantes-de-los-flacos-que-delinquian-en-el-norte-del-valle\/\" \/>\n<meta property=\"og:site_name\" content=\"Fiscal\u00eda General de la Naci\u00f3n\" \/>\n<meta property=\"article:publisher\" content=\"https:\/\/www.facebook.com\/FiscaliaCol\" \/>\n<meta property=\"article:published_time\" content=\"2019-01-03T16:21:36+00:00\" \/>\n<meta property=\"article:modified_time\" content=\"2019-01-03T16:22:20+00:00\" \/>\n<meta name=\"author\" content=\"Direcci\u00f3n de Comunicaciones Fiscal\u00eda General de la Naci\u00f3n\" \/>\n<meta name=\"twitter:card\" content=\"summary_large_image\" \/>\n<meta name=\"twitter:creator\" content=\"@FiscaliaCol\" \/>\n<meta name=\"twitter:site\" content=\"@FiscaliaCol\" \/>\n<meta name=\"twitter:label1\" content=\"Escrito por\" \/>\n\t<meta name=\"twitter:data1\" content=\"Direcci\u00f3n de Comunicaciones Fiscal\u00eda General de la Naci\u00f3n\" \/>\n\t<meta name=\"twitter:label2\" content=\"Tiempo de lectura\" \/>\n\t<meta name=\"twitter:data2\" content=\"3 minutos\" \/>\n<script type=\"application\/ld+json\" class=\"yoast-schema-graph\">{\"@context\":\"https:\/\/schema.org\",\"@graph\":[{\"@type\":\"Article\",\"@id\":\"https:\/\/www.fiscalia.gov.co\/colombia\/seccionales\/fiscalia-formulo-cargos-contra-6-presuntos-integrantes-de-los-flacos-que-delinquian-en-el-norte-del-valle\/#article\",\"isPartOf\":{\"@id\":\"https:\/\/www.fiscalia.gov.co\/colombia\/seccionales\/fiscalia-formulo-cargos-contra-6-presuntos-integrantes-de-los-flacos-que-delinquian-en-el-norte-del-valle\/\"},\"author\":{\"name\":\"Direcci\u00f3n de Comunicaciones Fiscal\u00eda General de la Naci\u00f3n\",\"@id\":\"https:\/\/www.fiscalia.gov.co\/colombia\/#\/schema\/person\/bf28d8ae7f1b287bbe3af484b04f43ea\"},\"headline\":\"Fiscal\u00eda formul\u00f3 cargos contra 6 presuntos integrantes de Los Flacos que delinqu\u00edan en el Norte del Valle\",\"datePublished\":\"2019-01-03T16:21:36+00:00\",\"dateModified\":\"2019-01-03T16:22:20+00:00\",\"mainEntityOfPage\":{\"@id\":\"https:\/\/www.fiscalia.gov.co\/colombia\/seccionales\/fiscalia-formulo-cargos-contra-6-presuntos-integrantes-de-los-flacos-que-delinquian-en-el-norte-del-valle\/\"},\"wordCount\":544,\"publisher\":{\"@id\":\"https:\/\/www.fiscalia.gov.co\/colombia\/#organization\"},\"articleSection\":[\"Seccional Cali\",\"Seccionales\",\"Seguridad territorial\"],\"inLanguage\":\"es-CO\"},{\"@type\":\"WebPage\",\"@id\":\"https:\/\/www.fiscalia.gov.co\/colombia\/seccionales\/fiscalia-formulo-cargos-contra-6-presuntos-integrantes-de-los-flacos-que-delinquian-en-el-norte-del-valle\/\",\"url\":\"https:\/\/www.fiscalia.gov.co\/colombia\/seccionales\/fiscalia-formulo-cargos-contra-6-presuntos-integrantes-de-los-flacos-que-delinquian-en-el-norte-del-valle\/\",\"name\":\"Fiscal\u00eda General de la Naci\u00f3n\",\"isPartOf\":{\"@id\":\"https:\/\/www.fiscalia.gov.co\/colombia\/#website\"},\"datePublished\":\"2019-01-03T16:21:36+00:00\",\"dateModified\":\"2019-01-03T16:22:20+00:00\",\"description\":\"P\u00e1gina oficial de la Fiscal\u00eda General de la Naci\u00f3n \u2013 Colombia. Garantizamos el acceso efectivo a la justicia, la verdad y la reparaci\u00f3n de las v\u00edctimas de los delitos.\",\"breadcrumb\":{\"@id\":\"https:\/\/www.fiscalia.gov.co\/colombia\/seccionales\/fiscalia-formulo-cargos-contra-6-presuntos-integrantes-de-los-flacos-que-delinquian-en-el-norte-del-valle\/#breadcrumb\"},\"inLanguage\":\"es-CO\",\"potentialAction\":[{\"@type\":\"ReadAction\",\"target\":[\"https:\/\/www.fiscalia.gov.co\/colombia\/seccionales\/fiscalia-formulo-cargos-contra-6-presuntos-integrantes-de-los-flacos-que-delinquian-en-el-norte-del-valle\/\"]}]},{\"@type\":\"BreadcrumbList\",\"@id\":\"https:\/\/www.fiscalia.gov.co\/colombia\/seccionales\/fiscalia-formulo-cargos-contra-6-presuntos-integrantes-de-los-flacos-que-delinquian-en-el-norte-del-valle\/#breadcrumb\",\"itemListElement\":[{\"@type\":\"ListItem\",\"position\":1,\"name\":\"Home\",\"item\":\"https:\/\/www.fiscalia.gov.co\/colombia\/\"},{\"@type\":\"ListItem\",\"position\":2,\"name\":\"Fiscal\u00eda formul\u00f3 cargos contra 6 presuntos integrantes de Los Flacos que delinqu\u00edan en el Norte del Valle\"}]},{\"@type\":\"WebSite\",\"@id\":\"https:\/\/www.fiscalia.gov.co\/colombia\/#website\",\"url\":\"https:\/\/www.fiscalia.gov.co\/colombia\/\",\"name\":\"Fiscal\u00eda General de la Naci\u00f3n\",\"description\":\"P\u00e1gina oficial de la Fiscal\u00eda General de la Naci\u00f3n \u2013 Colombia. Garantizamos el acceso efectivo a la justicia, la verdad y la reparaci\u00f3n de las v\u00edctimas de los delitos.\",\"publisher\":{\"@id\":\"https:\/\/www.fiscalia.gov.co\/colombia\/#organization\"},\"potentialAction\":[{\"@type\":\"SearchAction\",\"target\":{\"@type\":\"EntryPoint\",\"urlTemplate\":\"https:\/\/www.fiscalia.gov.co\/colombia\/?s={search_term_string}\"},\"query-input\":{\"@type\":\"PropertyValueSpecification\",\"valueRequired\":true,\"valueName\":\"search_term_string\"}}],\"inLanguage\":\"es-CO\"},{\"@type\":\"Organization\",\"@id\":\"https:\/\/www.fiscalia.gov.co\/colombia\/#organization\",\"name\":\"Fiscal\u00eda General de la Naci\u00f3n\",\"url\":\"https:\/\/www.fiscalia.gov.co\/colombia\/\",\"logo\":{\"@type\":\"ImageObject\",\"inLanguage\":\"es-CO\",\"@id\":\"https:\/\/www.fiscalia.gov.co\/colombia\/#\/schema\/logo\/image\/\",\"url\":\"https:\/\/www.fiscalia.gov.co\/colombia\/wp-content\/uploads\/LogoHorizontal_1.jpg\",\"contentUrl\":\"https:\/\/www.fiscalia.gov.co\/colombia\/wp-content\/uploads\/LogoHorizontal_1.jpg\",\"width\":300,\"height\":90,\"caption\":\"Fiscal\u00eda General de la Naci\u00f3n\"},\"image\":{\"@id\":\"https:\/\/www.fiscalia.gov.co\/colombia\/#\/schema\/logo\/image\/\"},\"sameAs\":[\"https:\/\/www.facebook.com\/FiscaliaCol\",\"https:\/\/x.com\/FiscaliaCol\",\"https:\/\/www.instagram.com\/fiscaliacol\",\"https:\/\/www.linkedin.com\/company\/fiscalia-general-de-la-naci-n\/\",\"https:\/\/youtube.com\/@fiscaliageneraldelanacion-4668?si=6nN79nyQICPU5iTh\"]},{\"@type\":\"Person\",\"@id\":\"https:\/\/www.fiscalia.gov.co\/colombia\/#\/schema\/person\/bf28d8ae7f1b287bbe3af484b04f43ea\",\"name\":\"Direcci\u00f3n de Comunicaciones Fiscal\u00eda General de la Naci\u00f3n\",\"image\":{\"@type\":\"ImageObject\",\"inLanguage\":\"es-CO\",\"@id\":\"https:\/\/www.fiscalia.gov.co\/colombia\/#\/schema\/person\/image\/\",\"url\":\"https:\/\/secure.gravatar.com\/avatar\/9d55ae161d32da16dbdd0b380c080a5f?s=96&d=mm&r=g\",\"contentUrl\":\"https:\/\/secure.gravatar.com\/avatar\/9d55ae161d32da16dbdd0b380c080a5f?s=96&d=mm&r=g\",\"caption\":\"Direcci\u00f3n de Comunicaciones Fiscal\u00eda General de la Naci\u00f3n\"},\"url\":\"https:\/\/www.fiscalia.gov.co\/colombia\/author\/kbonilla\/\"}]}<\/script>\n<!-- \/ Yoast SEO plugin. -->","yoast_head_json":{"title":"Fiscal\u00eda General de la Naci\u00f3n","description":"P\u00e1gina oficial de la Fiscal\u00eda General de la Naci\u00f3n \u2013 Colombia. Garantizamos el acceso efectivo a la justicia, la verdad y la reparaci\u00f3n de las v\u00edctimas de los delitos.","robots":{"index":"noindex","follow":"follow"},"og_locale":"es_ES","og_type":"article","og_title":"Fiscal\u00eda General de la Naci\u00f3n","og_description":"P\u00e1gina oficial de la Fiscal\u00eda General de la Naci\u00f3n \u2013 Colombia. Garantizamos el acceso efectivo a la justicia, la verdad y la reparaci\u00f3n de las v\u00edctimas de los delitos.","og_url":"https:\/\/www.fiscalia.gov.co\/colombia\/seccionales\/fiscalia-formulo-cargos-contra-6-presuntos-integrantes-de-los-flacos-que-delinquian-en-el-norte-del-valle\/","og_site_name":"Fiscal\u00eda General de la Naci\u00f3n","article_publisher":"https:\/\/www.facebook.com\/FiscaliaCol","article_published_time":"2019-01-03T16:21:36+00:00","article_modified_time":"2019-01-03T16:22:20+00:00","author":"Direcci\u00f3n de Comunicaciones Fiscal\u00eda General de la Naci\u00f3n","twitter_card":"summary_large_image","twitter_creator":"@FiscaliaCol","twitter_site":"@FiscaliaCol","twitter_misc":{"Escrito por":"Direcci\u00f3n de Comunicaciones Fiscal\u00eda General de la Naci\u00f3n","Tiempo de lectura":"3 minutos"},"schema":{"@context":"https:\/\/schema.org","@graph":[{"@type":"Article","@id":"https:\/\/www.fiscalia.gov.co\/colombia\/seccionales\/fiscalia-formulo-cargos-contra-6-presuntos-integrantes-de-los-flacos-que-delinquian-en-el-norte-del-valle\/#article","isPartOf":{"@id":"https:\/\/www.fiscalia.gov.co\/colombia\/seccionales\/fiscalia-formulo-cargos-contra-6-presuntos-integrantes-de-los-flacos-que-delinquian-en-el-norte-del-valle\/"},"author":{"name":"Direcci\u00f3n de Comunicaciones Fiscal\u00eda General de la Naci\u00f3n","@id":"https:\/\/www.fiscalia.gov.co\/colombia\/#\/schema\/person\/bf28d8ae7f1b287bbe3af484b04f43ea"},"headline":"Fiscal\u00eda formul\u00f3 cargos contra 6 presuntos integrantes de Los Flacos que delinqu\u00edan en el Norte del Valle","datePublished":"2019-01-03T16:21:36+00:00","dateModified":"2019-01-03T16:22:20+00:00","mainEntityOfPage":{"@id":"https:\/\/www.fiscalia.gov.co\/colombia\/seccionales\/fiscalia-formulo-cargos-contra-6-presuntos-integrantes-de-los-flacos-que-delinquian-en-el-norte-del-valle\/"},"wordCount":544,"publisher":{"@id":"https:\/\/www.fiscalia.gov.co\/colombia\/#organization"},"articleSection":["Seccional Cali","Seccionales","Seguridad territorial"],"inLanguage":"es-CO"},{"@type":"WebPage","@id":"https:\/\/www.fiscalia.gov.co\/colombia\/seccionales\/fiscalia-formulo-cargos-contra-6-presuntos-integrantes-de-los-flacos-que-delinquian-en-el-norte-del-valle\/","url":"https:\/\/www.fiscalia.gov.co\/colombia\/seccionales\/fiscalia-formulo-cargos-contra-6-presuntos-integrantes-de-los-flacos-que-delinquian-en-el-norte-del-valle\/","name":"Fiscal\u00eda General de la Naci\u00f3n","isPartOf":{"@id":"https:\/\/www.fiscalia.gov.co\/colombia\/#website"},"datePublished":"2019-01-03T16:21:36+00:00","dateModified":"2019-01-03T16:22:20+00:00","description":"P\u00e1gina oficial de la Fiscal\u00eda General de la Naci\u00f3n \u2013 Colombia. Garantizamos el acceso efectivo a la justicia, la verdad y la reparaci\u00f3n de las v\u00edctimas de los delitos.","breadcrumb":{"@id":"https:\/\/www.fiscalia.gov.co\/colombia\/seccionales\/fiscalia-formulo-cargos-contra-6-presuntos-integrantes-de-los-flacos-que-delinquian-en-el-norte-del-valle\/#breadcrumb"},"inLanguage":"es-CO","potentialAction":[{"@type":"ReadAction","target":["https:\/\/www.fiscalia.gov.co\/colombia\/seccionales\/fiscalia-formulo-cargos-contra-6-presuntos-integrantes-de-los-flacos-que-delinquian-en-el-norte-del-valle\/"]}]},{"@type":"BreadcrumbList","@id":"https:\/\/www.fiscalia.gov.co\/colombia\/seccionales\/fiscalia-formulo-cargos-contra-6-presuntos-integrantes-de-los-flacos-que-delinquian-en-el-norte-del-valle\/#breadcrumb","itemListElement":[{"@type":"ListItem","position":1,"name":"Home","item":"https:\/\/www.fiscalia.gov.co\/colombia\/"},{"@type":"ListItem","position":2,"name":"Fiscal\u00eda formul\u00f3 cargos contra 6 presuntos integrantes de Los Flacos que delinqu\u00edan en el Norte del Valle"}]},{"@type":"WebSite","@id":"https:\/\/www.fiscalia.gov.co\/colombia\/#website","url":"https:\/\/www.fiscalia.gov.co\/colombia\/","name":"Fiscal\u00eda General de la Naci\u00f3n","description":"P\u00e1gina oficial de la Fiscal\u00eda General de la Naci\u00f3n \u2013 Colombia. Garantizamos el acceso efectivo a la justicia, la verdad y la reparaci\u00f3n de las v\u00edctimas de los delitos.","publisher":{"@id":"https:\/\/www.fiscalia.gov.co\/colombia\/#organization"},"potentialAction":[{"@type":"SearchAction","target":{"@type":"EntryPoint","urlTemplate":"https:\/\/www.fiscalia.gov.co\/colombia\/?s={search_term_string}"},"query-input":{"@type":"PropertyValueSpecification","valueRequired":true,"valueName":"search_term_string"}}],"inLanguage":"es-CO"},{"@type":"Organization","@id":"https:\/\/www.fiscalia.gov.co\/colombia\/#organization","name":"Fiscal\u00eda General de la Naci\u00f3n","url":"https:\/\/www.fiscalia.gov.co\/colombia\/","logo":{"@type":"ImageObject","inLanguage":"es-CO","@id":"https:\/\/www.fiscalia.gov.co\/colombia\/#\/schema\/logo\/image\/","url":"https:\/\/www.fiscalia.gov.co\/colombia\/wp-content\/uploads\/LogoHorizontal_1.jpg","contentUrl":"https:\/\/www.fiscalia.gov.co\/colombia\/wp-content\/uploads\/LogoHorizontal_1.jpg","width":300,"height":90,"caption":"Fiscal\u00eda General de la Naci\u00f3n"},"image":{"@id":"https:\/\/www.fiscalia.gov.co\/colombia\/#\/schema\/logo\/image\/"},"sameAs":["https:\/\/www.facebook.com\/FiscaliaCol","https:\/\/x.com\/FiscaliaCol","https:\/\/www.instagram.com\/fiscaliacol","https:\/\/www.linkedin.com\/company\/fiscalia-general-de-la-naci-n\/","https:\/\/youtube.com\/@fiscaliageneraldelanacion-4668?si=6nN79nyQICPU5iTh"]},{"@type":"Person","@id":"https:\/\/www.fiscalia.gov.co\/colombia\/#\/schema\/person\/bf28d8ae7f1b287bbe3af484b04f43ea","name":"Direcci\u00f3n de Comunicaciones Fiscal\u00eda General de la Naci\u00f3n","image":{"@type":"ImageObject","inLanguage":"es-CO","@id":"https:\/\/www.fiscalia.gov.co\/colombia\/#\/schema\/person\/image\/","url":"https:\/\/secure.gravatar.com\/avatar\/9d55ae161d32da16dbdd0b380c080a5f?s=96&d=mm&r=g","contentUrl":"https:\/\/secure.gravatar.com\/avatar\/9d55ae161d32da16dbdd0b380c080a5f?s=96&d=mm&r=g","caption":"Direcci\u00f3n de Comunicaciones Fiscal\u00eda General de la Naci\u00f3n"},"url":"https:\/\/www.fiscalia.gov.co\/colombia\/author\/kbonilla\/"}]}},"_links":{"self":[{"href":"https:\/\/www.fiscalia.gov.co\/colombia\/wp-json\/wp\/v2\/posts\/174028","targetHints":{"allow":["GET"]}}],"collection":[{"href":"https:\/\/www.fiscalia.gov.co\/colombia\/wp-json\/wp\/v2\/posts"}],"about":[{"href":"https:\/\/www.fiscalia.gov.co\/colombia\/wp-json\/wp\/v2\/types\/post"}],"author":[{"embeddable":true,"href":"https:\/\/www.fiscalia.gov.co\/colombia\/wp-json\/wp\/v2\/users\/162"}],"replies":[{"embeddable":true,"href":"https:\/\/www.fiscalia.gov.co\/colombia\/wp-json\/wp\/v2\/comments?post=174028"}],"version-history":[{"count":2,"href":"https:\/\/www.fiscalia.gov.co\/colombia\/wp-json\/wp\/v2\/posts\/174028\/revisions"}],"predecessor-version":[{"id":174030,"href":"https:\/\/www.fiscalia.gov.co\/colombia\/wp-json\/wp\/v2\/posts\/174028\/revisions\/174030"}],"wp:attachment":[{"href":"https:\/\/www.fiscalia.gov.co\/colombia\/wp-json\/wp\/v2\/media?parent=174028"}],"wp:term":[{"taxonomy":"category","embeddable":true,"href":"https:\/\/www.fiscalia.gov.co\/colombia\/wp-json\/wp\/v2\/categories?post=174028"},{"taxonomy":"post_tag","embeddable":true,"href":"https:\/\/www.fiscalia.gov.co\/colombia\/wp-json\/wp\/v2\/tags?post=174028"}],"curies":[{"name":"wp","href":"https:\/\/api.w.org\/{rel}","templated":true}]}}