{"id":173857,"date":"2018-12-18T15:48:21","date_gmt":"2018-12-18T20:48:21","guid":{"rendered":"https:\/\/www.fiscalia.gov.co\/colombia\/?p=173857"},"modified":"2018-12-18T15:48:21","modified_gmt":"2018-12-18T20:48:21","slug":"por-trafico-de-migrantes-aseguran-17-presuntos-miembros-de-la-banda-piel-roja-integrada-por-funcionarios-publicos-y-civiles","status":"publish","type":"post","link":"https:\/\/www.fiscalia.gov.co\/colombia\/seccionales\/por-trafico-de-migrantes-aseguran-17-presuntos-miembros-de-la-banda-piel-roja-integrada-por-funcionarios-publicos-y-civiles\/","title":{"rendered":"Por tr\u00e1fico de migrantes aseguran 17 presuntos miembros de la banda \u2018Piel Roja\u2019 integrada por funcionarios p\u00fablicos y civiles"},"content":{"rendered":"<p>Un juez Penal Municipal de Cali dict\u00f3 medida de aseguramiento consistente en detenci\u00f3n preventiva en establecimiento carcelario contra 15 presuntos integrantes de la banda Piel Roja, se\u00f1alados como presuntos traficantes de migrantes.\u00a0 Dos de los implicados fueron cobijados con medida de aseguramiento en su residencia.<\/p>\n<p>La Fiscal\u00eda Seccional les imput\u00f3 cargos a los implicados como presuntos coautores de los delitos de tr\u00e1fico de migrantes, concierto para delinquir agravado en concurso con tr\u00e1fico de migrantes, falsedad ideol\u00f3gica en documento p\u00fablico, fraude procesal, y prevaricato por acci\u00f3n.<\/p>\n<p>Este proceso investigativo se origin\u00f3 en hallazgos de Migraci\u00f3n Colombia en las registradur\u00edas y notar\u00edas de Dagua, Cerrito, Pradera y Palmira, donde se evidenci\u00f3 que un gran n\u00famero de personas procedentes de Cuba, Rep\u00fablica Dominicana y Ecuador hab\u00edan obtenido, al parecer de manera irregular, la ciudadan\u00eda colombiana, para luego ser sacados al exterior.<\/p>\n<p>Las distintas pesquisas han permitido se\u00f1alar como los registros de nacimiento falsos habr\u00edan sido expedidos por un cabildo ind\u00edgena de Cali y varios habr\u00edan sido inscritos y expedidos por la Notar\u00eda Cuarta de Palmira, y muchos respaldados por falsos testigos.<\/p>\n<p>Los funcionarios p\u00fablicos y los particulares fueron capturados por servidores del Cuerpo T\u00e9cnico de Investigaci\u00f3n (CTI) en el marco de una investigaci\u00f3n adelantada durante un a\u00f1o y que fue coordinada por el Grupo de Casos Priorizados de esta capital en contra de una organizaci\u00f3n delincuencial dedicada al tr\u00e1fico de migrantes.<\/p>\n<p>A ra\u00edz de esta investigaci\u00f3n se realizaron inspecciones en las registradur\u00edas especiales de Cali, Buenaventura y Palmira como tambi\u00e9n en la de Dagua, El Cerrito y Pradera, adem\u00e1s de las notar\u00edas 6, 7, 8, 11, 14\u00a0\u00a0de Cali y la Notar\u00eda Cuarta de Palmira.<\/p>\n<p>Se lograron acopiar 400 registros civiles de nacimiento extempor\u00e1neos que seg\u00fan la Registradur\u00eda Nacional del Estado Civil no cumpl\u00edan con los requisitos m\u00ednimos para su expedici\u00f3n.<\/p>\n<p>El peritazgo de los t\u00e9cnicos document\u00f3logos del CTI permiti\u00f3 establecer que las certificaciones de nacimiento no ser\u00edan aut\u00e9nticas en cuanto a impresiones de las huellas dactilares, firmas y sellos.<\/p>\n<p>Esta investigaci\u00f3n permiti\u00f3 establecer que ciudadanos extranjeros ingresaron al pa\u00eds recurriendo a esta organizaci\u00f3n criminal, supuestamente,\u00a0\u00a0con el fin de obtener el pasaporte colombiano con miras a viajar a otros pa\u00edses, en donde las medidas de seguridad no les permiten su ingreso.<\/p>\n<p>Los cobijados con medida en establecimiento carcelario son:<\/p>\n<ol>\n<li>Pedro Morocho S\u00e1nchez, particular \u2013 tramitador<\/li>\n<li>Norma Congacha Pucuna, particular \u2013 tramitador<\/li>\n<li>Robert Hern\u00e1ndez Mart\u00ednez, particular testigo falso<\/li>\n<li>Arbey Holgu\u00edn Angulo, particular \u2013 tramitador<\/li>\n<li>Edmundo Rafael Mazenet M\u00e1rquez, particular \u2013 tramitador<\/li>\n<li>Rodrigo Antonio Caldas Quintero, funcionario de la registradur\u00eda Municipal de Cerrito<\/li>\n<li>Alan Roy Cabrera Ortiz, funcionario de la registradur\u00eda<\/li>\n<li>Aura Nelly Zapata L\u00f3pez, funcionaria de registradur\u00eda municipal<\/li>\n<li>Carlos David Melo Vargas, funcionario de la registradur\u00eda<\/li>\n<li>Juli\u00e1n Andres Ram\u00edrez Labrador, funcionario de la registradur\u00eda<\/li>\n<li>Miguel \u00c1ngel P\u00e9rez Calder\u00f3n, funcionario de la registradur\u00eda<\/li>\n<li>Luz Eugenia Arcos Varela, funcionario de la registradur\u00eda<\/li>\n<li>Esneira Franco Pedroza, funcionario de la registradur\u00eda<\/li>\n<li>Adriana Galarza Gonz\u00e1lez, funcionaria de notaria<\/li>\n<li>Jorge Alexander Ospina Murillo, funcionaria de notaria<\/li>\n<\/ol>\n<p>Los cobijados con medida de aseguramiento en lugar de residencia son:<\/p>\n<ol start=\"16\">\n<li>Fiama Kiara Morocho Congacha\u00b8 particular \u2013 tramitador<\/li>\n<li>Nayibe Sinisterra Riascos<\/li>\n<\/ol>\n<p>La Fiscal\u00eda General de la Naci\u00f3n publica esta informaci\u00f3n por considerarla de inter\u00e9s general.<\/p>\n<p>&nbsp;<\/p>\n<p>JGPV\/MAGA<\/p>\n\n<div class=\"twitter-share\"><a href=\"https:\/\/twitter.com\/intent\/tweet?via=fiscaliacol\" class=\"twitter-share-button\">Tweet<\/a><\/div>\n","protected":false},"excerpt":{"rendered":"<p>Un juez Penal Municipal de Cali dict\u00f3 medida de aseguramiento consistente en detenci\u00f3n preventiva en establecimiento carcelario contra 15 presuntos integrantes de la banda Piel Roja, se\u00f1alados como presuntos traficantes [&hellip;]<\/p>\n","protected":false},"author":162,"featured_media":0,"comment_status":"closed","ping_status":"open","sticky":false,"template":"","format":"standard","meta":{"tdm_status":"","tdm_grid_status":"","footnotes":""},"categories":[24107,324,303],"tags":[],"class_list":["post-173857","post","type-post","status-publish","format-standard","category-lucha-contra-corrupcion","category-seccional-cali","category-seccionales"],"yoast_head":"<!-- This site is optimized with the Yoast SEO plugin v24.3 - https:\/\/yoast.com\/wordpress\/plugins\/seo\/ -->\n<title>Fiscal\u00eda General de la Naci\u00f3n<\/title>\n<meta name=\"description\" content=\"P\u00e1gina oficial de la Fiscal\u00eda General de la Naci\u00f3n \u2013 Colombia. Garantizamos el acceso efectivo a la justicia, la verdad y la reparaci\u00f3n de las v\u00edctimas de los delitos.\" \/>\n<meta name=\"robots\" content=\"noindex, follow\" \/>\n<meta property=\"og:locale\" content=\"es_ES\" \/>\n<meta property=\"og:type\" content=\"article\" \/>\n<meta property=\"og:title\" content=\"Fiscal\u00eda General de la Naci\u00f3n\" \/>\n<meta property=\"og:description\" content=\"P\u00e1gina oficial de la Fiscal\u00eda General de la Naci\u00f3n \u2013 Colombia. Garantizamos el acceso efectivo a la justicia, la verdad y la reparaci\u00f3n de las v\u00edctimas de los delitos.\" \/>\n<meta property=\"og:url\" content=\"https:\/\/www.fiscalia.gov.co\/colombia\/seccionales\/por-trafico-de-migrantes-aseguran-17-presuntos-miembros-de-la-banda-piel-roja-integrada-por-funcionarios-publicos-y-civiles\/\" \/>\n<meta property=\"og:site_name\" content=\"Fiscal\u00eda General de la Naci\u00f3n\" \/>\n<meta property=\"article:publisher\" content=\"https:\/\/www.facebook.com\/FiscaliaCol\" \/>\n<meta property=\"article:published_time\" content=\"2018-12-18T20:48:21+00:00\" \/>\n<meta name=\"author\" content=\"Direcci\u00f3n de Comunicaciones Fiscal\u00eda General de la Naci\u00f3n\" \/>\n<meta name=\"twitter:card\" content=\"summary_large_image\" \/>\n<meta name=\"twitter:creator\" content=\"@FiscaliaCol\" \/>\n<meta name=\"twitter:site\" content=\"@FiscaliaCol\" \/>\n<meta name=\"twitter:label1\" content=\"Escrito por\" \/>\n\t<meta name=\"twitter:data1\" content=\"Direcci\u00f3n de Comunicaciones Fiscal\u00eda General de la Naci\u00f3n\" \/>\n\t<meta name=\"twitter:label2\" content=\"Tiempo de lectura\" \/>\n\t<meta name=\"twitter:data2\" content=\"3 minutos\" \/>\n<script type=\"application\/ld+json\" class=\"yoast-schema-graph\">{\"@context\":\"https:\/\/schema.org\",\"@graph\":[{\"@type\":\"Article\",\"@id\":\"https:\/\/www.fiscalia.gov.co\/colombia\/seccionales\/por-trafico-de-migrantes-aseguran-17-presuntos-miembros-de-la-banda-piel-roja-integrada-por-funcionarios-publicos-y-civiles\/#article\",\"isPartOf\":{\"@id\":\"https:\/\/www.fiscalia.gov.co\/colombia\/seccionales\/por-trafico-de-migrantes-aseguran-17-presuntos-miembros-de-la-banda-piel-roja-integrada-por-funcionarios-publicos-y-civiles\/\"},\"author\":{\"name\":\"Direcci\u00f3n de Comunicaciones Fiscal\u00eda General de la Naci\u00f3n\",\"@id\":\"https:\/\/www.fiscalia.gov.co\/colombia\/#\/schema\/person\/bf28d8ae7f1b287bbe3af484b04f43ea\"},\"headline\":\"Por tr\u00e1fico de migrantes aseguran 17 presuntos miembros de la banda \u2018Piel Roja\u2019 integrada por funcionarios p\u00fablicos y civiles\",\"datePublished\":\"2018-12-18T20:48:21+00:00\",\"dateModified\":\"2018-12-18T20:48:21+00:00\",\"mainEntityOfPage\":{\"@id\":\"https:\/\/www.fiscalia.gov.co\/colombia\/seccionales\/por-trafico-de-migrantes-aseguran-17-presuntos-miembros-de-la-banda-piel-roja-integrada-por-funcionarios-publicos-y-civiles\/\"},\"wordCount\":604,\"publisher\":{\"@id\":\"https:\/\/www.fiscalia.gov.co\/colombia\/#organization\"},\"articleSection\":[\"Corrupci\u00f3n\",\"Seccional Cali\",\"Seccionales\"],\"inLanguage\":\"es-CO\"},{\"@type\":\"WebPage\",\"@id\":\"https:\/\/www.fiscalia.gov.co\/colombia\/seccionales\/por-trafico-de-migrantes-aseguran-17-presuntos-miembros-de-la-banda-piel-roja-integrada-por-funcionarios-publicos-y-civiles\/\",\"url\":\"https:\/\/www.fiscalia.gov.co\/colombia\/seccionales\/por-trafico-de-migrantes-aseguran-17-presuntos-miembros-de-la-banda-piel-roja-integrada-por-funcionarios-publicos-y-civiles\/\",\"name\":\"Fiscal\u00eda General de la Naci\u00f3n\",\"isPartOf\":{\"@id\":\"https:\/\/www.fiscalia.gov.co\/colombia\/#website\"},\"datePublished\":\"2018-12-18T20:48:21+00:00\",\"dateModified\":\"2018-12-18T20:48:21+00:00\",\"description\":\"P\u00e1gina oficial de la Fiscal\u00eda General de la Naci\u00f3n \u2013 Colombia. Garantizamos el acceso efectivo a la justicia, la verdad y la reparaci\u00f3n de las v\u00edctimas de los delitos.\",\"breadcrumb\":{\"@id\":\"https:\/\/www.fiscalia.gov.co\/colombia\/seccionales\/por-trafico-de-migrantes-aseguran-17-presuntos-miembros-de-la-banda-piel-roja-integrada-por-funcionarios-publicos-y-civiles\/#breadcrumb\"},\"inLanguage\":\"es-CO\",\"potentialAction\":[{\"@type\":\"ReadAction\",\"target\":[\"https:\/\/www.fiscalia.gov.co\/colombia\/seccionales\/por-trafico-de-migrantes-aseguran-17-presuntos-miembros-de-la-banda-piel-roja-integrada-por-funcionarios-publicos-y-civiles\/\"]}]},{\"@type\":\"BreadcrumbList\",\"@id\":\"https:\/\/www.fiscalia.gov.co\/colombia\/seccionales\/por-trafico-de-migrantes-aseguran-17-presuntos-miembros-de-la-banda-piel-roja-integrada-por-funcionarios-publicos-y-civiles\/#breadcrumb\",\"itemListElement\":[{\"@type\":\"ListItem\",\"position\":1,\"name\":\"Home\",\"item\":\"https:\/\/www.fiscalia.gov.co\/colombia\/\"},{\"@type\":\"ListItem\",\"position\":2,\"name\":\"Por tr\u00e1fico de migrantes aseguran 17 presuntos miembros de la banda \u2018Piel Roja\u2019 integrada por funcionarios p\u00fablicos y civiles\"}]},{\"@type\":\"WebSite\",\"@id\":\"https:\/\/www.fiscalia.gov.co\/colombia\/#website\",\"url\":\"https:\/\/www.fiscalia.gov.co\/colombia\/\",\"name\":\"Fiscal\u00eda General de la Naci\u00f3n\",\"description\":\"P\u00e1gina oficial de la Fiscal\u00eda General de la Naci\u00f3n \u2013 Colombia. Garantizamos el acceso efectivo a la justicia, la verdad y la reparaci\u00f3n de las v\u00edctimas de los delitos.\",\"publisher\":{\"@id\":\"https:\/\/www.fiscalia.gov.co\/colombia\/#organization\"},\"potentialAction\":[{\"@type\":\"SearchAction\",\"target\":{\"@type\":\"EntryPoint\",\"urlTemplate\":\"https:\/\/www.fiscalia.gov.co\/colombia\/?s={search_term_string}\"},\"query-input\":{\"@type\":\"PropertyValueSpecification\",\"valueRequired\":true,\"valueName\":\"search_term_string\"}}],\"inLanguage\":\"es-CO\"},{\"@type\":\"Organization\",\"@id\":\"https:\/\/www.fiscalia.gov.co\/colombia\/#organization\",\"name\":\"Fiscal\u00eda General de la Naci\u00f3n\",\"url\":\"https:\/\/www.fiscalia.gov.co\/colombia\/\",\"logo\":{\"@type\":\"ImageObject\",\"inLanguage\":\"es-CO\",\"@id\":\"https:\/\/www.fiscalia.gov.co\/colombia\/#\/schema\/logo\/image\/\",\"url\":\"https:\/\/www.fiscalia.gov.co\/colombia\/wp-content\/uploads\/LogoHorizontal_1.jpg\",\"contentUrl\":\"https:\/\/www.fiscalia.gov.co\/colombia\/wp-content\/uploads\/LogoHorizontal_1.jpg\",\"width\":300,\"height\":90,\"caption\":\"Fiscal\u00eda General de la Naci\u00f3n\"},\"image\":{\"@id\":\"https:\/\/www.fiscalia.gov.co\/colombia\/#\/schema\/logo\/image\/\"},\"sameAs\":[\"https:\/\/www.facebook.com\/FiscaliaCol\",\"https:\/\/x.com\/FiscaliaCol\",\"https:\/\/www.instagram.com\/fiscaliacol\",\"https:\/\/www.linkedin.com\/company\/fiscalia-general-de-la-naci-n\/\",\"https:\/\/youtube.com\/@fiscaliageneraldelanacion-4668?si=6nN79nyQICPU5iTh\"]},{\"@type\":\"Person\",\"@id\":\"https:\/\/www.fiscalia.gov.co\/colombia\/#\/schema\/person\/bf28d8ae7f1b287bbe3af484b04f43ea\",\"name\":\"Direcci\u00f3n de Comunicaciones Fiscal\u00eda General de la Naci\u00f3n\",\"image\":{\"@type\":\"ImageObject\",\"inLanguage\":\"es-CO\",\"@id\":\"https:\/\/www.fiscalia.gov.co\/colombia\/#\/schema\/person\/image\/\",\"url\":\"https:\/\/secure.gravatar.com\/avatar\/9d55ae161d32da16dbdd0b380c080a5f?s=96&d=mm&r=g\",\"contentUrl\":\"https:\/\/secure.gravatar.com\/avatar\/9d55ae161d32da16dbdd0b380c080a5f?s=96&d=mm&r=g\",\"caption\":\"Direcci\u00f3n de Comunicaciones Fiscal\u00eda General de la Naci\u00f3n\"},\"url\":\"https:\/\/www.fiscalia.gov.co\/colombia\/author\/kbonilla\/\"}]}<\/script>\n<!-- \/ Yoast SEO plugin. -->","yoast_head_json":{"title":"Fiscal\u00eda General de la Naci\u00f3n","description":"P\u00e1gina oficial de la Fiscal\u00eda General de la Naci\u00f3n \u2013 Colombia. Garantizamos el acceso efectivo a la justicia, la verdad y la reparaci\u00f3n de las v\u00edctimas de los delitos.","robots":{"index":"noindex","follow":"follow"},"og_locale":"es_ES","og_type":"article","og_title":"Fiscal\u00eda General de la Naci\u00f3n","og_description":"P\u00e1gina oficial de la Fiscal\u00eda General de la Naci\u00f3n \u2013 Colombia. Garantizamos el acceso efectivo a la justicia, la verdad y la reparaci\u00f3n de las v\u00edctimas de los delitos.","og_url":"https:\/\/www.fiscalia.gov.co\/colombia\/seccionales\/por-trafico-de-migrantes-aseguran-17-presuntos-miembros-de-la-banda-piel-roja-integrada-por-funcionarios-publicos-y-civiles\/","og_site_name":"Fiscal\u00eda General de la Naci\u00f3n","article_publisher":"https:\/\/www.facebook.com\/FiscaliaCol","article_published_time":"2018-12-18T20:48:21+00:00","author":"Direcci\u00f3n de Comunicaciones Fiscal\u00eda General de la Naci\u00f3n","twitter_card":"summary_large_image","twitter_creator":"@FiscaliaCol","twitter_site":"@FiscaliaCol","twitter_misc":{"Escrito por":"Direcci\u00f3n de Comunicaciones Fiscal\u00eda General de la Naci\u00f3n","Tiempo de lectura":"3 minutos"},"schema":{"@context":"https:\/\/schema.org","@graph":[{"@type":"Article","@id":"https:\/\/www.fiscalia.gov.co\/colombia\/seccionales\/por-trafico-de-migrantes-aseguran-17-presuntos-miembros-de-la-banda-piel-roja-integrada-por-funcionarios-publicos-y-civiles\/#article","isPartOf":{"@id":"https:\/\/www.fiscalia.gov.co\/colombia\/seccionales\/por-trafico-de-migrantes-aseguran-17-presuntos-miembros-de-la-banda-piel-roja-integrada-por-funcionarios-publicos-y-civiles\/"},"author":{"name":"Direcci\u00f3n de Comunicaciones Fiscal\u00eda General de la Naci\u00f3n","@id":"https:\/\/www.fiscalia.gov.co\/colombia\/#\/schema\/person\/bf28d8ae7f1b287bbe3af484b04f43ea"},"headline":"Por tr\u00e1fico de migrantes aseguran 17 presuntos miembros de la banda \u2018Piel Roja\u2019 integrada por funcionarios p\u00fablicos y civiles","datePublished":"2018-12-18T20:48:21+00:00","dateModified":"2018-12-18T20:48:21+00:00","mainEntityOfPage":{"@id":"https:\/\/www.fiscalia.gov.co\/colombia\/seccionales\/por-trafico-de-migrantes-aseguran-17-presuntos-miembros-de-la-banda-piel-roja-integrada-por-funcionarios-publicos-y-civiles\/"},"wordCount":604,"publisher":{"@id":"https:\/\/www.fiscalia.gov.co\/colombia\/#organization"},"articleSection":["Corrupci\u00f3n","Seccional Cali","Seccionales"],"inLanguage":"es-CO"},{"@type":"WebPage","@id":"https:\/\/www.fiscalia.gov.co\/colombia\/seccionales\/por-trafico-de-migrantes-aseguran-17-presuntos-miembros-de-la-banda-piel-roja-integrada-por-funcionarios-publicos-y-civiles\/","url":"https:\/\/www.fiscalia.gov.co\/colombia\/seccionales\/por-trafico-de-migrantes-aseguran-17-presuntos-miembros-de-la-banda-piel-roja-integrada-por-funcionarios-publicos-y-civiles\/","name":"Fiscal\u00eda General de la Naci\u00f3n","isPartOf":{"@id":"https:\/\/www.fiscalia.gov.co\/colombia\/#website"},"datePublished":"2018-12-18T20:48:21+00:00","dateModified":"2018-12-18T20:48:21+00:00","description":"P\u00e1gina oficial de la Fiscal\u00eda General de la Naci\u00f3n \u2013 Colombia. Garantizamos el acceso efectivo a la justicia, la verdad y la reparaci\u00f3n de las v\u00edctimas de los delitos.","breadcrumb":{"@id":"https:\/\/www.fiscalia.gov.co\/colombia\/seccionales\/por-trafico-de-migrantes-aseguran-17-presuntos-miembros-de-la-banda-piel-roja-integrada-por-funcionarios-publicos-y-civiles\/#breadcrumb"},"inLanguage":"es-CO","potentialAction":[{"@type":"ReadAction","target":["https:\/\/www.fiscalia.gov.co\/colombia\/seccionales\/por-trafico-de-migrantes-aseguran-17-presuntos-miembros-de-la-banda-piel-roja-integrada-por-funcionarios-publicos-y-civiles\/"]}]},{"@type":"BreadcrumbList","@id":"https:\/\/www.fiscalia.gov.co\/colombia\/seccionales\/por-trafico-de-migrantes-aseguran-17-presuntos-miembros-de-la-banda-piel-roja-integrada-por-funcionarios-publicos-y-civiles\/#breadcrumb","itemListElement":[{"@type":"ListItem","position":1,"name":"Home","item":"https:\/\/www.fiscalia.gov.co\/colombia\/"},{"@type":"ListItem","position":2,"name":"Por tr\u00e1fico de migrantes aseguran 17 presuntos miembros de la banda \u2018Piel Roja\u2019 integrada por funcionarios p\u00fablicos y civiles"}]},{"@type":"WebSite","@id":"https:\/\/www.fiscalia.gov.co\/colombia\/#website","url":"https:\/\/www.fiscalia.gov.co\/colombia\/","name":"Fiscal\u00eda General de la Naci\u00f3n","description":"P\u00e1gina oficial de la Fiscal\u00eda General de la Naci\u00f3n \u2013 Colombia. Garantizamos el acceso efectivo a la justicia, la verdad y la reparaci\u00f3n de las v\u00edctimas de los delitos.","publisher":{"@id":"https:\/\/www.fiscalia.gov.co\/colombia\/#organization"},"potentialAction":[{"@type":"SearchAction","target":{"@type":"EntryPoint","urlTemplate":"https:\/\/www.fiscalia.gov.co\/colombia\/?s={search_term_string}"},"query-input":{"@type":"PropertyValueSpecification","valueRequired":true,"valueName":"search_term_string"}}],"inLanguage":"es-CO"},{"@type":"Organization","@id":"https:\/\/www.fiscalia.gov.co\/colombia\/#organization","name":"Fiscal\u00eda General de la Naci\u00f3n","url":"https:\/\/www.fiscalia.gov.co\/colombia\/","logo":{"@type":"ImageObject","inLanguage":"es-CO","@id":"https:\/\/www.fiscalia.gov.co\/colombia\/#\/schema\/logo\/image\/","url":"https:\/\/www.fiscalia.gov.co\/colombia\/wp-content\/uploads\/LogoHorizontal_1.jpg","contentUrl":"https:\/\/www.fiscalia.gov.co\/colombia\/wp-content\/uploads\/LogoHorizontal_1.jpg","width":300,"height":90,"caption":"Fiscal\u00eda General de la Naci\u00f3n"},"image":{"@id":"https:\/\/www.fiscalia.gov.co\/colombia\/#\/schema\/logo\/image\/"},"sameAs":["https:\/\/www.facebook.com\/FiscaliaCol","https:\/\/x.com\/FiscaliaCol","https:\/\/www.instagram.com\/fiscaliacol","https:\/\/www.linkedin.com\/company\/fiscalia-general-de-la-naci-n\/","https:\/\/youtube.com\/@fiscaliageneraldelanacion-4668?si=6nN79nyQICPU5iTh"]},{"@type":"Person","@id":"https:\/\/www.fiscalia.gov.co\/colombia\/#\/schema\/person\/bf28d8ae7f1b287bbe3af484b04f43ea","name":"Direcci\u00f3n de Comunicaciones Fiscal\u00eda General de la Naci\u00f3n","image":{"@type":"ImageObject","inLanguage":"es-CO","@id":"https:\/\/www.fiscalia.gov.co\/colombia\/#\/schema\/person\/image\/","url":"https:\/\/secure.gravatar.com\/avatar\/9d55ae161d32da16dbdd0b380c080a5f?s=96&d=mm&r=g","contentUrl":"https:\/\/secure.gravatar.com\/avatar\/9d55ae161d32da16dbdd0b380c080a5f?s=96&d=mm&r=g","caption":"Direcci\u00f3n de Comunicaciones Fiscal\u00eda General de la Naci\u00f3n"},"url":"https:\/\/www.fiscalia.gov.co\/colombia\/author\/kbonilla\/"}]}},"_links":{"self":[{"href":"https:\/\/www.fiscalia.gov.co\/colombia\/wp-json\/wp\/v2\/posts\/173857","targetHints":{"allow":["GET"]}}],"collection":[{"href":"https:\/\/www.fiscalia.gov.co\/colombia\/wp-json\/wp\/v2\/posts"}],"about":[{"href":"https:\/\/www.fiscalia.gov.co\/colombia\/wp-json\/wp\/v2\/types\/post"}],"author":[{"embeddable":true,"href":"https:\/\/www.fiscalia.gov.co\/colombia\/wp-json\/wp\/v2\/users\/162"}],"replies":[{"embeddable":true,"href":"https:\/\/www.fiscalia.gov.co\/colombia\/wp-json\/wp\/v2\/comments?post=173857"}],"version-history":[{"count":1,"href":"https:\/\/www.fiscalia.gov.co\/colombia\/wp-json\/wp\/v2\/posts\/173857\/revisions"}],"predecessor-version":[{"id":173858,"href":"https:\/\/www.fiscalia.gov.co\/colombia\/wp-json\/wp\/v2\/posts\/173857\/revisions\/173858"}],"wp:attachment":[{"href":"https:\/\/www.fiscalia.gov.co\/colombia\/wp-json\/wp\/v2\/media?parent=173857"}],"wp:term":[{"taxonomy":"category","embeddable":true,"href":"https:\/\/www.fiscalia.gov.co\/colombia\/wp-json\/wp\/v2\/categories?post=173857"},{"taxonomy":"post_tag","embeddable":true,"href":"https:\/\/www.fiscalia.gov.co\/colombia\/wp-json\/wp\/v2\/tags?post=173857"}],"curies":[{"name":"wp","href":"https:\/\/api.w.org\/{rel}","templated":true}]}}