{"id":173829,"date":"2018-12-18T10:03:27","date_gmt":"2018-12-18T15:03:27","guid":{"rendered":"https:\/\/www.fiscalia.gov.co\/colombia\/?p=173829"},"modified":"2018-12-18T10:03:27","modified_gmt":"2018-12-18T15:03:27","slug":"desmantelada-red-de-trata-de-personas-que-enviaba-jovencitas-colombianas-a-espana-para-que-fueran-explotadas-sexualmente","status":"publish","type":"post","link":"https:\/\/www.fiscalia.gov.co\/colombia\/noticias\/desmantelada-red-de-trata-de-personas-que-enviaba-jovencitas-colombianas-a-espana-para-que-fueran-explotadas-sexualmente\/","title":{"rendered":"Desmantelada red de trata de personas que enviaba jovencitas colombianas a Espa\u00f1a para que fueran explotadas sexualmente"},"content":{"rendered":"<p>Un operativo conjunto de la Fiscal\u00eda General de la Naci\u00f3n, la Dijin de la Polic\u00eda Nacional y la Guardia Civil Espa\u00f1ola permiti\u00f3, tras ocho meses de investigaciones, desmantelar una estructura criminal que aprovechaba las dif\u00edciles condiciones econ\u00f3micas de j\u00f3venes colombianas para ofrecerles trabajos en Espa\u00f1a que, en realidad, eran actividades de explotaci\u00f3n sexual comercial en ese pa\u00eds.<\/p>\n<p>Las autoridades de los dos pa\u00edses detectaron esta red de trata de personas gracias a las declaraciones entregadas por una colombiana, quien escap\u00f3 del encierro, el trato inhumano y los vej\u00e1menes a los que era sometida por Flor Herminda Mantilla Lindado, una ciudadana colombo &#8211; espa\u00f1ola conocida en Europa como \u2018La Madame\u2019, y una de las cabezas de esta organizaci\u00f3n criminal.<\/p>\n<p>Uno de los clientes de esta estructura criminal y visitante asiduo de un lugar llamado \u2018La Casita Roja\u2019 en Alicante (Espa\u00f1a), atendi\u00f3 el llamado de la mujer y denunci\u00f3 las condiciones de esclavitud sexual que soportaban las j\u00f3venes colombianas.<\/p>\n<p>De\u00a0 inmediato, el Grupo Contra la Trata de Personas de la Delegada de Crimen Organizado Fiscal\u00eda General la Naci\u00f3n de Colombia y la Polic\u00eda Nacional iniciaron un trabajo coordinado con los cuerpos de seguridad de Espa\u00f1a, y en tiempo r\u00e9cord ubicaron a seis de los presuntos integrantes en los dos pa\u00edses, quienes ser\u00edan los encargados de reclutar, enviar y recibir a las colombianas para explotarlas sexualmente.<\/p>\n<p><strong><u>Un \u201cnegocio\u201d criminal de familia<\/u><\/strong><\/p>\n<p>Los testimonios y pruebas recopiladas por los investigadores permitieron establecer que J\u00e9sica P\u00e1ramo Castellanos, supuestamente, aprovech\u00f3 las dificultades econ\u00f3micas de la v\u00edctima le ofreci\u00f3 una oportunidad de ganar dinero y as\u00ed salir de la crisis financiera que afrontaba en Palmira (Valle del Cauca).<\/p>\n<p>Con ese prop\u00f3sito P\u00e1ramo relacion\u00f3 a la v\u00edctima con su suegro, Ra\u00fal\u00a0 Holgu\u00edn, quien propuso a la v\u00edctima trabajo como camarera en un restaurante en Espa\u00f1a, con una remuneraci\u00f3n m\u00ednima de 800 euros mensuales, m\u00e1s propinas.<\/p>\n<p>Holgu\u00edn y su hijastro, Andr\u00e9s Felipe S\u00e1nchez Bland\u00f3n, citaron a la v\u00edctima en una casa y le entregaron dinero para los gastos del viaje, le brindaron ayuda para la compra de su maleta y ropa adecuada para el viaje, adem\u00e1s la acompa\u00f1aron a Cali (Valle del Cauca) para los tr\u00e1mites relacionados con el pasaporte.<\/p>\n<p>M\u00f3nica Bland\u00f3n, sobrina pol\u00edtica de Ra\u00fal Holgu\u00edn, fue a quien la organizaci\u00f3n design\u00f3 para acompa\u00f1ar a la mujer en su desplazamiento. Las dos viajaron de Palmira (Valle del Cauca) a Medell\u00edn (Antioquia), para de all\u00ed salir rumbo a Madrid (Espa\u00f1a). Bland\u00f3n tambi\u00e9n se habr\u00eda encargado de orientar a la mujer sobre la manera c\u00f3mo deb\u00eda expresarse tanto a la salida de Colombia como a su arribo a la capital espa\u00f1ola, y as\u00ed evitar cualquier tipo de sospecha por parte de las autoridades migratorias.<\/p>\n<p><strong><u>En Europa<\/u><\/strong><\/p>\n<p>Una vez en Espa\u00f1a, las v\u00edctimas de explotaci\u00f3n sexual eran llevadas a Albacete o Alicante donde, al parecer, Flor Herminda Mantilla, alias La Madame, ten\u00eda las sedes de su negocio ilegal.<\/p>\n<p>Las j\u00f3venes colombianas eran recibidas por La Madame, junto con la ciudadana espa\u00f1ola, Carmen Jim\u00e9nez P\u00e9rez; la administradora del lugar, Odalis Leyva Quintero (cubana); y Saida Raish Cantillo (colombiana). Esta \u00faltima supuestamente se encargaba desde Europa de proveer los tiquetes de avi\u00f3n.<\/p>\n<p><strong><u>Las capturas<\/u><\/strong><\/p>\n<p>Gracias a los elementos materiales probatorios recopilados por los investigadores de la Direcci\u00f3n Especializada de Derechos Humanos de la Fiscal\u00eda en Colombia y las pruebas suministradas por las autoridades espa\u00f1olas, el juez 31 Penal Municipal de expidi\u00f3 las \u00f3rdenes de captura contra los implicados en trata de personas y otros delitos.<\/p>\n<p><strong><u>Capturas en Colombia<\/u><\/strong><\/p>\n<p>&#8211; Ra\u00fal Holgu\u00edn<\/p>\n<p>&#8211; Andr\u00e9s Felipe S\u00e1nchez<\/p>\n<p>&#8211; J\u00e9sica P\u00e1ramo.<\/p>\n<p>&nbsp;<\/p>\n<p><strong><u>Capturas en Espa\u00f1a <\/u><\/strong><\/p>\n<p>&#8211; Flor Herminda Mantilla Lindado<\/p>\n<p>&#8211; Odalis Leyva Quintero<\/p>\n<p>&#8211; Saida Raish Cantillo.<\/p>\n<p>&nbsp;<\/p>\n<p>La Fiscal\u00eda General de la Naci\u00f3n hace p\u00fablica esta informaci\u00f3n por considerarla de inter\u00e9s general.<\/p>\n\n<div class=\"twitter-share\"><a href=\"https:\/\/twitter.com\/intent\/tweet?via=fiscaliacol\" class=\"twitter-share-button\">Tweet<\/a><\/div>\n","protected":false},"excerpt":{"rendered":"<p>Un operativo conjunto de la Fiscal\u00eda General de la Naci\u00f3n, la Dijin de la Polic\u00eda Nacional y la Guardia Civil Espa\u00f1ola permiti\u00f3, tras ocho meses de investigaciones, desmantelar una estructura criminal que aprovechaba las dif\u00edciles condiciones econ\u00f3micas de j\u00f3venes colombianas para ofrecerles trabajos en Espa\u00f1a que, en realidad, eran actividades de explotaci\u00f3n sexual comercial en [&hellip;]<\/p>\n","protected":false},"author":162,"featured_media":0,"comment_status":"closed","ping_status":"open","sticky":false,"template":"","format":"standard","meta":{"tdm_status":"","tdm_grid_status":"","footnotes":""},"categories":[24102,1],"tags":[],"class_list":{"0":"post-173829","1":"post","2":"type-post","3":"status-publish","4":"format-standard","6":"category-derechos-humanos","7":"category-noticias"},"yoast_head":"<!-- This site is optimized with the Yoast SEO plugin v24.3 - https:\/\/yoast.com\/wordpress\/plugins\/seo\/ -->\n<title>Fiscal\u00eda General de la Naci\u00f3n<\/title>\n<meta name=\"description\" content=\"P\u00e1gina oficial de la Fiscal\u00eda General de la Naci\u00f3n \u2013 Colombia. Garantizamos el acceso efectivo a la justicia, la verdad y la reparaci\u00f3n de las v\u00edctimas de los delitos.\" \/>\n<meta name=\"robots\" content=\"noindex, follow\" \/>\n<meta property=\"og:locale\" content=\"es_ES\" \/>\n<meta property=\"og:type\" content=\"article\" \/>\n<meta property=\"og:title\" content=\"Fiscal\u00eda General de la Naci\u00f3n\" \/>\n<meta property=\"og:description\" content=\"P\u00e1gina oficial de la Fiscal\u00eda General de la Naci\u00f3n \u2013 Colombia. Garantizamos el acceso efectivo a la justicia, la verdad y la reparaci\u00f3n de las v\u00edctimas de los delitos.\" \/>\n<meta property=\"og:url\" content=\"https:\/\/www.fiscalia.gov.co\/colombia\/noticias\/desmantelada-red-de-trata-de-personas-que-enviaba-jovencitas-colombianas-a-espana-para-que-fueran-explotadas-sexualmente\/\" \/>\n<meta property=\"og:site_name\" content=\"Fiscal\u00eda General de la Naci\u00f3n\" \/>\n<meta property=\"article:publisher\" content=\"https:\/\/www.facebook.com\/FiscaliaCol\" \/>\n<meta property=\"article:published_time\" content=\"2018-12-18T15:03:27+00:00\" \/>\n<meta name=\"author\" content=\"Direcci\u00f3n de Comunicaciones Fiscal\u00eda General de la Naci\u00f3n\" \/>\n<meta name=\"twitter:card\" content=\"summary_large_image\" \/>\n<meta name=\"twitter:creator\" content=\"@FiscaliaCol\" \/>\n<meta name=\"twitter:site\" content=\"@FiscaliaCol\" \/>\n<meta name=\"twitter:label1\" content=\"Escrito por\" \/>\n\t<meta name=\"twitter:data1\" content=\"Direcci\u00f3n de Comunicaciones Fiscal\u00eda General de la Naci\u00f3n\" \/>\n\t<meta name=\"twitter:label2\" content=\"Tiempo de lectura\" \/>\n\t<meta name=\"twitter:data2\" content=\"4 minutos\" \/>\n<script type=\"application\/ld+json\" class=\"yoast-schema-graph\">{\"@context\":\"https:\/\/schema.org\",\"@graph\":[{\"@type\":\"Article\",\"@id\":\"https:\/\/www.fiscalia.gov.co\/colombia\/noticias\/desmantelada-red-de-trata-de-personas-que-enviaba-jovencitas-colombianas-a-espana-para-que-fueran-explotadas-sexualmente\/#article\",\"isPartOf\":{\"@id\":\"https:\/\/www.fiscalia.gov.co\/colombia\/noticias\/desmantelada-red-de-trata-de-personas-que-enviaba-jovencitas-colombianas-a-espana-para-que-fueran-explotadas-sexualmente\/\"},\"author\":{\"name\":\"Direcci\u00f3n de Comunicaciones Fiscal\u00eda General de la Naci\u00f3n\",\"@id\":\"https:\/\/www.fiscalia.gov.co\/colombia\/#\/schema\/person\/bf28d8ae7f1b287bbe3af484b04f43ea\"},\"headline\":\"Desmantelada red de trata de personas que enviaba jovencitas colombianas a Espa\u00f1a para que fueran explotadas sexualmente\",\"datePublished\":\"2018-12-18T15:03:27+00:00\",\"dateModified\":\"2018-12-18T15:03:27+00:00\",\"mainEntityOfPage\":{\"@id\":\"https:\/\/www.fiscalia.gov.co\/colombia\/noticias\/desmantelada-red-de-trata-de-personas-que-enviaba-jovencitas-colombianas-a-espana-para-que-fueran-explotadas-sexualmente\/\"},\"wordCount\":718,\"publisher\":{\"@id\":\"https:\/\/www.fiscalia.gov.co\/colombia\/#organization\"},\"articleSection\":[\"Derechos Humanos\",\"Noticias\"],\"inLanguage\":\"es-CO\"},{\"@type\":\"WebPage\",\"@id\":\"https:\/\/www.fiscalia.gov.co\/colombia\/noticias\/desmantelada-red-de-trata-de-personas-que-enviaba-jovencitas-colombianas-a-espana-para-que-fueran-explotadas-sexualmente\/\",\"url\":\"https:\/\/www.fiscalia.gov.co\/colombia\/noticias\/desmantelada-red-de-trata-de-personas-que-enviaba-jovencitas-colombianas-a-espana-para-que-fueran-explotadas-sexualmente\/\",\"name\":\"Fiscal\u00eda General de la Naci\u00f3n\",\"isPartOf\":{\"@id\":\"https:\/\/www.fiscalia.gov.co\/colombia\/#website\"},\"datePublished\":\"2018-12-18T15:03:27+00:00\",\"dateModified\":\"2018-12-18T15:03:27+00:00\",\"description\":\"P\u00e1gina oficial de la Fiscal\u00eda General de la Naci\u00f3n \u2013 Colombia. Garantizamos el acceso efectivo a la justicia, la verdad y la reparaci\u00f3n de las v\u00edctimas de los delitos.\",\"breadcrumb\":{\"@id\":\"https:\/\/www.fiscalia.gov.co\/colombia\/noticias\/desmantelada-red-de-trata-de-personas-que-enviaba-jovencitas-colombianas-a-espana-para-que-fueran-explotadas-sexualmente\/#breadcrumb\"},\"inLanguage\":\"es-CO\",\"potentialAction\":[{\"@type\":\"ReadAction\",\"target\":[\"https:\/\/www.fiscalia.gov.co\/colombia\/noticias\/desmantelada-red-de-trata-de-personas-que-enviaba-jovencitas-colombianas-a-espana-para-que-fueran-explotadas-sexualmente\/\"]}]},{\"@type\":\"BreadcrumbList\",\"@id\":\"https:\/\/www.fiscalia.gov.co\/colombia\/noticias\/desmantelada-red-de-trata-de-personas-que-enviaba-jovencitas-colombianas-a-espana-para-que-fueran-explotadas-sexualmente\/#breadcrumb\",\"itemListElement\":[{\"@type\":\"ListItem\",\"position\":1,\"name\":\"Home\",\"item\":\"https:\/\/www.fiscalia.gov.co\/colombia\/\"},{\"@type\":\"ListItem\",\"position\":2,\"name\":\"Desmantelada red de trata de personas que enviaba jovencitas colombianas a Espa\u00f1a para que fueran explotadas sexualmente\"}]},{\"@type\":\"WebSite\",\"@id\":\"https:\/\/www.fiscalia.gov.co\/colombia\/#website\",\"url\":\"https:\/\/www.fiscalia.gov.co\/colombia\/\",\"name\":\"Fiscal\u00eda General de la Naci\u00f3n\",\"description\":\"P\u00e1gina oficial de la Fiscal\u00eda General de la Naci\u00f3n \u2013 Colombia. Garantizamos el acceso efectivo a la justicia, la verdad y la reparaci\u00f3n de las v\u00edctimas de los delitos.\",\"publisher\":{\"@id\":\"https:\/\/www.fiscalia.gov.co\/colombia\/#organization\"},\"potentialAction\":[{\"@type\":\"SearchAction\",\"target\":{\"@type\":\"EntryPoint\",\"urlTemplate\":\"https:\/\/www.fiscalia.gov.co\/colombia\/?s={search_term_string}\"},\"query-input\":{\"@type\":\"PropertyValueSpecification\",\"valueRequired\":true,\"valueName\":\"search_term_string\"}}],\"inLanguage\":\"es-CO\"},{\"@type\":\"Organization\",\"@id\":\"https:\/\/www.fiscalia.gov.co\/colombia\/#organization\",\"name\":\"Fiscal\u00eda General de la Naci\u00f3n\",\"url\":\"https:\/\/www.fiscalia.gov.co\/colombia\/\",\"logo\":{\"@type\":\"ImageObject\",\"inLanguage\":\"es-CO\",\"@id\":\"https:\/\/www.fiscalia.gov.co\/colombia\/#\/schema\/logo\/image\/\",\"url\":\"https:\/\/www.fiscalia.gov.co\/colombia\/wp-content\/uploads\/LogoHorizontal_1.jpg\",\"contentUrl\":\"https:\/\/www.fiscalia.gov.co\/colombia\/wp-content\/uploads\/LogoHorizontal_1.jpg\",\"width\":300,\"height\":90,\"caption\":\"Fiscal\u00eda General de la Naci\u00f3n\"},\"image\":{\"@id\":\"https:\/\/www.fiscalia.gov.co\/colombia\/#\/schema\/logo\/image\/\"},\"sameAs\":[\"https:\/\/www.facebook.com\/FiscaliaCol\",\"https:\/\/x.com\/FiscaliaCol\",\"https:\/\/www.instagram.com\/fiscaliacol\",\"https:\/\/www.linkedin.com\/company\/fiscalia-general-de-la-naci-n\/\",\"https:\/\/youtube.com\/@fiscaliageneraldelanacion-4668?si=6nN79nyQICPU5iTh\"]},{\"@type\":\"Person\",\"@id\":\"https:\/\/www.fiscalia.gov.co\/colombia\/#\/schema\/person\/bf28d8ae7f1b287bbe3af484b04f43ea\",\"name\":\"Direcci\u00f3n de Comunicaciones Fiscal\u00eda General de la Naci\u00f3n\",\"image\":{\"@type\":\"ImageObject\",\"inLanguage\":\"es-CO\",\"@id\":\"https:\/\/www.fiscalia.gov.co\/colombia\/#\/schema\/person\/image\/\",\"url\":\"https:\/\/secure.gravatar.com\/avatar\/9d55ae161d32da16dbdd0b380c080a5f?s=96&d=mm&r=g\",\"contentUrl\":\"https:\/\/secure.gravatar.com\/avatar\/9d55ae161d32da16dbdd0b380c080a5f?s=96&d=mm&r=g\",\"caption\":\"Direcci\u00f3n de Comunicaciones Fiscal\u00eda General de la Naci\u00f3n\"},\"url\":\"https:\/\/www.fiscalia.gov.co\/colombia\/author\/kbonilla\/\"}]}<\/script>\n<!-- \/ Yoast SEO plugin. -->","yoast_head_json":{"title":"Fiscal\u00eda General de la Naci\u00f3n","description":"P\u00e1gina oficial de la Fiscal\u00eda General de la Naci\u00f3n \u2013 Colombia. Garantizamos el acceso efectivo a la justicia, la verdad y la reparaci\u00f3n de las v\u00edctimas de los delitos.","robots":{"index":"noindex","follow":"follow"},"og_locale":"es_ES","og_type":"article","og_title":"Fiscal\u00eda General de la Naci\u00f3n","og_description":"P\u00e1gina oficial de la Fiscal\u00eda General de la Naci\u00f3n \u2013 Colombia. Garantizamos el acceso efectivo a la justicia, la verdad y la reparaci\u00f3n de las v\u00edctimas de los delitos.","og_url":"https:\/\/www.fiscalia.gov.co\/colombia\/noticias\/desmantelada-red-de-trata-de-personas-que-enviaba-jovencitas-colombianas-a-espana-para-que-fueran-explotadas-sexualmente\/","og_site_name":"Fiscal\u00eda General de la Naci\u00f3n","article_publisher":"https:\/\/www.facebook.com\/FiscaliaCol","article_published_time":"2018-12-18T15:03:27+00:00","author":"Direcci\u00f3n de Comunicaciones Fiscal\u00eda General de la Naci\u00f3n","twitter_card":"summary_large_image","twitter_creator":"@FiscaliaCol","twitter_site":"@FiscaliaCol","twitter_misc":{"Escrito por":"Direcci\u00f3n de Comunicaciones Fiscal\u00eda General de la Naci\u00f3n","Tiempo de lectura":"4 minutos"},"schema":{"@context":"https:\/\/schema.org","@graph":[{"@type":"Article","@id":"https:\/\/www.fiscalia.gov.co\/colombia\/noticias\/desmantelada-red-de-trata-de-personas-que-enviaba-jovencitas-colombianas-a-espana-para-que-fueran-explotadas-sexualmente\/#article","isPartOf":{"@id":"https:\/\/www.fiscalia.gov.co\/colombia\/noticias\/desmantelada-red-de-trata-de-personas-que-enviaba-jovencitas-colombianas-a-espana-para-que-fueran-explotadas-sexualmente\/"},"author":{"name":"Direcci\u00f3n de Comunicaciones Fiscal\u00eda General de la Naci\u00f3n","@id":"https:\/\/www.fiscalia.gov.co\/colombia\/#\/schema\/person\/bf28d8ae7f1b287bbe3af484b04f43ea"},"headline":"Desmantelada red de trata de personas que enviaba jovencitas colombianas a Espa\u00f1a para que fueran explotadas sexualmente","datePublished":"2018-12-18T15:03:27+00:00","dateModified":"2018-12-18T15:03:27+00:00","mainEntityOfPage":{"@id":"https:\/\/www.fiscalia.gov.co\/colombia\/noticias\/desmantelada-red-de-trata-de-personas-que-enviaba-jovencitas-colombianas-a-espana-para-que-fueran-explotadas-sexualmente\/"},"wordCount":718,"publisher":{"@id":"https:\/\/www.fiscalia.gov.co\/colombia\/#organization"},"articleSection":["Derechos Humanos","Noticias"],"inLanguage":"es-CO"},{"@type":"WebPage","@id":"https:\/\/www.fiscalia.gov.co\/colombia\/noticias\/desmantelada-red-de-trata-de-personas-que-enviaba-jovencitas-colombianas-a-espana-para-que-fueran-explotadas-sexualmente\/","url":"https:\/\/www.fiscalia.gov.co\/colombia\/noticias\/desmantelada-red-de-trata-de-personas-que-enviaba-jovencitas-colombianas-a-espana-para-que-fueran-explotadas-sexualmente\/","name":"Fiscal\u00eda General de la Naci\u00f3n","isPartOf":{"@id":"https:\/\/www.fiscalia.gov.co\/colombia\/#website"},"datePublished":"2018-12-18T15:03:27+00:00","dateModified":"2018-12-18T15:03:27+00:00","description":"P\u00e1gina oficial de la Fiscal\u00eda General de la Naci\u00f3n \u2013 Colombia. Garantizamos el acceso efectivo a la justicia, la verdad y la reparaci\u00f3n de las v\u00edctimas de los delitos.","breadcrumb":{"@id":"https:\/\/www.fiscalia.gov.co\/colombia\/noticias\/desmantelada-red-de-trata-de-personas-que-enviaba-jovencitas-colombianas-a-espana-para-que-fueran-explotadas-sexualmente\/#breadcrumb"},"inLanguage":"es-CO","potentialAction":[{"@type":"ReadAction","target":["https:\/\/www.fiscalia.gov.co\/colombia\/noticias\/desmantelada-red-de-trata-de-personas-que-enviaba-jovencitas-colombianas-a-espana-para-que-fueran-explotadas-sexualmente\/"]}]},{"@type":"BreadcrumbList","@id":"https:\/\/www.fiscalia.gov.co\/colombia\/noticias\/desmantelada-red-de-trata-de-personas-que-enviaba-jovencitas-colombianas-a-espana-para-que-fueran-explotadas-sexualmente\/#breadcrumb","itemListElement":[{"@type":"ListItem","position":1,"name":"Home","item":"https:\/\/www.fiscalia.gov.co\/colombia\/"},{"@type":"ListItem","position":2,"name":"Desmantelada red de trata de personas que enviaba jovencitas colombianas a Espa\u00f1a para que fueran explotadas sexualmente"}]},{"@type":"WebSite","@id":"https:\/\/www.fiscalia.gov.co\/colombia\/#website","url":"https:\/\/www.fiscalia.gov.co\/colombia\/","name":"Fiscal\u00eda General de la Naci\u00f3n","description":"P\u00e1gina oficial de la Fiscal\u00eda General de la Naci\u00f3n \u2013 Colombia. Garantizamos el acceso efectivo a la justicia, la verdad y la reparaci\u00f3n de las v\u00edctimas de los delitos.","publisher":{"@id":"https:\/\/www.fiscalia.gov.co\/colombia\/#organization"},"potentialAction":[{"@type":"SearchAction","target":{"@type":"EntryPoint","urlTemplate":"https:\/\/www.fiscalia.gov.co\/colombia\/?s={search_term_string}"},"query-input":{"@type":"PropertyValueSpecification","valueRequired":true,"valueName":"search_term_string"}}],"inLanguage":"es-CO"},{"@type":"Organization","@id":"https:\/\/www.fiscalia.gov.co\/colombia\/#organization","name":"Fiscal\u00eda General de la Naci\u00f3n","url":"https:\/\/www.fiscalia.gov.co\/colombia\/","logo":{"@type":"ImageObject","inLanguage":"es-CO","@id":"https:\/\/www.fiscalia.gov.co\/colombia\/#\/schema\/logo\/image\/","url":"https:\/\/www.fiscalia.gov.co\/colombia\/wp-content\/uploads\/LogoHorizontal_1.jpg","contentUrl":"https:\/\/www.fiscalia.gov.co\/colombia\/wp-content\/uploads\/LogoHorizontal_1.jpg","width":300,"height":90,"caption":"Fiscal\u00eda General de la Naci\u00f3n"},"image":{"@id":"https:\/\/www.fiscalia.gov.co\/colombia\/#\/schema\/logo\/image\/"},"sameAs":["https:\/\/www.facebook.com\/FiscaliaCol","https:\/\/x.com\/FiscaliaCol","https:\/\/www.instagram.com\/fiscaliacol","https:\/\/www.linkedin.com\/company\/fiscalia-general-de-la-naci-n\/","https:\/\/youtube.com\/@fiscaliageneraldelanacion-4668?si=6nN79nyQICPU5iTh"]},{"@type":"Person","@id":"https:\/\/www.fiscalia.gov.co\/colombia\/#\/schema\/person\/bf28d8ae7f1b287bbe3af484b04f43ea","name":"Direcci\u00f3n de Comunicaciones Fiscal\u00eda General de la Naci\u00f3n","image":{"@type":"ImageObject","inLanguage":"es-CO","@id":"https:\/\/www.fiscalia.gov.co\/colombia\/#\/schema\/person\/image\/","url":"https:\/\/secure.gravatar.com\/avatar\/9d55ae161d32da16dbdd0b380c080a5f?s=96&d=mm&r=g","contentUrl":"https:\/\/secure.gravatar.com\/avatar\/9d55ae161d32da16dbdd0b380c080a5f?s=96&d=mm&r=g","caption":"Direcci\u00f3n de Comunicaciones Fiscal\u00eda General de la Naci\u00f3n"},"url":"https:\/\/www.fiscalia.gov.co\/colombia\/author\/kbonilla\/"}]}},"_links":{"self":[{"href":"https:\/\/www.fiscalia.gov.co\/colombia\/wp-json\/wp\/v2\/posts\/173829","targetHints":{"allow":["GET"]}}],"collection":[{"href":"https:\/\/www.fiscalia.gov.co\/colombia\/wp-json\/wp\/v2\/posts"}],"about":[{"href":"https:\/\/www.fiscalia.gov.co\/colombia\/wp-json\/wp\/v2\/types\/post"}],"author":[{"embeddable":true,"href":"https:\/\/www.fiscalia.gov.co\/colombia\/wp-json\/wp\/v2\/users\/162"}],"replies":[{"embeddable":true,"href":"https:\/\/www.fiscalia.gov.co\/colombia\/wp-json\/wp\/v2\/comments?post=173829"}],"version-history":[{"count":2,"href":"https:\/\/www.fiscalia.gov.co\/colombia\/wp-json\/wp\/v2\/posts\/173829\/revisions"}],"predecessor-version":[{"id":173831,"href":"https:\/\/www.fiscalia.gov.co\/colombia\/wp-json\/wp\/v2\/posts\/173829\/revisions\/173831"}],"wp:attachment":[{"href":"https:\/\/www.fiscalia.gov.co\/colombia\/wp-json\/wp\/v2\/media?parent=173829"}],"wp:term":[{"taxonomy":"category","embeddable":true,"href":"https:\/\/www.fiscalia.gov.co\/colombia\/wp-json\/wp\/v2\/categories?post=173829"},{"taxonomy":"post_tag","embeddable":true,"href":"https:\/\/www.fiscalia.gov.co\/colombia\/wp-json\/wp\/v2\/tags?post=173829"}],"curies":[{"name":"wp","href":"https:\/\/api.w.org\/{rel}","templated":true}]}}