{"id":173664,"date":"2018-12-12T10:15:33","date_gmt":"2018-12-12T15:15:33","guid":{"rendered":"https:\/\/www.fiscalia.gov.co\/colombia\/?p=173664"},"modified":"2018-12-12T10:15:33","modified_gmt":"2018-12-12T15:15:33","slug":"la-caida-del-faraon-y-la-red-de-adulteracion-de-medicamentos-de-uso-controlado","status":"publish","type":"post","link":"https:\/\/www.fiscalia.gov.co\/colombia\/noticias\/la-caida-del-faraon-y-la-red-de-adulteracion-de-medicamentos-de-uso-controlado\/","title":{"rendered":"La ca\u00edda del \u2018Fara\u00f3n\u2019 y la red de adulteraci\u00f3n de medicamentos de uso controlado"},"content":{"rendered":"<p><em><u>La Fiscal\u00eda General de la Naci\u00f3n y la Polic\u00eda Nacional capturaron a un ciudadano egipcio y nueve presuntos integrantes de una estructura se\u00f1alada de alterar medicinas para adultos mayores, pacientes psiqui\u00e1tricos y con enfermedades de alto riesgo. Algunos medicamentos habr\u00edan sido adquiridos irregularmente en asilos y hospitales, y otros ingresaron de contrabando al pa\u00eds. Parte de los productos adulterados, al parecer, fueron vendidos a otros delincuentes para elaborar escopolamina.\u00a0 <\/u><\/em><\/p>\n<p>Un esquema criminal de alteraci\u00f3n, contaminaci\u00f3n y venta de medicamentos, que pon\u00eda en riesgo la salud y la vida de miles de colombianos, fue descubierto por la Fiscal\u00eda General de la Naci\u00f3n y la Dijin de la Polic\u00eda Nacional.<\/p>\n<p>10 de los presuntos integrantes de la organizaci\u00f3n ilegal responsable de esta actividad il\u00edcita quedaron en evidencia, as\u00ed como los distintos roles que cumpl\u00edan y las maniobras a las que recurr\u00edan para obtener irregularmente medicinas de uso exclusivo de hospitales y cl\u00ednicas, y tratamientos para adultos mayores, pacientes con enfermedades de alto riesgo o trastornos psiqui\u00e1tricos.<\/p>\n<p>Actividades de polic\u00eda judicial avaladas judicialmente, como interceptaciones telef\u00f3nicas, permitieron conocer que la red recib\u00eda la asesor\u00eda y orientaci\u00f3n de un ciudadano egipcio de nombre Frass Yousef Mahmud Elbasseaun, un farmac\u00f3logo de profesi\u00f3n y profesor universitario en Cali (Valle del Cauca).<\/p>\n<p>De acuerdo con los elementos recopilados, el extranjero supuestamente defin\u00eda formas para dar apariencia de legalidad a los medicamentos manipulados, de tal manera que pudieran ser comercializados. Por su nivel de influencia y conocimiento del mercado, los dem\u00e1s integrantes de la organizaci\u00f3n ilegal lo llamaban \u2018el Fara\u00f3n\u2019.<\/p>\n<p>Mahmud Elbasseaun y nueve personas m\u00e1s fueron capturadas en diligencias cumplidas en Cali, Palmira y otros municipios de Valle del Cauca. En audiencias concentradas, una fiscal de la Direcci\u00f3n Especializada contra las Violaciones a los Derechos Humanos les imput\u00f3 corrupci\u00f3n de alimentos, productos m\u00e9dicos o material profil\u00e1ctico, fabricaci\u00f3n y comercializaci\u00f3n de sustancias nocivas para la salud y concierto para delinquir.<\/p>\n<p>A las cabezas de esta estructura la Fiscal\u00eda les imput\u00f3 otros delitos, por ejemplo: alias el Fara\u00f3n fue sindicado de uso de documento falso y a Jaime Rivera Arias le formularon fraude procesal, porque en una oportunidad fue capturado y aport\u00f3 varios documentos para evadir el procedimiento.<\/p>\n<p>El ciudadano egipcio no se allan\u00f3 a cargos y por disposici\u00f3n del juez fue enviado a un centro carcelario, los dem\u00e1s aceptaron su responsabilidad y recibieron medida de aseguramiento de detenci\u00f3n domiciliaria.<\/p>\n<p>La Fiscal\u00eda y la Dijin obtuvieron material probatorio que involucrar\u00eda a algunos procesados en el desv\u00edo de medicamentos psiqui\u00e1tricos hac\u00eda otras organizaciones delincuenciales, que los utilizaban para elaborar escopolamina y cometer hurtos. Al respecto, fue abierta una nueva l\u00ednea de investigaci\u00f3n.<\/p>\n<p><strong><u>La cadena ilegal de los medicamentos<\/u><\/strong><\/p>\n<p>En dos a\u00f1os de investigaciones fueron identificados 125 medicamentos de uso controlado que habr\u00edan sido modificados y vendidos por la organizaci\u00f3n il\u00edcita, sobresalen tratamientos para la diabetes, la disfunci\u00f3n er\u00e9ctil, la epilepsia, el insomnio, la esquizofrenia, la hipertensi\u00f3n, enfermedades pedi\u00e1tricas y patolog\u00edas que afectan el sistema nervioso e inmunol\u00f3gico.<\/p>\n<p>Los elementos recopilados evidenciaron que parte de estas medicinas, al parecer, salieron de centros asistenciales en medio de enga\u00f1os o presiones indebidas a los empleados de los dispensarios, otras presuntamente ingresaron de contrabando, provenientes de Venezuela y Ecuador, y una cantidad importante era conseguida en hogares de cuidado y atenci\u00f3n a personas de la tercera edad.<\/p>\n<p>Las evidencias indican que uno de los se\u00f1alados integrantes de la organizaci\u00f3n visitaba los asilos en los que mor\u00edan adultos mayores y compraba los medicamentos que dejaban las personas fallecidas, sin importar que estuvieran vencidos, en mal estado o descontinuados.<\/p>\n<p>La Fiscal\u00eda y la Dijin establecieron que la red criminal almacenaba los medicamentos sin los protocolos de conservaci\u00f3n y en medio de p\u00e9simas condiciones de salubridad. A los productos les eran borrados los sellos de uso restringido, alteradas las fechas de caducidad y lotes de fabricaci\u00f3n para darles apariencia de art\u00edculos nuevos.<\/p>\n<p>Con los cambios que lograban en las medicinas y sin importar que algunas estaban descompuestas, la organizaci\u00f3n las vend\u00eda a droguer\u00edas, instituciones de salud y distribuidores. Las entregas en Valle del Cauca eran a domicilio y, a trav\u00e9s de empresas de encomiendas, hac\u00edan env\u00edos a diferentes ciudades del norte, centro y occidente del pa\u00eds, por lo que habr\u00eda un n\u00famero indeterminado de personas enga\u00f1adas o afectadas por el consumo de tratamientos adulterados.<\/p>\n<p>El Instituto Nacional de Vigilancia de Medicamentos y Alimentos (Invima) y ocho laboratorios farmac\u00e9uticos certificaron que los presuntos integrantes de esta estructura no ten\u00edan permisos ni certificaciones que les permitiera vender medicamentos.<\/p>\n\n<div class=\"twitter-share\"><a href=\"https:\/\/twitter.com\/intent\/tweet?via=fiscaliacol\" class=\"twitter-share-button\">Tweet<\/a><\/div>\n","protected":false},"excerpt":{"rendered":"<p>La Fiscal\u00eda General de la Naci\u00f3n y la Polic\u00eda Nacional capturaron a un ciudadano egipcio y nueve presuntos integrantes de una estructura se\u00f1alada de alterar medicinas para adultos mayores, pacientes psiqui\u00e1tricos y con enfermedades de alto riesgo. Algunos medicamentos habr\u00edan sido adquiridos irregularmente en asilos y hospitales, y otros ingresaron de contrabando al pa\u00eds. Parte [&hellip;]<\/p>\n","protected":false},"author":162,"featured_media":0,"comment_status":"closed","ping_status":"open","sticky":false,"template":"","format":"standard","meta":{"tdm_status":"","tdm_grid_status":"","footnotes":""},"categories":[24102,1,24099],"tags":[],"class_list":{"0":"post-173664","1":"post","2":"type-post","3":"status-publish","4":"format-standard","6":"category-derechos-humanos","7":"category-noticias","8":"category-seguridad-territorial"},"yoast_head":"<!-- This site is optimized with the Yoast SEO plugin v24.3 - https:\/\/yoast.com\/wordpress\/plugins\/seo\/ -->\n<title>Fiscal\u00eda General de la Naci\u00f3n<\/title>\n<meta name=\"description\" content=\"P\u00e1gina oficial de la Fiscal\u00eda General de la Naci\u00f3n \u2013 Colombia. Garantizamos el acceso efectivo a la justicia, la verdad y la reparaci\u00f3n de las v\u00edctimas de los delitos.\" \/>\n<meta name=\"robots\" content=\"noindex, follow\" \/>\n<meta property=\"og:locale\" content=\"es_ES\" \/>\n<meta property=\"og:type\" content=\"article\" \/>\n<meta property=\"og:title\" content=\"Fiscal\u00eda General de la Naci\u00f3n\" \/>\n<meta property=\"og:description\" content=\"P\u00e1gina oficial de la Fiscal\u00eda General de la Naci\u00f3n \u2013 Colombia. Garantizamos el acceso efectivo a la justicia, la verdad y la reparaci\u00f3n de las v\u00edctimas de los delitos.\" \/>\n<meta property=\"og:url\" content=\"https:\/\/www.fiscalia.gov.co\/colombia\/noticias\/la-caida-del-faraon-y-la-red-de-adulteracion-de-medicamentos-de-uso-controlado\/\" \/>\n<meta property=\"og:site_name\" content=\"Fiscal\u00eda General de la Naci\u00f3n\" \/>\n<meta property=\"article:publisher\" content=\"https:\/\/www.facebook.com\/FiscaliaCol\" \/>\n<meta property=\"article:published_time\" content=\"2018-12-12T15:15:33+00:00\" \/>\n<meta name=\"author\" content=\"Direcci\u00f3n de Comunicaciones Fiscal\u00eda General de la Naci\u00f3n\" \/>\n<meta name=\"twitter:card\" content=\"summary_large_image\" \/>\n<meta name=\"twitter:creator\" content=\"@FiscaliaCol\" \/>\n<meta name=\"twitter:site\" content=\"@FiscaliaCol\" \/>\n<meta name=\"twitter:label1\" content=\"Escrito por\" \/>\n\t<meta name=\"twitter:data1\" content=\"Direcci\u00f3n de Comunicaciones Fiscal\u00eda General de la Naci\u00f3n\" \/>\n\t<meta name=\"twitter:label2\" content=\"Tiempo de lectura\" \/>\n\t<meta name=\"twitter:data2\" content=\"4 minutos\" \/>\n<script type=\"application\/ld+json\" class=\"yoast-schema-graph\">{\"@context\":\"https:\/\/schema.org\",\"@graph\":[{\"@type\":\"Article\",\"@id\":\"https:\/\/www.fiscalia.gov.co\/colombia\/noticias\/la-caida-del-faraon-y-la-red-de-adulteracion-de-medicamentos-de-uso-controlado\/#article\",\"isPartOf\":{\"@id\":\"https:\/\/www.fiscalia.gov.co\/colombia\/noticias\/la-caida-del-faraon-y-la-red-de-adulteracion-de-medicamentos-de-uso-controlado\/\"},\"author\":{\"name\":\"Direcci\u00f3n de Comunicaciones Fiscal\u00eda General de la Naci\u00f3n\",\"@id\":\"https:\/\/www.fiscalia.gov.co\/colombia\/#\/schema\/person\/bf28d8ae7f1b287bbe3af484b04f43ea\"},\"headline\":\"La ca\u00edda del \u2018Fara\u00f3n\u2019 y la red de adulteraci\u00f3n de medicamentos de uso controlado\",\"datePublished\":\"2018-12-12T15:15:33+00:00\",\"dateModified\":\"2018-12-12T15:15:33+00:00\",\"mainEntityOfPage\":{\"@id\":\"https:\/\/www.fiscalia.gov.co\/colombia\/noticias\/la-caida-del-faraon-y-la-red-de-adulteracion-de-medicamentos-de-uso-controlado\/\"},\"wordCount\":835,\"publisher\":{\"@id\":\"https:\/\/www.fiscalia.gov.co\/colombia\/#organization\"},\"articleSection\":[\"Derechos Humanos\",\"Noticias\",\"Seguridad territorial\"],\"inLanguage\":\"es-CO\"},{\"@type\":\"WebPage\",\"@id\":\"https:\/\/www.fiscalia.gov.co\/colombia\/noticias\/la-caida-del-faraon-y-la-red-de-adulteracion-de-medicamentos-de-uso-controlado\/\",\"url\":\"https:\/\/www.fiscalia.gov.co\/colombia\/noticias\/la-caida-del-faraon-y-la-red-de-adulteracion-de-medicamentos-de-uso-controlado\/\",\"name\":\"Fiscal\u00eda General de la Naci\u00f3n\",\"isPartOf\":{\"@id\":\"https:\/\/www.fiscalia.gov.co\/colombia\/#website\"},\"datePublished\":\"2018-12-12T15:15:33+00:00\",\"dateModified\":\"2018-12-12T15:15:33+00:00\",\"description\":\"P\u00e1gina oficial de la Fiscal\u00eda General de la Naci\u00f3n \u2013 Colombia. Garantizamos el acceso efectivo a la justicia, la verdad y la reparaci\u00f3n de las v\u00edctimas de los delitos.\",\"breadcrumb\":{\"@id\":\"https:\/\/www.fiscalia.gov.co\/colombia\/noticias\/la-caida-del-faraon-y-la-red-de-adulteracion-de-medicamentos-de-uso-controlado\/#breadcrumb\"},\"inLanguage\":\"es-CO\",\"potentialAction\":[{\"@type\":\"ReadAction\",\"target\":[\"https:\/\/www.fiscalia.gov.co\/colombia\/noticias\/la-caida-del-faraon-y-la-red-de-adulteracion-de-medicamentos-de-uso-controlado\/\"]}]},{\"@type\":\"BreadcrumbList\",\"@id\":\"https:\/\/www.fiscalia.gov.co\/colombia\/noticias\/la-caida-del-faraon-y-la-red-de-adulteracion-de-medicamentos-de-uso-controlado\/#breadcrumb\",\"itemListElement\":[{\"@type\":\"ListItem\",\"position\":1,\"name\":\"Home\",\"item\":\"https:\/\/www.fiscalia.gov.co\/colombia\/\"},{\"@type\":\"ListItem\",\"position\":2,\"name\":\"La ca\u00edda del \u2018Fara\u00f3n\u2019 y la red de adulteraci\u00f3n de medicamentos de uso controlado\"}]},{\"@type\":\"WebSite\",\"@id\":\"https:\/\/www.fiscalia.gov.co\/colombia\/#website\",\"url\":\"https:\/\/www.fiscalia.gov.co\/colombia\/\",\"name\":\"Fiscal\u00eda General de la Naci\u00f3n\",\"description\":\"P\u00e1gina oficial de la Fiscal\u00eda General de la Naci\u00f3n \u2013 Colombia. Garantizamos el acceso efectivo a la justicia, la verdad y la reparaci\u00f3n de las v\u00edctimas de los delitos.\",\"publisher\":{\"@id\":\"https:\/\/www.fiscalia.gov.co\/colombia\/#organization\"},\"potentialAction\":[{\"@type\":\"SearchAction\",\"target\":{\"@type\":\"EntryPoint\",\"urlTemplate\":\"https:\/\/www.fiscalia.gov.co\/colombia\/?s={search_term_string}\"},\"query-input\":{\"@type\":\"PropertyValueSpecification\",\"valueRequired\":true,\"valueName\":\"search_term_string\"}}],\"inLanguage\":\"es-CO\"},{\"@type\":\"Organization\",\"@id\":\"https:\/\/www.fiscalia.gov.co\/colombia\/#organization\",\"name\":\"Fiscal\u00eda General de la Naci\u00f3n\",\"url\":\"https:\/\/www.fiscalia.gov.co\/colombia\/\",\"logo\":{\"@type\":\"ImageObject\",\"inLanguage\":\"es-CO\",\"@id\":\"https:\/\/www.fiscalia.gov.co\/colombia\/#\/schema\/logo\/image\/\",\"url\":\"https:\/\/www.fiscalia.gov.co\/colombia\/wp-content\/uploads\/LogoHorizontal_1.jpg\",\"contentUrl\":\"https:\/\/www.fiscalia.gov.co\/colombia\/wp-content\/uploads\/LogoHorizontal_1.jpg\",\"width\":300,\"height\":90,\"caption\":\"Fiscal\u00eda General de la Naci\u00f3n\"},\"image\":{\"@id\":\"https:\/\/www.fiscalia.gov.co\/colombia\/#\/schema\/logo\/image\/\"},\"sameAs\":[\"https:\/\/www.facebook.com\/FiscaliaCol\",\"https:\/\/x.com\/FiscaliaCol\",\"https:\/\/www.instagram.com\/fiscaliacol\",\"https:\/\/www.linkedin.com\/company\/fiscalia-general-de-la-naci-n\/\",\"https:\/\/youtube.com\/@fiscaliageneraldelanacion-4668?si=6nN79nyQICPU5iTh\"]},{\"@type\":\"Person\",\"@id\":\"https:\/\/www.fiscalia.gov.co\/colombia\/#\/schema\/person\/bf28d8ae7f1b287bbe3af484b04f43ea\",\"name\":\"Direcci\u00f3n de Comunicaciones Fiscal\u00eda General de la Naci\u00f3n\",\"image\":{\"@type\":\"ImageObject\",\"inLanguage\":\"es-CO\",\"@id\":\"https:\/\/www.fiscalia.gov.co\/colombia\/#\/schema\/person\/image\/\",\"url\":\"https:\/\/secure.gravatar.com\/avatar\/9d55ae161d32da16dbdd0b380c080a5f?s=96&d=mm&r=g\",\"contentUrl\":\"https:\/\/secure.gravatar.com\/avatar\/9d55ae161d32da16dbdd0b380c080a5f?s=96&d=mm&r=g\",\"caption\":\"Direcci\u00f3n de Comunicaciones Fiscal\u00eda General de la Naci\u00f3n\"},\"url\":\"https:\/\/www.fiscalia.gov.co\/colombia\/author\/kbonilla\/\"}]}<\/script>\n<!-- \/ Yoast SEO plugin. -->","yoast_head_json":{"title":"Fiscal\u00eda General de la Naci\u00f3n","description":"P\u00e1gina oficial de la Fiscal\u00eda General de la Naci\u00f3n \u2013 Colombia. Garantizamos el acceso efectivo a la justicia, la verdad y la reparaci\u00f3n de las v\u00edctimas de los delitos.","robots":{"index":"noindex","follow":"follow"},"og_locale":"es_ES","og_type":"article","og_title":"Fiscal\u00eda General de la Naci\u00f3n","og_description":"P\u00e1gina oficial de la Fiscal\u00eda General de la Naci\u00f3n \u2013 Colombia. Garantizamos el acceso efectivo a la justicia, la verdad y la reparaci\u00f3n de las v\u00edctimas de los delitos.","og_url":"https:\/\/www.fiscalia.gov.co\/colombia\/noticias\/la-caida-del-faraon-y-la-red-de-adulteracion-de-medicamentos-de-uso-controlado\/","og_site_name":"Fiscal\u00eda General de la Naci\u00f3n","article_publisher":"https:\/\/www.facebook.com\/FiscaliaCol","article_published_time":"2018-12-12T15:15:33+00:00","author":"Direcci\u00f3n de Comunicaciones Fiscal\u00eda General de la Naci\u00f3n","twitter_card":"summary_large_image","twitter_creator":"@FiscaliaCol","twitter_site":"@FiscaliaCol","twitter_misc":{"Escrito por":"Direcci\u00f3n de Comunicaciones Fiscal\u00eda General de la Naci\u00f3n","Tiempo de lectura":"4 minutos"},"schema":{"@context":"https:\/\/schema.org","@graph":[{"@type":"Article","@id":"https:\/\/www.fiscalia.gov.co\/colombia\/noticias\/la-caida-del-faraon-y-la-red-de-adulteracion-de-medicamentos-de-uso-controlado\/#article","isPartOf":{"@id":"https:\/\/www.fiscalia.gov.co\/colombia\/noticias\/la-caida-del-faraon-y-la-red-de-adulteracion-de-medicamentos-de-uso-controlado\/"},"author":{"name":"Direcci\u00f3n de Comunicaciones Fiscal\u00eda General de la Naci\u00f3n","@id":"https:\/\/www.fiscalia.gov.co\/colombia\/#\/schema\/person\/bf28d8ae7f1b287bbe3af484b04f43ea"},"headline":"La ca\u00edda del \u2018Fara\u00f3n\u2019 y la red de adulteraci\u00f3n de medicamentos de uso controlado","datePublished":"2018-12-12T15:15:33+00:00","dateModified":"2018-12-12T15:15:33+00:00","mainEntityOfPage":{"@id":"https:\/\/www.fiscalia.gov.co\/colombia\/noticias\/la-caida-del-faraon-y-la-red-de-adulteracion-de-medicamentos-de-uso-controlado\/"},"wordCount":835,"publisher":{"@id":"https:\/\/www.fiscalia.gov.co\/colombia\/#organization"},"articleSection":["Derechos Humanos","Noticias","Seguridad territorial"],"inLanguage":"es-CO"},{"@type":"WebPage","@id":"https:\/\/www.fiscalia.gov.co\/colombia\/noticias\/la-caida-del-faraon-y-la-red-de-adulteracion-de-medicamentos-de-uso-controlado\/","url":"https:\/\/www.fiscalia.gov.co\/colombia\/noticias\/la-caida-del-faraon-y-la-red-de-adulteracion-de-medicamentos-de-uso-controlado\/","name":"Fiscal\u00eda General de la Naci\u00f3n","isPartOf":{"@id":"https:\/\/www.fiscalia.gov.co\/colombia\/#website"},"datePublished":"2018-12-12T15:15:33+00:00","dateModified":"2018-12-12T15:15:33+00:00","description":"P\u00e1gina oficial de la Fiscal\u00eda General de la Naci\u00f3n \u2013 Colombia. Garantizamos el acceso efectivo a la justicia, la verdad y la reparaci\u00f3n de las v\u00edctimas de los delitos.","breadcrumb":{"@id":"https:\/\/www.fiscalia.gov.co\/colombia\/noticias\/la-caida-del-faraon-y-la-red-de-adulteracion-de-medicamentos-de-uso-controlado\/#breadcrumb"},"inLanguage":"es-CO","potentialAction":[{"@type":"ReadAction","target":["https:\/\/www.fiscalia.gov.co\/colombia\/noticias\/la-caida-del-faraon-y-la-red-de-adulteracion-de-medicamentos-de-uso-controlado\/"]}]},{"@type":"BreadcrumbList","@id":"https:\/\/www.fiscalia.gov.co\/colombia\/noticias\/la-caida-del-faraon-y-la-red-de-adulteracion-de-medicamentos-de-uso-controlado\/#breadcrumb","itemListElement":[{"@type":"ListItem","position":1,"name":"Home","item":"https:\/\/www.fiscalia.gov.co\/colombia\/"},{"@type":"ListItem","position":2,"name":"La ca\u00edda del \u2018Fara\u00f3n\u2019 y la red de adulteraci\u00f3n de medicamentos de uso controlado"}]},{"@type":"WebSite","@id":"https:\/\/www.fiscalia.gov.co\/colombia\/#website","url":"https:\/\/www.fiscalia.gov.co\/colombia\/","name":"Fiscal\u00eda General de la Naci\u00f3n","description":"P\u00e1gina oficial de la Fiscal\u00eda General de la Naci\u00f3n \u2013 Colombia. Garantizamos el acceso efectivo a la justicia, la verdad y la reparaci\u00f3n de las v\u00edctimas de los delitos.","publisher":{"@id":"https:\/\/www.fiscalia.gov.co\/colombia\/#organization"},"potentialAction":[{"@type":"SearchAction","target":{"@type":"EntryPoint","urlTemplate":"https:\/\/www.fiscalia.gov.co\/colombia\/?s={search_term_string}"},"query-input":{"@type":"PropertyValueSpecification","valueRequired":true,"valueName":"search_term_string"}}],"inLanguage":"es-CO"},{"@type":"Organization","@id":"https:\/\/www.fiscalia.gov.co\/colombia\/#organization","name":"Fiscal\u00eda General de la Naci\u00f3n","url":"https:\/\/www.fiscalia.gov.co\/colombia\/","logo":{"@type":"ImageObject","inLanguage":"es-CO","@id":"https:\/\/www.fiscalia.gov.co\/colombia\/#\/schema\/logo\/image\/","url":"https:\/\/www.fiscalia.gov.co\/colombia\/wp-content\/uploads\/LogoHorizontal_1.jpg","contentUrl":"https:\/\/www.fiscalia.gov.co\/colombia\/wp-content\/uploads\/LogoHorizontal_1.jpg","width":300,"height":90,"caption":"Fiscal\u00eda General de la Naci\u00f3n"},"image":{"@id":"https:\/\/www.fiscalia.gov.co\/colombia\/#\/schema\/logo\/image\/"},"sameAs":["https:\/\/www.facebook.com\/FiscaliaCol","https:\/\/x.com\/FiscaliaCol","https:\/\/www.instagram.com\/fiscaliacol","https:\/\/www.linkedin.com\/company\/fiscalia-general-de-la-naci-n\/","https:\/\/youtube.com\/@fiscaliageneraldelanacion-4668?si=6nN79nyQICPU5iTh"]},{"@type":"Person","@id":"https:\/\/www.fiscalia.gov.co\/colombia\/#\/schema\/person\/bf28d8ae7f1b287bbe3af484b04f43ea","name":"Direcci\u00f3n de Comunicaciones Fiscal\u00eda General de la Naci\u00f3n","image":{"@type":"ImageObject","inLanguage":"es-CO","@id":"https:\/\/www.fiscalia.gov.co\/colombia\/#\/schema\/person\/image\/","url":"https:\/\/secure.gravatar.com\/avatar\/9d55ae161d32da16dbdd0b380c080a5f?s=96&d=mm&r=g","contentUrl":"https:\/\/secure.gravatar.com\/avatar\/9d55ae161d32da16dbdd0b380c080a5f?s=96&d=mm&r=g","caption":"Direcci\u00f3n de Comunicaciones Fiscal\u00eda General de la Naci\u00f3n"},"url":"https:\/\/www.fiscalia.gov.co\/colombia\/author\/kbonilla\/"}]}},"_links":{"self":[{"href":"https:\/\/www.fiscalia.gov.co\/colombia\/wp-json\/wp\/v2\/posts\/173664","targetHints":{"allow":["GET"]}}],"collection":[{"href":"https:\/\/www.fiscalia.gov.co\/colombia\/wp-json\/wp\/v2\/posts"}],"about":[{"href":"https:\/\/www.fiscalia.gov.co\/colombia\/wp-json\/wp\/v2\/types\/post"}],"author":[{"embeddable":true,"href":"https:\/\/www.fiscalia.gov.co\/colombia\/wp-json\/wp\/v2\/users\/162"}],"replies":[{"embeddable":true,"href":"https:\/\/www.fiscalia.gov.co\/colombia\/wp-json\/wp\/v2\/comments?post=173664"}],"version-history":[{"count":1,"href":"https:\/\/www.fiscalia.gov.co\/colombia\/wp-json\/wp\/v2\/posts\/173664\/revisions"}],"predecessor-version":[{"id":173665,"href":"https:\/\/www.fiscalia.gov.co\/colombia\/wp-json\/wp\/v2\/posts\/173664\/revisions\/173665"}],"wp:attachment":[{"href":"https:\/\/www.fiscalia.gov.co\/colombia\/wp-json\/wp\/v2\/media?parent=173664"}],"wp:term":[{"taxonomy":"category","embeddable":true,"href":"https:\/\/www.fiscalia.gov.co\/colombia\/wp-json\/wp\/v2\/categories?post=173664"},{"taxonomy":"post_tag","embeddable":true,"href":"https:\/\/www.fiscalia.gov.co\/colombia\/wp-json\/wp\/v2\/tags?post=173664"}],"curies":[{"name":"wp","href":"https:\/\/api.w.org\/{rel}","templated":true}]}}