{"id":173103,"date":"2018-12-04T16:41:11","date_gmt":"2018-12-04T21:41:11","guid":{"rendered":"https:\/\/www.fiscalia.gov.co\/colombia\/?p=173103"},"modified":"2018-12-04T16:41:11","modified_gmt":"2018-12-04T21:41:11","slug":"judicializan-integrantes-de-los-piel-roja-banda-integrada-por-funcionarios-publicos-quienes-supuestamente-trafica-con-migrantes","status":"publish","type":"post","link":"https:\/\/www.fiscalia.gov.co\/colombia\/seccionales\/judicializan-integrantes-de-los-piel-roja-banda-integrada-por-funcionarios-publicos-quienes-supuestamente-trafica-con-migrantes\/","title":{"rendered":"Judicializan integrantes de \u2018Los Piel Roja\u2019, banda integrada por funcionarios p\u00fablicos quienes supuestamente trafica con migrantes"},"content":{"rendered":"<p><em><u>La organizaci\u00f3n delincuencial tramitaba registros civiles, c\u00e9dulas y pasaportes, entre otros documentos, para sacar ilegalmente a ciudadanos extranjeros hacia otros pa\u00edses.<\/u><\/em><\/p>\n<p>La Fiscal\u00eda General de la Naci\u00f3n y Migraci\u00f3n Colombia capturaron a 16 personas se\u00f1aladas de hacer parte de la llamada banda de \u2018Los Piel Roja\u2019. Entre los detenidos hay ocho funcionarios de varias registradur\u00edas del Valle del Cauca, dos de notar\u00edas, y seis particulares quienes fung\u00edan como testigos o como tramitadores.<\/p>\n<p>Las capturas fueron adelantadas por servidores del Cuerpo T\u00e9cnico de Investigaci\u00f3n (CTI) de la Fiscal\u00eda, a quienes el ente investigador considera como presuntos coautores de los delitos de tr\u00e1fico de migrantes, concierto para delinquir agravado en concurso con tr\u00e1fico de migrantes, falsedad ideol\u00f3gica en documento p\u00fablico, fraude procesal y prevaricato por acci\u00f3n.<\/p>\n<p>Este operativo se dio en el marco de una investigaci\u00f3n que se viene adelantando desde hace un a\u00f1o y que fue coordinada por el Grupo de Casos Priorizados de la capital de Cali para enfrentar el tr\u00e1fico de migrantes.<\/p>\n<p>Los hallazgos reportados por Migraci\u00f3n Colombia en las registradur\u00edas y notar\u00edas de Dagua, Cerrito, Pradera y Palmira fueron el detonante de la investigaci\u00f3n que da un contundente golpe a esta organizaci\u00f3n delincuencial.<\/p>\n<p><strong>Los migrantes<\/strong><\/p>\n<p>A lo largo del proceso se pudo evidenciar que un gran n\u00famero de personas procedentes de Cuba, Rep\u00fablica Dominicana y Ecuador hab\u00edan obtenido, al parecer, de manera irregular la condici\u00f3n de ciudadanos colombianos, para facilitar su tr\u00e1nsito hacia otros pa\u00edses.<\/p>\n<p>Con esta investigaci\u00f3n se busca determinar si es cierto que los registros de nacimiento entregados a los ciudadanos extranjeros eran falsos, y si fueron expedidos por un cabildo ind\u00edgena de Cali.<\/p>\n<p>Otro de los aspectos que est\u00e1n siendo precisados por los investigadores se relaciona con la veracidad de los documentos usados por los extranjeros, y que habr\u00edan sido inscritos y expedidos por la Notar\u00eda Cuarta de Palmira donde particulares, en calidad de testigos, habr\u00edan llegado para firmar las supuestas certificaciones del cabildo ind\u00edgena.<\/p>\n<p>En este sentido se realizaron inspecciones en las registradur\u00edas especiales de Cali, Buenaventura, Palmira, Dagua, El Cerrito y Pradera, adem\u00e1s de las notar\u00edas 6, 7, 8, 11, 14\u00a0 de Cali y la Notar\u00eda 4 de Palmira.<\/p>\n<p>En los se acopiaron 400 registros civiles de nacimiento extempor\u00e1neos que, seg\u00fan la Registradur\u00eda Nacional del Estado Civil, no cumpl\u00edan con los requisitos m\u00ednimos para su expedici\u00f3n.<\/p>\n<p>T\u00e9cnicos document\u00f3logos del CTI establecieron que las certificaciones de nacimiento no ser\u00edan aut\u00e9nticas en cuanto por impresiones de las huellas dactilares, firmas y sellos.<\/p>\n<p><strong>La llegada al pa\u00eds<\/strong><\/p>\n<p>Seg\u00fan las investigaciones, ciudadanos extranjeros ingresaron al pa\u00eds recurriendo a esta organizaci\u00f3n criminal, supuestamente, con el fin de obtener el pasaporte colombiano para luego viajar a otros pa\u00edses.<\/p>\n<p>Los registros civiles falsos y otros documentos ser\u00edan utilizados para tramitar adopciones ilegales de menores extranjeros y\/o su salida al exterior, sin los respectivos permisos de ley eludiendo los controles de Migraci\u00f3n Colombia.<\/p>\n<p>La Fiscal\u00eda Seccional incaut\u00f3 c\u00e9dulas de ciudadan\u00eda colombiana y ecuatoriana adem\u00e1s de tel\u00e9fonos celulares, computadores y documentos que acreditaban la pertenencia de sus portadores al cabildo ind\u00edgena.<\/p>\n<p>La Fiscal\u00eda General de la Naci\u00f3n publica esta informaci\u00f3n por considerarla de inter\u00e9s general.<\/p>\n<p>&nbsp;<\/p>\n<p>JGPV\/MAGA<\/p>\n\n<div class=\"twitter-share\"><a href=\"https:\/\/twitter.com\/intent\/tweet?via=fiscaliacol\" class=\"twitter-share-button\">Tweet<\/a><\/div>\n","protected":false},"excerpt":{"rendered":"<p>La organizaci\u00f3n delincuencial tramitaba registros civiles, c\u00e9dulas y pasaportes, entre otros documentos, para sacar ilegalmente a ciudadanos extranjeros hacia otros pa\u00edses. La Fiscal\u00eda General de la Naci\u00f3n y Migraci\u00f3n Colombia [&hellip;]<\/p>\n","protected":false},"author":162,"featured_media":0,"comment_status":"closed","ping_status":"open","sticky":false,"template":"","format":"standard","meta":{"tdm_status":"","tdm_grid_status":"","footnotes":""},"categories":[24107,324,303],"tags":[],"class_list":["post-173103","post","type-post","status-publish","format-standard","category-lucha-contra-corrupcion","category-seccional-cali","category-seccionales"],"yoast_head":"<!-- This site is optimized with the Yoast SEO plugin v24.3 - https:\/\/yoast.com\/wordpress\/plugins\/seo\/ -->\n<title>Fiscal\u00eda General de la Naci\u00f3n<\/title>\n<meta name=\"description\" content=\"P\u00e1gina oficial de la Fiscal\u00eda General de la Naci\u00f3n \u2013 Colombia. Garantizamos el acceso efectivo a la justicia, la verdad y la reparaci\u00f3n de las v\u00edctimas de los delitos.\" \/>\n<meta name=\"robots\" content=\"noindex, follow\" \/>\n<meta property=\"og:locale\" content=\"es_ES\" \/>\n<meta property=\"og:type\" content=\"article\" \/>\n<meta property=\"og:title\" content=\"Fiscal\u00eda General de la Naci\u00f3n\" \/>\n<meta property=\"og:description\" content=\"P\u00e1gina oficial de la Fiscal\u00eda General de la Naci\u00f3n \u2013 Colombia. Garantizamos el acceso efectivo a la justicia, la verdad y la reparaci\u00f3n de las v\u00edctimas de los delitos.\" \/>\n<meta property=\"og:url\" content=\"https:\/\/www.fiscalia.gov.co\/colombia\/seccionales\/judicializan-integrantes-de-los-piel-roja-banda-integrada-por-funcionarios-publicos-quienes-supuestamente-trafica-con-migrantes\/\" \/>\n<meta property=\"og:site_name\" content=\"Fiscal\u00eda General de la Naci\u00f3n\" \/>\n<meta property=\"article:publisher\" content=\"https:\/\/www.facebook.com\/FiscaliaCol\" \/>\n<meta property=\"article:published_time\" content=\"2018-12-04T21:41:11+00:00\" \/>\n<meta name=\"author\" content=\"Direcci\u00f3n de Comunicaciones Fiscal\u00eda General de la Naci\u00f3n\" \/>\n<meta name=\"twitter:card\" content=\"summary_large_image\" \/>\n<meta name=\"twitter:creator\" content=\"@FiscaliaCol\" \/>\n<meta name=\"twitter:site\" content=\"@FiscaliaCol\" \/>\n<meta name=\"twitter:label1\" content=\"Escrito por\" \/>\n\t<meta name=\"twitter:data1\" content=\"Direcci\u00f3n de Comunicaciones Fiscal\u00eda General de la Naci\u00f3n\" \/>\n\t<meta name=\"twitter:label2\" content=\"Tiempo de lectura\" \/>\n\t<meta name=\"twitter:data2\" content=\"3 minutos\" \/>\n<script type=\"application\/ld+json\" class=\"yoast-schema-graph\">{\"@context\":\"https:\/\/schema.org\",\"@graph\":[{\"@type\":\"Article\",\"@id\":\"https:\/\/www.fiscalia.gov.co\/colombia\/seccionales\/judicializan-integrantes-de-los-piel-roja-banda-integrada-por-funcionarios-publicos-quienes-supuestamente-trafica-con-migrantes\/#article\",\"isPartOf\":{\"@id\":\"https:\/\/www.fiscalia.gov.co\/colombia\/seccionales\/judicializan-integrantes-de-los-piel-roja-banda-integrada-por-funcionarios-publicos-quienes-supuestamente-trafica-con-migrantes\/\"},\"author\":{\"name\":\"Direcci\u00f3n de Comunicaciones Fiscal\u00eda General de la Naci\u00f3n\",\"@id\":\"https:\/\/www.fiscalia.gov.co\/colombia\/#\/schema\/person\/bf28d8ae7f1b287bbe3af484b04f43ea\"},\"headline\":\"Judicializan integrantes de \u2018Los Piel Roja\u2019, banda integrada por funcionarios p\u00fablicos quienes supuestamente trafica con migrantes\",\"datePublished\":\"2018-12-04T21:41:11+00:00\",\"dateModified\":\"2018-12-04T21:41:11+00:00\",\"mainEntityOfPage\":{\"@id\":\"https:\/\/www.fiscalia.gov.co\/colombia\/seccionales\/judicializan-integrantes-de-los-piel-roja-banda-integrada-por-funcionarios-publicos-quienes-supuestamente-trafica-con-migrantes\/\"},\"wordCount\":596,\"publisher\":{\"@id\":\"https:\/\/www.fiscalia.gov.co\/colombia\/#organization\"},\"articleSection\":[\"Corrupci\u00f3n\",\"Seccional Cali\",\"Seccionales\"],\"inLanguage\":\"es-CO\"},{\"@type\":\"WebPage\",\"@id\":\"https:\/\/www.fiscalia.gov.co\/colombia\/seccionales\/judicializan-integrantes-de-los-piel-roja-banda-integrada-por-funcionarios-publicos-quienes-supuestamente-trafica-con-migrantes\/\",\"url\":\"https:\/\/www.fiscalia.gov.co\/colombia\/seccionales\/judicializan-integrantes-de-los-piel-roja-banda-integrada-por-funcionarios-publicos-quienes-supuestamente-trafica-con-migrantes\/\",\"name\":\"Fiscal\u00eda General de la Naci\u00f3n\",\"isPartOf\":{\"@id\":\"https:\/\/www.fiscalia.gov.co\/colombia\/#website\"},\"datePublished\":\"2018-12-04T21:41:11+00:00\",\"dateModified\":\"2018-12-04T21:41:11+00:00\",\"description\":\"P\u00e1gina oficial de la Fiscal\u00eda General de la Naci\u00f3n \u2013 Colombia. Garantizamos el acceso efectivo a la justicia, la verdad y la reparaci\u00f3n de las v\u00edctimas de los delitos.\",\"breadcrumb\":{\"@id\":\"https:\/\/www.fiscalia.gov.co\/colombia\/seccionales\/judicializan-integrantes-de-los-piel-roja-banda-integrada-por-funcionarios-publicos-quienes-supuestamente-trafica-con-migrantes\/#breadcrumb\"},\"inLanguage\":\"es-CO\",\"potentialAction\":[{\"@type\":\"ReadAction\",\"target\":[\"https:\/\/www.fiscalia.gov.co\/colombia\/seccionales\/judicializan-integrantes-de-los-piel-roja-banda-integrada-por-funcionarios-publicos-quienes-supuestamente-trafica-con-migrantes\/\"]}]},{\"@type\":\"BreadcrumbList\",\"@id\":\"https:\/\/www.fiscalia.gov.co\/colombia\/seccionales\/judicializan-integrantes-de-los-piel-roja-banda-integrada-por-funcionarios-publicos-quienes-supuestamente-trafica-con-migrantes\/#breadcrumb\",\"itemListElement\":[{\"@type\":\"ListItem\",\"position\":1,\"name\":\"Home\",\"item\":\"https:\/\/www.fiscalia.gov.co\/colombia\/\"},{\"@type\":\"ListItem\",\"position\":2,\"name\":\"Judicializan integrantes de \u2018Los Piel Roja\u2019, banda integrada por funcionarios p\u00fablicos quienes supuestamente trafica con migrantes\"}]},{\"@type\":\"WebSite\",\"@id\":\"https:\/\/www.fiscalia.gov.co\/colombia\/#website\",\"url\":\"https:\/\/www.fiscalia.gov.co\/colombia\/\",\"name\":\"Fiscal\u00eda General de la Naci\u00f3n\",\"description\":\"P\u00e1gina oficial de la Fiscal\u00eda General de la Naci\u00f3n \u2013 Colombia. Garantizamos el acceso efectivo a la justicia, la verdad y la reparaci\u00f3n de las v\u00edctimas de los delitos.\",\"publisher\":{\"@id\":\"https:\/\/www.fiscalia.gov.co\/colombia\/#organization\"},\"potentialAction\":[{\"@type\":\"SearchAction\",\"target\":{\"@type\":\"EntryPoint\",\"urlTemplate\":\"https:\/\/www.fiscalia.gov.co\/colombia\/?s={search_term_string}\"},\"query-input\":{\"@type\":\"PropertyValueSpecification\",\"valueRequired\":true,\"valueName\":\"search_term_string\"}}],\"inLanguage\":\"es-CO\"},{\"@type\":\"Organization\",\"@id\":\"https:\/\/www.fiscalia.gov.co\/colombia\/#organization\",\"name\":\"Fiscal\u00eda General de la Naci\u00f3n\",\"url\":\"https:\/\/www.fiscalia.gov.co\/colombia\/\",\"logo\":{\"@type\":\"ImageObject\",\"inLanguage\":\"es-CO\",\"@id\":\"https:\/\/www.fiscalia.gov.co\/colombia\/#\/schema\/logo\/image\/\",\"url\":\"https:\/\/www.fiscalia.gov.co\/colombia\/wp-content\/uploads\/LogoHorizontal_1.jpg\",\"contentUrl\":\"https:\/\/www.fiscalia.gov.co\/colombia\/wp-content\/uploads\/LogoHorizontal_1.jpg\",\"width\":300,\"height\":90,\"caption\":\"Fiscal\u00eda General de la Naci\u00f3n\"},\"image\":{\"@id\":\"https:\/\/www.fiscalia.gov.co\/colombia\/#\/schema\/logo\/image\/\"},\"sameAs\":[\"https:\/\/www.facebook.com\/FiscaliaCol\",\"https:\/\/x.com\/FiscaliaCol\",\"https:\/\/www.instagram.com\/fiscaliacol\",\"https:\/\/www.linkedin.com\/company\/fiscalia-general-de-la-naci-n\/\",\"https:\/\/youtube.com\/@fiscaliageneraldelanacion-4668?si=6nN79nyQICPU5iTh\"]},{\"@type\":\"Person\",\"@id\":\"https:\/\/www.fiscalia.gov.co\/colombia\/#\/schema\/person\/bf28d8ae7f1b287bbe3af484b04f43ea\",\"name\":\"Direcci\u00f3n de Comunicaciones Fiscal\u00eda General de la Naci\u00f3n\",\"image\":{\"@type\":\"ImageObject\",\"inLanguage\":\"es-CO\",\"@id\":\"https:\/\/www.fiscalia.gov.co\/colombia\/#\/schema\/person\/image\/\",\"url\":\"https:\/\/secure.gravatar.com\/avatar\/9d55ae161d32da16dbdd0b380c080a5f?s=96&d=mm&r=g\",\"contentUrl\":\"https:\/\/secure.gravatar.com\/avatar\/9d55ae161d32da16dbdd0b380c080a5f?s=96&d=mm&r=g\",\"caption\":\"Direcci\u00f3n de Comunicaciones Fiscal\u00eda General de la Naci\u00f3n\"},\"url\":\"https:\/\/www.fiscalia.gov.co\/colombia\/author\/kbonilla\/\"}]}<\/script>\n<!-- \/ Yoast SEO plugin. -->","yoast_head_json":{"title":"Fiscal\u00eda General de la Naci\u00f3n","description":"P\u00e1gina oficial de la Fiscal\u00eda General de la Naci\u00f3n \u2013 Colombia. Garantizamos el acceso efectivo a la justicia, la verdad y la reparaci\u00f3n de las v\u00edctimas de los delitos.","robots":{"index":"noindex","follow":"follow"},"og_locale":"es_ES","og_type":"article","og_title":"Fiscal\u00eda General de la Naci\u00f3n","og_description":"P\u00e1gina oficial de la Fiscal\u00eda General de la Naci\u00f3n \u2013 Colombia. Garantizamos el acceso efectivo a la justicia, la verdad y la reparaci\u00f3n de las v\u00edctimas de los delitos.","og_url":"https:\/\/www.fiscalia.gov.co\/colombia\/seccionales\/judicializan-integrantes-de-los-piel-roja-banda-integrada-por-funcionarios-publicos-quienes-supuestamente-trafica-con-migrantes\/","og_site_name":"Fiscal\u00eda General de la Naci\u00f3n","article_publisher":"https:\/\/www.facebook.com\/FiscaliaCol","article_published_time":"2018-12-04T21:41:11+00:00","author":"Direcci\u00f3n de Comunicaciones Fiscal\u00eda General de la Naci\u00f3n","twitter_card":"summary_large_image","twitter_creator":"@FiscaliaCol","twitter_site":"@FiscaliaCol","twitter_misc":{"Escrito por":"Direcci\u00f3n de Comunicaciones Fiscal\u00eda General de la Naci\u00f3n","Tiempo de lectura":"3 minutos"},"schema":{"@context":"https:\/\/schema.org","@graph":[{"@type":"Article","@id":"https:\/\/www.fiscalia.gov.co\/colombia\/seccionales\/judicializan-integrantes-de-los-piel-roja-banda-integrada-por-funcionarios-publicos-quienes-supuestamente-trafica-con-migrantes\/#article","isPartOf":{"@id":"https:\/\/www.fiscalia.gov.co\/colombia\/seccionales\/judicializan-integrantes-de-los-piel-roja-banda-integrada-por-funcionarios-publicos-quienes-supuestamente-trafica-con-migrantes\/"},"author":{"name":"Direcci\u00f3n de Comunicaciones Fiscal\u00eda General de la Naci\u00f3n","@id":"https:\/\/www.fiscalia.gov.co\/colombia\/#\/schema\/person\/bf28d8ae7f1b287bbe3af484b04f43ea"},"headline":"Judicializan integrantes de \u2018Los Piel Roja\u2019, banda integrada por funcionarios p\u00fablicos quienes supuestamente trafica con migrantes","datePublished":"2018-12-04T21:41:11+00:00","dateModified":"2018-12-04T21:41:11+00:00","mainEntityOfPage":{"@id":"https:\/\/www.fiscalia.gov.co\/colombia\/seccionales\/judicializan-integrantes-de-los-piel-roja-banda-integrada-por-funcionarios-publicos-quienes-supuestamente-trafica-con-migrantes\/"},"wordCount":596,"publisher":{"@id":"https:\/\/www.fiscalia.gov.co\/colombia\/#organization"},"articleSection":["Corrupci\u00f3n","Seccional Cali","Seccionales"],"inLanguage":"es-CO"},{"@type":"WebPage","@id":"https:\/\/www.fiscalia.gov.co\/colombia\/seccionales\/judicializan-integrantes-de-los-piel-roja-banda-integrada-por-funcionarios-publicos-quienes-supuestamente-trafica-con-migrantes\/","url":"https:\/\/www.fiscalia.gov.co\/colombia\/seccionales\/judicializan-integrantes-de-los-piel-roja-banda-integrada-por-funcionarios-publicos-quienes-supuestamente-trafica-con-migrantes\/","name":"Fiscal\u00eda General de la Naci\u00f3n","isPartOf":{"@id":"https:\/\/www.fiscalia.gov.co\/colombia\/#website"},"datePublished":"2018-12-04T21:41:11+00:00","dateModified":"2018-12-04T21:41:11+00:00","description":"P\u00e1gina oficial de la Fiscal\u00eda General de la Naci\u00f3n \u2013 Colombia. Garantizamos el acceso efectivo a la justicia, la verdad y la reparaci\u00f3n de las v\u00edctimas de los delitos.","breadcrumb":{"@id":"https:\/\/www.fiscalia.gov.co\/colombia\/seccionales\/judicializan-integrantes-de-los-piel-roja-banda-integrada-por-funcionarios-publicos-quienes-supuestamente-trafica-con-migrantes\/#breadcrumb"},"inLanguage":"es-CO","potentialAction":[{"@type":"ReadAction","target":["https:\/\/www.fiscalia.gov.co\/colombia\/seccionales\/judicializan-integrantes-de-los-piel-roja-banda-integrada-por-funcionarios-publicos-quienes-supuestamente-trafica-con-migrantes\/"]}]},{"@type":"BreadcrumbList","@id":"https:\/\/www.fiscalia.gov.co\/colombia\/seccionales\/judicializan-integrantes-de-los-piel-roja-banda-integrada-por-funcionarios-publicos-quienes-supuestamente-trafica-con-migrantes\/#breadcrumb","itemListElement":[{"@type":"ListItem","position":1,"name":"Home","item":"https:\/\/www.fiscalia.gov.co\/colombia\/"},{"@type":"ListItem","position":2,"name":"Judicializan integrantes de \u2018Los Piel Roja\u2019, banda integrada por funcionarios p\u00fablicos quienes supuestamente trafica con migrantes"}]},{"@type":"WebSite","@id":"https:\/\/www.fiscalia.gov.co\/colombia\/#website","url":"https:\/\/www.fiscalia.gov.co\/colombia\/","name":"Fiscal\u00eda General de la Naci\u00f3n","description":"P\u00e1gina oficial de la Fiscal\u00eda General de la Naci\u00f3n \u2013 Colombia. Garantizamos el acceso efectivo a la justicia, la verdad y la reparaci\u00f3n de las v\u00edctimas de los delitos.","publisher":{"@id":"https:\/\/www.fiscalia.gov.co\/colombia\/#organization"},"potentialAction":[{"@type":"SearchAction","target":{"@type":"EntryPoint","urlTemplate":"https:\/\/www.fiscalia.gov.co\/colombia\/?s={search_term_string}"},"query-input":{"@type":"PropertyValueSpecification","valueRequired":true,"valueName":"search_term_string"}}],"inLanguage":"es-CO"},{"@type":"Organization","@id":"https:\/\/www.fiscalia.gov.co\/colombia\/#organization","name":"Fiscal\u00eda General de la Naci\u00f3n","url":"https:\/\/www.fiscalia.gov.co\/colombia\/","logo":{"@type":"ImageObject","inLanguage":"es-CO","@id":"https:\/\/www.fiscalia.gov.co\/colombia\/#\/schema\/logo\/image\/","url":"https:\/\/www.fiscalia.gov.co\/colombia\/wp-content\/uploads\/LogoHorizontal_1.jpg","contentUrl":"https:\/\/www.fiscalia.gov.co\/colombia\/wp-content\/uploads\/LogoHorizontal_1.jpg","width":300,"height":90,"caption":"Fiscal\u00eda General de la Naci\u00f3n"},"image":{"@id":"https:\/\/www.fiscalia.gov.co\/colombia\/#\/schema\/logo\/image\/"},"sameAs":["https:\/\/www.facebook.com\/FiscaliaCol","https:\/\/x.com\/FiscaliaCol","https:\/\/www.instagram.com\/fiscaliacol","https:\/\/www.linkedin.com\/company\/fiscalia-general-de-la-naci-n\/","https:\/\/youtube.com\/@fiscaliageneraldelanacion-4668?si=6nN79nyQICPU5iTh"]},{"@type":"Person","@id":"https:\/\/www.fiscalia.gov.co\/colombia\/#\/schema\/person\/bf28d8ae7f1b287bbe3af484b04f43ea","name":"Direcci\u00f3n de Comunicaciones Fiscal\u00eda General de la Naci\u00f3n","image":{"@type":"ImageObject","inLanguage":"es-CO","@id":"https:\/\/www.fiscalia.gov.co\/colombia\/#\/schema\/person\/image\/","url":"https:\/\/secure.gravatar.com\/avatar\/9d55ae161d32da16dbdd0b380c080a5f?s=96&d=mm&r=g","contentUrl":"https:\/\/secure.gravatar.com\/avatar\/9d55ae161d32da16dbdd0b380c080a5f?s=96&d=mm&r=g","caption":"Direcci\u00f3n de Comunicaciones Fiscal\u00eda General de la Naci\u00f3n"},"url":"https:\/\/www.fiscalia.gov.co\/colombia\/author\/kbonilla\/"}]}},"_links":{"self":[{"href":"https:\/\/www.fiscalia.gov.co\/colombia\/wp-json\/wp\/v2\/posts\/173103","targetHints":{"allow":["GET"]}}],"collection":[{"href":"https:\/\/www.fiscalia.gov.co\/colombia\/wp-json\/wp\/v2\/posts"}],"about":[{"href":"https:\/\/www.fiscalia.gov.co\/colombia\/wp-json\/wp\/v2\/types\/post"}],"author":[{"embeddable":true,"href":"https:\/\/www.fiscalia.gov.co\/colombia\/wp-json\/wp\/v2\/users\/162"}],"replies":[{"embeddable":true,"href":"https:\/\/www.fiscalia.gov.co\/colombia\/wp-json\/wp\/v2\/comments?post=173103"}],"version-history":[{"count":1,"href":"https:\/\/www.fiscalia.gov.co\/colombia\/wp-json\/wp\/v2\/posts\/173103\/revisions"}],"predecessor-version":[{"id":173104,"href":"https:\/\/www.fiscalia.gov.co\/colombia\/wp-json\/wp\/v2\/posts\/173103\/revisions\/173104"}],"wp:attachment":[{"href":"https:\/\/www.fiscalia.gov.co\/colombia\/wp-json\/wp\/v2\/media?parent=173103"}],"wp:term":[{"taxonomy":"category","embeddable":true,"href":"https:\/\/www.fiscalia.gov.co\/colombia\/wp-json\/wp\/v2\/categories?post=173103"},{"taxonomy":"post_tag","embeddable":true,"href":"https:\/\/www.fiscalia.gov.co\/colombia\/wp-json\/wp\/v2\/tags?post=173103"}],"curies":[{"name":"wp","href":"https:\/\/api.w.org\/{rel}","templated":true}]}}