{"id":172821,"date":"2018-11-28T10:28:19","date_gmt":"2018-11-28T15:28:19","guid":{"rendered":"https:\/\/www.fiscalia.gov.co\/colombia\/?p=172821"},"modified":"2018-11-28T10:32:26","modified_gmt":"2018-11-28T15:32:26","slug":"juez-emitio-sentencia-condenatoria-contra-alvaro-davila-por-el-carrusel-de-contratos-en-bogota","status":"publish","type":"post","link":"https:\/\/www.fiscalia.gov.co\/colombia\/noticias\/juez-emitio-sentencia-condenatoria-contra-alvaro-davila-por-el-carrusel-de-contratos-en-bogota\/","title":{"rendered":"Juez emiti\u00f3 sentencia condenatoria contra \u00c1lvaro D\u00e1vila por el carrusel de contratos en Bogot\u00e1"},"content":{"rendered":"<p><em>La\u00a0Fiscal\u00eda demostr\u00f3 que\u00a0el procesado\u00a0se concert\u00f3 con el exalcalde de Bogot\u00e1 Samuel Moreno y su hermano Iv\u00e1n,\u00a0para la adjudicaci\u00f3n de contratos de construcci\u00f3n de las v\u00edas de Transmilenio.<\/em><\/p>\n<p>Bogot\u00e1, 28 de noviembre\u00a0de 2018<\/p>\n<p>El\u00a0Juzgado Primero Penal del circuito de conocimiento\u00a0Bogot\u00e1\u00a0conden\u00f3\u00a0a 19 a\u00f1os de prisi\u00f3n al abogado \u00c1lvaro D\u00e1vila, luego de\u00a0hallarlo responsable\u00a0de\u00a0los delitos de inter\u00e9s indebido en la celebraci\u00f3n de contratos y concierto para delinquir.<\/p>\n<p>La Fiscal\u00eda prob\u00f3 que D\u00e1vila Pe\u00f1a sea ali\u00f3 il\u00edcitamente con el exalcalde Samuel Moreno y su hermano Iv\u00e1n,\u00a0as\u00ed como con la\u00a0exdirectora del Instituto de Desarrollo Urbano (IDU)\u00a0Liliana\u00a0Pardo\u00a0y\u00a0los contratistas del Grupo\u00a0Nule,\u00a0para\u00a0salir favorecidos en la adjudicaci\u00f3n de los contratos para obras de construcci\u00f3n y de mantenimiento vial en Bogot\u00e1.<\/p>\n<p>\u201cSe reuni\u00f3 con fines criminales en Miami,\u00a0Florida (Estados Unidos),\u00a0en 2008,\u00a0y otros encuentros en su apartamento,\u00a0para establecer el prop\u00f3sito antes mencionado\u201d, indic\u00f3 el juez al emitir la sentencia.<\/p>\n<p>Para\u00a0el ente acusador, el\u00a0entonces\u00a0asesor\u00a0jur\u00eddico,\u00a0sin ser empleado oficial,\u00a0se comportaba como\u00a0tal\u00a0e\u00a0influ\u00eda en c\u00edrculos pol\u00edticos y entidades estatales para la adjudicaci\u00f3n de los contratos a cambio de millonarias sumas de dinero.<\/p>\n<p>Del mismo modo, el juez\u00a0\u2014al acoger los argumentos de la\u00a0Fiscal\u00eda\u2014\u00a0se\u00f1al\u00f3\u00a0que el abogado D\u00e1vila Pe\u00f1a siempre estuvo implicado en la escena y que conoc\u00eda las calidades de todos los proponentes para abrirle el camino a\u00a0los Nule.<\/p>\n<p>Por su parte,\u00a0los contratistas Emilio Tapia y Julio G\u00f3mez, como\u00a0testigos, sostuvieron que se ofrec\u00edan promesas remuneratorias para seleccionar los proponentes, para impartir instrucciones a los evaluadores, para variar los m\u00e9todos de evaluaci\u00f3n y de calificaci\u00f3n.<\/p>\n<p>Otros testimonios\u00a0dieron\u00a0cuenta\u00a0de\u00a0que empresarios bien constituidos, con m\u00fasculo financiero y con gran cantidad de empleados a su disposici\u00f3n,\u00a0encontraron un panorama oscuro en el tema de las licitaciones de Bogot\u00e1.<\/p>\n<p>\u201cInmoral y poco transparente, pues conforme a su propia experiencia, al tratar de conseguir contratos en entidades oficiales, resulta completamente\u00a0infructuoso llev\u00e1ndose\u00a0como \u00fanica ense\u00f1anza que deb\u00eda tenerse amigos pol\u00edticos o personas pagas dentro de las entidades,\u00a0para merecer una\u00a0adjudicaci\u00f3n\u201d,\u00a0refiri\u00f3\u00a0Jorge Luis Garc\u00eda Arango,\u00a0quien pretendi\u00f3 varios de estos contratos.<\/p>\n<p>Sobre este aspecto, explic\u00f3 a la\u00a0Fiscal\u00eda\u00a0el contratista\u00a0Miguel Nule Velilla,\u00a0que\u00a0a su grupo empresarial, el IDU se le adjudic\u00f3 dos contratos adicionales para la recuperaci\u00f3n de la Malla Vial, el 071 y 072 de 2008,\u00a0por los cuales\u00a0hubo tambi\u00e9n la necesidad de pagar una comisi\u00f3n al\u00a0senador Iv\u00e1n Moreno y su hermano Samuel, el Alcalde Mayor de Bogot\u00e1\u00a0para le \u00e9poca;\u00a0como tambi\u00e9n para el\u00a0contralor\u00a0distrital, a raz\u00f3n del 6% para los primeros y el 2% para el segundo.<\/p>\n<p>En la sentencia, el\u00a0juez\u00a0dej\u00f3 a cargo del\u00a0Inpec\u00a0la potestad de definir el\u00a0lugar de reclusi\u00f3n donde\u00a0el hoy condenado\u00a0purgar\u00e1 la pena.<\/p>\n<p>La Fiscal\u00eda hace p\u00fablica esta informaci\u00f3n por considerarla de inter\u00e9s general.<\/p>\n<p>CMRM\/DLBM<\/p>\n\n<div class=\"twitter-share\"><a href=\"https:\/\/twitter.com\/intent\/tweet?via=fiscaliacol\" class=\"twitter-share-button\">Tweet<\/a><\/div>\n","protected":false},"excerpt":{"rendered":"<p>La\u00a0Fiscal\u00eda demostr\u00f3 que\u00a0el procesado\u00a0se concert\u00f3 con el exalcalde de Bogot\u00e1 Samuel Moreno y su hermano Iv\u00e1n,\u00a0para la adjudicaci\u00f3n de contratos de construcci\u00f3n de las v\u00edas de Transmilenio. Bogot\u00e1, 28 de noviembre\u00a0de 2018 El\u00a0Juzgado Primero Penal del circuito de conocimiento\u00a0Bogot\u00e1\u00a0conden\u00f3\u00a0a 19 a\u00f1os de prisi\u00f3n al abogado \u00c1lvaro D\u00e1vila, luego de\u00a0hallarlo responsable\u00a0de\u00a0los delitos de inter\u00e9s indebido en [&hellip;]<\/p>\n","protected":false},"author":143,"featured_media":0,"comment_status":"closed","ping_status":"open","sticky":false,"template":"","format":"standard","meta":{"_price":"","_stock":"","_tribe_ticket_header":"","_tribe_default_ticket_provider":"","_tribe_ticket_capacity":"0","_ticket_start_date":"","_ticket_end_date":"","_tribe_ticket_show_description":"","_tribe_ticket_show_not_going":false,"_tribe_ticket_use_global_stock":"","_tribe_ticket_global_stock_level":"","_global_stock_mode":"","_global_stock_cap":"","_tribe_rsvp_for_event":"","_tribe_ticket_going_count":"","_tribe_ticket_not_going_count":"","_tribe_tickets_list":"[]","_tribe_ticket_has_attendee_info_fields":false,"tdm_status":"","tdm_grid_status":"","footnotes":""},"categories":[24107,1],"tags":[],"class_list":{"0":"post-172821","1":"post","2":"type-post","3":"status-publish","4":"format-standard","6":"category-lucha-contra-corrupcion","7":"category-noticias"},"yoast_head":"<!-- This site is optimized with the Yoast SEO plugin v24.3 - https:\/\/yoast.com\/wordpress\/plugins\/seo\/ -->\n<title>Fiscal\u00eda General de la Naci\u00f3n<\/title>\n<meta name=\"description\" content=\"P\u00e1gina oficial de la Fiscal\u00eda General de la Naci\u00f3n \u2013 Colombia. Garantizamos el acceso efectivo a la justicia, la verdad y la reparaci\u00f3n de las v\u00edctimas de los delitos.\" \/>\n<meta name=\"robots\" content=\"noindex, follow\" \/>\n<meta property=\"og:locale\" content=\"es_ES\" \/>\n<meta property=\"og:type\" content=\"article\" \/>\n<meta property=\"og:title\" content=\"Fiscal\u00eda General de la Naci\u00f3n\" \/>\n<meta property=\"og:description\" content=\"P\u00e1gina oficial de la Fiscal\u00eda General de la Naci\u00f3n \u2013 Colombia. Garantizamos el acceso efectivo a la justicia, la verdad y la reparaci\u00f3n de las v\u00edctimas de los delitos.\" \/>\n<meta property=\"og:url\" content=\"https:\/\/www.fiscalia.gov.co\/colombia\/noticias\/juez-emitio-sentencia-condenatoria-contra-alvaro-davila-por-el-carrusel-de-contratos-en-bogota\/\" \/>\n<meta property=\"og:site_name\" content=\"Fiscal\u00eda General de la Naci\u00f3n\" \/>\n<meta property=\"article:publisher\" content=\"https:\/\/www.facebook.com\/FiscaliaCol\" \/>\n<meta property=\"article:published_time\" content=\"2018-11-28T15:28:19+00:00\" \/>\n<meta property=\"article:modified_time\" content=\"2018-11-28T15:32:26+00:00\" \/>\n<meta name=\"author\" content=\"dfgordillo\" \/>\n<meta name=\"twitter:card\" content=\"summary_large_image\" \/>\n<meta name=\"twitter:creator\" content=\"@FiscaliaCol\" \/>\n<meta name=\"twitter:site\" content=\"@FiscaliaCol\" \/>\n<meta name=\"twitter:label1\" content=\"Escrito por\" \/>\n\t<meta name=\"twitter:data1\" content=\"dfgordillo\" \/>\n\t<meta name=\"twitter:label2\" content=\"Tiempo de lectura\" \/>\n\t<meta name=\"twitter:data2\" content=\"3 minutos\" \/>\n<script type=\"application\/ld+json\" class=\"yoast-schema-graph\">{\"@context\":\"https:\/\/schema.org\",\"@graph\":[{\"@type\":\"Article\",\"@id\":\"https:\/\/www.fiscalia.gov.co\/colombia\/noticias\/juez-emitio-sentencia-condenatoria-contra-alvaro-davila-por-el-carrusel-de-contratos-en-bogota\/#article\",\"isPartOf\":{\"@id\":\"https:\/\/www.fiscalia.gov.co\/colombia\/noticias\/juez-emitio-sentencia-condenatoria-contra-alvaro-davila-por-el-carrusel-de-contratos-en-bogota\/\"},\"author\":{\"name\":\"dfgordillo\",\"@id\":\"https:\/\/www.fiscalia.gov.co\/colombia\/#\/schema\/person\/3903856a3ce2d54b094c69eb29247895\"},\"headline\":\"Juez emiti\u00f3 sentencia condenatoria contra \u00c1lvaro D\u00e1vila por el carrusel de contratos en Bogot\u00e1\",\"datePublished\":\"2018-11-28T15:28:19+00:00\",\"dateModified\":\"2018-11-28T15:32:26+00:00\",\"mainEntityOfPage\":{\"@id\":\"https:\/\/www.fiscalia.gov.co\/colombia\/noticias\/juez-emitio-sentencia-condenatoria-contra-alvaro-davila-por-el-carrusel-de-contratos-en-bogota\/\"},\"wordCount\":542,\"publisher\":{\"@id\":\"https:\/\/www.fiscalia.gov.co\/colombia\/#organization\"},\"articleSection\":[\"Corrupci\u00f3n\",\"Noticias\"],\"inLanguage\":\"es-CO\"},{\"@type\":\"WebPage\",\"@id\":\"https:\/\/www.fiscalia.gov.co\/colombia\/noticias\/juez-emitio-sentencia-condenatoria-contra-alvaro-davila-por-el-carrusel-de-contratos-en-bogota\/\",\"url\":\"https:\/\/www.fiscalia.gov.co\/colombia\/noticias\/juez-emitio-sentencia-condenatoria-contra-alvaro-davila-por-el-carrusel-de-contratos-en-bogota\/\",\"name\":\"Fiscal\u00eda General de la Naci\u00f3n\",\"isPartOf\":{\"@id\":\"https:\/\/www.fiscalia.gov.co\/colombia\/#website\"},\"datePublished\":\"2018-11-28T15:28:19+00:00\",\"dateModified\":\"2018-11-28T15:32:26+00:00\",\"description\":\"P\u00e1gina oficial de la Fiscal\u00eda General de la Naci\u00f3n \u2013 Colombia. Garantizamos el acceso efectivo a la justicia, la verdad y la reparaci\u00f3n de las v\u00edctimas de los delitos.\",\"breadcrumb\":{\"@id\":\"https:\/\/www.fiscalia.gov.co\/colombia\/noticias\/juez-emitio-sentencia-condenatoria-contra-alvaro-davila-por-el-carrusel-de-contratos-en-bogota\/#breadcrumb\"},\"inLanguage\":\"es-CO\",\"potentialAction\":[{\"@type\":\"ReadAction\",\"target\":[\"https:\/\/www.fiscalia.gov.co\/colombia\/noticias\/juez-emitio-sentencia-condenatoria-contra-alvaro-davila-por-el-carrusel-de-contratos-en-bogota\/\"]}]},{\"@type\":\"BreadcrumbList\",\"@id\":\"https:\/\/www.fiscalia.gov.co\/colombia\/noticias\/juez-emitio-sentencia-condenatoria-contra-alvaro-davila-por-el-carrusel-de-contratos-en-bogota\/#breadcrumb\",\"itemListElement\":[{\"@type\":\"ListItem\",\"position\":1,\"name\":\"Home\",\"item\":\"https:\/\/www.fiscalia.gov.co\/colombia\/\"},{\"@type\":\"ListItem\",\"position\":2,\"name\":\"Juez emiti\u00f3 sentencia condenatoria contra \u00c1lvaro D\u00e1vila por el carrusel de contratos en Bogot\u00e1\"}]},{\"@type\":\"WebSite\",\"@id\":\"https:\/\/www.fiscalia.gov.co\/colombia\/#website\",\"url\":\"https:\/\/www.fiscalia.gov.co\/colombia\/\",\"name\":\"Fiscal\u00eda General de la Naci\u00f3n\",\"description\":\"P\u00e1gina oficial de la Fiscal\u00eda General de la Naci\u00f3n \u2013 Colombia. Garantizamos el acceso efectivo a la justicia, la verdad y la reparaci\u00f3n de las v\u00edctimas de los delitos.\",\"publisher\":{\"@id\":\"https:\/\/www.fiscalia.gov.co\/colombia\/#organization\"},\"potentialAction\":[{\"@type\":\"SearchAction\",\"target\":{\"@type\":\"EntryPoint\",\"urlTemplate\":\"https:\/\/www.fiscalia.gov.co\/colombia\/?s={search_term_string}\"},\"query-input\":{\"@type\":\"PropertyValueSpecification\",\"valueRequired\":true,\"valueName\":\"search_term_string\"}}],\"inLanguage\":\"es-CO\"},{\"@type\":\"Organization\",\"@id\":\"https:\/\/www.fiscalia.gov.co\/colombia\/#organization\",\"name\":\"Fiscal\u00eda General de la Naci\u00f3n\",\"url\":\"https:\/\/www.fiscalia.gov.co\/colombia\/\",\"logo\":{\"@type\":\"ImageObject\",\"inLanguage\":\"es-CO\",\"@id\":\"https:\/\/www.fiscalia.gov.co\/colombia\/#\/schema\/logo\/image\/\",\"url\":\"https:\/\/www.fiscalia.gov.co\/colombia\/wp-content\/uploads\/LogoHorizontal_1.jpg\",\"contentUrl\":\"https:\/\/www.fiscalia.gov.co\/colombia\/wp-content\/uploads\/LogoHorizontal_1.jpg\",\"width\":300,\"height\":90,\"caption\":\"Fiscal\u00eda General de la Naci\u00f3n\"},\"image\":{\"@id\":\"https:\/\/www.fiscalia.gov.co\/colombia\/#\/schema\/logo\/image\/\"},\"sameAs\":[\"https:\/\/www.facebook.com\/FiscaliaCol\",\"https:\/\/x.com\/FiscaliaCol\",\"https:\/\/www.instagram.com\/fiscaliacol\",\"https:\/\/www.linkedin.com\/company\/fiscalia-general-de-la-naci-n\/\",\"https:\/\/youtube.com\/@fiscaliageneraldelanacion-4668?si=6nN79nyQICPU5iTh\"]},{\"@type\":\"Person\",\"@id\":\"https:\/\/www.fiscalia.gov.co\/colombia\/#\/schema\/person\/3903856a3ce2d54b094c69eb29247895\",\"name\":\"dfgordillo\",\"image\":{\"@type\":\"ImageObject\",\"inLanguage\":\"es-CO\",\"@id\":\"https:\/\/www.fiscalia.gov.co\/colombia\/#\/schema\/person\/image\/\",\"url\":\"https:\/\/secure.gravatar.com\/avatar\/b6356e21c5657c60757fe6fb9493e947?s=96&d=mm&r=g\",\"contentUrl\":\"https:\/\/secure.gravatar.com\/avatar\/b6356e21c5657c60757fe6fb9493e947?s=96&d=mm&r=g\",\"caption\":\"dfgordillo\"},\"sameAs\":[\"dfgordillo\"],\"url\":\"https:\/\/www.fiscalia.gov.co\/colombia\/author\/dfgordillo\/\"}]}<\/script>\n<!-- \/ Yoast SEO plugin. -->","yoast_head_json":{"title":"Fiscal\u00eda General de la Naci\u00f3n","description":"P\u00e1gina oficial de la Fiscal\u00eda General de la Naci\u00f3n \u2013 Colombia. Garantizamos el acceso efectivo a la justicia, la verdad y la reparaci\u00f3n de las v\u00edctimas de los delitos.","robots":{"index":"noindex","follow":"follow"},"og_locale":"es_ES","og_type":"article","og_title":"Fiscal\u00eda General de la Naci\u00f3n","og_description":"P\u00e1gina oficial de la Fiscal\u00eda General de la Naci\u00f3n \u2013 Colombia. Garantizamos el acceso efectivo a la justicia, la verdad y la reparaci\u00f3n de las v\u00edctimas de los delitos.","og_url":"https:\/\/www.fiscalia.gov.co\/colombia\/noticias\/juez-emitio-sentencia-condenatoria-contra-alvaro-davila-por-el-carrusel-de-contratos-en-bogota\/","og_site_name":"Fiscal\u00eda General de la Naci\u00f3n","article_publisher":"https:\/\/www.facebook.com\/FiscaliaCol","article_published_time":"2018-11-28T15:28:19+00:00","article_modified_time":"2018-11-28T15:32:26+00:00","author":"dfgordillo","twitter_card":"summary_large_image","twitter_creator":"@FiscaliaCol","twitter_site":"@FiscaliaCol","twitter_misc":{"Escrito por":"dfgordillo","Tiempo de lectura":"3 minutos"},"schema":{"@context":"https:\/\/schema.org","@graph":[{"@type":"Article","@id":"https:\/\/www.fiscalia.gov.co\/colombia\/noticias\/juez-emitio-sentencia-condenatoria-contra-alvaro-davila-por-el-carrusel-de-contratos-en-bogota\/#article","isPartOf":{"@id":"https:\/\/www.fiscalia.gov.co\/colombia\/noticias\/juez-emitio-sentencia-condenatoria-contra-alvaro-davila-por-el-carrusel-de-contratos-en-bogota\/"},"author":{"name":"dfgordillo","@id":"https:\/\/www.fiscalia.gov.co\/colombia\/#\/schema\/person\/3903856a3ce2d54b094c69eb29247895"},"headline":"Juez emiti\u00f3 sentencia condenatoria contra \u00c1lvaro D\u00e1vila por el carrusel de contratos en Bogot\u00e1","datePublished":"2018-11-28T15:28:19+00:00","dateModified":"2018-11-28T15:32:26+00:00","mainEntityOfPage":{"@id":"https:\/\/www.fiscalia.gov.co\/colombia\/noticias\/juez-emitio-sentencia-condenatoria-contra-alvaro-davila-por-el-carrusel-de-contratos-en-bogota\/"},"wordCount":542,"publisher":{"@id":"https:\/\/www.fiscalia.gov.co\/colombia\/#organization"},"articleSection":["Corrupci\u00f3n","Noticias"],"inLanguage":"es-CO"},{"@type":"WebPage","@id":"https:\/\/www.fiscalia.gov.co\/colombia\/noticias\/juez-emitio-sentencia-condenatoria-contra-alvaro-davila-por-el-carrusel-de-contratos-en-bogota\/","url":"https:\/\/www.fiscalia.gov.co\/colombia\/noticias\/juez-emitio-sentencia-condenatoria-contra-alvaro-davila-por-el-carrusel-de-contratos-en-bogota\/","name":"Fiscal\u00eda General de la Naci\u00f3n","isPartOf":{"@id":"https:\/\/www.fiscalia.gov.co\/colombia\/#website"},"datePublished":"2018-11-28T15:28:19+00:00","dateModified":"2018-11-28T15:32:26+00:00","description":"P\u00e1gina oficial de la Fiscal\u00eda General de la Naci\u00f3n \u2013 Colombia. Garantizamos el acceso efectivo a la justicia, la verdad y la reparaci\u00f3n de las v\u00edctimas de los delitos.","breadcrumb":{"@id":"https:\/\/www.fiscalia.gov.co\/colombia\/noticias\/juez-emitio-sentencia-condenatoria-contra-alvaro-davila-por-el-carrusel-de-contratos-en-bogota\/#breadcrumb"},"inLanguage":"es-CO","potentialAction":[{"@type":"ReadAction","target":["https:\/\/www.fiscalia.gov.co\/colombia\/noticias\/juez-emitio-sentencia-condenatoria-contra-alvaro-davila-por-el-carrusel-de-contratos-en-bogota\/"]}]},{"@type":"BreadcrumbList","@id":"https:\/\/www.fiscalia.gov.co\/colombia\/noticias\/juez-emitio-sentencia-condenatoria-contra-alvaro-davila-por-el-carrusel-de-contratos-en-bogota\/#breadcrumb","itemListElement":[{"@type":"ListItem","position":1,"name":"Home","item":"https:\/\/www.fiscalia.gov.co\/colombia\/"},{"@type":"ListItem","position":2,"name":"Juez emiti\u00f3 sentencia condenatoria contra \u00c1lvaro D\u00e1vila por el carrusel de contratos en Bogot\u00e1"}]},{"@type":"WebSite","@id":"https:\/\/www.fiscalia.gov.co\/colombia\/#website","url":"https:\/\/www.fiscalia.gov.co\/colombia\/","name":"Fiscal\u00eda General de la Naci\u00f3n","description":"P\u00e1gina oficial de la Fiscal\u00eda General de la Naci\u00f3n \u2013 Colombia. Garantizamos el acceso efectivo a la justicia, la verdad y la reparaci\u00f3n de las v\u00edctimas de los delitos.","publisher":{"@id":"https:\/\/www.fiscalia.gov.co\/colombia\/#organization"},"potentialAction":[{"@type":"SearchAction","target":{"@type":"EntryPoint","urlTemplate":"https:\/\/www.fiscalia.gov.co\/colombia\/?s={search_term_string}"},"query-input":{"@type":"PropertyValueSpecification","valueRequired":true,"valueName":"search_term_string"}}],"inLanguage":"es-CO"},{"@type":"Organization","@id":"https:\/\/www.fiscalia.gov.co\/colombia\/#organization","name":"Fiscal\u00eda General de la Naci\u00f3n","url":"https:\/\/www.fiscalia.gov.co\/colombia\/","logo":{"@type":"ImageObject","inLanguage":"es-CO","@id":"https:\/\/www.fiscalia.gov.co\/colombia\/#\/schema\/logo\/image\/","url":"https:\/\/www.fiscalia.gov.co\/colombia\/wp-content\/uploads\/LogoHorizontal_1.jpg","contentUrl":"https:\/\/www.fiscalia.gov.co\/colombia\/wp-content\/uploads\/LogoHorizontal_1.jpg","width":300,"height":90,"caption":"Fiscal\u00eda General de la Naci\u00f3n"},"image":{"@id":"https:\/\/www.fiscalia.gov.co\/colombia\/#\/schema\/logo\/image\/"},"sameAs":["https:\/\/www.facebook.com\/FiscaliaCol","https:\/\/x.com\/FiscaliaCol","https:\/\/www.instagram.com\/fiscaliacol","https:\/\/www.linkedin.com\/company\/fiscalia-general-de-la-naci-n\/","https:\/\/youtube.com\/@fiscaliageneraldelanacion-4668?si=6nN79nyQICPU5iTh"]},{"@type":"Person","@id":"https:\/\/www.fiscalia.gov.co\/colombia\/#\/schema\/person\/3903856a3ce2d54b094c69eb29247895","name":"dfgordillo","image":{"@type":"ImageObject","inLanguage":"es-CO","@id":"https:\/\/www.fiscalia.gov.co\/colombia\/#\/schema\/person\/image\/","url":"https:\/\/secure.gravatar.com\/avatar\/b6356e21c5657c60757fe6fb9493e947?s=96&d=mm&r=g","contentUrl":"https:\/\/secure.gravatar.com\/avatar\/b6356e21c5657c60757fe6fb9493e947?s=96&d=mm&r=g","caption":"dfgordillo"},"sameAs":["dfgordillo"],"url":"https:\/\/www.fiscalia.gov.co\/colombia\/author\/dfgordillo\/"}]}},"_links":{"self":[{"href":"https:\/\/www.fiscalia.gov.co\/colombia\/wp-json\/wp\/v2\/posts\/172821","targetHints":{"allow":["GET"]}}],"collection":[{"href":"https:\/\/www.fiscalia.gov.co\/colombia\/wp-json\/wp\/v2\/posts"}],"about":[{"href":"https:\/\/www.fiscalia.gov.co\/colombia\/wp-json\/wp\/v2\/types\/post"}],"author":[{"embeddable":true,"href":"https:\/\/www.fiscalia.gov.co\/colombia\/wp-json\/wp\/v2\/users\/143"}],"replies":[{"embeddable":true,"href":"https:\/\/www.fiscalia.gov.co\/colombia\/wp-json\/wp\/v2\/comments?post=172821"}],"version-history":[{"count":3,"href":"https:\/\/www.fiscalia.gov.co\/colombia\/wp-json\/wp\/v2\/posts\/172821\/revisions"}],"predecessor-version":[{"id":172824,"href":"https:\/\/www.fiscalia.gov.co\/colombia\/wp-json\/wp\/v2\/posts\/172821\/revisions\/172824"}],"wp:attachment":[{"href":"https:\/\/www.fiscalia.gov.co\/colombia\/wp-json\/wp\/v2\/media?parent=172821"}],"wp:term":[{"taxonomy":"category","embeddable":true,"href":"https:\/\/www.fiscalia.gov.co\/colombia\/wp-json\/wp\/v2\/categories?post=172821"},{"taxonomy":"post_tag","embeddable":true,"href":"https:\/\/www.fiscalia.gov.co\/colombia\/wp-json\/wp\/v2\/tags?post=172821"}],"curies":[{"name":"wp","href":"https:\/\/api.w.org\/{rel}","templated":true}]}}