{"id":172771,"date":"2018-11-27T11:54:51","date_gmt":"2018-11-27T16:54:51","guid":{"rendered":"https:\/\/www.fiscalia.gov.co\/colombia\/?p=172771"},"modified":"2018-11-27T11:54:51","modified_gmt":"2018-11-27T16:54:51","slug":"ocho-presuntos-integrantes-de-la-banda-octoplus-dedicada-al-hurto-de-telefonos-celulares-en-cali-fueron-presentados-ante-un-juez","status":"publish","type":"post","link":"https:\/\/www.fiscalia.gov.co\/colombia\/seccionales\/ocho-presuntos-integrantes-de-la-banda-octoplus-dedicada-al-hurto-de-telefonos-celulares-en-cali-fueron-presentados-ante-un-juez\/","title":{"rendered":"Ocho presuntos integrantes de la banda Octoplus, dedicada al hurto de tel\u00e9fonos celulares en Cali, fueron presentados ante un juez"},"content":{"rendered":"<p>En las pr\u00f3ximas horas la Fiscal\u00eda Seccional de Cali presentar\u00e1 ante un juez Penal Municipal a ocho presuntos integrantes de la banda Octoplus, quienes estar\u00edan dedicados al hurto de tel\u00e9fonos celulares mediante la modalidad de cosquilleo.<\/p>\n<p>El ente investigador les imputar\u00e1 cargos a los implicados como presuntos responsables de los delitos de concierto para delinquir, hurto agravado y receptaci\u00f3n y pedir\u00e1 se dicte medida de aseguramiento en establecimiento carcelario.<\/p>\n<p>Las capturas de estas personas se realizaron durante cinco diligencias de allanamiento por servidores del CTI, agentes de la Estructura de Apoyo (EDA) y unidades de la Sij\u00edn de la Polic\u00eda Metropolitana de Cali (Mecal).<\/p>\n<p>Los detenidos fueron identificados como Carlos Mauricio Mart\u00ednez Mar\u00edn, alias Carlos, presunto l\u00edder de la organizaci\u00f3n criminal; Jhon Jairo Jim\u00e9nez Mart\u00ednez, alias Chucky; David Guti\u00e9rrez Rengifo, alias David; Roldan Reyes Moreno, alias Ronald; Sen\u00e9n Lorenzo Land\u00e1zuri Cuabu, alias Lorenzo; Carlos Julio Mart\u00ednez; alias Julio; Luis Mario Poveda Paz, alias Poveda y Nelly Patricia S\u00e1nchez, alias La Canaria.<\/p>\n<p><strong>Modus operandi<\/strong><\/p>\n<p>De acuerdo con las investigaciones de la Fiscal\u00eda, la banda Octoplus ten\u00eda como l\u00edder a \u00a0Mart\u00ednez Mar\u00edn quien decid\u00eda el rol cumplir\u00eda cada integrante de la banda, dentro de los veh\u00edculos de trasporte masivo MIO y buses intermunicipales.<\/p>\n<p>Los dem\u00e1s integrantes se ubicaban en la puerta de salida del articulado del MIO para obstaculizar a la v\u00edctima, otro empujaba a la v\u00edctima, una persona m\u00e1s se encargaba de extraer el tel\u00e9fono celular, que de manera inmediata era entregado a alias Carlos, quien se ubicaba cerca a los dem\u00e1s integrantes para evitar sospechas.<\/p>\n<p>Todos los celulares hurtados eran vendidos directamente por alias Carlos, quien era el encargado de negociar los precios, dependiendo del modelo, con Jhon Jairo Jim\u00e9nez Mart\u00ednez alias \u2018Chuky, l\u00edder de los receptadores.<\/p>\n<p>El resto de la banda estaba encargada de\u00a0 comprar los m\u00f3viles celulares y comercializarlos en\u00a0 centros comerciales, dedicados a la venta de telefon\u00eda m\u00f3vil.<\/p>\n<p>Esta funci\u00f3n la cumpl\u00edan\u00a0 David Guti\u00e9rrez Rengifo alias David, Roldan Reyes Moreno alias Ronald, y otro integrante de la banda identificado como William Fernando Arias Villada, alias W, quien aportaba el dinero para la compra a alias Chucky,\u00a0de los m\u00f3viles hurtados.<\/p>\n<p>Durante las indagaciones la Fiscal\u00eda asoci\u00f3 12 noticias criminales, estim\u00f3 las ganancias de la banda en 25 millones de pesos diarios, y logr\u00f3 establecer que \u00a0las\u00a0 comunas 2, 3, 4, 5 y 9 eran\u00a0las zonas de operaci\u00f3n\u00a0\u00a0de esta organizaci\u00f3n.<\/p>\n<p>La Fiscal\u00eda General de la Naci\u00f3n publica esta informaci\u00f3n por considerarla de inter\u00e9s general.<\/p>\n<p>JGPV\/MAGA<\/p>\n\n<div class=\"twitter-share\"><a href=\"https:\/\/twitter.com\/intent\/tweet?via=fiscaliacol\" class=\"twitter-share-button\">Tweet<\/a><\/div>\n","protected":false},"excerpt":{"rendered":"<p>En las pr\u00f3ximas horas la Fiscal\u00eda Seccional de Cali presentar\u00e1 ante un juez Penal Municipal a ocho presuntos integrantes de la banda Octoplus, quienes estar\u00edan dedicados al hurto de tel\u00e9fonos celulares mediante la modalidad de cosquilleo. El ente investigador les imputar\u00e1 cargos a los implicados como presuntos responsables de los delitos de concierto para delinquir, [&hellip;]<\/p>\n","protected":false},"author":162,"featured_media":0,"comment_status":"closed","ping_status":"open","sticky":false,"template":"","format":"standard","meta":{"tdm_status":"","tdm_grid_status":"","footnotes":""},"categories":[324,303,24099],"tags":[],"class_list":{"0":"post-172771","1":"post","2":"type-post","3":"status-publish","4":"format-standard","6":"category-seccional-cali","7":"category-seccionales","8":"category-seguridad-territorial"},"yoast_head":"<!-- This site is optimized with the Yoast SEO plugin v24.3 - https:\/\/yoast.com\/wordpress\/plugins\/seo\/ -->\n<title>Fiscal\u00eda General de la Naci\u00f3n<\/title>\n<meta name=\"description\" content=\"P\u00e1gina oficial de la Fiscal\u00eda General de la Naci\u00f3n \u2013 Colombia. Garantizamos el acceso efectivo a la justicia, la verdad y la reparaci\u00f3n de las v\u00edctimas de los delitos.\" \/>\n<meta name=\"robots\" content=\"noindex, follow\" \/>\n<meta property=\"og:locale\" content=\"es_ES\" \/>\n<meta property=\"og:type\" content=\"article\" \/>\n<meta property=\"og:title\" content=\"Fiscal\u00eda General de la Naci\u00f3n\" \/>\n<meta property=\"og:description\" content=\"P\u00e1gina oficial de la Fiscal\u00eda General de la Naci\u00f3n \u2013 Colombia. Garantizamos el acceso efectivo a la justicia, la verdad y la reparaci\u00f3n de las v\u00edctimas de los delitos.\" \/>\n<meta property=\"og:url\" content=\"https:\/\/www.fiscalia.gov.co\/colombia\/seccionales\/ocho-presuntos-integrantes-de-la-banda-octoplus-dedicada-al-hurto-de-telefonos-celulares-en-cali-fueron-presentados-ante-un-juez\/\" \/>\n<meta property=\"og:site_name\" content=\"Fiscal\u00eda General de la Naci\u00f3n\" \/>\n<meta property=\"article:publisher\" content=\"https:\/\/www.facebook.com\/FiscaliaCol\" \/>\n<meta property=\"article:published_time\" content=\"2018-11-27T16:54:51+00:00\" \/>\n<meta name=\"author\" content=\"Direcci\u00f3n de Comunicaciones Fiscal\u00eda General de la Naci\u00f3n\" \/>\n<meta name=\"twitter:card\" content=\"summary_large_image\" \/>\n<meta name=\"twitter:creator\" content=\"@FiscaliaCol\" \/>\n<meta name=\"twitter:site\" content=\"@FiscaliaCol\" \/>\n<meta name=\"twitter:label1\" content=\"Escrito por\" \/>\n\t<meta name=\"twitter:data1\" content=\"Direcci\u00f3n de Comunicaciones Fiscal\u00eda General de la Naci\u00f3n\" \/>\n\t<meta name=\"twitter:label2\" content=\"Tiempo de lectura\" \/>\n\t<meta name=\"twitter:data2\" content=\"2 minutos\" \/>\n<script type=\"application\/ld+json\" class=\"yoast-schema-graph\">{\"@context\":\"https:\/\/schema.org\",\"@graph\":[{\"@type\":\"Article\",\"@id\":\"https:\/\/www.fiscalia.gov.co\/colombia\/seccionales\/ocho-presuntos-integrantes-de-la-banda-octoplus-dedicada-al-hurto-de-telefonos-celulares-en-cali-fueron-presentados-ante-un-juez\/#article\",\"isPartOf\":{\"@id\":\"https:\/\/www.fiscalia.gov.co\/colombia\/seccionales\/ocho-presuntos-integrantes-de-la-banda-octoplus-dedicada-al-hurto-de-telefonos-celulares-en-cali-fueron-presentados-ante-un-juez\/\"},\"author\":{\"name\":\"Direcci\u00f3n de Comunicaciones Fiscal\u00eda General de la Naci\u00f3n\",\"@id\":\"https:\/\/www.fiscalia.gov.co\/colombia\/#\/schema\/person\/bf28d8ae7f1b287bbe3af484b04f43ea\"},\"headline\":\"Ocho presuntos integrantes de la banda Octoplus, dedicada al hurto de tel\u00e9fonos celulares en Cali, fueron presentados ante un juez\",\"datePublished\":\"2018-11-27T16:54:51+00:00\",\"dateModified\":\"2018-11-27T16:54:51+00:00\",\"mainEntityOfPage\":{\"@id\":\"https:\/\/www.fiscalia.gov.co\/colombia\/seccionales\/ocho-presuntos-integrantes-de-la-banda-octoplus-dedicada-al-hurto-de-telefonos-celulares-en-cali-fueron-presentados-ante-un-juez\/\"},\"wordCount\":473,\"publisher\":{\"@id\":\"https:\/\/www.fiscalia.gov.co\/colombia\/#organization\"},\"articleSection\":[\"Seccional Cali\",\"Seccionales\",\"Seguridad territorial\"],\"inLanguage\":\"es-CO\"},{\"@type\":\"WebPage\",\"@id\":\"https:\/\/www.fiscalia.gov.co\/colombia\/seccionales\/ocho-presuntos-integrantes-de-la-banda-octoplus-dedicada-al-hurto-de-telefonos-celulares-en-cali-fueron-presentados-ante-un-juez\/\",\"url\":\"https:\/\/www.fiscalia.gov.co\/colombia\/seccionales\/ocho-presuntos-integrantes-de-la-banda-octoplus-dedicada-al-hurto-de-telefonos-celulares-en-cali-fueron-presentados-ante-un-juez\/\",\"name\":\"Fiscal\u00eda General de la Naci\u00f3n\",\"isPartOf\":{\"@id\":\"https:\/\/www.fiscalia.gov.co\/colombia\/#website\"},\"datePublished\":\"2018-11-27T16:54:51+00:00\",\"dateModified\":\"2018-11-27T16:54:51+00:00\",\"description\":\"P\u00e1gina oficial de la Fiscal\u00eda General de la Naci\u00f3n \u2013 Colombia. Garantizamos el acceso efectivo a la justicia, la verdad y la reparaci\u00f3n de las v\u00edctimas de los delitos.\",\"breadcrumb\":{\"@id\":\"https:\/\/www.fiscalia.gov.co\/colombia\/seccionales\/ocho-presuntos-integrantes-de-la-banda-octoplus-dedicada-al-hurto-de-telefonos-celulares-en-cali-fueron-presentados-ante-un-juez\/#breadcrumb\"},\"inLanguage\":\"es-CO\",\"potentialAction\":[{\"@type\":\"ReadAction\",\"target\":[\"https:\/\/www.fiscalia.gov.co\/colombia\/seccionales\/ocho-presuntos-integrantes-de-la-banda-octoplus-dedicada-al-hurto-de-telefonos-celulares-en-cali-fueron-presentados-ante-un-juez\/\"]}]},{\"@type\":\"BreadcrumbList\",\"@id\":\"https:\/\/www.fiscalia.gov.co\/colombia\/seccionales\/ocho-presuntos-integrantes-de-la-banda-octoplus-dedicada-al-hurto-de-telefonos-celulares-en-cali-fueron-presentados-ante-un-juez\/#breadcrumb\",\"itemListElement\":[{\"@type\":\"ListItem\",\"position\":1,\"name\":\"Home\",\"item\":\"https:\/\/www.fiscalia.gov.co\/colombia\/\"},{\"@type\":\"ListItem\",\"position\":2,\"name\":\"Ocho presuntos integrantes de la banda Octoplus, dedicada al hurto de tel\u00e9fonos celulares en Cali, fueron presentados ante un juez\"}]},{\"@type\":\"WebSite\",\"@id\":\"https:\/\/www.fiscalia.gov.co\/colombia\/#website\",\"url\":\"https:\/\/www.fiscalia.gov.co\/colombia\/\",\"name\":\"Fiscal\u00eda General de la Naci\u00f3n\",\"description\":\"P\u00e1gina oficial de la Fiscal\u00eda General de la Naci\u00f3n \u2013 Colombia. Garantizamos el acceso efectivo a la justicia, la verdad y la reparaci\u00f3n de las v\u00edctimas de los delitos.\",\"publisher\":{\"@id\":\"https:\/\/www.fiscalia.gov.co\/colombia\/#organization\"},\"potentialAction\":[{\"@type\":\"SearchAction\",\"target\":{\"@type\":\"EntryPoint\",\"urlTemplate\":\"https:\/\/www.fiscalia.gov.co\/colombia\/?s={search_term_string}\"},\"query-input\":{\"@type\":\"PropertyValueSpecification\",\"valueRequired\":true,\"valueName\":\"search_term_string\"}}],\"inLanguage\":\"es-CO\"},{\"@type\":\"Organization\",\"@id\":\"https:\/\/www.fiscalia.gov.co\/colombia\/#organization\",\"name\":\"Fiscal\u00eda General de la Naci\u00f3n\",\"url\":\"https:\/\/www.fiscalia.gov.co\/colombia\/\",\"logo\":{\"@type\":\"ImageObject\",\"inLanguage\":\"es-CO\",\"@id\":\"https:\/\/www.fiscalia.gov.co\/colombia\/#\/schema\/logo\/image\/\",\"url\":\"https:\/\/www.fiscalia.gov.co\/colombia\/wp-content\/uploads\/LogoHorizontal_1.jpg\",\"contentUrl\":\"https:\/\/www.fiscalia.gov.co\/colombia\/wp-content\/uploads\/LogoHorizontal_1.jpg\",\"width\":300,\"height\":90,\"caption\":\"Fiscal\u00eda General de la Naci\u00f3n\"},\"image\":{\"@id\":\"https:\/\/www.fiscalia.gov.co\/colombia\/#\/schema\/logo\/image\/\"},\"sameAs\":[\"https:\/\/www.facebook.com\/FiscaliaCol\",\"https:\/\/x.com\/FiscaliaCol\",\"https:\/\/www.instagram.com\/fiscaliacol\",\"https:\/\/www.linkedin.com\/company\/fiscalia-general-de-la-naci-n\/\",\"https:\/\/youtube.com\/@fiscaliageneraldelanacion-4668?si=6nN79nyQICPU5iTh\"]},{\"@type\":\"Person\",\"@id\":\"https:\/\/www.fiscalia.gov.co\/colombia\/#\/schema\/person\/bf28d8ae7f1b287bbe3af484b04f43ea\",\"name\":\"Direcci\u00f3n de Comunicaciones Fiscal\u00eda General de la Naci\u00f3n\",\"image\":{\"@type\":\"ImageObject\",\"inLanguage\":\"es-CO\",\"@id\":\"https:\/\/www.fiscalia.gov.co\/colombia\/#\/schema\/person\/image\/\",\"url\":\"https:\/\/secure.gravatar.com\/avatar\/9d55ae161d32da16dbdd0b380c080a5f?s=96&d=mm&r=g\",\"contentUrl\":\"https:\/\/secure.gravatar.com\/avatar\/9d55ae161d32da16dbdd0b380c080a5f?s=96&d=mm&r=g\",\"caption\":\"Direcci\u00f3n de Comunicaciones Fiscal\u00eda General de la Naci\u00f3n\"},\"url\":\"https:\/\/www.fiscalia.gov.co\/colombia\/author\/kbonilla\/\"}]}<\/script>\n<!-- \/ Yoast SEO plugin. -->","yoast_head_json":{"title":"Fiscal\u00eda General de la Naci\u00f3n","description":"P\u00e1gina oficial de la Fiscal\u00eda General de la Naci\u00f3n \u2013 Colombia. Garantizamos el acceso efectivo a la justicia, la verdad y la reparaci\u00f3n de las v\u00edctimas de los delitos.","robots":{"index":"noindex","follow":"follow"},"og_locale":"es_ES","og_type":"article","og_title":"Fiscal\u00eda General de la Naci\u00f3n","og_description":"P\u00e1gina oficial de la Fiscal\u00eda General de la Naci\u00f3n \u2013 Colombia. Garantizamos el acceso efectivo a la justicia, la verdad y la reparaci\u00f3n de las v\u00edctimas de los delitos.","og_url":"https:\/\/www.fiscalia.gov.co\/colombia\/seccionales\/ocho-presuntos-integrantes-de-la-banda-octoplus-dedicada-al-hurto-de-telefonos-celulares-en-cali-fueron-presentados-ante-un-juez\/","og_site_name":"Fiscal\u00eda General de la Naci\u00f3n","article_publisher":"https:\/\/www.facebook.com\/FiscaliaCol","article_published_time":"2018-11-27T16:54:51+00:00","author":"Direcci\u00f3n de Comunicaciones Fiscal\u00eda General de la Naci\u00f3n","twitter_card":"summary_large_image","twitter_creator":"@FiscaliaCol","twitter_site":"@FiscaliaCol","twitter_misc":{"Escrito por":"Direcci\u00f3n de Comunicaciones Fiscal\u00eda General de la Naci\u00f3n","Tiempo de lectura":"2 minutos"},"schema":{"@context":"https:\/\/schema.org","@graph":[{"@type":"Article","@id":"https:\/\/www.fiscalia.gov.co\/colombia\/seccionales\/ocho-presuntos-integrantes-de-la-banda-octoplus-dedicada-al-hurto-de-telefonos-celulares-en-cali-fueron-presentados-ante-un-juez\/#article","isPartOf":{"@id":"https:\/\/www.fiscalia.gov.co\/colombia\/seccionales\/ocho-presuntos-integrantes-de-la-banda-octoplus-dedicada-al-hurto-de-telefonos-celulares-en-cali-fueron-presentados-ante-un-juez\/"},"author":{"name":"Direcci\u00f3n de Comunicaciones Fiscal\u00eda General de la Naci\u00f3n","@id":"https:\/\/www.fiscalia.gov.co\/colombia\/#\/schema\/person\/bf28d8ae7f1b287bbe3af484b04f43ea"},"headline":"Ocho presuntos integrantes de la banda Octoplus, dedicada al hurto de tel\u00e9fonos celulares en Cali, fueron presentados ante un juez","datePublished":"2018-11-27T16:54:51+00:00","dateModified":"2018-11-27T16:54:51+00:00","mainEntityOfPage":{"@id":"https:\/\/www.fiscalia.gov.co\/colombia\/seccionales\/ocho-presuntos-integrantes-de-la-banda-octoplus-dedicada-al-hurto-de-telefonos-celulares-en-cali-fueron-presentados-ante-un-juez\/"},"wordCount":473,"publisher":{"@id":"https:\/\/www.fiscalia.gov.co\/colombia\/#organization"},"articleSection":["Seccional Cali","Seccionales","Seguridad territorial"],"inLanguage":"es-CO"},{"@type":"WebPage","@id":"https:\/\/www.fiscalia.gov.co\/colombia\/seccionales\/ocho-presuntos-integrantes-de-la-banda-octoplus-dedicada-al-hurto-de-telefonos-celulares-en-cali-fueron-presentados-ante-un-juez\/","url":"https:\/\/www.fiscalia.gov.co\/colombia\/seccionales\/ocho-presuntos-integrantes-de-la-banda-octoplus-dedicada-al-hurto-de-telefonos-celulares-en-cali-fueron-presentados-ante-un-juez\/","name":"Fiscal\u00eda General de la Naci\u00f3n","isPartOf":{"@id":"https:\/\/www.fiscalia.gov.co\/colombia\/#website"},"datePublished":"2018-11-27T16:54:51+00:00","dateModified":"2018-11-27T16:54:51+00:00","description":"P\u00e1gina oficial de la Fiscal\u00eda General de la Naci\u00f3n \u2013 Colombia. Garantizamos el acceso efectivo a la justicia, la verdad y la reparaci\u00f3n de las v\u00edctimas de los delitos.","breadcrumb":{"@id":"https:\/\/www.fiscalia.gov.co\/colombia\/seccionales\/ocho-presuntos-integrantes-de-la-banda-octoplus-dedicada-al-hurto-de-telefonos-celulares-en-cali-fueron-presentados-ante-un-juez\/#breadcrumb"},"inLanguage":"es-CO","potentialAction":[{"@type":"ReadAction","target":["https:\/\/www.fiscalia.gov.co\/colombia\/seccionales\/ocho-presuntos-integrantes-de-la-banda-octoplus-dedicada-al-hurto-de-telefonos-celulares-en-cali-fueron-presentados-ante-un-juez\/"]}]},{"@type":"BreadcrumbList","@id":"https:\/\/www.fiscalia.gov.co\/colombia\/seccionales\/ocho-presuntos-integrantes-de-la-banda-octoplus-dedicada-al-hurto-de-telefonos-celulares-en-cali-fueron-presentados-ante-un-juez\/#breadcrumb","itemListElement":[{"@type":"ListItem","position":1,"name":"Home","item":"https:\/\/www.fiscalia.gov.co\/colombia\/"},{"@type":"ListItem","position":2,"name":"Ocho presuntos integrantes de la banda Octoplus, dedicada al hurto de tel\u00e9fonos celulares en Cali, fueron presentados ante un juez"}]},{"@type":"WebSite","@id":"https:\/\/www.fiscalia.gov.co\/colombia\/#website","url":"https:\/\/www.fiscalia.gov.co\/colombia\/","name":"Fiscal\u00eda General de la Naci\u00f3n","description":"P\u00e1gina oficial de la Fiscal\u00eda General de la Naci\u00f3n \u2013 Colombia. Garantizamos el acceso efectivo a la justicia, la verdad y la reparaci\u00f3n de las v\u00edctimas de los delitos.","publisher":{"@id":"https:\/\/www.fiscalia.gov.co\/colombia\/#organization"},"potentialAction":[{"@type":"SearchAction","target":{"@type":"EntryPoint","urlTemplate":"https:\/\/www.fiscalia.gov.co\/colombia\/?s={search_term_string}"},"query-input":{"@type":"PropertyValueSpecification","valueRequired":true,"valueName":"search_term_string"}}],"inLanguage":"es-CO"},{"@type":"Organization","@id":"https:\/\/www.fiscalia.gov.co\/colombia\/#organization","name":"Fiscal\u00eda General de la Naci\u00f3n","url":"https:\/\/www.fiscalia.gov.co\/colombia\/","logo":{"@type":"ImageObject","inLanguage":"es-CO","@id":"https:\/\/www.fiscalia.gov.co\/colombia\/#\/schema\/logo\/image\/","url":"https:\/\/www.fiscalia.gov.co\/colombia\/wp-content\/uploads\/LogoHorizontal_1.jpg","contentUrl":"https:\/\/www.fiscalia.gov.co\/colombia\/wp-content\/uploads\/LogoHorizontal_1.jpg","width":300,"height":90,"caption":"Fiscal\u00eda General de la Naci\u00f3n"},"image":{"@id":"https:\/\/www.fiscalia.gov.co\/colombia\/#\/schema\/logo\/image\/"},"sameAs":["https:\/\/www.facebook.com\/FiscaliaCol","https:\/\/x.com\/FiscaliaCol","https:\/\/www.instagram.com\/fiscaliacol","https:\/\/www.linkedin.com\/company\/fiscalia-general-de-la-naci-n\/","https:\/\/youtube.com\/@fiscaliageneraldelanacion-4668?si=6nN79nyQICPU5iTh"]},{"@type":"Person","@id":"https:\/\/www.fiscalia.gov.co\/colombia\/#\/schema\/person\/bf28d8ae7f1b287bbe3af484b04f43ea","name":"Direcci\u00f3n de Comunicaciones Fiscal\u00eda General de la Naci\u00f3n","image":{"@type":"ImageObject","inLanguage":"es-CO","@id":"https:\/\/www.fiscalia.gov.co\/colombia\/#\/schema\/person\/image\/","url":"https:\/\/secure.gravatar.com\/avatar\/9d55ae161d32da16dbdd0b380c080a5f?s=96&d=mm&r=g","contentUrl":"https:\/\/secure.gravatar.com\/avatar\/9d55ae161d32da16dbdd0b380c080a5f?s=96&d=mm&r=g","caption":"Direcci\u00f3n de Comunicaciones Fiscal\u00eda General de la Naci\u00f3n"},"url":"https:\/\/www.fiscalia.gov.co\/colombia\/author\/kbonilla\/"}]}},"_links":{"self":[{"href":"https:\/\/www.fiscalia.gov.co\/colombia\/wp-json\/wp\/v2\/posts\/172771","targetHints":{"allow":["GET"]}}],"collection":[{"href":"https:\/\/www.fiscalia.gov.co\/colombia\/wp-json\/wp\/v2\/posts"}],"about":[{"href":"https:\/\/www.fiscalia.gov.co\/colombia\/wp-json\/wp\/v2\/types\/post"}],"author":[{"embeddable":true,"href":"https:\/\/www.fiscalia.gov.co\/colombia\/wp-json\/wp\/v2\/users\/162"}],"replies":[{"embeddable":true,"href":"https:\/\/www.fiscalia.gov.co\/colombia\/wp-json\/wp\/v2\/comments?post=172771"}],"version-history":[{"count":1,"href":"https:\/\/www.fiscalia.gov.co\/colombia\/wp-json\/wp\/v2\/posts\/172771\/revisions"}],"predecessor-version":[{"id":172772,"href":"https:\/\/www.fiscalia.gov.co\/colombia\/wp-json\/wp\/v2\/posts\/172771\/revisions\/172772"}],"wp:attachment":[{"href":"https:\/\/www.fiscalia.gov.co\/colombia\/wp-json\/wp\/v2\/media?parent=172771"}],"wp:term":[{"taxonomy":"category","embeddable":true,"href":"https:\/\/www.fiscalia.gov.co\/colombia\/wp-json\/wp\/v2\/categories?post=172771"},{"taxonomy":"post_tag","embeddable":true,"href":"https:\/\/www.fiscalia.gov.co\/colombia\/wp-json\/wp\/v2\/tags?post=172771"}],"curies":[{"name":"wp","href":"https:\/\/api.w.org\/{rel}","templated":true}]}}