{"id":172424,"date":"2018-11-20T10:05:14","date_gmt":"2018-11-20T15:05:14","guid":{"rendered":"https:\/\/www.fiscalia.gov.co\/colombia\/?p=172424"},"modified":"2018-11-20T10:05:14","modified_gmt":"2018-11-20T15:05:14","slug":"condenados-exjefes-paramilitares-por-crimenes-de-sindicalistas-en-el-magdalena-medio","status":"publish","type":"post","link":"https:\/\/www.fiscalia.gov.co\/colombia\/noticias\/condenados-exjefes-paramilitares-por-crimenes-de-sindicalistas-en-el-magdalena-medio\/","title":{"rendered":"Condenados exjefes paramilitares por cr\u00edmenes de sindicalistas en el Magdalena Medio"},"content":{"rendered":"<p><em><u>La Fiscal\u00eda demostr\u00f3 en juicio que alias Esteban y Pablo Angola ordenaron la muerte de l\u00edderes sindicales en Barrancabermeja y Puerto Wilches (Santander), como parte de un plan criminal contra los representantes de gremios y organizaciones de trabajadores.<\/u><\/em><\/p>\n<p>Las acciones definidas por la Fiscal\u00eda General de la Naci\u00f3n para impedir que los cr\u00edmenes contra representantes de organizaciones sociales y sindicalistas queden en la impunidad, permitieron llevar a juicio a dos excabecillas del denominado bloque central Bol\u00edvar de las desmovilizadas autodefensas y demostrar su responsabilidad en un plan criminal de persecuci\u00f3n contra sectores de la poblaci\u00f3n y trabajadores del Magdalena Medio a los que catalogaron de opositores y enemigos.<\/p>\n<p>Ante jueces especializados de Bogot\u00e1, fiscales de la Direcci\u00f3n contra las Violaciones a los Derechos Humanos lograron condenas contra Jorge Luis Villadiego Meza, alias Pablo Angola, y Fremio S\u00e1nchez Carre\u00f1o, alias Esteban o el Loco, por su participaci\u00f3n en el asesinato de dos jefes sindicales en Barrancabermeja y Puerto Wilches (Santander).<\/p>\n<p><strong><u>Asesinado por recoger firmas<\/u><\/strong><\/p>\n<p>La ma\u00f1ana del 31 de julio de 2002, Wilfredo Camargo Aroca, dirigente del Sindicato Nacional de Trabajadores de la Industria Agropecuaria &#8211; Sintrainagro, fue asesinado por hombres armados en un predio rural, en Puerto Wilches (Santander).<\/p>\n<p>Los testimonios y las evidencias recopiladas por la Fiscal\u00eda demostraron que alias Pablo Angola, entonces cabecilla de una estructura armada del Bloque Central Bol\u00edvar, atendi\u00f3 la instrucci\u00f3n de uno de sus superiores y orden\u00f3 asesinar al l\u00edder sindical porque supuestamente hab\u00eda recogido firmas entre la poblaci\u00f3n y los campesinos agremiados para exigir la salida de los grupos paramilitares de la regi\u00f3n.<\/p>\n<p>Ante la contundencia del material recopilado en las investigaciones, Jorge Luis Villadiego Meza, alias Pablo Angola, acept\u00f3 su responsabilidad en los hechos y fue condenado a 22 a\u00f1os de prisi\u00f3n por homicidio en persona protegida y concierto para delinquir agravado. Destaca el fallo:<em> \u201c\u2026 el plan de acabar con la vida del se\u00f1or Camargo Aroca, a quien consideraban enemigo de la organizaci\u00f3n paramilitar, sin la orden de \u2018Pablo Angola\u2019 se habr\u00eda frustrado. Sin ese aporte el deceso del sindicalista no se hubiera materializado, porque era el hoy enjuiciado el que ten\u00eda control del grupo armado y sus subalternos deb\u00edan acatar sus disposiciones so pena de muerte\u201d. <\/em><\/p>\n<p><strong><u>En la lista de los grupos paramilitares<\/u><\/strong><\/p>\n<p>H\u00e9ctor Acu\u00f1a Cervantes, presidente del Sindicato de Motoristas y Trabajadores de la Industria del Transporte Automotor de Colombia \u2013 Unimotor, fue asesinado por dos sicarios en la cancha de f\u00fatbol La Floresta, en Barrancabermeja (Santander), el 12 de junio de 2000.<\/p>\n<p>En varias declaraciones ante la Fiscal\u00eda, exintegrantes de los grupos paramilitares de la regi\u00f3n coincidieron en afirmar que el crimen fue ordenado directamente por Fremio S\u00e1nchez Carre\u00f1o, alias Esteban o el Loco, jefe de la denominada estructura urbana del bloque central Bol\u00edvar de las entonces autodefensas.<\/p>\n<p>Los investigadores verificaron la informaci\u00f3n recibida y establecieron que el citado cabecilla hab\u00eda recibido una lista con los nombres de 10 l\u00edderes sindicales de Barrancabermeja, a los que la organizaci\u00f3n consideraba opositores y deb\u00edan ser asesinados. Precisamente, la primera v\u00edctima de ese plan criminal fue el presidente de Unimotor.<\/p>\n<p>Con el aporte de evidencia testimonial y f\u00edsica por parte de la Fiscal\u00eda, alias Esteban o el Loco acept\u00f3 su responsabilidad y un juez especializado de Bogot\u00e1 lo acaba de condenar a 18 a\u00f1os de c\u00e1rcel por el delito de homicidio agravado.<\/p>\n<p><em>\u201cEl homicidio investigado obedeci\u00f3 a m\u00f3viles ideol\u00f3gicos, pues queda claro que la intenci\u00f3n verdadera de las autodefensas, que para el a\u00f1o 2000 delinqu\u00eda en Barrancabermeja, era acabar con la vida del se\u00f1or Acu\u00f1a Cervantes, quien representaba a una de las organizaciones rotulada como enemigo natural de la causa por ellos definida, para as\u00ed causar temor y zozobra entre la comunidad y el sector gremial\u201d<\/em>, resalta la sentencia.<\/p>\n<p>La Fiscal\u00eda publica esta informaci\u00f3n por considerarla de inter\u00e9s general.<\/p>\n\n<div class=\"twitter-share\"><a href=\"https:\/\/twitter.com\/intent\/tweet?via=fiscaliacol\" class=\"twitter-share-button\">Tweet<\/a><\/div>\n","protected":false},"excerpt":{"rendered":"<p>La Fiscal\u00eda demostr\u00f3 en juicio que alias Esteban y Pablo Angola ordenaron la muerte de l\u00edderes sindicales en Barrancabermeja y Puerto Wilches (Santander), como parte de un plan criminal contra los representantes de gremios y organizaciones de trabajadores. Las acciones definidas por la Fiscal\u00eda General de la Naci\u00f3n para impedir que los cr\u00edmenes contra representantes [&hellip;]<\/p>\n","protected":false},"author":162,"featured_media":0,"comment_status":"closed","ping_status":"open","sticky":false,"template":"","format":"standard","meta":{"_price":"","_stock":"","_tribe_ticket_header":"","_tribe_default_ticket_provider":"","_tribe_ticket_capacity":"0","_ticket_start_date":"","_ticket_end_date":"","_tribe_ticket_show_description":"","_tribe_ticket_show_not_going":false,"_tribe_ticket_use_global_stock":"","_tribe_ticket_global_stock_level":"","_global_stock_mode":"","_global_stock_cap":"","_tribe_rsvp_for_event":"","_tribe_ticket_going_count":"","_tribe_ticket_not_going_count":"","_tribe_tickets_list":"[]","_tribe_ticket_has_attendee_info_fields":false,"tdm_status":"","tdm_grid_status":"","footnotes":""},"categories":[24102,1],"tags":[],"class_list":{"0":"post-172424","1":"post","2":"type-post","3":"status-publish","4":"format-standard","6":"category-derechos-humanos","7":"category-noticias"},"yoast_head":"<!-- This site is optimized with the Yoast SEO plugin v24.3 - https:\/\/yoast.com\/wordpress\/plugins\/seo\/ -->\n<title>Fiscal\u00eda General de la Naci\u00f3n<\/title>\n<meta name=\"description\" content=\"P\u00e1gina oficial de la Fiscal\u00eda General de la Naci\u00f3n \u2013 Colombia. Garantizamos el acceso efectivo a la justicia, la verdad y la reparaci\u00f3n de las v\u00edctimas de los delitos.\" \/>\n<meta name=\"robots\" content=\"noindex, follow\" \/>\n<meta property=\"og:locale\" content=\"es_ES\" \/>\n<meta property=\"og:type\" content=\"article\" \/>\n<meta property=\"og:title\" content=\"Fiscal\u00eda General de la Naci\u00f3n\" \/>\n<meta property=\"og:description\" content=\"P\u00e1gina oficial de la Fiscal\u00eda General de la Naci\u00f3n \u2013 Colombia. Garantizamos el acceso efectivo a la justicia, la verdad y la reparaci\u00f3n de las v\u00edctimas de los delitos.\" \/>\n<meta property=\"og:url\" content=\"https:\/\/www.fiscalia.gov.co\/colombia\/noticias\/condenados-exjefes-paramilitares-por-crimenes-de-sindicalistas-en-el-magdalena-medio\/\" \/>\n<meta property=\"og:site_name\" content=\"Fiscal\u00eda General de la Naci\u00f3n\" \/>\n<meta property=\"article:publisher\" content=\"https:\/\/www.facebook.com\/FiscaliaCol\" \/>\n<meta property=\"article:published_time\" content=\"2018-11-20T15:05:14+00:00\" \/>\n<meta name=\"author\" content=\"Direcci\u00f3n de Comunicaciones Fiscal\u00eda General de la Naci\u00f3n\" \/>\n<meta name=\"twitter:card\" content=\"summary_large_image\" \/>\n<meta name=\"twitter:creator\" content=\"@FiscaliaCol\" \/>\n<meta name=\"twitter:site\" content=\"@FiscaliaCol\" \/>\n<meta name=\"twitter:label1\" content=\"Escrito por\" \/>\n\t<meta name=\"twitter:data1\" content=\"Direcci\u00f3n de Comunicaciones Fiscal\u00eda General de la Naci\u00f3n\" \/>\n\t<meta name=\"twitter:label2\" content=\"Tiempo de lectura\" \/>\n\t<meta name=\"twitter:data2\" content=\"3 minutos\" \/>\n<script type=\"application\/ld+json\" class=\"yoast-schema-graph\">{\"@context\":\"https:\/\/schema.org\",\"@graph\":[{\"@type\":\"Article\",\"@id\":\"https:\/\/www.fiscalia.gov.co\/colombia\/noticias\/condenados-exjefes-paramilitares-por-crimenes-de-sindicalistas-en-el-magdalena-medio\/#article\",\"isPartOf\":{\"@id\":\"https:\/\/www.fiscalia.gov.co\/colombia\/noticias\/condenados-exjefes-paramilitares-por-crimenes-de-sindicalistas-en-el-magdalena-medio\/\"},\"author\":{\"name\":\"Direcci\u00f3n de Comunicaciones Fiscal\u00eda General de la Naci\u00f3n\",\"@id\":\"https:\/\/www.fiscalia.gov.co\/colombia\/#\/schema\/person\/bf28d8ae7f1b287bbe3af484b04f43ea\"},\"headline\":\"Condenados exjefes paramilitares por cr\u00edmenes de sindicalistas en el Magdalena Medio\",\"datePublished\":\"2018-11-20T15:05:14+00:00\",\"dateModified\":\"2018-11-20T15:05:14+00:00\",\"mainEntityOfPage\":{\"@id\":\"https:\/\/www.fiscalia.gov.co\/colombia\/noticias\/condenados-exjefes-paramilitares-por-crimenes-de-sindicalistas-en-el-magdalena-medio\/\"},\"wordCount\":685,\"publisher\":{\"@id\":\"https:\/\/www.fiscalia.gov.co\/colombia\/#organization\"},\"articleSection\":[\"Derechos Humanos\",\"Noticias\"],\"inLanguage\":\"es-CO\"},{\"@type\":\"WebPage\",\"@id\":\"https:\/\/www.fiscalia.gov.co\/colombia\/noticias\/condenados-exjefes-paramilitares-por-crimenes-de-sindicalistas-en-el-magdalena-medio\/\",\"url\":\"https:\/\/www.fiscalia.gov.co\/colombia\/noticias\/condenados-exjefes-paramilitares-por-crimenes-de-sindicalistas-en-el-magdalena-medio\/\",\"name\":\"Fiscal\u00eda General de la Naci\u00f3n\",\"isPartOf\":{\"@id\":\"https:\/\/www.fiscalia.gov.co\/colombia\/#website\"},\"datePublished\":\"2018-11-20T15:05:14+00:00\",\"dateModified\":\"2018-11-20T15:05:14+00:00\",\"description\":\"P\u00e1gina oficial de la Fiscal\u00eda General de la Naci\u00f3n \u2013 Colombia. Garantizamos el acceso efectivo a la justicia, la verdad y la reparaci\u00f3n de las v\u00edctimas de los delitos.\",\"breadcrumb\":{\"@id\":\"https:\/\/www.fiscalia.gov.co\/colombia\/noticias\/condenados-exjefes-paramilitares-por-crimenes-de-sindicalistas-en-el-magdalena-medio\/#breadcrumb\"},\"inLanguage\":\"es-CO\",\"potentialAction\":[{\"@type\":\"ReadAction\",\"target\":[\"https:\/\/www.fiscalia.gov.co\/colombia\/noticias\/condenados-exjefes-paramilitares-por-crimenes-de-sindicalistas-en-el-magdalena-medio\/\"]}]},{\"@type\":\"BreadcrumbList\",\"@id\":\"https:\/\/www.fiscalia.gov.co\/colombia\/noticias\/condenados-exjefes-paramilitares-por-crimenes-de-sindicalistas-en-el-magdalena-medio\/#breadcrumb\",\"itemListElement\":[{\"@type\":\"ListItem\",\"position\":1,\"name\":\"Home\",\"item\":\"https:\/\/www.fiscalia.gov.co\/colombia\/\"},{\"@type\":\"ListItem\",\"position\":2,\"name\":\"Condenados exjefes paramilitares por cr\u00edmenes de sindicalistas en el Magdalena Medio\"}]},{\"@type\":\"WebSite\",\"@id\":\"https:\/\/www.fiscalia.gov.co\/colombia\/#website\",\"url\":\"https:\/\/www.fiscalia.gov.co\/colombia\/\",\"name\":\"Fiscal\u00eda General de la Naci\u00f3n\",\"description\":\"P\u00e1gina oficial de la Fiscal\u00eda General de la Naci\u00f3n \u2013 Colombia. Garantizamos el acceso efectivo a la justicia, la verdad y la reparaci\u00f3n de las v\u00edctimas de los delitos.\",\"publisher\":{\"@id\":\"https:\/\/www.fiscalia.gov.co\/colombia\/#organization\"},\"potentialAction\":[{\"@type\":\"SearchAction\",\"target\":{\"@type\":\"EntryPoint\",\"urlTemplate\":\"https:\/\/www.fiscalia.gov.co\/colombia\/?s={search_term_string}\"},\"query-input\":{\"@type\":\"PropertyValueSpecification\",\"valueRequired\":true,\"valueName\":\"search_term_string\"}}],\"inLanguage\":\"es-CO\"},{\"@type\":\"Organization\",\"@id\":\"https:\/\/www.fiscalia.gov.co\/colombia\/#organization\",\"name\":\"Fiscal\u00eda General de la Naci\u00f3n\",\"url\":\"https:\/\/www.fiscalia.gov.co\/colombia\/\",\"logo\":{\"@type\":\"ImageObject\",\"inLanguage\":\"es-CO\",\"@id\":\"https:\/\/www.fiscalia.gov.co\/colombia\/#\/schema\/logo\/image\/\",\"url\":\"https:\/\/www.fiscalia.gov.co\/colombia\/wp-content\/uploads\/LogoHorizontal_1.jpg\",\"contentUrl\":\"https:\/\/www.fiscalia.gov.co\/colombia\/wp-content\/uploads\/LogoHorizontal_1.jpg\",\"width\":300,\"height\":90,\"caption\":\"Fiscal\u00eda General de la Naci\u00f3n\"},\"image\":{\"@id\":\"https:\/\/www.fiscalia.gov.co\/colombia\/#\/schema\/logo\/image\/\"},\"sameAs\":[\"https:\/\/www.facebook.com\/FiscaliaCol\",\"https:\/\/x.com\/FiscaliaCol\",\"https:\/\/www.instagram.com\/fiscaliacol\",\"https:\/\/www.linkedin.com\/company\/fiscalia-general-de-la-naci-n\/\",\"https:\/\/youtube.com\/@fiscaliageneraldelanacion-4668?si=6nN79nyQICPU5iTh\"]},{\"@type\":\"Person\",\"@id\":\"https:\/\/www.fiscalia.gov.co\/colombia\/#\/schema\/person\/bf28d8ae7f1b287bbe3af484b04f43ea\",\"name\":\"Direcci\u00f3n de Comunicaciones Fiscal\u00eda General de la Naci\u00f3n\",\"image\":{\"@type\":\"ImageObject\",\"inLanguage\":\"es-CO\",\"@id\":\"https:\/\/www.fiscalia.gov.co\/colombia\/#\/schema\/person\/image\/\",\"url\":\"https:\/\/secure.gravatar.com\/avatar\/9d55ae161d32da16dbdd0b380c080a5f?s=96&d=mm&r=g\",\"contentUrl\":\"https:\/\/secure.gravatar.com\/avatar\/9d55ae161d32da16dbdd0b380c080a5f?s=96&d=mm&r=g\",\"caption\":\"Direcci\u00f3n de Comunicaciones Fiscal\u00eda General de la Naci\u00f3n\"},\"url\":\"https:\/\/www.fiscalia.gov.co\/colombia\/author\/kbonilla\/\"}]}<\/script>\n<!-- \/ Yoast SEO plugin. -->","yoast_head_json":{"title":"Fiscal\u00eda General de la Naci\u00f3n","description":"P\u00e1gina oficial de la Fiscal\u00eda General de la Naci\u00f3n \u2013 Colombia. Garantizamos el acceso efectivo a la justicia, la verdad y la reparaci\u00f3n de las v\u00edctimas de los delitos.","robots":{"index":"noindex","follow":"follow"},"og_locale":"es_ES","og_type":"article","og_title":"Fiscal\u00eda General de la Naci\u00f3n","og_description":"P\u00e1gina oficial de la Fiscal\u00eda General de la Naci\u00f3n \u2013 Colombia. Garantizamos el acceso efectivo a la justicia, la verdad y la reparaci\u00f3n de las v\u00edctimas de los delitos.","og_url":"https:\/\/www.fiscalia.gov.co\/colombia\/noticias\/condenados-exjefes-paramilitares-por-crimenes-de-sindicalistas-en-el-magdalena-medio\/","og_site_name":"Fiscal\u00eda General de la Naci\u00f3n","article_publisher":"https:\/\/www.facebook.com\/FiscaliaCol","article_published_time":"2018-11-20T15:05:14+00:00","author":"Direcci\u00f3n de Comunicaciones Fiscal\u00eda General de la Naci\u00f3n","twitter_card":"summary_large_image","twitter_creator":"@FiscaliaCol","twitter_site":"@FiscaliaCol","twitter_misc":{"Escrito por":"Direcci\u00f3n de Comunicaciones Fiscal\u00eda General de la Naci\u00f3n","Tiempo de lectura":"3 minutos"},"schema":{"@context":"https:\/\/schema.org","@graph":[{"@type":"Article","@id":"https:\/\/www.fiscalia.gov.co\/colombia\/noticias\/condenados-exjefes-paramilitares-por-crimenes-de-sindicalistas-en-el-magdalena-medio\/#article","isPartOf":{"@id":"https:\/\/www.fiscalia.gov.co\/colombia\/noticias\/condenados-exjefes-paramilitares-por-crimenes-de-sindicalistas-en-el-magdalena-medio\/"},"author":{"name":"Direcci\u00f3n de Comunicaciones Fiscal\u00eda General de la Naci\u00f3n","@id":"https:\/\/www.fiscalia.gov.co\/colombia\/#\/schema\/person\/bf28d8ae7f1b287bbe3af484b04f43ea"},"headline":"Condenados exjefes paramilitares por cr\u00edmenes de sindicalistas en el Magdalena Medio","datePublished":"2018-11-20T15:05:14+00:00","dateModified":"2018-11-20T15:05:14+00:00","mainEntityOfPage":{"@id":"https:\/\/www.fiscalia.gov.co\/colombia\/noticias\/condenados-exjefes-paramilitares-por-crimenes-de-sindicalistas-en-el-magdalena-medio\/"},"wordCount":685,"publisher":{"@id":"https:\/\/www.fiscalia.gov.co\/colombia\/#organization"},"articleSection":["Derechos Humanos","Noticias"],"inLanguage":"es-CO"},{"@type":"WebPage","@id":"https:\/\/www.fiscalia.gov.co\/colombia\/noticias\/condenados-exjefes-paramilitares-por-crimenes-de-sindicalistas-en-el-magdalena-medio\/","url":"https:\/\/www.fiscalia.gov.co\/colombia\/noticias\/condenados-exjefes-paramilitares-por-crimenes-de-sindicalistas-en-el-magdalena-medio\/","name":"Fiscal\u00eda General de la Naci\u00f3n","isPartOf":{"@id":"https:\/\/www.fiscalia.gov.co\/colombia\/#website"},"datePublished":"2018-11-20T15:05:14+00:00","dateModified":"2018-11-20T15:05:14+00:00","description":"P\u00e1gina oficial de la Fiscal\u00eda General de la Naci\u00f3n \u2013 Colombia. Garantizamos el acceso efectivo a la justicia, la verdad y la reparaci\u00f3n de las v\u00edctimas de los delitos.","breadcrumb":{"@id":"https:\/\/www.fiscalia.gov.co\/colombia\/noticias\/condenados-exjefes-paramilitares-por-crimenes-de-sindicalistas-en-el-magdalena-medio\/#breadcrumb"},"inLanguage":"es-CO","potentialAction":[{"@type":"ReadAction","target":["https:\/\/www.fiscalia.gov.co\/colombia\/noticias\/condenados-exjefes-paramilitares-por-crimenes-de-sindicalistas-en-el-magdalena-medio\/"]}]},{"@type":"BreadcrumbList","@id":"https:\/\/www.fiscalia.gov.co\/colombia\/noticias\/condenados-exjefes-paramilitares-por-crimenes-de-sindicalistas-en-el-magdalena-medio\/#breadcrumb","itemListElement":[{"@type":"ListItem","position":1,"name":"Home","item":"https:\/\/www.fiscalia.gov.co\/colombia\/"},{"@type":"ListItem","position":2,"name":"Condenados exjefes paramilitares por cr\u00edmenes de sindicalistas en el Magdalena Medio"}]},{"@type":"WebSite","@id":"https:\/\/www.fiscalia.gov.co\/colombia\/#website","url":"https:\/\/www.fiscalia.gov.co\/colombia\/","name":"Fiscal\u00eda General de la Naci\u00f3n","description":"P\u00e1gina oficial de la Fiscal\u00eda General de la Naci\u00f3n \u2013 Colombia. Garantizamos el acceso efectivo a la justicia, la verdad y la reparaci\u00f3n de las v\u00edctimas de los delitos.","publisher":{"@id":"https:\/\/www.fiscalia.gov.co\/colombia\/#organization"},"potentialAction":[{"@type":"SearchAction","target":{"@type":"EntryPoint","urlTemplate":"https:\/\/www.fiscalia.gov.co\/colombia\/?s={search_term_string}"},"query-input":{"@type":"PropertyValueSpecification","valueRequired":true,"valueName":"search_term_string"}}],"inLanguage":"es-CO"},{"@type":"Organization","@id":"https:\/\/www.fiscalia.gov.co\/colombia\/#organization","name":"Fiscal\u00eda General de la Naci\u00f3n","url":"https:\/\/www.fiscalia.gov.co\/colombia\/","logo":{"@type":"ImageObject","inLanguage":"es-CO","@id":"https:\/\/www.fiscalia.gov.co\/colombia\/#\/schema\/logo\/image\/","url":"https:\/\/www.fiscalia.gov.co\/colombia\/wp-content\/uploads\/LogoHorizontal_1.jpg","contentUrl":"https:\/\/www.fiscalia.gov.co\/colombia\/wp-content\/uploads\/LogoHorizontal_1.jpg","width":300,"height":90,"caption":"Fiscal\u00eda General de la Naci\u00f3n"},"image":{"@id":"https:\/\/www.fiscalia.gov.co\/colombia\/#\/schema\/logo\/image\/"},"sameAs":["https:\/\/www.facebook.com\/FiscaliaCol","https:\/\/x.com\/FiscaliaCol","https:\/\/www.instagram.com\/fiscaliacol","https:\/\/www.linkedin.com\/company\/fiscalia-general-de-la-naci-n\/","https:\/\/youtube.com\/@fiscaliageneraldelanacion-4668?si=6nN79nyQICPU5iTh"]},{"@type":"Person","@id":"https:\/\/www.fiscalia.gov.co\/colombia\/#\/schema\/person\/bf28d8ae7f1b287bbe3af484b04f43ea","name":"Direcci\u00f3n de Comunicaciones Fiscal\u00eda General de la Naci\u00f3n","image":{"@type":"ImageObject","inLanguage":"es-CO","@id":"https:\/\/www.fiscalia.gov.co\/colombia\/#\/schema\/person\/image\/","url":"https:\/\/secure.gravatar.com\/avatar\/9d55ae161d32da16dbdd0b380c080a5f?s=96&d=mm&r=g","contentUrl":"https:\/\/secure.gravatar.com\/avatar\/9d55ae161d32da16dbdd0b380c080a5f?s=96&d=mm&r=g","caption":"Direcci\u00f3n de Comunicaciones Fiscal\u00eda General de la Naci\u00f3n"},"url":"https:\/\/www.fiscalia.gov.co\/colombia\/author\/kbonilla\/"}]}},"_links":{"self":[{"href":"https:\/\/www.fiscalia.gov.co\/colombia\/wp-json\/wp\/v2\/posts\/172424","targetHints":{"allow":["GET"]}}],"collection":[{"href":"https:\/\/www.fiscalia.gov.co\/colombia\/wp-json\/wp\/v2\/posts"}],"about":[{"href":"https:\/\/www.fiscalia.gov.co\/colombia\/wp-json\/wp\/v2\/types\/post"}],"author":[{"embeddable":true,"href":"https:\/\/www.fiscalia.gov.co\/colombia\/wp-json\/wp\/v2\/users\/162"}],"replies":[{"embeddable":true,"href":"https:\/\/www.fiscalia.gov.co\/colombia\/wp-json\/wp\/v2\/comments?post=172424"}],"version-history":[{"count":1,"href":"https:\/\/www.fiscalia.gov.co\/colombia\/wp-json\/wp\/v2\/posts\/172424\/revisions"}],"predecessor-version":[{"id":172425,"href":"https:\/\/www.fiscalia.gov.co\/colombia\/wp-json\/wp\/v2\/posts\/172424\/revisions\/172425"}],"wp:attachment":[{"href":"https:\/\/www.fiscalia.gov.co\/colombia\/wp-json\/wp\/v2\/media?parent=172424"}],"wp:term":[{"taxonomy":"category","embeddable":true,"href":"https:\/\/www.fiscalia.gov.co\/colombia\/wp-json\/wp\/v2\/categories?post=172424"},{"taxonomy":"post_tag","embeddable":true,"href":"https:\/\/www.fiscalia.gov.co\/colombia\/wp-json\/wp\/v2\/tags?post=172424"}],"curies":[{"name":"wp","href":"https:\/\/api.w.org\/{rel}","templated":true}]}}