{"id":172319,"date":"2018-11-19T10:48:51","date_gmt":"2018-11-19T15:48:51","guid":{"rendered":"https:\/\/www.fiscalia.gov.co\/colombia\/?p=172319"},"modified":"2018-11-19T10:48:51","modified_gmt":"2018-11-19T15:48:51","slug":"ante-un-juez-penal-16-presuntos-integrantes-de-la-banda-los-cucos-de-tulua","status":"publish","type":"post","link":"https:\/\/www.fiscalia.gov.co\/colombia\/seccionales\/ante-un-juez-penal-16-presuntos-integrantes-de-la-banda-los-cucos-de-tulua\/","title":{"rendered":"Ante un juez penal 16 presuntos integrantes de la banda \u2018Los Cucos\u2019 de Tulu\u00e1"},"content":{"rendered":"<p><em>A trav\u00e9s de la recolecci\u00f3n de material probatorio la Fiscal\u00eda logr\u00f3 vincular un homicidio ocurrido en el 2017, cuyo m\u00f3vil fue la disputa por el control territorial de la distribuci\u00f3n de drogas.<\/em><\/p>\n<p>Durante 21 diligencias de registro y allanamiento, servidores del Cuerpo T\u00e9cnico de Investigaci\u00f3n (CTI) de la Fiscal\u00eda, conjuntamente con unidades de la Sijin de la Polic\u00eda Nacional, capturaron a 16 presuntos integrantes de la banda \u2018Los Cucos\u2019.<\/p>\n<p>De acuerdo con las investigaciones, la organizaci\u00f3n criminal estaba dedicada a la venta y comercializaci\u00f3n de marihuana, coca\u00edna y bazuco en el corregimiento de Agua Clara, el barrio Bosques de Maracaibo y el sector de la Avenida Cali de este municipio.<\/p>\n<p>Adem\u00e1s, las autoridades, a trav\u00e9s de la recolecci\u00f3n de evidencias y material probatorio vincularon un homicidio ocurrido en 2017 con la organizaci\u00f3n, cuyo m\u00f3vil fue la disputa por el control territorial de la distribuci\u00f3n de drogas.<\/p>\n<p>Durante la investigaci\u00f3n la Fiscal\u00eda Seccional cont\u00f3 con el apoyo de la Sala Zeus de control Telem\u00e1tico del CTI Valle, y la sala\u00a0 de control Telem\u00e1tico del CTI Armenia, Quind\u00edo.<\/p>\n<p>Los capturados fueron identificados como:<\/p>\n<p>Luisa Fernanda Angulo, alias Sombra; Cindy Elena Sinisterra Vel\u00e1zquez, alias Cindy; V\u00edctor Manuel Mej\u00eda Romero, alias\u00a0\u00a0Gufy; Diego Fernando Angulo, alias Diego; Cristian Andr\u00e9s Pedroza Escobar, alias\u00a0Cristian; Madeleine Mart\u00ednez Berm\u00fadez,\u00a0alias\u00a0La Ratona; Jonathan Largo Villano,\u00a0alias Coco; Guillermo Vallecillo Siniestra, alias Chimba; Walther Materon Plaza, alias Materon; Jes\u00fas David Narv\u00e1ez \u00c1lvarez, alias\u00a0Chuchito; Claudia Milena Vel\u00e1zquez, alias La Clau; Haider\u00a0 Dorance Su\u00e1rez Guapacha, alias Melky; \u00c9dgar Andr\u00e9s Conde, alias Care Cuaderno; Wilmer Alexis Molina Pati\u00f1o, alias Mexicano; Jos\u00e9 Wilmer Ru\u00edz Rodr\u00edguez,\u00a0alias Mime; y Brayan\u00a0 Alex\u00e1nder Romero Usaqu\u00e9n, alias P\u00e1jaro.<\/p>\n<p>Durante las diligencias de allanamiento se incaut\u00f3:<\/p>\n<ul>\n<li>Marihuana<\/li>\n<li>Una motocicleta<\/li>\n<li>14 tel\u00e9fonos celulares.<\/li>\n<li>Un mill\u00f3n doscientos cuarenta mil pesos ($1.240.000)<\/li>\n<\/ul>\n<p>En la ofensiva contra la banda \u2018Los Cucos\u2019, el ente investigador captur\u00f3 26 personas, de 37 que eran solicitadas por la autoridad competente.<\/p>\n<p>En las pr\u00f3ximas horas la Fiscal\u00eda le solicitar\u00e1 al juez penal municipal la legalizaci\u00f3n de las16 presuntos integrantes de \u2018Los Cucos\u2019 y les imputar\u00e1 cargos como coautores responsables de los delitos de concierto para delinquir en concurso con fabricaci\u00f3n, tr\u00e1fico y porte de estupefacientes y homicidio.<\/p>\n<p>La Fiscal\u00eda General de la Naci\u00f3n publica esta informaci\u00f3n por considerarla de inter\u00e9s general.<\/p>\n<p>JGPV\/MAGA<\/p>\n\n<div class=\"twitter-share\"><a href=\"https:\/\/twitter.com\/intent\/tweet?via=fiscaliacol\" class=\"twitter-share-button\">Tweet<\/a><\/div>\n","protected":false},"excerpt":{"rendered":"<p>A trav\u00e9s de la recolecci\u00f3n de material probatorio la Fiscal\u00eda logr\u00f3 vincular un homicidio ocurrido en el 2017, cuyo m\u00f3vil fue la disputa por el control territorial de la distribuci\u00f3n de drogas. Durante 21 diligencias de registro y allanamiento, servidores del Cuerpo T\u00e9cnico de Investigaci\u00f3n (CTI) de la Fiscal\u00eda, conjuntamente con unidades de la Sijin [&hellip;]<\/p>\n","protected":false},"author":162,"featured_media":0,"comment_status":"closed","ping_status":"open","sticky":false,"template":"","format":"standard","meta":{"tdm_status":"","tdm_grid_status":"","footnotes":""},"categories":[324,303,24099],"tags":[],"class_list":{"0":"post-172319","1":"post","2":"type-post","3":"status-publish","4":"format-standard","6":"category-seccional-cali","7":"category-seccionales","8":"category-seguridad-territorial"},"yoast_head":"<!-- This site is optimized with the Yoast SEO plugin v24.3 - https:\/\/yoast.com\/wordpress\/plugins\/seo\/ -->\n<title>Fiscal\u00eda General de la Naci\u00f3n<\/title>\n<meta name=\"description\" content=\"P\u00e1gina oficial de la Fiscal\u00eda General de la Naci\u00f3n \u2013 Colombia. Garantizamos el acceso efectivo a la justicia, la verdad y la reparaci\u00f3n de las v\u00edctimas de los delitos.\" \/>\n<meta name=\"robots\" content=\"noindex, follow\" \/>\n<meta property=\"og:locale\" content=\"es_ES\" \/>\n<meta property=\"og:type\" content=\"article\" \/>\n<meta property=\"og:title\" content=\"Fiscal\u00eda General de la Naci\u00f3n\" \/>\n<meta property=\"og:description\" content=\"P\u00e1gina oficial de la Fiscal\u00eda General de la Naci\u00f3n \u2013 Colombia. Garantizamos el acceso efectivo a la justicia, la verdad y la reparaci\u00f3n de las v\u00edctimas de los delitos.\" \/>\n<meta property=\"og:url\" content=\"https:\/\/www.fiscalia.gov.co\/colombia\/seccionales\/ante-un-juez-penal-16-presuntos-integrantes-de-la-banda-los-cucos-de-tulua\/\" \/>\n<meta property=\"og:site_name\" content=\"Fiscal\u00eda General de la Naci\u00f3n\" \/>\n<meta property=\"article:publisher\" content=\"https:\/\/www.facebook.com\/FiscaliaCol\" \/>\n<meta property=\"article:published_time\" content=\"2018-11-19T15:48:51+00:00\" \/>\n<meta name=\"author\" content=\"Direcci\u00f3n de Comunicaciones Fiscal\u00eda General de la Naci\u00f3n\" \/>\n<meta name=\"twitter:card\" content=\"summary_large_image\" \/>\n<meta name=\"twitter:creator\" content=\"@FiscaliaCol\" \/>\n<meta name=\"twitter:site\" content=\"@FiscaliaCol\" \/>\n<meta name=\"twitter:label1\" content=\"Escrito por\" \/>\n\t<meta name=\"twitter:data1\" content=\"Direcci\u00f3n de Comunicaciones Fiscal\u00eda General de la Naci\u00f3n\" \/>\n\t<meta name=\"twitter:label2\" content=\"Tiempo de lectura\" \/>\n\t<meta name=\"twitter:data2\" content=\"2 minutos\" \/>\n<script type=\"application\/ld+json\" class=\"yoast-schema-graph\">{\"@context\":\"https:\/\/schema.org\",\"@graph\":[{\"@type\":\"Article\",\"@id\":\"https:\/\/www.fiscalia.gov.co\/colombia\/seccionales\/ante-un-juez-penal-16-presuntos-integrantes-de-la-banda-los-cucos-de-tulua\/#article\",\"isPartOf\":{\"@id\":\"https:\/\/www.fiscalia.gov.co\/colombia\/seccionales\/ante-un-juez-penal-16-presuntos-integrantes-de-la-banda-los-cucos-de-tulua\/\"},\"author\":{\"name\":\"Direcci\u00f3n de Comunicaciones Fiscal\u00eda General de la Naci\u00f3n\",\"@id\":\"https:\/\/www.fiscalia.gov.co\/colombia\/#\/schema\/person\/bf28d8ae7f1b287bbe3af484b04f43ea\"},\"headline\":\"Ante un juez penal 16 presuntos integrantes de la banda \u2018Los Cucos\u2019 de Tulu\u00e1\",\"datePublished\":\"2018-11-19T15:48:51+00:00\",\"dateModified\":\"2018-11-19T15:48:51+00:00\",\"mainEntityOfPage\":{\"@id\":\"https:\/\/www.fiscalia.gov.co\/colombia\/seccionales\/ante-un-juez-penal-16-presuntos-integrantes-de-la-banda-los-cucos-de-tulua\/\"},\"wordCount\":434,\"publisher\":{\"@id\":\"https:\/\/www.fiscalia.gov.co\/colombia\/#organization\"},\"articleSection\":[\"Seccional Cali\",\"Seccionales\",\"Seguridad territorial\"],\"inLanguage\":\"es-CO\"},{\"@type\":\"WebPage\",\"@id\":\"https:\/\/www.fiscalia.gov.co\/colombia\/seccionales\/ante-un-juez-penal-16-presuntos-integrantes-de-la-banda-los-cucos-de-tulua\/\",\"url\":\"https:\/\/www.fiscalia.gov.co\/colombia\/seccionales\/ante-un-juez-penal-16-presuntos-integrantes-de-la-banda-los-cucos-de-tulua\/\",\"name\":\"Fiscal\u00eda General de la Naci\u00f3n\",\"isPartOf\":{\"@id\":\"https:\/\/www.fiscalia.gov.co\/colombia\/#website\"},\"datePublished\":\"2018-11-19T15:48:51+00:00\",\"dateModified\":\"2018-11-19T15:48:51+00:00\",\"description\":\"P\u00e1gina oficial de la Fiscal\u00eda General de la Naci\u00f3n \u2013 Colombia. Garantizamos el acceso efectivo a la justicia, la verdad y la reparaci\u00f3n de las v\u00edctimas de los delitos.\",\"breadcrumb\":{\"@id\":\"https:\/\/www.fiscalia.gov.co\/colombia\/seccionales\/ante-un-juez-penal-16-presuntos-integrantes-de-la-banda-los-cucos-de-tulua\/#breadcrumb\"},\"inLanguage\":\"es-CO\",\"potentialAction\":[{\"@type\":\"ReadAction\",\"target\":[\"https:\/\/www.fiscalia.gov.co\/colombia\/seccionales\/ante-un-juez-penal-16-presuntos-integrantes-de-la-banda-los-cucos-de-tulua\/\"]}]},{\"@type\":\"BreadcrumbList\",\"@id\":\"https:\/\/www.fiscalia.gov.co\/colombia\/seccionales\/ante-un-juez-penal-16-presuntos-integrantes-de-la-banda-los-cucos-de-tulua\/#breadcrumb\",\"itemListElement\":[{\"@type\":\"ListItem\",\"position\":1,\"name\":\"Home\",\"item\":\"https:\/\/www.fiscalia.gov.co\/colombia\/\"},{\"@type\":\"ListItem\",\"position\":2,\"name\":\"Ante un juez penal 16 presuntos integrantes de la banda \u2018Los Cucos\u2019 de Tulu\u00e1\"}]},{\"@type\":\"WebSite\",\"@id\":\"https:\/\/www.fiscalia.gov.co\/colombia\/#website\",\"url\":\"https:\/\/www.fiscalia.gov.co\/colombia\/\",\"name\":\"Fiscal\u00eda General de la Naci\u00f3n\",\"description\":\"P\u00e1gina oficial de la Fiscal\u00eda General de la Naci\u00f3n \u2013 Colombia. Garantizamos el acceso efectivo a la justicia, la verdad y la reparaci\u00f3n de las v\u00edctimas de los delitos.\",\"publisher\":{\"@id\":\"https:\/\/www.fiscalia.gov.co\/colombia\/#organization\"},\"potentialAction\":[{\"@type\":\"SearchAction\",\"target\":{\"@type\":\"EntryPoint\",\"urlTemplate\":\"https:\/\/www.fiscalia.gov.co\/colombia\/?s={search_term_string}\"},\"query-input\":{\"@type\":\"PropertyValueSpecification\",\"valueRequired\":true,\"valueName\":\"search_term_string\"}}],\"inLanguage\":\"es-CO\"},{\"@type\":\"Organization\",\"@id\":\"https:\/\/www.fiscalia.gov.co\/colombia\/#organization\",\"name\":\"Fiscal\u00eda General de la Naci\u00f3n\",\"url\":\"https:\/\/www.fiscalia.gov.co\/colombia\/\",\"logo\":{\"@type\":\"ImageObject\",\"inLanguage\":\"es-CO\",\"@id\":\"https:\/\/www.fiscalia.gov.co\/colombia\/#\/schema\/logo\/image\/\",\"url\":\"https:\/\/www.fiscalia.gov.co\/colombia\/wp-content\/uploads\/LogoHorizontal_1.jpg\",\"contentUrl\":\"https:\/\/www.fiscalia.gov.co\/colombia\/wp-content\/uploads\/LogoHorizontal_1.jpg\",\"width\":300,\"height\":90,\"caption\":\"Fiscal\u00eda General de la Naci\u00f3n\"},\"image\":{\"@id\":\"https:\/\/www.fiscalia.gov.co\/colombia\/#\/schema\/logo\/image\/\"},\"sameAs\":[\"https:\/\/www.facebook.com\/FiscaliaCol\",\"https:\/\/x.com\/FiscaliaCol\",\"https:\/\/www.instagram.com\/fiscaliacol\",\"https:\/\/www.linkedin.com\/company\/fiscalia-general-de-la-naci-n\/\",\"https:\/\/youtube.com\/@fiscaliageneraldelanacion-4668?si=6nN79nyQICPU5iTh\"]},{\"@type\":\"Person\",\"@id\":\"https:\/\/www.fiscalia.gov.co\/colombia\/#\/schema\/person\/bf28d8ae7f1b287bbe3af484b04f43ea\",\"name\":\"Direcci\u00f3n de Comunicaciones Fiscal\u00eda General de la Naci\u00f3n\",\"image\":{\"@type\":\"ImageObject\",\"inLanguage\":\"es-CO\",\"@id\":\"https:\/\/www.fiscalia.gov.co\/colombia\/#\/schema\/person\/image\/\",\"url\":\"https:\/\/secure.gravatar.com\/avatar\/9d55ae161d32da16dbdd0b380c080a5f?s=96&d=mm&r=g\",\"contentUrl\":\"https:\/\/secure.gravatar.com\/avatar\/9d55ae161d32da16dbdd0b380c080a5f?s=96&d=mm&r=g\",\"caption\":\"Direcci\u00f3n de Comunicaciones Fiscal\u00eda General de la Naci\u00f3n\"},\"url\":\"https:\/\/www.fiscalia.gov.co\/colombia\/author\/kbonilla\/\"}]}<\/script>\n<!-- \/ Yoast SEO plugin. -->","yoast_head_json":{"title":"Fiscal\u00eda General de la Naci\u00f3n","description":"P\u00e1gina oficial de la Fiscal\u00eda General de la Naci\u00f3n \u2013 Colombia. Garantizamos el acceso efectivo a la justicia, la verdad y la reparaci\u00f3n de las v\u00edctimas de los delitos.","robots":{"index":"noindex","follow":"follow"},"og_locale":"es_ES","og_type":"article","og_title":"Fiscal\u00eda General de la Naci\u00f3n","og_description":"P\u00e1gina oficial de la Fiscal\u00eda General de la Naci\u00f3n \u2013 Colombia. Garantizamos el acceso efectivo a la justicia, la verdad y la reparaci\u00f3n de las v\u00edctimas de los delitos.","og_url":"https:\/\/www.fiscalia.gov.co\/colombia\/seccionales\/ante-un-juez-penal-16-presuntos-integrantes-de-la-banda-los-cucos-de-tulua\/","og_site_name":"Fiscal\u00eda General de la Naci\u00f3n","article_publisher":"https:\/\/www.facebook.com\/FiscaliaCol","article_published_time":"2018-11-19T15:48:51+00:00","author":"Direcci\u00f3n de Comunicaciones Fiscal\u00eda General de la Naci\u00f3n","twitter_card":"summary_large_image","twitter_creator":"@FiscaliaCol","twitter_site":"@FiscaliaCol","twitter_misc":{"Escrito por":"Direcci\u00f3n de Comunicaciones Fiscal\u00eda General de la Naci\u00f3n","Tiempo de lectura":"2 minutos"},"schema":{"@context":"https:\/\/schema.org","@graph":[{"@type":"Article","@id":"https:\/\/www.fiscalia.gov.co\/colombia\/seccionales\/ante-un-juez-penal-16-presuntos-integrantes-de-la-banda-los-cucos-de-tulua\/#article","isPartOf":{"@id":"https:\/\/www.fiscalia.gov.co\/colombia\/seccionales\/ante-un-juez-penal-16-presuntos-integrantes-de-la-banda-los-cucos-de-tulua\/"},"author":{"name":"Direcci\u00f3n de Comunicaciones Fiscal\u00eda General de la Naci\u00f3n","@id":"https:\/\/www.fiscalia.gov.co\/colombia\/#\/schema\/person\/bf28d8ae7f1b287bbe3af484b04f43ea"},"headline":"Ante un juez penal 16 presuntos integrantes de la banda \u2018Los Cucos\u2019 de Tulu\u00e1","datePublished":"2018-11-19T15:48:51+00:00","dateModified":"2018-11-19T15:48:51+00:00","mainEntityOfPage":{"@id":"https:\/\/www.fiscalia.gov.co\/colombia\/seccionales\/ante-un-juez-penal-16-presuntos-integrantes-de-la-banda-los-cucos-de-tulua\/"},"wordCount":434,"publisher":{"@id":"https:\/\/www.fiscalia.gov.co\/colombia\/#organization"},"articleSection":["Seccional Cali","Seccionales","Seguridad territorial"],"inLanguage":"es-CO"},{"@type":"WebPage","@id":"https:\/\/www.fiscalia.gov.co\/colombia\/seccionales\/ante-un-juez-penal-16-presuntos-integrantes-de-la-banda-los-cucos-de-tulua\/","url":"https:\/\/www.fiscalia.gov.co\/colombia\/seccionales\/ante-un-juez-penal-16-presuntos-integrantes-de-la-banda-los-cucos-de-tulua\/","name":"Fiscal\u00eda General de la Naci\u00f3n","isPartOf":{"@id":"https:\/\/www.fiscalia.gov.co\/colombia\/#website"},"datePublished":"2018-11-19T15:48:51+00:00","dateModified":"2018-11-19T15:48:51+00:00","description":"P\u00e1gina oficial de la Fiscal\u00eda General de la Naci\u00f3n \u2013 Colombia. Garantizamos el acceso efectivo a la justicia, la verdad y la reparaci\u00f3n de las v\u00edctimas de los delitos.","breadcrumb":{"@id":"https:\/\/www.fiscalia.gov.co\/colombia\/seccionales\/ante-un-juez-penal-16-presuntos-integrantes-de-la-banda-los-cucos-de-tulua\/#breadcrumb"},"inLanguage":"es-CO","potentialAction":[{"@type":"ReadAction","target":["https:\/\/www.fiscalia.gov.co\/colombia\/seccionales\/ante-un-juez-penal-16-presuntos-integrantes-de-la-banda-los-cucos-de-tulua\/"]}]},{"@type":"BreadcrumbList","@id":"https:\/\/www.fiscalia.gov.co\/colombia\/seccionales\/ante-un-juez-penal-16-presuntos-integrantes-de-la-banda-los-cucos-de-tulua\/#breadcrumb","itemListElement":[{"@type":"ListItem","position":1,"name":"Home","item":"https:\/\/www.fiscalia.gov.co\/colombia\/"},{"@type":"ListItem","position":2,"name":"Ante un juez penal 16 presuntos integrantes de la banda \u2018Los Cucos\u2019 de Tulu\u00e1"}]},{"@type":"WebSite","@id":"https:\/\/www.fiscalia.gov.co\/colombia\/#website","url":"https:\/\/www.fiscalia.gov.co\/colombia\/","name":"Fiscal\u00eda General de la Naci\u00f3n","description":"P\u00e1gina oficial de la Fiscal\u00eda General de la Naci\u00f3n \u2013 Colombia. Garantizamos el acceso efectivo a la justicia, la verdad y la reparaci\u00f3n de las v\u00edctimas de los delitos.","publisher":{"@id":"https:\/\/www.fiscalia.gov.co\/colombia\/#organization"},"potentialAction":[{"@type":"SearchAction","target":{"@type":"EntryPoint","urlTemplate":"https:\/\/www.fiscalia.gov.co\/colombia\/?s={search_term_string}"},"query-input":{"@type":"PropertyValueSpecification","valueRequired":true,"valueName":"search_term_string"}}],"inLanguage":"es-CO"},{"@type":"Organization","@id":"https:\/\/www.fiscalia.gov.co\/colombia\/#organization","name":"Fiscal\u00eda General de la Naci\u00f3n","url":"https:\/\/www.fiscalia.gov.co\/colombia\/","logo":{"@type":"ImageObject","inLanguage":"es-CO","@id":"https:\/\/www.fiscalia.gov.co\/colombia\/#\/schema\/logo\/image\/","url":"https:\/\/www.fiscalia.gov.co\/colombia\/wp-content\/uploads\/LogoHorizontal_1.jpg","contentUrl":"https:\/\/www.fiscalia.gov.co\/colombia\/wp-content\/uploads\/LogoHorizontal_1.jpg","width":300,"height":90,"caption":"Fiscal\u00eda General de la Naci\u00f3n"},"image":{"@id":"https:\/\/www.fiscalia.gov.co\/colombia\/#\/schema\/logo\/image\/"},"sameAs":["https:\/\/www.facebook.com\/FiscaliaCol","https:\/\/x.com\/FiscaliaCol","https:\/\/www.instagram.com\/fiscaliacol","https:\/\/www.linkedin.com\/company\/fiscalia-general-de-la-naci-n\/","https:\/\/youtube.com\/@fiscaliageneraldelanacion-4668?si=6nN79nyQICPU5iTh"]},{"@type":"Person","@id":"https:\/\/www.fiscalia.gov.co\/colombia\/#\/schema\/person\/bf28d8ae7f1b287bbe3af484b04f43ea","name":"Direcci\u00f3n de Comunicaciones Fiscal\u00eda General de la Naci\u00f3n","image":{"@type":"ImageObject","inLanguage":"es-CO","@id":"https:\/\/www.fiscalia.gov.co\/colombia\/#\/schema\/person\/image\/","url":"https:\/\/secure.gravatar.com\/avatar\/9d55ae161d32da16dbdd0b380c080a5f?s=96&d=mm&r=g","contentUrl":"https:\/\/secure.gravatar.com\/avatar\/9d55ae161d32da16dbdd0b380c080a5f?s=96&d=mm&r=g","caption":"Direcci\u00f3n de Comunicaciones Fiscal\u00eda General de la Naci\u00f3n"},"url":"https:\/\/www.fiscalia.gov.co\/colombia\/author\/kbonilla\/"}]}},"_links":{"self":[{"href":"https:\/\/www.fiscalia.gov.co\/colombia\/wp-json\/wp\/v2\/posts\/172319","targetHints":{"allow":["GET"]}}],"collection":[{"href":"https:\/\/www.fiscalia.gov.co\/colombia\/wp-json\/wp\/v2\/posts"}],"about":[{"href":"https:\/\/www.fiscalia.gov.co\/colombia\/wp-json\/wp\/v2\/types\/post"}],"author":[{"embeddable":true,"href":"https:\/\/www.fiscalia.gov.co\/colombia\/wp-json\/wp\/v2\/users\/162"}],"replies":[{"embeddable":true,"href":"https:\/\/www.fiscalia.gov.co\/colombia\/wp-json\/wp\/v2\/comments?post=172319"}],"version-history":[{"count":2,"href":"https:\/\/www.fiscalia.gov.co\/colombia\/wp-json\/wp\/v2\/posts\/172319\/revisions"}],"predecessor-version":[{"id":172321,"href":"https:\/\/www.fiscalia.gov.co\/colombia\/wp-json\/wp\/v2\/posts\/172319\/revisions\/172321"}],"wp:attachment":[{"href":"https:\/\/www.fiscalia.gov.co\/colombia\/wp-json\/wp\/v2\/media?parent=172319"}],"wp:term":[{"taxonomy":"category","embeddable":true,"href":"https:\/\/www.fiscalia.gov.co\/colombia\/wp-json\/wp\/v2\/categories?post=172319"},{"taxonomy":"post_tag","embeddable":true,"href":"https:\/\/www.fiscalia.gov.co\/colombia\/wp-json\/wp\/v2\/tags?post=172319"}],"curies":[{"name":"wp","href":"https:\/\/api.w.org\/{rel}","templated":true}]}}