{"id":172172,"date":"2018-11-14T09:48:56","date_gmt":"2018-11-14T14:48:56","guid":{"rendered":"https:\/\/www.fiscalia.gov.co\/colombia\/?p=172172"},"modified":"2018-11-14T09:48:56","modified_gmt":"2018-11-14T14:48:56","slug":"fiscalia-apelo-libertad-otorgada-por-juez-a-5-personas-por-supuestas-irregularidades-en-un-proceso-de-sucesion","status":"publish","type":"post","link":"https:\/\/www.fiscalia.gov.co\/colombia\/seccionales\/fiscalia-apelo-libertad-otorgada-por-juez-a-5-personas-por-supuestas-irregularidades-en-un-proceso-de-sucesion\/","title":{"rendered":"Fiscal\u00eda apel\u00f3 libertad otorgada por juez a 5 personas por supuestas irregularidades en un proceso de sucesi\u00f3n"},"content":{"rendered":"<p><em><u>Un juez, dos exjueces y dos civiles no fueron objeto de medida de aseguramiento. Un juez, en segunda instancia, resolver\u00e1 la apelaci\u00f3n interpuesta por la Fiscal\u00eda.<\/u><\/em><\/p>\n<p>Ante un juez de segunda instancia se resolver\u00e1 el recurso de apelaci\u00f3n interpuesto por la Fiscal\u00eda General de la Naci\u00f3n, por la no imposici\u00f3n de la medida de aseguramiento contra cinco personas se\u00f1aladas de supuestas irregularidades en un proceso de sucesi\u00f3n en Cali (Valle del Cauca).<\/p>\n<p>Luego de cinco d\u00edas de audiencias concentradas el Juzgado 29 de control de garant\u00edas, aunque imparti\u00f3 legalidad a las capturas, allanamientos, interceptaciones, vigilancias y aval\u00f3 la formulaci\u00f3n de cargos de la Fiscal\u00eda, contra los hoy imputados, determin\u00f3 que no era necesaria una medida de aseguramiento para Ricardo Estrada, juez 9 de familia; Guillermo Arias Mar\u00edn y Marco Aurelio Calle Rojas, exjueces 10 y 4 de familia; as\u00ed como a las hermanas Sonia y Margarita Z\u00fa\u00f1iga Caicedo. Sin embargo, estas personas contin\u00faan vinculadas al proceso. El juez Estrada contin\u00faa bajo detenci\u00f3n domiciliaria por otros hechos.<\/p>\n<p>Aunque el juez reconoci\u00f3 la gravedad de los hechos y que s\u00ed hab\u00eda inferencia razonable sobre la posible comisi\u00f3n de los delitos, posteriormente adujo que faltaba m\u00e1s por investigar.<\/p>\n<p>Para la Fiscal\u00eda, el s\u00f3lo hecho de reconocer la existencia de inferencia razonable de autor\u00eda y adem\u00e1s de cumplirse varios de los fines constitucionales, eran entre otros, suficiente argumentos para imponer medida de aseguramiento.<\/p>\n<p>Seg\u00fan interceptaciones presentadas por el fiscal del caso Estrada, quien estando en detenci\u00f3n domiciliaria, ser\u00eda quien continuaba con acciones de manipulaci\u00f3n\u00a0 de testigos, mandaba a borrar archivos que quedaron en el computador, as\u00ed como obtener elementos probatorios del despacho del juzgado 20 de familia.<\/p>\n<p>Miembros de la Dijin de la Polic\u00eda Nacional capturaron a los hoy procesados con orden judicial, el 7 de noviembre \u00faltimo.<\/p>\n<p>De acuerdo con la investigaci\u00f3n, coordinada por un fiscal delegado ante el Tribunal Superior de la capital vallecaucana, los hoy capturados se habr\u00edan puesto de acuerdo para la comisi\u00f3n de conductas il\u00edcitas que permitir\u00edan apoderarse de la totalidad de unos bienes, dentro de un proceso de sucesi\u00f3n\u00a0 que involucra 11 inmuebles ubicados en zonas comerciales de Cali y varios bienes muebles que superan los 4 mil millones de pesos ($4.000.000.000).<\/p>\n<p>Seg\u00fan la Fiscal\u00eda, al parecer, el Juez Noveno de Familia, quien se encuentra inmerso en un proceso por prevaricato por acci\u00f3n, en otro caso que se adelanta en Bogot\u00e1, gozaba de detenci\u00f3n domiciliaria y, al parecer, desde su residencia segu\u00eda reuni\u00e9ndose y orquestando conductas il\u00edcitas dentro del actual caso de sucesi\u00f3n, como presunto determinador.<\/p>\n<p>En desarrollo de las audiencias preliminares, la Fiscal\u00eda les formul\u00f3 cargos por los delitos de prevaricato por acci\u00f3n, constre\u00f1imiento ilegal, fraude procesal, entre otros.<\/p>\n<p>La audiencia de apelaci\u00f3n se llevar\u00e1 a cabo en los pr\u00f3ximos d\u00edas seg\u00fan la agenda de los jueces del circuito de Cali.<\/p>\n<p>La Fiscal\u00eda General de la Naci\u00f3n publica esta informaci\u00f3n por considerarla de inter\u00e9s general.<\/p>\n<p>&nbsp;<\/p>\n<p>MAP\/MAGA<\/p>\n\n<div class=\"twitter-share\"><a href=\"https:\/\/twitter.com\/intent\/tweet?via=fiscaliacol\" class=\"twitter-share-button\">Tweet<\/a><\/div>\n","protected":false},"excerpt":{"rendered":"<p>Un juez, dos exjueces y dos civiles no fueron objeto de medida de aseguramiento. Un juez, en segunda instancia, resolver\u00e1 la apelaci\u00f3n interpuesta por la Fiscal\u00eda. Ante un juez de [&hellip;]<\/p>\n","protected":false},"author":162,"featured_media":0,"comment_status":"closed","ping_status":"open","sticky":false,"template":"","format":"standard","meta":{"tdm_status":"","tdm_grid_status":"","footnotes":""},"categories":[24107,324,303],"tags":[],"class_list":["post-172172","post","type-post","status-publish","format-standard","category-lucha-contra-corrupcion","category-seccional-cali","category-seccionales"],"yoast_head":"<!-- This site is optimized with the Yoast SEO plugin v24.3 - https:\/\/yoast.com\/wordpress\/plugins\/seo\/ -->\n<title>Fiscal\u00eda General de la Naci\u00f3n<\/title>\n<meta name=\"description\" content=\"P\u00e1gina oficial de la Fiscal\u00eda General de la Naci\u00f3n \u2013 Colombia. Garantizamos el acceso efectivo a la justicia, la verdad y la reparaci\u00f3n de las v\u00edctimas de los delitos.\" \/>\n<meta name=\"robots\" content=\"noindex, follow\" \/>\n<meta property=\"og:locale\" content=\"es_ES\" \/>\n<meta property=\"og:type\" content=\"article\" \/>\n<meta property=\"og:title\" content=\"Fiscal\u00eda General de la Naci\u00f3n\" \/>\n<meta property=\"og:description\" content=\"P\u00e1gina oficial de la Fiscal\u00eda General de la Naci\u00f3n \u2013 Colombia. Garantizamos el acceso efectivo a la justicia, la verdad y la reparaci\u00f3n de las v\u00edctimas de los delitos.\" \/>\n<meta property=\"og:url\" content=\"https:\/\/www.fiscalia.gov.co\/colombia\/seccionales\/fiscalia-apelo-libertad-otorgada-por-juez-a-5-personas-por-supuestas-irregularidades-en-un-proceso-de-sucesion\/\" \/>\n<meta property=\"og:site_name\" content=\"Fiscal\u00eda General de la Naci\u00f3n\" \/>\n<meta property=\"article:publisher\" content=\"https:\/\/www.facebook.com\/FiscaliaCol\" \/>\n<meta property=\"article:published_time\" content=\"2018-11-14T14:48:56+00:00\" \/>\n<meta name=\"author\" content=\"Direcci\u00f3n de Comunicaciones Fiscal\u00eda General de la Naci\u00f3n\" \/>\n<meta name=\"twitter:card\" content=\"summary_large_image\" \/>\n<meta name=\"twitter:creator\" content=\"@FiscaliaCol\" \/>\n<meta name=\"twitter:site\" content=\"@FiscaliaCol\" \/>\n<meta name=\"twitter:label1\" content=\"Escrito por\" \/>\n\t<meta name=\"twitter:data1\" content=\"Direcci\u00f3n de Comunicaciones Fiscal\u00eda General de la Naci\u00f3n\" \/>\n\t<meta name=\"twitter:label2\" content=\"Tiempo de lectura\" \/>\n\t<meta name=\"twitter:data2\" content=\"3 minutos\" \/>\n<script type=\"application\/ld+json\" class=\"yoast-schema-graph\">{\"@context\":\"https:\/\/schema.org\",\"@graph\":[{\"@type\":\"Article\",\"@id\":\"https:\/\/www.fiscalia.gov.co\/colombia\/seccionales\/fiscalia-apelo-libertad-otorgada-por-juez-a-5-personas-por-supuestas-irregularidades-en-un-proceso-de-sucesion\/#article\",\"isPartOf\":{\"@id\":\"https:\/\/www.fiscalia.gov.co\/colombia\/seccionales\/fiscalia-apelo-libertad-otorgada-por-juez-a-5-personas-por-supuestas-irregularidades-en-un-proceso-de-sucesion\/\"},\"author\":{\"name\":\"Direcci\u00f3n de Comunicaciones Fiscal\u00eda General de la Naci\u00f3n\",\"@id\":\"https:\/\/www.fiscalia.gov.co\/colombia\/#\/schema\/person\/bf28d8ae7f1b287bbe3af484b04f43ea\"},\"headline\":\"Fiscal\u00eda apel\u00f3 libertad otorgada por juez a 5 personas por supuestas irregularidades en un proceso de sucesi\u00f3n\",\"datePublished\":\"2018-11-14T14:48:56+00:00\",\"dateModified\":\"2018-11-14T14:48:56+00:00\",\"mainEntityOfPage\":{\"@id\":\"https:\/\/www.fiscalia.gov.co\/colombia\/seccionales\/fiscalia-apelo-libertad-otorgada-por-juez-a-5-personas-por-supuestas-irregularidades-en-un-proceso-de-sucesion\/\"},\"wordCount\":544,\"publisher\":{\"@id\":\"https:\/\/www.fiscalia.gov.co\/colombia\/#organization\"},\"articleSection\":[\"Corrupci\u00f3n\",\"Seccional Cali\",\"Seccionales\"],\"inLanguage\":\"es-CO\"},{\"@type\":\"WebPage\",\"@id\":\"https:\/\/www.fiscalia.gov.co\/colombia\/seccionales\/fiscalia-apelo-libertad-otorgada-por-juez-a-5-personas-por-supuestas-irregularidades-en-un-proceso-de-sucesion\/\",\"url\":\"https:\/\/www.fiscalia.gov.co\/colombia\/seccionales\/fiscalia-apelo-libertad-otorgada-por-juez-a-5-personas-por-supuestas-irregularidades-en-un-proceso-de-sucesion\/\",\"name\":\"Fiscal\u00eda General de la Naci\u00f3n\",\"isPartOf\":{\"@id\":\"https:\/\/www.fiscalia.gov.co\/colombia\/#website\"},\"datePublished\":\"2018-11-14T14:48:56+00:00\",\"dateModified\":\"2018-11-14T14:48:56+00:00\",\"description\":\"P\u00e1gina oficial de la Fiscal\u00eda General de la Naci\u00f3n \u2013 Colombia. Garantizamos el acceso efectivo a la justicia, la verdad y la reparaci\u00f3n de las v\u00edctimas de los delitos.\",\"breadcrumb\":{\"@id\":\"https:\/\/www.fiscalia.gov.co\/colombia\/seccionales\/fiscalia-apelo-libertad-otorgada-por-juez-a-5-personas-por-supuestas-irregularidades-en-un-proceso-de-sucesion\/#breadcrumb\"},\"inLanguage\":\"es-CO\",\"potentialAction\":[{\"@type\":\"ReadAction\",\"target\":[\"https:\/\/www.fiscalia.gov.co\/colombia\/seccionales\/fiscalia-apelo-libertad-otorgada-por-juez-a-5-personas-por-supuestas-irregularidades-en-un-proceso-de-sucesion\/\"]}]},{\"@type\":\"BreadcrumbList\",\"@id\":\"https:\/\/www.fiscalia.gov.co\/colombia\/seccionales\/fiscalia-apelo-libertad-otorgada-por-juez-a-5-personas-por-supuestas-irregularidades-en-un-proceso-de-sucesion\/#breadcrumb\",\"itemListElement\":[{\"@type\":\"ListItem\",\"position\":1,\"name\":\"Home\",\"item\":\"https:\/\/www.fiscalia.gov.co\/colombia\/\"},{\"@type\":\"ListItem\",\"position\":2,\"name\":\"Fiscal\u00eda apel\u00f3 libertad otorgada por juez a 5 personas por supuestas irregularidades en un proceso de sucesi\u00f3n\"}]},{\"@type\":\"WebSite\",\"@id\":\"https:\/\/www.fiscalia.gov.co\/colombia\/#website\",\"url\":\"https:\/\/www.fiscalia.gov.co\/colombia\/\",\"name\":\"Fiscal\u00eda General de la Naci\u00f3n\",\"description\":\"P\u00e1gina oficial de la Fiscal\u00eda General de la Naci\u00f3n \u2013 Colombia. Garantizamos el acceso efectivo a la justicia, la verdad y la reparaci\u00f3n de las v\u00edctimas de los delitos.\",\"publisher\":{\"@id\":\"https:\/\/www.fiscalia.gov.co\/colombia\/#organization\"},\"potentialAction\":[{\"@type\":\"SearchAction\",\"target\":{\"@type\":\"EntryPoint\",\"urlTemplate\":\"https:\/\/www.fiscalia.gov.co\/colombia\/?s={search_term_string}\"},\"query-input\":{\"@type\":\"PropertyValueSpecification\",\"valueRequired\":true,\"valueName\":\"search_term_string\"}}],\"inLanguage\":\"es-CO\"},{\"@type\":\"Organization\",\"@id\":\"https:\/\/www.fiscalia.gov.co\/colombia\/#organization\",\"name\":\"Fiscal\u00eda General de la Naci\u00f3n\",\"url\":\"https:\/\/www.fiscalia.gov.co\/colombia\/\",\"logo\":{\"@type\":\"ImageObject\",\"inLanguage\":\"es-CO\",\"@id\":\"https:\/\/www.fiscalia.gov.co\/colombia\/#\/schema\/logo\/image\/\",\"url\":\"https:\/\/www.fiscalia.gov.co\/colombia\/wp-content\/uploads\/LogoHorizontal_1.jpg\",\"contentUrl\":\"https:\/\/www.fiscalia.gov.co\/colombia\/wp-content\/uploads\/LogoHorizontal_1.jpg\",\"width\":300,\"height\":90,\"caption\":\"Fiscal\u00eda General de la Naci\u00f3n\"},\"image\":{\"@id\":\"https:\/\/www.fiscalia.gov.co\/colombia\/#\/schema\/logo\/image\/\"},\"sameAs\":[\"https:\/\/www.facebook.com\/FiscaliaCol\",\"https:\/\/x.com\/FiscaliaCol\",\"https:\/\/www.instagram.com\/fiscaliacol\",\"https:\/\/www.linkedin.com\/company\/fiscalia-general-de-la-naci-n\/\",\"https:\/\/youtube.com\/@fiscaliageneraldelanacion-4668?si=6nN79nyQICPU5iTh\"]},{\"@type\":\"Person\",\"@id\":\"https:\/\/www.fiscalia.gov.co\/colombia\/#\/schema\/person\/bf28d8ae7f1b287bbe3af484b04f43ea\",\"name\":\"Direcci\u00f3n de Comunicaciones Fiscal\u00eda General de la Naci\u00f3n\",\"image\":{\"@type\":\"ImageObject\",\"inLanguage\":\"es-CO\",\"@id\":\"https:\/\/www.fiscalia.gov.co\/colombia\/#\/schema\/person\/image\/\",\"url\":\"https:\/\/secure.gravatar.com\/avatar\/9d55ae161d32da16dbdd0b380c080a5f?s=96&d=mm&r=g\",\"contentUrl\":\"https:\/\/secure.gravatar.com\/avatar\/9d55ae161d32da16dbdd0b380c080a5f?s=96&d=mm&r=g\",\"caption\":\"Direcci\u00f3n de Comunicaciones Fiscal\u00eda General de la Naci\u00f3n\"},\"url\":\"https:\/\/www.fiscalia.gov.co\/colombia\/author\/kbonilla\/\"}]}<\/script>\n<!-- \/ Yoast SEO plugin. -->","yoast_head_json":{"title":"Fiscal\u00eda General de la Naci\u00f3n","description":"P\u00e1gina oficial de la Fiscal\u00eda General de la Naci\u00f3n \u2013 Colombia. Garantizamos el acceso efectivo a la justicia, la verdad y la reparaci\u00f3n de las v\u00edctimas de los delitos.","robots":{"index":"noindex","follow":"follow"},"og_locale":"es_ES","og_type":"article","og_title":"Fiscal\u00eda General de la Naci\u00f3n","og_description":"P\u00e1gina oficial de la Fiscal\u00eda General de la Naci\u00f3n \u2013 Colombia. Garantizamos el acceso efectivo a la justicia, la verdad y la reparaci\u00f3n de las v\u00edctimas de los delitos.","og_url":"https:\/\/www.fiscalia.gov.co\/colombia\/seccionales\/fiscalia-apelo-libertad-otorgada-por-juez-a-5-personas-por-supuestas-irregularidades-en-un-proceso-de-sucesion\/","og_site_name":"Fiscal\u00eda General de la Naci\u00f3n","article_publisher":"https:\/\/www.facebook.com\/FiscaliaCol","article_published_time":"2018-11-14T14:48:56+00:00","author":"Direcci\u00f3n de Comunicaciones Fiscal\u00eda General de la Naci\u00f3n","twitter_card":"summary_large_image","twitter_creator":"@FiscaliaCol","twitter_site":"@FiscaliaCol","twitter_misc":{"Escrito por":"Direcci\u00f3n de Comunicaciones Fiscal\u00eda General de la Naci\u00f3n","Tiempo de lectura":"3 minutos"},"schema":{"@context":"https:\/\/schema.org","@graph":[{"@type":"Article","@id":"https:\/\/www.fiscalia.gov.co\/colombia\/seccionales\/fiscalia-apelo-libertad-otorgada-por-juez-a-5-personas-por-supuestas-irregularidades-en-un-proceso-de-sucesion\/#article","isPartOf":{"@id":"https:\/\/www.fiscalia.gov.co\/colombia\/seccionales\/fiscalia-apelo-libertad-otorgada-por-juez-a-5-personas-por-supuestas-irregularidades-en-un-proceso-de-sucesion\/"},"author":{"name":"Direcci\u00f3n de Comunicaciones Fiscal\u00eda General de la Naci\u00f3n","@id":"https:\/\/www.fiscalia.gov.co\/colombia\/#\/schema\/person\/bf28d8ae7f1b287bbe3af484b04f43ea"},"headline":"Fiscal\u00eda apel\u00f3 libertad otorgada por juez a 5 personas por supuestas irregularidades en un proceso de sucesi\u00f3n","datePublished":"2018-11-14T14:48:56+00:00","dateModified":"2018-11-14T14:48:56+00:00","mainEntityOfPage":{"@id":"https:\/\/www.fiscalia.gov.co\/colombia\/seccionales\/fiscalia-apelo-libertad-otorgada-por-juez-a-5-personas-por-supuestas-irregularidades-en-un-proceso-de-sucesion\/"},"wordCount":544,"publisher":{"@id":"https:\/\/www.fiscalia.gov.co\/colombia\/#organization"},"articleSection":["Corrupci\u00f3n","Seccional Cali","Seccionales"],"inLanguage":"es-CO"},{"@type":"WebPage","@id":"https:\/\/www.fiscalia.gov.co\/colombia\/seccionales\/fiscalia-apelo-libertad-otorgada-por-juez-a-5-personas-por-supuestas-irregularidades-en-un-proceso-de-sucesion\/","url":"https:\/\/www.fiscalia.gov.co\/colombia\/seccionales\/fiscalia-apelo-libertad-otorgada-por-juez-a-5-personas-por-supuestas-irregularidades-en-un-proceso-de-sucesion\/","name":"Fiscal\u00eda General de la Naci\u00f3n","isPartOf":{"@id":"https:\/\/www.fiscalia.gov.co\/colombia\/#website"},"datePublished":"2018-11-14T14:48:56+00:00","dateModified":"2018-11-14T14:48:56+00:00","description":"P\u00e1gina oficial de la Fiscal\u00eda General de la Naci\u00f3n \u2013 Colombia. Garantizamos el acceso efectivo a la justicia, la verdad y la reparaci\u00f3n de las v\u00edctimas de los delitos.","breadcrumb":{"@id":"https:\/\/www.fiscalia.gov.co\/colombia\/seccionales\/fiscalia-apelo-libertad-otorgada-por-juez-a-5-personas-por-supuestas-irregularidades-en-un-proceso-de-sucesion\/#breadcrumb"},"inLanguage":"es-CO","potentialAction":[{"@type":"ReadAction","target":["https:\/\/www.fiscalia.gov.co\/colombia\/seccionales\/fiscalia-apelo-libertad-otorgada-por-juez-a-5-personas-por-supuestas-irregularidades-en-un-proceso-de-sucesion\/"]}]},{"@type":"BreadcrumbList","@id":"https:\/\/www.fiscalia.gov.co\/colombia\/seccionales\/fiscalia-apelo-libertad-otorgada-por-juez-a-5-personas-por-supuestas-irregularidades-en-un-proceso-de-sucesion\/#breadcrumb","itemListElement":[{"@type":"ListItem","position":1,"name":"Home","item":"https:\/\/www.fiscalia.gov.co\/colombia\/"},{"@type":"ListItem","position":2,"name":"Fiscal\u00eda apel\u00f3 libertad otorgada por juez a 5 personas por supuestas irregularidades en un proceso de sucesi\u00f3n"}]},{"@type":"WebSite","@id":"https:\/\/www.fiscalia.gov.co\/colombia\/#website","url":"https:\/\/www.fiscalia.gov.co\/colombia\/","name":"Fiscal\u00eda General de la Naci\u00f3n","description":"P\u00e1gina oficial de la Fiscal\u00eda General de la Naci\u00f3n \u2013 Colombia. Garantizamos el acceso efectivo a la justicia, la verdad y la reparaci\u00f3n de las v\u00edctimas de los delitos.","publisher":{"@id":"https:\/\/www.fiscalia.gov.co\/colombia\/#organization"},"potentialAction":[{"@type":"SearchAction","target":{"@type":"EntryPoint","urlTemplate":"https:\/\/www.fiscalia.gov.co\/colombia\/?s={search_term_string}"},"query-input":{"@type":"PropertyValueSpecification","valueRequired":true,"valueName":"search_term_string"}}],"inLanguage":"es-CO"},{"@type":"Organization","@id":"https:\/\/www.fiscalia.gov.co\/colombia\/#organization","name":"Fiscal\u00eda General de la Naci\u00f3n","url":"https:\/\/www.fiscalia.gov.co\/colombia\/","logo":{"@type":"ImageObject","inLanguage":"es-CO","@id":"https:\/\/www.fiscalia.gov.co\/colombia\/#\/schema\/logo\/image\/","url":"https:\/\/www.fiscalia.gov.co\/colombia\/wp-content\/uploads\/LogoHorizontal_1.jpg","contentUrl":"https:\/\/www.fiscalia.gov.co\/colombia\/wp-content\/uploads\/LogoHorizontal_1.jpg","width":300,"height":90,"caption":"Fiscal\u00eda General de la Naci\u00f3n"},"image":{"@id":"https:\/\/www.fiscalia.gov.co\/colombia\/#\/schema\/logo\/image\/"},"sameAs":["https:\/\/www.facebook.com\/FiscaliaCol","https:\/\/x.com\/FiscaliaCol","https:\/\/www.instagram.com\/fiscaliacol","https:\/\/www.linkedin.com\/company\/fiscalia-general-de-la-naci-n\/","https:\/\/youtube.com\/@fiscaliageneraldelanacion-4668?si=6nN79nyQICPU5iTh"]},{"@type":"Person","@id":"https:\/\/www.fiscalia.gov.co\/colombia\/#\/schema\/person\/bf28d8ae7f1b287bbe3af484b04f43ea","name":"Direcci\u00f3n de Comunicaciones Fiscal\u00eda General de la Naci\u00f3n","image":{"@type":"ImageObject","inLanguage":"es-CO","@id":"https:\/\/www.fiscalia.gov.co\/colombia\/#\/schema\/person\/image\/","url":"https:\/\/secure.gravatar.com\/avatar\/9d55ae161d32da16dbdd0b380c080a5f?s=96&d=mm&r=g","contentUrl":"https:\/\/secure.gravatar.com\/avatar\/9d55ae161d32da16dbdd0b380c080a5f?s=96&d=mm&r=g","caption":"Direcci\u00f3n de Comunicaciones Fiscal\u00eda General de la Naci\u00f3n"},"url":"https:\/\/www.fiscalia.gov.co\/colombia\/author\/kbonilla\/"}]}},"_links":{"self":[{"href":"https:\/\/www.fiscalia.gov.co\/colombia\/wp-json\/wp\/v2\/posts\/172172","targetHints":{"allow":["GET"]}}],"collection":[{"href":"https:\/\/www.fiscalia.gov.co\/colombia\/wp-json\/wp\/v2\/posts"}],"about":[{"href":"https:\/\/www.fiscalia.gov.co\/colombia\/wp-json\/wp\/v2\/types\/post"}],"author":[{"embeddable":true,"href":"https:\/\/www.fiscalia.gov.co\/colombia\/wp-json\/wp\/v2\/users\/162"}],"replies":[{"embeddable":true,"href":"https:\/\/www.fiscalia.gov.co\/colombia\/wp-json\/wp\/v2\/comments?post=172172"}],"version-history":[{"count":1,"href":"https:\/\/www.fiscalia.gov.co\/colombia\/wp-json\/wp\/v2\/posts\/172172\/revisions"}],"predecessor-version":[{"id":172173,"href":"https:\/\/www.fiscalia.gov.co\/colombia\/wp-json\/wp\/v2\/posts\/172172\/revisions\/172173"}],"wp:attachment":[{"href":"https:\/\/www.fiscalia.gov.co\/colombia\/wp-json\/wp\/v2\/media?parent=172172"}],"wp:term":[{"taxonomy":"category","embeddable":true,"href":"https:\/\/www.fiscalia.gov.co\/colombia\/wp-json\/wp\/v2\/categories?post=172172"},{"taxonomy":"post_tag","embeddable":true,"href":"https:\/\/www.fiscalia.gov.co\/colombia\/wp-json\/wp\/v2\/tags?post=172172"}],"curies":[{"name":"wp","href":"https:\/\/api.w.org\/{rel}","templated":true}]}}