{"id":170967,"date":"2018-10-23T10:20:57","date_gmt":"2018-10-23T15:20:57","guid":{"rendered":"https:\/\/www.fiscalia.gov.co\/colombia\/?p=170967"},"modified":"2018-10-23T10:20:57","modified_gmt":"2018-10-23T15:20:57","slug":"fiscalia-y-policia-nacional-desarticularon-organizacion-criminal-que-comercializo-en-colombia-y-en-el-exterior-oro-extraido-de-manera-ilegal","status":"publish","type":"post","link":"https:\/\/www.fiscalia.gov.co\/colombia\/noticias\/fiscalia-y-policia-nacional-desarticularon-organizacion-criminal-que-comercializo-en-colombia-y-en-el-exterior-oro-extraido-de-manera-ilegal\/","title":{"rendered":"Fiscal\u00eda  y Polic\u00eda Nacional desarticularon organizaci\u00f3n criminal que comercializ\u00f3 en Colombia y en el exterior oro extra\u00eddo de manera ilegal"},"content":{"rendered":"<p>La Fiscal\u00eda General de la Naci\u00f3n General en coordinaci\u00f3n con la Polic\u00eda Nacional asumen un compromiso para avanzar en las investigaciones contra las organizaciones ilegales que han puesto en peligro el medio ambiente, o que de alguna manera deterioran o agotan los recursos naturales, puesto que en ello han encontrado una fuente significativa de ingresos, tan rentable como el narcotr\u00e1fico, pero menos riesgosa.<\/p>\n<p>En desarrollo del Plan Choque 100 D\u00edas El que la Hace la Paga, \u2018Todos Contra los Cr\u00edmenes Ambientales y Ecol\u00f3gicos\u2019, la Polic\u00eda Nacional a trav\u00e9s de la Direcci\u00f3n de Carabineros y Seguridad Rural y la Fiscal\u00eda General de la Naci\u00f3n vienen realizando operaciones estructurales en contra de las redes dedicadas a la extracci\u00f3n ilegal de minerales en el territorio colombiano, que han puesto en peligro el medio ambiente.<\/p>\n<p>La operaci\u00f3n \u2018Solid Gold\u2019 adelantada en la Fiscal\u00eda por el Eje Tem\u00e1tico de Protecci\u00f3n a los Recursos Naturales y Medio Ambiente, de la Direcci\u00f3n Especializada contra las Violaciones a los Derechos Humanos y tras varios meses de investigaciones por parte de unidades especializadas de la Direcci\u00f3n de Carabineros, lograron evidenciar c\u00f3mo la estructura criminal \u2018SOLID GOLD\u2019 export\u00f3 ilegalmente cantidades de oro que era extra\u00eddo de manera il\u00edcita en los departamentos de Choc\u00f3, Valle del Cauca, Cauca y Nari\u00f1o, as\u00ed mismo se evidenci\u00f3 que la red comercializ\u00f3 a la India, Estados Unidos y Emiratos \u00c1rabes en los \u00faltimos tres a\u00f1os cerca 1.5 tonelada de oro.<\/p>\n<p><strong><u>Investigaci\u00f3n<\/u><\/strong><\/p>\n<p>La investigaci\u00f3n permiti\u00f3 establecer que la compa\u00f1\u00eda Frank de Oro Limitada, cuyas sedes principales est\u00e1n ubicadas en \u00a0Istmina (Choc\u00f3) y Cali (Valle del Cauca) se constituy\u00f3 inicialmente en 2014 con un capital social de treinta y cinco millones de pesos ($35.000.000), y en 2018 cuenta con un capital superior a mil ochocientos millones de pesos ($1.800\u2019000.000).<\/p>\n<p>Igualmente, se evidenci\u00f3 que el mismo d\u00eda en que fue creada dicha sociedad, la organizaci\u00f3n criminal conform\u00f3 14 compa\u00f1\u00edas m\u00e1s para distraer la atenci\u00f3n de las autoridades y aparentar que la comercializaci\u00f3n del mineral no estaba concentrada en Frank de Oro.<\/p>\n<p>La empresa obten\u00eda el mineral en yacimientos ilegales de oro ubicados en Barbacoas (Nari\u00f1o), Timbiqu\u00ed y Guapi (Cauca), Istmina y Quibd\u00f3 (Choc\u00f3) e inclusive de Buenaventura (Valle del Cauca) para luego comercializarlo internacionalmente.<\/p>\n<p>Los elementos materiales probatorios y la evidencia f\u00edsica recolectada muestran como entre 2014 y 2017 por la zona franca se exportaron cerca de 1800 millones de d\u00f3lares en oro, entre ilegal y legal.<\/p>\n<p>De acuerdo con registros de la Direcci\u00f3n de Impuestos y Aduanas Nacionales (Dian) el Aeropuerto Alfonso Bonilla Arag\u00f3n y las zonas francas del Pac\u00edfico y Palmaseca (Palmira, Valle del Cauca) eran los puntos preferidos para sacar el oro del pa\u00eds.<\/p>\n<p>Solamente en 2016, fueron exportadas desde este terminal a\u00e9reo aproximadamente 30 toneladas de oro por valor aproximado en d\u00f3lares de mil trescientos setenta y dos millones, setecientos siete mil, doscientos veintitr\u00e9s \u00a0(USD 1.372\u2019707.223) y en 2017 la operaci\u00f3n comercial habr\u00eda sido de al menos cuatrocientos veinte tres millones trecientos sesenta y cinco mil d\u00f3lares\u00a0 (USD 423\u2019365.000).<\/p>\n<p>Con esta operaci\u00f3n se golpean las finanzas de la organizaci\u00f3n criminal de manera contundente pues han sido intervenidos 21 entables mineros y destruidos 117 retroexcavadoras y 53 dragones.<\/p>\n<p>Los investigadores calcularon que para la producci\u00f3n de 1.200 kilos de oro se requieren m\u00e1s de cinco toneladas de mercurio y cianuro que vertido a los r\u00edos causaron da\u00f1o ambiental irreparable a los suelos, la fauna cercanos a los r\u00edos Quito, Barbacoas, Iscuand\u00e9, Pat\u00eda y Guapi.<\/p>\n<p><strong><u>Capturados<\/u><\/strong><\/p>\n<p>Entre los capturados se encuentra el representante legal de la empresa Frank de Oro, dos socios mayoritarios, la contadora, el revisor fiscal adem\u00e1s de tres recolectores.<\/p>\n<ul>\n<li>Isaac Sinisterra Silva (representante legal de la empresa Frank de oro Limitada).<\/li>\n<li>Rafael Mar\u00eda Castro Madera (due\u00f1o de un entable minero y de un t\u00edtulo minero que no se pod\u00eda explotar).<\/li>\n<li>Jos\u00e9 Fernando Monta\u00f1o Sinisterra.<\/li>\n<li>Juan Carlos Sinisterra Monta\u00f1o.<\/li>\n<li>Otoniel Paz Erazo.<\/li>\n<li>Yenny Patricia Monta\u00f1o Torres.<\/li>\n<li>Jaime Luis Grueso Angulo.<\/li>\n<li>Ignacio Monta\u00f1o Sinisterra.<\/li>\n<li>Heber Javier Cuero Angulo.<\/li>\n<li>Jos\u00e9 Ra\u00fal Miranda Jaramillo.<\/li>\n<\/ul>\n<p>En la audiencia que continua en Cali el juez decidir\u00e1 sobre la detenci\u00f3n preventiva solicitada por la Fiscal\u00eda.<\/p>\n<p><strong><u>Los delitos<\/u><\/strong><\/p>\n<p>Los capturados son presentados ante un juez de control de garant\u00edas de Cali que a solicitud de la Fiscal\u00eda legaliz\u00f3 las diligencias de registro y allanamiento as\u00ed como las capturas, y hoy se est\u00e1n imputando cargos por los delitos de:<\/p>\n<ul>\n<li>Explotaci\u00f3n il\u00edcita de yacimiento minero y otros materiales.<\/li>\n<li>Da\u00f1os en los recursos naturales.<\/li>\n<li>Contaminaci\u00f3n ambiental por explotaci\u00f3n de yacimiento minero o hidrocarburo.<\/li>\n<li>Lavado de activos.<\/li>\n<li>Enriquecimiento Il\u00edcito de particulares.<\/li>\n<li>Fraude procesal.<\/li>\n<li>Falsedad material en documento p\u00fablico.<\/li>\n<li>Concierto para delinquir.<\/li>\n<\/ul>\n<p><strong><u>Extinci\u00f3n de dominio<\/u><\/strong><\/p>\n<p>La Polic\u00eda Nacional y la Direcci\u00f3n Especializada para Extinci\u00f3n de Dominio realizaron la ocupaci\u00f3n de bienes que los investigados habr\u00edan adquirido con los dineros de las actividades il\u00edcitas. Se trata de 14 inmuebles, 5 veh\u00edculos, 2 sociedades y 3 establecimientos de comercio y 7 cuentas bancarias, avaluados en cuatro mil millones de pesos ($4.000.000.000) producto de las ganancias de Frank de Oro, que seg\u00fan consta en los registros de la C\u00e1mara de Comercio de Quibd\u00f3, se constituy\u00f3 inicialmente en 2014 con un capital social de treinta y cinco millones de pesos ($35.000.000), y en 2018 cuenta con un capital superior a mil ochocientos millones de pesos ($1.800\u2019000.000).<\/p>\n<p>La Polic\u00eda Nacional y la Fiscal\u00eda General de la Naci\u00f3n, continuar\u00e1n con esta ofensiva nacional contra la miner\u00eda il\u00edcita, buscando la protecci\u00f3n del ambiente y de los recursos naturales renovables y no renovables del Pa\u00eds, ejecutando acciones operativas tendientes a neutralizar y controlar las actividades de miner\u00eda ilegal que se adelantan sin cumplir con los requisitos legales.<\/p>\n<p>&nbsp;<\/p>\n<p>MAGA<\/p>\n<p>&nbsp;<\/p>\n\n<div class=\"twitter-share\"><a href=\"https:\/\/twitter.com\/intent\/tweet?via=fiscaliacol\" class=\"twitter-share-button\">Tweet<\/a><\/div>\n","protected":false},"excerpt":{"rendered":"<p>La Fiscal\u00eda General de la Naci\u00f3n General en coordinaci\u00f3n con la Polic\u00eda Nacional asumen un compromiso para avanzar en las investigaciones contra las organizaciones ilegales que han puesto en peligro el medio ambiente, o que de alguna manera deterioran o agotan los recursos naturales, puesto que en ello han encontrado una fuente significativa de ingresos, [&hellip;]<\/p>\n","protected":false},"author":162,"featured_media":0,"comment_status":"closed","ping_status":"open","sticky":false,"template":"","format":"standard","meta":{"tdm_status":"","tdm_grid_status":"","footnotes":""},"categories":[24098,24102,1],"tags":[],"class_list":{"0":"post-170967","1":"post","2":"type-post","3":"status-publish","4":"format-standard","6":"category-crimen-organizado","7":"category-derechos-humanos","8":"category-noticias"},"yoast_head":"<!-- This site is optimized with the Yoast SEO plugin v24.3 - https:\/\/yoast.com\/wordpress\/plugins\/seo\/ -->\n<title>Fiscal\u00eda General de la Naci\u00f3n<\/title>\n<meta name=\"description\" content=\"P\u00e1gina oficial de la Fiscal\u00eda General de la Naci\u00f3n \u2013 Colombia. Garantizamos el acceso efectivo a la justicia, la verdad y la reparaci\u00f3n de las v\u00edctimas de los delitos.\" \/>\n<meta name=\"robots\" content=\"noindex, follow\" \/>\n<meta property=\"og:locale\" content=\"es_ES\" \/>\n<meta property=\"og:type\" content=\"article\" \/>\n<meta property=\"og:title\" content=\"Fiscal\u00eda General de la Naci\u00f3n\" \/>\n<meta property=\"og:description\" content=\"P\u00e1gina oficial de la Fiscal\u00eda General de la Naci\u00f3n \u2013 Colombia. Garantizamos el acceso efectivo a la justicia, la verdad y la reparaci\u00f3n de las v\u00edctimas de los delitos.\" \/>\n<meta property=\"og:url\" content=\"https:\/\/www.fiscalia.gov.co\/colombia\/noticias\/fiscalia-y-policia-nacional-desarticularon-organizacion-criminal-que-comercializo-en-colombia-y-en-el-exterior-oro-extraido-de-manera-ilegal\/\" \/>\n<meta property=\"og:site_name\" content=\"Fiscal\u00eda General de la Naci\u00f3n\" \/>\n<meta property=\"article:publisher\" content=\"https:\/\/www.facebook.com\/FiscaliaCol\" \/>\n<meta property=\"article:published_time\" content=\"2018-10-23T15:20:57+00:00\" \/>\n<meta name=\"author\" content=\"Direcci\u00f3n de Comunicaciones Fiscal\u00eda General de la Naci\u00f3n\" \/>\n<meta name=\"twitter:card\" content=\"summary_large_image\" \/>\n<meta name=\"twitter:creator\" content=\"@FiscaliaCol\" \/>\n<meta name=\"twitter:site\" content=\"@FiscaliaCol\" \/>\n<meta name=\"twitter:label1\" content=\"Escrito por\" \/>\n\t<meta name=\"twitter:data1\" content=\"Direcci\u00f3n de Comunicaciones Fiscal\u00eda General de la Naci\u00f3n\" \/>\n\t<meta name=\"twitter:label2\" content=\"Tiempo de lectura\" \/>\n\t<meta name=\"twitter:data2\" content=\"5 minutos\" \/>\n<script type=\"application\/ld+json\" class=\"yoast-schema-graph\">{\"@context\":\"https:\/\/schema.org\",\"@graph\":[{\"@type\":\"Article\",\"@id\":\"https:\/\/www.fiscalia.gov.co\/colombia\/noticias\/fiscalia-y-policia-nacional-desarticularon-organizacion-criminal-que-comercializo-en-colombia-y-en-el-exterior-oro-extraido-de-manera-ilegal\/#article\",\"isPartOf\":{\"@id\":\"https:\/\/www.fiscalia.gov.co\/colombia\/noticias\/fiscalia-y-policia-nacional-desarticularon-organizacion-criminal-que-comercializo-en-colombia-y-en-el-exterior-oro-extraido-de-manera-ilegal\/\"},\"author\":{\"name\":\"Direcci\u00f3n de Comunicaciones Fiscal\u00eda General de la Naci\u00f3n\",\"@id\":\"https:\/\/www.fiscalia.gov.co\/colombia\/#\/schema\/person\/bf28d8ae7f1b287bbe3af484b04f43ea\"},\"headline\":\"Fiscal\u00eda y Polic\u00eda Nacional desarticularon organizaci\u00f3n criminal que comercializ\u00f3 en Colombia y en el exterior oro extra\u00eddo de manera ilegal\",\"datePublished\":\"2018-10-23T15:20:57+00:00\",\"dateModified\":\"2018-10-23T15:20:57+00:00\",\"mainEntityOfPage\":{\"@id\":\"https:\/\/www.fiscalia.gov.co\/colombia\/noticias\/fiscalia-y-policia-nacional-desarticularon-organizacion-criminal-que-comercializo-en-colombia-y-en-el-exterior-oro-extraido-de-manera-ilegal\/\"},\"wordCount\":1019,\"publisher\":{\"@id\":\"https:\/\/www.fiscalia.gov.co\/colombia\/#organization\"},\"articleSection\":[\"Crimen organizado\",\"Derechos Humanos\",\"Noticias\"],\"inLanguage\":\"es-CO\"},{\"@type\":\"WebPage\",\"@id\":\"https:\/\/www.fiscalia.gov.co\/colombia\/noticias\/fiscalia-y-policia-nacional-desarticularon-organizacion-criminal-que-comercializo-en-colombia-y-en-el-exterior-oro-extraido-de-manera-ilegal\/\",\"url\":\"https:\/\/www.fiscalia.gov.co\/colombia\/noticias\/fiscalia-y-policia-nacional-desarticularon-organizacion-criminal-que-comercializo-en-colombia-y-en-el-exterior-oro-extraido-de-manera-ilegal\/\",\"name\":\"Fiscal\u00eda General de la Naci\u00f3n\",\"isPartOf\":{\"@id\":\"https:\/\/www.fiscalia.gov.co\/colombia\/#website\"},\"datePublished\":\"2018-10-23T15:20:57+00:00\",\"dateModified\":\"2018-10-23T15:20:57+00:00\",\"description\":\"P\u00e1gina oficial de la Fiscal\u00eda General de la Naci\u00f3n \u2013 Colombia. Garantizamos el acceso efectivo a la justicia, la verdad y la reparaci\u00f3n de las v\u00edctimas de los delitos.\",\"breadcrumb\":{\"@id\":\"https:\/\/www.fiscalia.gov.co\/colombia\/noticias\/fiscalia-y-policia-nacional-desarticularon-organizacion-criminal-que-comercializo-en-colombia-y-en-el-exterior-oro-extraido-de-manera-ilegal\/#breadcrumb\"},\"inLanguage\":\"es-CO\",\"potentialAction\":[{\"@type\":\"ReadAction\",\"target\":[\"https:\/\/www.fiscalia.gov.co\/colombia\/noticias\/fiscalia-y-policia-nacional-desarticularon-organizacion-criminal-que-comercializo-en-colombia-y-en-el-exterior-oro-extraido-de-manera-ilegal\/\"]}]},{\"@type\":\"BreadcrumbList\",\"@id\":\"https:\/\/www.fiscalia.gov.co\/colombia\/noticias\/fiscalia-y-policia-nacional-desarticularon-organizacion-criminal-que-comercializo-en-colombia-y-en-el-exterior-oro-extraido-de-manera-ilegal\/#breadcrumb\",\"itemListElement\":[{\"@type\":\"ListItem\",\"position\":1,\"name\":\"Home\",\"item\":\"https:\/\/www.fiscalia.gov.co\/colombia\/\"},{\"@type\":\"ListItem\",\"position\":2,\"name\":\"Fiscal\u00eda y Polic\u00eda Nacional desarticularon organizaci\u00f3n criminal que comercializ\u00f3 en Colombia y en el exterior oro extra\u00eddo de manera ilegal\"}]},{\"@type\":\"WebSite\",\"@id\":\"https:\/\/www.fiscalia.gov.co\/colombia\/#website\",\"url\":\"https:\/\/www.fiscalia.gov.co\/colombia\/\",\"name\":\"Fiscal\u00eda General de la Naci\u00f3n\",\"description\":\"P\u00e1gina oficial de la Fiscal\u00eda General de la Naci\u00f3n \u2013 Colombia. Garantizamos el acceso efectivo a la justicia, la verdad y la reparaci\u00f3n de las v\u00edctimas de los delitos.\",\"publisher\":{\"@id\":\"https:\/\/www.fiscalia.gov.co\/colombia\/#organization\"},\"potentialAction\":[{\"@type\":\"SearchAction\",\"target\":{\"@type\":\"EntryPoint\",\"urlTemplate\":\"https:\/\/www.fiscalia.gov.co\/colombia\/?s={search_term_string}\"},\"query-input\":{\"@type\":\"PropertyValueSpecification\",\"valueRequired\":true,\"valueName\":\"search_term_string\"}}],\"inLanguage\":\"es-CO\"},{\"@type\":\"Organization\",\"@id\":\"https:\/\/www.fiscalia.gov.co\/colombia\/#organization\",\"name\":\"Fiscal\u00eda General de la Naci\u00f3n\",\"url\":\"https:\/\/www.fiscalia.gov.co\/colombia\/\",\"logo\":{\"@type\":\"ImageObject\",\"inLanguage\":\"es-CO\",\"@id\":\"https:\/\/www.fiscalia.gov.co\/colombia\/#\/schema\/logo\/image\/\",\"url\":\"https:\/\/www.fiscalia.gov.co\/colombia\/wp-content\/uploads\/LogoHorizontal_1.jpg\",\"contentUrl\":\"https:\/\/www.fiscalia.gov.co\/colombia\/wp-content\/uploads\/LogoHorizontal_1.jpg\",\"width\":300,\"height\":90,\"caption\":\"Fiscal\u00eda General de la Naci\u00f3n\"},\"image\":{\"@id\":\"https:\/\/www.fiscalia.gov.co\/colombia\/#\/schema\/logo\/image\/\"},\"sameAs\":[\"https:\/\/www.facebook.com\/FiscaliaCol\",\"https:\/\/x.com\/FiscaliaCol\",\"https:\/\/www.instagram.com\/fiscaliacol\",\"https:\/\/www.linkedin.com\/company\/fiscalia-general-de-la-naci-n\/\",\"https:\/\/youtube.com\/@fiscaliageneraldelanacion-4668?si=6nN79nyQICPU5iTh\"]},{\"@type\":\"Person\",\"@id\":\"https:\/\/www.fiscalia.gov.co\/colombia\/#\/schema\/person\/bf28d8ae7f1b287bbe3af484b04f43ea\",\"name\":\"Direcci\u00f3n de Comunicaciones Fiscal\u00eda General de la Naci\u00f3n\",\"image\":{\"@type\":\"ImageObject\",\"inLanguage\":\"es-CO\",\"@id\":\"https:\/\/www.fiscalia.gov.co\/colombia\/#\/schema\/person\/image\/\",\"url\":\"https:\/\/secure.gravatar.com\/avatar\/9d55ae161d32da16dbdd0b380c080a5f?s=96&d=mm&r=g\",\"contentUrl\":\"https:\/\/secure.gravatar.com\/avatar\/9d55ae161d32da16dbdd0b380c080a5f?s=96&d=mm&r=g\",\"caption\":\"Direcci\u00f3n de Comunicaciones Fiscal\u00eda General de la Naci\u00f3n\"},\"url\":\"https:\/\/www.fiscalia.gov.co\/colombia\/author\/kbonilla\/\"}]}<\/script>\n<!-- \/ Yoast SEO plugin. -->","yoast_head_json":{"title":"Fiscal\u00eda General de la Naci\u00f3n","description":"P\u00e1gina oficial de la Fiscal\u00eda General de la Naci\u00f3n \u2013 Colombia. Garantizamos el acceso efectivo a la justicia, la verdad y la reparaci\u00f3n de las v\u00edctimas de los delitos.","robots":{"index":"noindex","follow":"follow"},"og_locale":"es_ES","og_type":"article","og_title":"Fiscal\u00eda General de la Naci\u00f3n","og_description":"P\u00e1gina oficial de la Fiscal\u00eda General de la Naci\u00f3n \u2013 Colombia. Garantizamos el acceso efectivo a la justicia, la verdad y la reparaci\u00f3n de las v\u00edctimas de los delitos.","og_url":"https:\/\/www.fiscalia.gov.co\/colombia\/noticias\/fiscalia-y-policia-nacional-desarticularon-organizacion-criminal-que-comercializo-en-colombia-y-en-el-exterior-oro-extraido-de-manera-ilegal\/","og_site_name":"Fiscal\u00eda General de la Naci\u00f3n","article_publisher":"https:\/\/www.facebook.com\/FiscaliaCol","article_published_time":"2018-10-23T15:20:57+00:00","author":"Direcci\u00f3n de Comunicaciones Fiscal\u00eda General de la Naci\u00f3n","twitter_card":"summary_large_image","twitter_creator":"@FiscaliaCol","twitter_site":"@FiscaliaCol","twitter_misc":{"Escrito por":"Direcci\u00f3n de Comunicaciones Fiscal\u00eda General de la Naci\u00f3n","Tiempo de lectura":"5 minutos"},"schema":{"@context":"https:\/\/schema.org","@graph":[{"@type":"Article","@id":"https:\/\/www.fiscalia.gov.co\/colombia\/noticias\/fiscalia-y-policia-nacional-desarticularon-organizacion-criminal-que-comercializo-en-colombia-y-en-el-exterior-oro-extraido-de-manera-ilegal\/#article","isPartOf":{"@id":"https:\/\/www.fiscalia.gov.co\/colombia\/noticias\/fiscalia-y-policia-nacional-desarticularon-organizacion-criminal-que-comercializo-en-colombia-y-en-el-exterior-oro-extraido-de-manera-ilegal\/"},"author":{"name":"Direcci\u00f3n de Comunicaciones Fiscal\u00eda General de la Naci\u00f3n","@id":"https:\/\/www.fiscalia.gov.co\/colombia\/#\/schema\/person\/bf28d8ae7f1b287bbe3af484b04f43ea"},"headline":"Fiscal\u00eda y Polic\u00eda Nacional desarticularon organizaci\u00f3n criminal que comercializ\u00f3 en Colombia y en el exterior oro extra\u00eddo de manera ilegal","datePublished":"2018-10-23T15:20:57+00:00","dateModified":"2018-10-23T15:20:57+00:00","mainEntityOfPage":{"@id":"https:\/\/www.fiscalia.gov.co\/colombia\/noticias\/fiscalia-y-policia-nacional-desarticularon-organizacion-criminal-que-comercializo-en-colombia-y-en-el-exterior-oro-extraido-de-manera-ilegal\/"},"wordCount":1019,"publisher":{"@id":"https:\/\/www.fiscalia.gov.co\/colombia\/#organization"},"articleSection":["Crimen organizado","Derechos Humanos","Noticias"],"inLanguage":"es-CO"},{"@type":"WebPage","@id":"https:\/\/www.fiscalia.gov.co\/colombia\/noticias\/fiscalia-y-policia-nacional-desarticularon-organizacion-criminal-que-comercializo-en-colombia-y-en-el-exterior-oro-extraido-de-manera-ilegal\/","url":"https:\/\/www.fiscalia.gov.co\/colombia\/noticias\/fiscalia-y-policia-nacional-desarticularon-organizacion-criminal-que-comercializo-en-colombia-y-en-el-exterior-oro-extraido-de-manera-ilegal\/","name":"Fiscal\u00eda General de la Naci\u00f3n","isPartOf":{"@id":"https:\/\/www.fiscalia.gov.co\/colombia\/#website"},"datePublished":"2018-10-23T15:20:57+00:00","dateModified":"2018-10-23T15:20:57+00:00","description":"P\u00e1gina oficial de la Fiscal\u00eda General de la Naci\u00f3n \u2013 Colombia. Garantizamos el acceso efectivo a la justicia, la verdad y la reparaci\u00f3n de las v\u00edctimas de los delitos.","breadcrumb":{"@id":"https:\/\/www.fiscalia.gov.co\/colombia\/noticias\/fiscalia-y-policia-nacional-desarticularon-organizacion-criminal-que-comercializo-en-colombia-y-en-el-exterior-oro-extraido-de-manera-ilegal\/#breadcrumb"},"inLanguage":"es-CO","potentialAction":[{"@type":"ReadAction","target":["https:\/\/www.fiscalia.gov.co\/colombia\/noticias\/fiscalia-y-policia-nacional-desarticularon-organizacion-criminal-que-comercializo-en-colombia-y-en-el-exterior-oro-extraido-de-manera-ilegal\/"]}]},{"@type":"BreadcrumbList","@id":"https:\/\/www.fiscalia.gov.co\/colombia\/noticias\/fiscalia-y-policia-nacional-desarticularon-organizacion-criminal-que-comercializo-en-colombia-y-en-el-exterior-oro-extraido-de-manera-ilegal\/#breadcrumb","itemListElement":[{"@type":"ListItem","position":1,"name":"Home","item":"https:\/\/www.fiscalia.gov.co\/colombia\/"},{"@type":"ListItem","position":2,"name":"Fiscal\u00eda y Polic\u00eda Nacional desarticularon organizaci\u00f3n criminal que comercializ\u00f3 en Colombia y en el exterior oro extra\u00eddo de manera ilegal"}]},{"@type":"WebSite","@id":"https:\/\/www.fiscalia.gov.co\/colombia\/#website","url":"https:\/\/www.fiscalia.gov.co\/colombia\/","name":"Fiscal\u00eda General de la Naci\u00f3n","description":"P\u00e1gina oficial de la Fiscal\u00eda General de la Naci\u00f3n \u2013 Colombia. Garantizamos el acceso efectivo a la justicia, la verdad y la reparaci\u00f3n de las v\u00edctimas de los delitos.","publisher":{"@id":"https:\/\/www.fiscalia.gov.co\/colombia\/#organization"},"potentialAction":[{"@type":"SearchAction","target":{"@type":"EntryPoint","urlTemplate":"https:\/\/www.fiscalia.gov.co\/colombia\/?s={search_term_string}"},"query-input":{"@type":"PropertyValueSpecification","valueRequired":true,"valueName":"search_term_string"}}],"inLanguage":"es-CO"},{"@type":"Organization","@id":"https:\/\/www.fiscalia.gov.co\/colombia\/#organization","name":"Fiscal\u00eda General de la Naci\u00f3n","url":"https:\/\/www.fiscalia.gov.co\/colombia\/","logo":{"@type":"ImageObject","inLanguage":"es-CO","@id":"https:\/\/www.fiscalia.gov.co\/colombia\/#\/schema\/logo\/image\/","url":"https:\/\/www.fiscalia.gov.co\/colombia\/wp-content\/uploads\/LogoHorizontal_1.jpg","contentUrl":"https:\/\/www.fiscalia.gov.co\/colombia\/wp-content\/uploads\/LogoHorizontal_1.jpg","width":300,"height":90,"caption":"Fiscal\u00eda General de la Naci\u00f3n"},"image":{"@id":"https:\/\/www.fiscalia.gov.co\/colombia\/#\/schema\/logo\/image\/"},"sameAs":["https:\/\/www.facebook.com\/FiscaliaCol","https:\/\/x.com\/FiscaliaCol","https:\/\/www.instagram.com\/fiscaliacol","https:\/\/www.linkedin.com\/company\/fiscalia-general-de-la-naci-n\/","https:\/\/youtube.com\/@fiscaliageneraldelanacion-4668?si=6nN79nyQICPU5iTh"]},{"@type":"Person","@id":"https:\/\/www.fiscalia.gov.co\/colombia\/#\/schema\/person\/bf28d8ae7f1b287bbe3af484b04f43ea","name":"Direcci\u00f3n de Comunicaciones Fiscal\u00eda General de la Naci\u00f3n","image":{"@type":"ImageObject","inLanguage":"es-CO","@id":"https:\/\/www.fiscalia.gov.co\/colombia\/#\/schema\/person\/image\/","url":"https:\/\/secure.gravatar.com\/avatar\/9d55ae161d32da16dbdd0b380c080a5f?s=96&d=mm&r=g","contentUrl":"https:\/\/secure.gravatar.com\/avatar\/9d55ae161d32da16dbdd0b380c080a5f?s=96&d=mm&r=g","caption":"Direcci\u00f3n de Comunicaciones Fiscal\u00eda General de la Naci\u00f3n"},"url":"https:\/\/www.fiscalia.gov.co\/colombia\/author\/kbonilla\/"}]}},"_links":{"self":[{"href":"https:\/\/www.fiscalia.gov.co\/colombia\/wp-json\/wp\/v2\/posts\/170967","targetHints":{"allow":["GET"]}}],"collection":[{"href":"https:\/\/www.fiscalia.gov.co\/colombia\/wp-json\/wp\/v2\/posts"}],"about":[{"href":"https:\/\/www.fiscalia.gov.co\/colombia\/wp-json\/wp\/v2\/types\/post"}],"author":[{"embeddable":true,"href":"https:\/\/www.fiscalia.gov.co\/colombia\/wp-json\/wp\/v2\/users\/162"}],"replies":[{"embeddable":true,"href":"https:\/\/www.fiscalia.gov.co\/colombia\/wp-json\/wp\/v2\/comments?post=170967"}],"version-history":[{"count":1,"href":"https:\/\/www.fiscalia.gov.co\/colombia\/wp-json\/wp\/v2\/posts\/170967\/revisions"}],"predecessor-version":[{"id":170968,"href":"https:\/\/www.fiscalia.gov.co\/colombia\/wp-json\/wp\/v2\/posts\/170967\/revisions\/170968"}],"wp:attachment":[{"href":"https:\/\/www.fiscalia.gov.co\/colombia\/wp-json\/wp\/v2\/media?parent=170967"}],"wp:term":[{"taxonomy":"category","embeddable":true,"href":"https:\/\/www.fiscalia.gov.co\/colombia\/wp-json\/wp\/v2\/categories?post=170967"},{"taxonomy":"post_tag","embeddable":true,"href":"https:\/\/www.fiscalia.gov.co\/colombia\/wp-json\/wp\/v2\/tags?post=170967"}],"curies":[{"name":"wp","href":"https:\/\/api.w.org\/{rel}","templated":true}]}}