{"id":170549,"date":"2018-10-17T14:58:27","date_gmt":"2018-10-17T19:58:27","guid":{"rendered":"https:\/\/www.fiscalia.gov.co\/colombia\/?p=170549"},"modified":"2018-10-17T14:58:47","modified_gmt":"2018-10-17T19:58:47","slug":"aseguran-a-6-presuntos-integrantes-de-una-banda-dedicada-exportar-sustancias-ilegales-hacia-ee-uu-y-ecuador","status":"publish","type":"post","link":"https:\/\/www.fiscalia.gov.co\/colombia\/seccionales\/aseguran-a-6-presuntos-integrantes-de-una-banda-dedicada-exportar-sustancias-ilegales-hacia-ee-uu-y-ecuador\/","title":{"rendered":"Aseguran a 6 presuntos integrantes de una banda dedicada a exportar sustancias ilegales hacia EE.UU y Ecuador"},"content":{"rendered":"<p><em><u>Otros dos presuntos integrantes, entre ellos una mujer, fueron enviados a la c\u00e1rcel. No aceptaron los cargos formulados por la Fiscal\u00eda.<\/u><\/em><\/p>\n<p>Ante el Juzgado Quinto de control de garant\u00edas de Pasto (Nari\u00f1o) cuatro presuntos integrantes de una estructura delictiva dedicada al tr\u00e1fico de hero\u00edna hacia el Ecuador y los Estados Unidos aceptaron los cargos formulados por la Fiscal\u00eda General de la Naci\u00f3n.<\/p>\n<p>Los 4 sujetos, identificados como Juan Jairo Mu\u00f1oz Cabrera, Ancizar Eduardo Goyes Rosero, Jos\u00e9 Herney Cuar\u00e1n Perenguez y Daniel Antonio Rosero Cuar\u00e1n, fueron privados de la libertad en sus lugares de residencia, por determinaci\u00f3n del juez.<\/p>\n<p>Otros dos procesados: Albeiro Ord\u00f3\u00f1ez e Ider Carolina Calvo Erazo, se\u00f1alados como los cabecillas de la organizaci\u00f3n ilegal deber\u00e1n cumplir la medida de aseguramiento en establecimiento carcelario. Estas dos personas no aceptaron los cargos formulados por la Fiscal\u00eda.<\/p>\n<p>De acuerdo con la investigaci\u00f3n, que se adelant\u00f3 desde enero de 2017, la organizaci\u00f3n ilegal ubic\u00f3 su centro de producci\u00f3n en la vereda La Palma, corregimiento Santa Fe, jurisdicci\u00f3n del municipio de Buesaco (Nari\u00f1o).<\/p>\n<p>Seg\u00fan la Fiscal\u00eda, estas personas enviaban hero\u00edna a trav\u00e9s de \u2018correos humanos\u2019, bajo la modalidad de ingeridos, adem\u00e1s de veh\u00edculos acondicionados con sofisticadas caletas o compartimientos secretos. Los cargamentos de la sustancia il\u00edcita sal\u00edan desde Ipiales (Nari\u00f1o) hacia el Ecuador y los Estados Unidos.<\/p>\n<p>Un fiscal especializado de Cali (Valle del Cauca) orden\u00f3 9 diligencias de allanamiento y registro, los cuales fueron ejecutados por la Polic\u00eda Nacional, en Pasto, Buesaco e Ipiales (Nari\u00f1o). En estos procesos, las autoridades incautaron una prensa donde, supuestamente, armaban los \u2018dediles\u2019, adem\u00e1s de hero\u00edna.<\/p>\n<p>Durante las diligencias judiciales fueron capturados los hoy procesados, quienes ten\u00edan orden de captura emanada por el Juzgado 13 de control de garant\u00edas de la capital vallecaucana, previa solicitud del fiscal del caso.<\/p>\n<p>&nbsp;<\/p>\n<p><strong>Los cargos<\/strong><\/p>\n<p>En desarrollo de las audiencias preliminares, la Fiscal\u00eda formul\u00f3 cargos por los delitos de concierto para delinquir agravado y fabricaci\u00f3n, tr\u00e1fico o porte de armas de fuego de uso personal en contra de Alberto Ord\u00f3\u00f1ez, alias Floro, e Ider Carolina Calvo Erazo.<\/p>\n<p>Por concierto para delinquir agravado y fabricaci\u00f3n, tr\u00e1fico o porte de estupefacientes, en contra de Ancizar Eduardo Goyes Rosero, alias Eduar.<\/p>\n<p>Asimismo, la Fiscal\u00eda imput\u00f3 cargos por el delito de fabricaci\u00f3n, tr\u00e1fico o porte de armas de fuego de uso personal en contra de Juan Jairo Mu\u00f1oz Cabrera y por concierto para delinquir agravado contra Jos\u00e9 Herney Cuar\u00e1n Perenguez, alias Peter y Daniel Antonio Rosero Cuar\u00e1n.<\/p>\n<p>La Fiscal\u00eda General de la Naci\u00f3n publica esta informaci\u00f3n por considerarla de inter\u00e9s general.<\/p>\n<p>&nbsp;<\/p>\n<p><strong>MAP\/MAGA<\/strong><\/p>\n\n<div class=\"twitter-share\"><a href=\"https:\/\/twitter.com\/intent\/tweet?via=fiscaliacol\" class=\"twitter-share-button\">Tweet<\/a><\/div>\n","protected":false},"excerpt":{"rendered":"<p>Otros dos presuntos integrantes, entre ellos una mujer, fueron enviados a la c\u00e1rcel. No aceptaron los cargos formulados por la Fiscal\u00eda. Ante el Juzgado Quinto de control de garant\u00edas de [&hellip;]<\/p>\n","protected":false},"author":162,"featured_media":0,"comment_status":"closed","ping_status":"open","sticky":false,"template":"","format":"standard","meta":{"tdm_status":"","tdm_grid_status":"","footnotes":""},"categories":[324,303,24103],"tags":[],"class_list":["post-170549","post","type-post","status-publish","format-standard","category-seccional-cali","category-seccionales","category-trafico-de-estupefacientes"],"yoast_head":"<!-- This site is optimized with the Yoast SEO plugin v24.3 - https:\/\/yoast.com\/wordpress\/plugins\/seo\/ -->\n<title>Fiscal\u00eda General de la Naci\u00f3n<\/title>\n<meta name=\"description\" content=\"P\u00e1gina oficial de la Fiscal\u00eda General de la Naci\u00f3n \u2013 Colombia. Garantizamos el acceso efectivo a la justicia, la verdad y la reparaci\u00f3n de las v\u00edctimas de los delitos.\" \/>\n<meta name=\"robots\" content=\"noindex, follow\" \/>\n<meta property=\"og:locale\" content=\"es_ES\" \/>\n<meta property=\"og:type\" content=\"article\" \/>\n<meta property=\"og:title\" content=\"Fiscal\u00eda General de la Naci\u00f3n\" \/>\n<meta property=\"og:description\" content=\"P\u00e1gina oficial de la Fiscal\u00eda General de la Naci\u00f3n \u2013 Colombia. Garantizamos el acceso efectivo a la justicia, la verdad y la reparaci\u00f3n de las v\u00edctimas de los delitos.\" \/>\n<meta property=\"og:url\" content=\"https:\/\/www.fiscalia.gov.co\/colombia\/seccionales\/aseguran-a-6-presuntos-integrantes-de-una-banda-dedicada-exportar-sustancias-ilegales-hacia-ee-uu-y-ecuador\/\" \/>\n<meta property=\"og:site_name\" content=\"Fiscal\u00eda General de la Naci\u00f3n\" \/>\n<meta property=\"article:publisher\" content=\"https:\/\/www.facebook.com\/FiscaliaCol\" \/>\n<meta property=\"article:published_time\" content=\"2018-10-17T19:58:27+00:00\" \/>\n<meta property=\"article:modified_time\" content=\"2018-10-17T19:58:47+00:00\" \/>\n<meta name=\"author\" content=\"Direcci\u00f3n de Comunicaciones Fiscal\u00eda General de la Naci\u00f3n\" \/>\n<meta name=\"twitter:card\" content=\"summary_large_image\" \/>\n<meta name=\"twitter:creator\" content=\"@FiscaliaCol\" \/>\n<meta name=\"twitter:site\" content=\"@FiscaliaCol\" \/>\n<meta name=\"twitter:label1\" content=\"Escrito por\" \/>\n\t<meta name=\"twitter:data1\" content=\"Direcci\u00f3n de Comunicaciones Fiscal\u00eda General de la Naci\u00f3n\" \/>\n\t<meta name=\"twitter:label2\" content=\"Tiempo de lectura\" \/>\n\t<meta name=\"twitter:data2\" content=\"2 minutos\" \/>\n<script type=\"application\/ld+json\" class=\"yoast-schema-graph\">{\"@context\":\"https:\/\/schema.org\",\"@graph\":[{\"@type\":\"Article\",\"@id\":\"https:\/\/www.fiscalia.gov.co\/colombia\/seccionales\/aseguran-a-6-presuntos-integrantes-de-una-banda-dedicada-exportar-sustancias-ilegales-hacia-ee-uu-y-ecuador\/#article\",\"isPartOf\":{\"@id\":\"https:\/\/www.fiscalia.gov.co\/colombia\/seccionales\/aseguran-a-6-presuntos-integrantes-de-una-banda-dedicada-exportar-sustancias-ilegales-hacia-ee-uu-y-ecuador\/\"},\"author\":{\"name\":\"Direcci\u00f3n de Comunicaciones Fiscal\u00eda General de la Naci\u00f3n\",\"@id\":\"https:\/\/www.fiscalia.gov.co\/colombia\/#\/schema\/person\/bf28d8ae7f1b287bbe3af484b04f43ea\"},\"headline\":\"Aseguran a 6 presuntos integrantes de una banda dedicada a exportar sustancias ilegales hacia EE.UU y Ecuador\",\"datePublished\":\"2018-10-17T19:58:27+00:00\",\"dateModified\":\"2018-10-17T19:58:47+00:00\",\"mainEntityOfPage\":{\"@id\":\"https:\/\/www.fiscalia.gov.co\/colombia\/seccionales\/aseguran-a-6-presuntos-integrantes-de-una-banda-dedicada-exportar-sustancias-ilegales-hacia-ee-uu-y-ecuador\/\"},\"wordCount\":486,\"publisher\":{\"@id\":\"https:\/\/www.fiscalia.gov.co\/colombia\/#organization\"},\"articleSection\":[\"Seccional Cali\",\"Seccionales\",\"Tr\u00e1fico de estupefacientes\"],\"inLanguage\":\"es-CO\"},{\"@type\":\"WebPage\",\"@id\":\"https:\/\/www.fiscalia.gov.co\/colombia\/seccionales\/aseguran-a-6-presuntos-integrantes-de-una-banda-dedicada-exportar-sustancias-ilegales-hacia-ee-uu-y-ecuador\/\",\"url\":\"https:\/\/www.fiscalia.gov.co\/colombia\/seccionales\/aseguran-a-6-presuntos-integrantes-de-una-banda-dedicada-exportar-sustancias-ilegales-hacia-ee-uu-y-ecuador\/\",\"name\":\"Fiscal\u00eda General de la Naci\u00f3n\",\"isPartOf\":{\"@id\":\"https:\/\/www.fiscalia.gov.co\/colombia\/#website\"},\"datePublished\":\"2018-10-17T19:58:27+00:00\",\"dateModified\":\"2018-10-17T19:58:47+00:00\",\"description\":\"P\u00e1gina oficial de la Fiscal\u00eda General de la Naci\u00f3n \u2013 Colombia. Garantizamos el acceso efectivo a la justicia, la verdad y la reparaci\u00f3n de las v\u00edctimas de los delitos.\",\"breadcrumb\":{\"@id\":\"https:\/\/www.fiscalia.gov.co\/colombia\/seccionales\/aseguran-a-6-presuntos-integrantes-de-una-banda-dedicada-exportar-sustancias-ilegales-hacia-ee-uu-y-ecuador\/#breadcrumb\"},\"inLanguage\":\"es-CO\",\"potentialAction\":[{\"@type\":\"ReadAction\",\"target\":[\"https:\/\/www.fiscalia.gov.co\/colombia\/seccionales\/aseguran-a-6-presuntos-integrantes-de-una-banda-dedicada-exportar-sustancias-ilegales-hacia-ee-uu-y-ecuador\/\"]}]},{\"@type\":\"BreadcrumbList\",\"@id\":\"https:\/\/www.fiscalia.gov.co\/colombia\/seccionales\/aseguran-a-6-presuntos-integrantes-de-una-banda-dedicada-exportar-sustancias-ilegales-hacia-ee-uu-y-ecuador\/#breadcrumb\",\"itemListElement\":[{\"@type\":\"ListItem\",\"position\":1,\"name\":\"Home\",\"item\":\"https:\/\/www.fiscalia.gov.co\/colombia\/\"},{\"@type\":\"ListItem\",\"position\":2,\"name\":\"Aseguran a 6 presuntos integrantes de una banda dedicada a exportar sustancias ilegales hacia EE.UU y Ecuador\"}]},{\"@type\":\"WebSite\",\"@id\":\"https:\/\/www.fiscalia.gov.co\/colombia\/#website\",\"url\":\"https:\/\/www.fiscalia.gov.co\/colombia\/\",\"name\":\"Fiscal\u00eda General de la Naci\u00f3n\",\"description\":\"P\u00e1gina oficial de la Fiscal\u00eda General de la Naci\u00f3n \u2013 Colombia. Garantizamos el acceso efectivo a la justicia, la verdad y la reparaci\u00f3n de las v\u00edctimas de los delitos.\",\"publisher\":{\"@id\":\"https:\/\/www.fiscalia.gov.co\/colombia\/#organization\"},\"potentialAction\":[{\"@type\":\"SearchAction\",\"target\":{\"@type\":\"EntryPoint\",\"urlTemplate\":\"https:\/\/www.fiscalia.gov.co\/colombia\/?s={search_term_string}\"},\"query-input\":{\"@type\":\"PropertyValueSpecification\",\"valueRequired\":true,\"valueName\":\"search_term_string\"}}],\"inLanguage\":\"es-CO\"},{\"@type\":\"Organization\",\"@id\":\"https:\/\/www.fiscalia.gov.co\/colombia\/#organization\",\"name\":\"Fiscal\u00eda General de la Naci\u00f3n\",\"url\":\"https:\/\/www.fiscalia.gov.co\/colombia\/\",\"logo\":{\"@type\":\"ImageObject\",\"inLanguage\":\"es-CO\",\"@id\":\"https:\/\/www.fiscalia.gov.co\/colombia\/#\/schema\/logo\/image\/\",\"url\":\"https:\/\/www.fiscalia.gov.co\/colombia\/wp-content\/uploads\/LogoHorizontal_1.jpg\",\"contentUrl\":\"https:\/\/www.fiscalia.gov.co\/colombia\/wp-content\/uploads\/LogoHorizontal_1.jpg\",\"width\":300,\"height\":90,\"caption\":\"Fiscal\u00eda General de la Naci\u00f3n\"},\"image\":{\"@id\":\"https:\/\/www.fiscalia.gov.co\/colombia\/#\/schema\/logo\/image\/\"},\"sameAs\":[\"https:\/\/www.facebook.com\/FiscaliaCol\",\"https:\/\/x.com\/FiscaliaCol\",\"https:\/\/www.instagram.com\/fiscaliacol\",\"https:\/\/www.linkedin.com\/company\/fiscalia-general-de-la-naci-n\/\",\"https:\/\/youtube.com\/@fiscaliageneraldelanacion-4668?si=6nN79nyQICPU5iTh\"]},{\"@type\":\"Person\",\"@id\":\"https:\/\/www.fiscalia.gov.co\/colombia\/#\/schema\/person\/bf28d8ae7f1b287bbe3af484b04f43ea\",\"name\":\"Direcci\u00f3n de Comunicaciones Fiscal\u00eda General de la Naci\u00f3n\",\"image\":{\"@type\":\"ImageObject\",\"inLanguage\":\"es-CO\",\"@id\":\"https:\/\/www.fiscalia.gov.co\/colombia\/#\/schema\/person\/image\/\",\"url\":\"https:\/\/secure.gravatar.com\/avatar\/9d55ae161d32da16dbdd0b380c080a5f?s=96&d=mm&r=g\",\"contentUrl\":\"https:\/\/secure.gravatar.com\/avatar\/9d55ae161d32da16dbdd0b380c080a5f?s=96&d=mm&r=g\",\"caption\":\"Direcci\u00f3n de Comunicaciones Fiscal\u00eda General de la Naci\u00f3n\"},\"url\":\"https:\/\/www.fiscalia.gov.co\/colombia\/author\/kbonilla\/\"}]}<\/script>\n<!-- \/ Yoast SEO plugin. -->","yoast_head_json":{"title":"Fiscal\u00eda General de la Naci\u00f3n","description":"P\u00e1gina oficial de la Fiscal\u00eda General de la Naci\u00f3n \u2013 Colombia. Garantizamos el acceso efectivo a la justicia, la verdad y la reparaci\u00f3n de las v\u00edctimas de los delitos.","robots":{"index":"noindex","follow":"follow"},"og_locale":"es_ES","og_type":"article","og_title":"Fiscal\u00eda General de la Naci\u00f3n","og_description":"P\u00e1gina oficial de la Fiscal\u00eda General de la Naci\u00f3n \u2013 Colombia. Garantizamos el acceso efectivo a la justicia, la verdad y la reparaci\u00f3n de las v\u00edctimas de los delitos.","og_url":"https:\/\/www.fiscalia.gov.co\/colombia\/seccionales\/aseguran-a-6-presuntos-integrantes-de-una-banda-dedicada-exportar-sustancias-ilegales-hacia-ee-uu-y-ecuador\/","og_site_name":"Fiscal\u00eda General de la Naci\u00f3n","article_publisher":"https:\/\/www.facebook.com\/FiscaliaCol","article_published_time":"2018-10-17T19:58:27+00:00","article_modified_time":"2018-10-17T19:58:47+00:00","author":"Direcci\u00f3n de Comunicaciones Fiscal\u00eda General de la Naci\u00f3n","twitter_card":"summary_large_image","twitter_creator":"@FiscaliaCol","twitter_site":"@FiscaliaCol","twitter_misc":{"Escrito por":"Direcci\u00f3n de Comunicaciones Fiscal\u00eda General de la Naci\u00f3n","Tiempo de lectura":"2 minutos"},"schema":{"@context":"https:\/\/schema.org","@graph":[{"@type":"Article","@id":"https:\/\/www.fiscalia.gov.co\/colombia\/seccionales\/aseguran-a-6-presuntos-integrantes-de-una-banda-dedicada-exportar-sustancias-ilegales-hacia-ee-uu-y-ecuador\/#article","isPartOf":{"@id":"https:\/\/www.fiscalia.gov.co\/colombia\/seccionales\/aseguran-a-6-presuntos-integrantes-de-una-banda-dedicada-exportar-sustancias-ilegales-hacia-ee-uu-y-ecuador\/"},"author":{"name":"Direcci\u00f3n de Comunicaciones Fiscal\u00eda General de la Naci\u00f3n","@id":"https:\/\/www.fiscalia.gov.co\/colombia\/#\/schema\/person\/bf28d8ae7f1b287bbe3af484b04f43ea"},"headline":"Aseguran a 6 presuntos integrantes de una banda dedicada a exportar sustancias ilegales hacia EE.UU y Ecuador","datePublished":"2018-10-17T19:58:27+00:00","dateModified":"2018-10-17T19:58:47+00:00","mainEntityOfPage":{"@id":"https:\/\/www.fiscalia.gov.co\/colombia\/seccionales\/aseguran-a-6-presuntos-integrantes-de-una-banda-dedicada-exportar-sustancias-ilegales-hacia-ee-uu-y-ecuador\/"},"wordCount":486,"publisher":{"@id":"https:\/\/www.fiscalia.gov.co\/colombia\/#organization"},"articleSection":["Seccional Cali","Seccionales","Tr\u00e1fico de estupefacientes"],"inLanguage":"es-CO"},{"@type":"WebPage","@id":"https:\/\/www.fiscalia.gov.co\/colombia\/seccionales\/aseguran-a-6-presuntos-integrantes-de-una-banda-dedicada-exportar-sustancias-ilegales-hacia-ee-uu-y-ecuador\/","url":"https:\/\/www.fiscalia.gov.co\/colombia\/seccionales\/aseguran-a-6-presuntos-integrantes-de-una-banda-dedicada-exportar-sustancias-ilegales-hacia-ee-uu-y-ecuador\/","name":"Fiscal\u00eda General de la Naci\u00f3n","isPartOf":{"@id":"https:\/\/www.fiscalia.gov.co\/colombia\/#website"},"datePublished":"2018-10-17T19:58:27+00:00","dateModified":"2018-10-17T19:58:47+00:00","description":"P\u00e1gina oficial de la Fiscal\u00eda General de la Naci\u00f3n \u2013 Colombia. Garantizamos el acceso efectivo a la justicia, la verdad y la reparaci\u00f3n de las v\u00edctimas de los delitos.","breadcrumb":{"@id":"https:\/\/www.fiscalia.gov.co\/colombia\/seccionales\/aseguran-a-6-presuntos-integrantes-de-una-banda-dedicada-exportar-sustancias-ilegales-hacia-ee-uu-y-ecuador\/#breadcrumb"},"inLanguage":"es-CO","potentialAction":[{"@type":"ReadAction","target":["https:\/\/www.fiscalia.gov.co\/colombia\/seccionales\/aseguran-a-6-presuntos-integrantes-de-una-banda-dedicada-exportar-sustancias-ilegales-hacia-ee-uu-y-ecuador\/"]}]},{"@type":"BreadcrumbList","@id":"https:\/\/www.fiscalia.gov.co\/colombia\/seccionales\/aseguran-a-6-presuntos-integrantes-de-una-banda-dedicada-exportar-sustancias-ilegales-hacia-ee-uu-y-ecuador\/#breadcrumb","itemListElement":[{"@type":"ListItem","position":1,"name":"Home","item":"https:\/\/www.fiscalia.gov.co\/colombia\/"},{"@type":"ListItem","position":2,"name":"Aseguran a 6 presuntos integrantes de una banda dedicada a exportar sustancias ilegales hacia EE.UU y Ecuador"}]},{"@type":"WebSite","@id":"https:\/\/www.fiscalia.gov.co\/colombia\/#website","url":"https:\/\/www.fiscalia.gov.co\/colombia\/","name":"Fiscal\u00eda General de la Naci\u00f3n","description":"P\u00e1gina oficial de la Fiscal\u00eda General de la Naci\u00f3n \u2013 Colombia. Garantizamos el acceso efectivo a la justicia, la verdad y la reparaci\u00f3n de las v\u00edctimas de los delitos.","publisher":{"@id":"https:\/\/www.fiscalia.gov.co\/colombia\/#organization"},"potentialAction":[{"@type":"SearchAction","target":{"@type":"EntryPoint","urlTemplate":"https:\/\/www.fiscalia.gov.co\/colombia\/?s={search_term_string}"},"query-input":{"@type":"PropertyValueSpecification","valueRequired":true,"valueName":"search_term_string"}}],"inLanguage":"es-CO"},{"@type":"Organization","@id":"https:\/\/www.fiscalia.gov.co\/colombia\/#organization","name":"Fiscal\u00eda General de la Naci\u00f3n","url":"https:\/\/www.fiscalia.gov.co\/colombia\/","logo":{"@type":"ImageObject","inLanguage":"es-CO","@id":"https:\/\/www.fiscalia.gov.co\/colombia\/#\/schema\/logo\/image\/","url":"https:\/\/www.fiscalia.gov.co\/colombia\/wp-content\/uploads\/LogoHorizontal_1.jpg","contentUrl":"https:\/\/www.fiscalia.gov.co\/colombia\/wp-content\/uploads\/LogoHorizontal_1.jpg","width":300,"height":90,"caption":"Fiscal\u00eda General de la Naci\u00f3n"},"image":{"@id":"https:\/\/www.fiscalia.gov.co\/colombia\/#\/schema\/logo\/image\/"},"sameAs":["https:\/\/www.facebook.com\/FiscaliaCol","https:\/\/x.com\/FiscaliaCol","https:\/\/www.instagram.com\/fiscaliacol","https:\/\/www.linkedin.com\/company\/fiscalia-general-de-la-naci-n\/","https:\/\/youtube.com\/@fiscaliageneraldelanacion-4668?si=6nN79nyQICPU5iTh"]},{"@type":"Person","@id":"https:\/\/www.fiscalia.gov.co\/colombia\/#\/schema\/person\/bf28d8ae7f1b287bbe3af484b04f43ea","name":"Direcci\u00f3n de Comunicaciones Fiscal\u00eda General de la Naci\u00f3n","image":{"@type":"ImageObject","inLanguage":"es-CO","@id":"https:\/\/www.fiscalia.gov.co\/colombia\/#\/schema\/person\/image\/","url":"https:\/\/secure.gravatar.com\/avatar\/9d55ae161d32da16dbdd0b380c080a5f?s=96&d=mm&r=g","contentUrl":"https:\/\/secure.gravatar.com\/avatar\/9d55ae161d32da16dbdd0b380c080a5f?s=96&d=mm&r=g","caption":"Direcci\u00f3n de Comunicaciones Fiscal\u00eda General de la Naci\u00f3n"},"url":"https:\/\/www.fiscalia.gov.co\/colombia\/author\/kbonilla\/"}]}},"_links":{"self":[{"href":"https:\/\/www.fiscalia.gov.co\/colombia\/wp-json\/wp\/v2\/posts\/170549","targetHints":{"allow":["GET"]}}],"collection":[{"href":"https:\/\/www.fiscalia.gov.co\/colombia\/wp-json\/wp\/v2\/posts"}],"about":[{"href":"https:\/\/www.fiscalia.gov.co\/colombia\/wp-json\/wp\/v2\/types\/post"}],"author":[{"embeddable":true,"href":"https:\/\/www.fiscalia.gov.co\/colombia\/wp-json\/wp\/v2\/users\/162"}],"replies":[{"embeddable":true,"href":"https:\/\/www.fiscalia.gov.co\/colombia\/wp-json\/wp\/v2\/comments?post=170549"}],"version-history":[{"count":2,"href":"https:\/\/www.fiscalia.gov.co\/colombia\/wp-json\/wp\/v2\/posts\/170549\/revisions"}],"predecessor-version":[{"id":170551,"href":"https:\/\/www.fiscalia.gov.co\/colombia\/wp-json\/wp\/v2\/posts\/170549\/revisions\/170551"}],"wp:attachment":[{"href":"https:\/\/www.fiscalia.gov.co\/colombia\/wp-json\/wp\/v2\/media?parent=170549"}],"wp:term":[{"taxonomy":"category","embeddable":true,"href":"https:\/\/www.fiscalia.gov.co\/colombia\/wp-json\/wp\/v2\/categories?post=170549"},{"taxonomy":"post_tag","embeddable":true,"href":"https:\/\/www.fiscalia.gov.co\/colombia\/wp-json\/wp\/v2\/tags?post=170549"}],"curies":[{"name":"wp","href":"https:\/\/api.w.org\/{rel}","templated":true}]}}