{"id":170023,"date":"2018-10-05T10:42:31","date_gmt":"2018-10-05T15:42:31","guid":{"rendered":"https:\/\/www.fiscalia.gov.co\/colombia\/?p=170023"},"modified":"2018-10-05T10:42:31","modified_gmt":"2018-10-05T15:42:31","slug":"comunicado-de-prensa-187","status":"publish","type":"post","link":"https:\/\/www.fiscalia.gov.co\/colombia\/lucha-contra-corrupcion\/comunicado-de-prensa-187\/","title":{"rendered":"Comunicado de prensa 187"},"content":{"rendered":"<p>A prop\u00f3sito de la providencia emitida por la Sala Plena de la Honorable Corte Suprema de Justicia que declar\u00f3 fundado el impedimento manifestado en su momento por el se\u00f1or Fiscal General de Naci\u00f3n dentro de la causa penal que se sigue por el caso Hyundai, providencia que orden\u00f3 remitir el asunto al Despacho de la Vicefiscal General de la Naci\u00f3n para asumir su conocimiento, informo al pa\u00eds:<\/p>\n<p>Tras haber sido citado el se\u00f1or Carlos Jos\u00e9 Mattos Barrero a diligencias judiciales ante la Fiscal\u00eda General de la Naci\u00f3n en dos oportunidades en las que no compareci\u00f3, el pasado 14 de septiembre este Ente Investigador exhort\u00f3 a la representaci\u00f3n consular de Colombia en Madrid, Espa\u00f1a (donde se encuentra el se\u00f1or Mattos), para que por su conducto acudiera de manera virtual a la audiencia de imputaci\u00f3n de cargos programada por la Judicatura para el d\u00eda 3 de octubre de 2018.<\/p>\n<p>No obstante que en esta \u00faltima oportunidad hab\u00eda confirmado su asistencia y hab\u00eda aportado las claves para la conexi\u00f3n virtual, el indiciado manifest\u00f3 que no comparecer\u00eda a la audiencia, como en efecto, no compareci\u00f3. Por esa raz\u00f3n el Juez 27 penal municipal con funci\u00f3n de control de garant\u00edas lo declar\u00f3 contumaz. En la audiencia, la Fiscal\u00eda General de la Naci\u00f3n le imput\u00f3 al se\u00f1or Mattos 4 delitos: Cohecho por Dar u Ofrecer en grado de autor\u00eda (art. 407 del C\u00f3digo Penal) y, Utilizaci\u00f3n Il\u00edcita de Redes de Comunicaciones (art. 197 del C\u00f3digo Penal), Acceso Abusivo a un Sistema Inform\u00e1tico (art.269A de C\u00f3digo Penal) y Da\u00f1o Inform\u00e1tico (art. 269D del C\u00f3digo Penal), en grado de determinador. Los delitos fueron imputados en la categor\u00eda de agravados, lo que significa que se parte de penas superiores a la base.<\/p>\n<p>El procesado habr\u00eda pagado, a cambio de que un juez de la Rep\u00fablica adoptara una decisi\u00f3n en su favor, sobornos a m\u00faltiples funcionarios del \u00e1rea de sistemas de la judicatura y a funcionarios judiciales, para direccionar el reparto de una demanda de la empresa colombiana Hyundai Colombia Automotr\u00edz S.A. (de la cual Mattos era el mayor accionista) contra la Compa\u00f1\u00eda Coreana Hyundai Motor Company. El prop\u00f3sito de la demanda era que se prohibiera a esta \u00faltima la comercializaci\u00f3n de sus autom\u00f3viles y repuestos, en territorio colombiano, con cualquier empresa distinta a Hyundai Colombia Automotriz.<\/p>\n<p>Con la finalidad de obtener el decreto de una medida cautelar dentro del proceso civil, que declarara tal prohibici\u00f3n, el sistema de reparto judicial fue manipulado para que la demanda mencionada fuera conocida espec\u00edficamente por el Juzgado 6 Civil del Circuito de Bogot\u00e1, cuyo titular era el encargado de producir la decisi\u00f3n que favoreciera los intereses del se\u00f1or Mattos, a cambio de cuantiosas sumas de dinero. Ese juez tambi\u00e9n se encuentra privado de la libertad por los mismos hechos, junto con 8 personas m\u00e1s, que ya han aceptado cargos.<\/p>\n<p>El d\u00eda de ayer el juez de Control de Garant\u00edas decret\u00f3 medida de aseguramiento privativa de la libertad en Establecimiento Carcelario en contra del se\u00f1or Mattos Barrero y libr\u00f3 orden de captura con fines de cumplimiento de la medida.<\/p>\n<p>A prop\u00f3sito de dicha circunstancia, la Fiscal\u00eda General de la Naci\u00f3n dispuso, de acuerdo con el Convenio de Extradici\u00f3n vigente entre la Rep\u00fablica de Colombia y el Reino de Espa\u00f1a, elevar pedido de extradici\u00f3n del se\u00f1or Mattos Barrero.<\/p>\n<p>Hemos iniciado los tr\u00e1mites pertinentes tendientes a obtener la entrega en extradici\u00f3n del se\u00f1or Mattos para que comparezca ante las autoridades judiciales colombianas.<\/p>\n<p>&nbsp;<\/p>\n<p><strong>Mar\u00eda Paulina Riveros Due\u00f1as<\/strong><br \/>\n<strong>Vicefiscal General de la Naci\u00f3n<\/strong><\/p>\n\n<div class=\"twitter-share\"><a href=\"https:\/\/twitter.com\/intent\/tweet?via=fiscaliacol\" class=\"twitter-share-button\">Tweet<\/a><\/div>\n","protected":false},"excerpt":{"rendered":"<p>A prop\u00f3sito de la providencia emitida por la Sala Plena de la Honorable Corte Suprema de Justicia que declar\u00f3 fundado el impedimento manifestado en su momento por el se\u00f1or Fiscal General de Naci\u00f3n dentro de la causa penal que se sigue por el caso Hyundai, providencia que orden\u00f3 remitir el asunto al Despacho de la [&hellip;]<\/p>\n","protected":false},"author":162,"featured_media":0,"comment_status":"closed","ping_status":"open","sticky":false,"template":"","format":"standard","meta":{"tdm_status":"","tdm_grid_status":"","footnotes":""},"categories":[24107,24126],"tags":[],"class_list":{"0":"post-170023","1":"post","2":"type-post","3":"status-publish","4":"format-standard","6":"category-lucha-contra-corrupcion","7":"category-vicefiscal-general-de-la-nacion"},"yoast_head":"<!-- This site is optimized with the Yoast SEO plugin v24.3 - https:\/\/yoast.com\/wordpress\/plugins\/seo\/ -->\n<title>Fiscal\u00eda General de la Naci\u00f3n<\/title>\n<meta name=\"description\" content=\"P\u00e1gina oficial de la Fiscal\u00eda General de la Naci\u00f3n \u2013 Colombia. Garantizamos el acceso efectivo a la justicia, la verdad y la reparaci\u00f3n de las v\u00edctimas de los delitos.\" \/>\n<meta name=\"robots\" content=\"noindex, follow\" \/>\n<meta property=\"og:locale\" content=\"es_ES\" \/>\n<meta property=\"og:type\" content=\"article\" \/>\n<meta property=\"og:title\" content=\"Fiscal\u00eda General de la Naci\u00f3n\" \/>\n<meta property=\"og:description\" content=\"P\u00e1gina oficial de la Fiscal\u00eda General de la Naci\u00f3n \u2013 Colombia. Garantizamos el acceso efectivo a la justicia, la verdad y la reparaci\u00f3n de las v\u00edctimas de los delitos.\" \/>\n<meta property=\"og:url\" content=\"https:\/\/www.fiscalia.gov.co\/colombia\/lucha-contra-corrupcion\/comunicado-de-prensa-187\/\" \/>\n<meta property=\"og:site_name\" content=\"Fiscal\u00eda General de la Naci\u00f3n\" \/>\n<meta property=\"article:publisher\" content=\"https:\/\/www.facebook.com\/FiscaliaCol\" \/>\n<meta property=\"article:published_time\" content=\"2018-10-05T15:42:31+00:00\" \/>\n<meta name=\"author\" content=\"Direcci\u00f3n de Comunicaciones Fiscal\u00eda General de la Naci\u00f3n\" \/>\n<meta name=\"twitter:card\" content=\"summary_large_image\" \/>\n<meta name=\"twitter:creator\" content=\"@FiscaliaCol\" \/>\n<meta name=\"twitter:site\" content=\"@FiscaliaCol\" \/>\n<meta name=\"twitter:label1\" content=\"Escrito por\" \/>\n\t<meta name=\"twitter:data1\" content=\"Direcci\u00f3n de Comunicaciones Fiscal\u00eda General de la Naci\u00f3n\" \/>\n\t<meta name=\"twitter:label2\" content=\"Tiempo de lectura\" \/>\n\t<meta name=\"twitter:data2\" content=\"3 minutos\" \/>\n<script type=\"application\/ld+json\" class=\"yoast-schema-graph\">{\"@context\":\"https:\/\/schema.org\",\"@graph\":[{\"@type\":\"Article\",\"@id\":\"https:\/\/www.fiscalia.gov.co\/colombia\/lucha-contra-corrupcion\/comunicado-de-prensa-187\/#article\",\"isPartOf\":{\"@id\":\"https:\/\/www.fiscalia.gov.co\/colombia\/lucha-contra-corrupcion\/comunicado-de-prensa-187\/\"},\"author\":{\"name\":\"Direcci\u00f3n de Comunicaciones Fiscal\u00eda General de la Naci\u00f3n\",\"@id\":\"https:\/\/www.fiscalia.gov.co\/colombia\/#\/schema\/person\/bf28d8ae7f1b287bbe3af484b04f43ea\"},\"headline\":\"Comunicado de prensa 187\",\"datePublished\":\"2018-10-05T15:42:31+00:00\",\"dateModified\":\"2018-10-05T15:42:31+00:00\",\"mainEntityOfPage\":{\"@id\":\"https:\/\/www.fiscalia.gov.co\/colombia\/lucha-contra-corrupcion\/comunicado-de-prensa-187\/\"},\"wordCount\":638,\"publisher\":{\"@id\":\"https:\/\/www.fiscalia.gov.co\/colombia\/#organization\"},\"articleSection\":[\"Corrupci\u00f3n\",\"Vicefiscal General de la Naci\u00f3n\"],\"inLanguage\":\"es-CO\"},{\"@type\":\"WebPage\",\"@id\":\"https:\/\/www.fiscalia.gov.co\/colombia\/lucha-contra-corrupcion\/comunicado-de-prensa-187\/\",\"url\":\"https:\/\/www.fiscalia.gov.co\/colombia\/lucha-contra-corrupcion\/comunicado-de-prensa-187\/\",\"name\":\"Fiscal\u00eda General de la Naci\u00f3n\",\"isPartOf\":{\"@id\":\"https:\/\/www.fiscalia.gov.co\/colombia\/#website\"},\"datePublished\":\"2018-10-05T15:42:31+00:00\",\"dateModified\":\"2018-10-05T15:42:31+00:00\",\"description\":\"P\u00e1gina oficial de la Fiscal\u00eda General de la Naci\u00f3n \u2013 Colombia. Garantizamos el acceso efectivo a la justicia, la verdad y la reparaci\u00f3n de las v\u00edctimas de los delitos.\",\"breadcrumb\":{\"@id\":\"https:\/\/www.fiscalia.gov.co\/colombia\/lucha-contra-corrupcion\/comunicado-de-prensa-187\/#breadcrumb\"},\"inLanguage\":\"es-CO\",\"potentialAction\":[{\"@type\":\"ReadAction\",\"target\":[\"https:\/\/www.fiscalia.gov.co\/colombia\/lucha-contra-corrupcion\/comunicado-de-prensa-187\/\"]}]},{\"@type\":\"BreadcrumbList\",\"@id\":\"https:\/\/www.fiscalia.gov.co\/colombia\/lucha-contra-corrupcion\/comunicado-de-prensa-187\/#breadcrumb\",\"itemListElement\":[{\"@type\":\"ListItem\",\"position\":1,\"name\":\"Home\",\"item\":\"https:\/\/www.fiscalia.gov.co\/colombia\/\"},{\"@type\":\"ListItem\",\"position\":2,\"name\":\"Comunicado de prensa 187\"}]},{\"@type\":\"WebSite\",\"@id\":\"https:\/\/www.fiscalia.gov.co\/colombia\/#website\",\"url\":\"https:\/\/www.fiscalia.gov.co\/colombia\/\",\"name\":\"Fiscal\u00eda General de la Naci\u00f3n\",\"description\":\"P\u00e1gina oficial de la Fiscal\u00eda General de la Naci\u00f3n \u2013 Colombia. Garantizamos el acceso efectivo a la justicia, la verdad y la reparaci\u00f3n de las v\u00edctimas de los delitos.\",\"publisher\":{\"@id\":\"https:\/\/www.fiscalia.gov.co\/colombia\/#organization\"},\"potentialAction\":[{\"@type\":\"SearchAction\",\"target\":{\"@type\":\"EntryPoint\",\"urlTemplate\":\"https:\/\/www.fiscalia.gov.co\/colombia\/?s={search_term_string}\"},\"query-input\":{\"@type\":\"PropertyValueSpecification\",\"valueRequired\":true,\"valueName\":\"search_term_string\"}}],\"inLanguage\":\"es-CO\"},{\"@type\":\"Organization\",\"@id\":\"https:\/\/www.fiscalia.gov.co\/colombia\/#organization\",\"name\":\"Fiscal\u00eda General de la Naci\u00f3n\",\"url\":\"https:\/\/www.fiscalia.gov.co\/colombia\/\",\"logo\":{\"@type\":\"ImageObject\",\"inLanguage\":\"es-CO\",\"@id\":\"https:\/\/www.fiscalia.gov.co\/colombia\/#\/schema\/logo\/image\/\",\"url\":\"https:\/\/www.fiscalia.gov.co\/colombia\/wp-content\/uploads\/LogoHorizontal_1.jpg\",\"contentUrl\":\"https:\/\/www.fiscalia.gov.co\/colombia\/wp-content\/uploads\/LogoHorizontal_1.jpg\",\"width\":300,\"height\":90,\"caption\":\"Fiscal\u00eda General de la Naci\u00f3n\"},\"image\":{\"@id\":\"https:\/\/www.fiscalia.gov.co\/colombia\/#\/schema\/logo\/image\/\"},\"sameAs\":[\"https:\/\/www.facebook.com\/FiscaliaCol\",\"https:\/\/x.com\/FiscaliaCol\",\"https:\/\/www.instagram.com\/fiscaliacol\",\"https:\/\/www.linkedin.com\/company\/fiscalia-general-de-la-naci-n\/\",\"https:\/\/youtube.com\/@fiscaliageneraldelanacion-4668?si=6nN79nyQICPU5iTh\"]},{\"@type\":\"Person\",\"@id\":\"https:\/\/www.fiscalia.gov.co\/colombia\/#\/schema\/person\/bf28d8ae7f1b287bbe3af484b04f43ea\",\"name\":\"Direcci\u00f3n de Comunicaciones Fiscal\u00eda General de la Naci\u00f3n\",\"image\":{\"@type\":\"ImageObject\",\"inLanguage\":\"es-CO\",\"@id\":\"https:\/\/www.fiscalia.gov.co\/colombia\/#\/schema\/person\/image\/\",\"url\":\"https:\/\/secure.gravatar.com\/avatar\/9d55ae161d32da16dbdd0b380c080a5f?s=96&d=mm&r=g\",\"contentUrl\":\"https:\/\/secure.gravatar.com\/avatar\/9d55ae161d32da16dbdd0b380c080a5f?s=96&d=mm&r=g\",\"caption\":\"Direcci\u00f3n de Comunicaciones Fiscal\u00eda General de la Naci\u00f3n\"},\"url\":\"https:\/\/www.fiscalia.gov.co\/colombia\/author\/kbonilla\/\"}]}<\/script>\n<!-- \/ Yoast SEO plugin. -->","yoast_head_json":{"title":"Fiscal\u00eda General de la Naci\u00f3n","description":"P\u00e1gina oficial de la Fiscal\u00eda General de la Naci\u00f3n \u2013 Colombia. Garantizamos el acceso efectivo a la justicia, la verdad y la reparaci\u00f3n de las v\u00edctimas de los delitos.","robots":{"index":"noindex","follow":"follow"},"og_locale":"es_ES","og_type":"article","og_title":"Fiscal\u00eda General de la Naci\u00f3n","og_description":"P\u00e1gina oficial de la Fiscal\u00eda General de la Naci\u00f3n \u2013 Colombia. Garantizamos el acceso efectivo a la justicia, la verdad y la reparaci\u00f3n de las v\u00edctimas de los delitos.","og_url":"https:\/\/www.fiscalia.gov.co\/colombia\/lucha-contra-corrupcion\/comunicado-de-prensa-187\/","og_site_name":"Fiscal\u00eda General de la Naci\u00f3n","article_publisher":"https:\/\/www.facebook.com\/FiscaliaCol","article_published_time":"2018-10-05T15:42:31+00:00","author":"Direcci\u00f3n de Comunicaciones Fiscal\u00eda General de la Naci\u00f3n","twitter_card":"summary_large_image","twitter_creator":"@FiscaliaCol","twitter_site":"@FiscaliaCol","twitter_misc":{"Escrito por":"Direcci\u00f3n de Comunicaciones Fiscal\u00eda General de la Naci\u00f3n","Tiempo de lectura":"3 minutos"},"schema":{"@context":"https:\/\/schema.org","@graph":[{"@type":"Article","@id":"https:\/\/www.fiscalia.gov.co\/colombia\/lucha-contra-corrupcion\/comunicado-de-prensa-187\/#article","isPartOf":{"@id":"https:\/\/www.fiscalia.gov.co\/colombia\/lucha-contra-corrupcion\/comunicado-de-prensa-187\/"},"author":{"name":"Direcci\u00f3n de Comunicaciones Fiscal\u00eda General de la Naci\u00f3n","@id":"https:\/\/www.fiscalia.gov.co\/colombia\/#\/schema\/person\/bf28d8ae7f1b287bbe3af484b04f43ea"},"headline":"Comunicado de prensa 187","datePublished":"2018-10-05T15:42:31+00:00","dateModified":"2018-10-05T15:42:31+00:00","mainEntityOfPage":{"@id":"https:\/\/www.fiscalia.gov.co\/colombia\/lucha-contra-corrupcion\/comunicado-de-prensa-187\/"},"wordCount":638,"publisher":{"@id":"https:\/\/www.fiscalia.gov.co\/colombia\/#organization"},"articleSection":["Corrupci\u00f3n","Vicefiscal General de la Naci\u00f3n"],"inLanguage":"es-CO"},{"@type":"WebPage","@id":"https:\/\/www.fiscalia.gov.co\/colombia\/lucha-contra-corrupcion\/comunicado-de-prensa-187\/","url":"https:\/\/www.fiscalia.gov.co\/colombia\/lucha-contra-corrupcion\/comunicado-de-prensa-187\/","name":"Fiscal\u00eda General de la Naci\u00f3n","isPartOf":{"@id":"https:\/\/www.fiscalia.gov.co\/colombia\/#website"},"datePublished":"2018-10-05T15:42:31+00:00","dateModified":"2018-10-05T15:42:31+00:00","description":"P\u00e1gina oficial de la Fiscal\u00eda General de la Naci\u00f3n \u2013 Colombia. Garantizamos el acceso efectivo a la justicia, la verdad y la reparaci\u00f3n de las v\u00edctimas de los delitos.","breadcrumb":{"@id":"https:\/\/www.fiscalia.gov.co\/colombia\/lucha-contra-corrupcion\/comunicado-de-prensa-187\/#breadcrumb"},"inLanguage":"es-CO","potentialAction":[{"@type":"ReadAction","target":["https:\/\/www.fiscalia.gov.co\/colombia\/lucha-contra-corrupcion\/comunicado-de-prensa-187\/"]}]},{"@type":"BreadcrumbList","@id":"https:\/\/www.fiscalia.gov.co\/colombia\/lucha-contra-corrupcion\/comunicado-de-prensa-187\/#breadcrumb","itemListElement":[{"@type":"ListItem","position":1,"name":"Home","item":"https:\/\/www.fiscalia.gov.co\/colombia\/"},{"@type":"ListItem","position":2,"name":"Comunicado de prensa 187"}]},{"@type":"WebSite","@id":"https:\/\/www.fiscalia.gov.co\/colombia\/#website","url":"https:\/\/www.fiscalia.gov.co\/colombia\/","name":"Fiscal\u00eda General de la Naci\u00f3n","description":"P\u00e1gina oficial de la Fiscal\u00eda General de la Naci\u00f3n \u2013 Colombia. Garantizamos el acceso efectivo a la justicia, la verdad y la reparaci\u00f3n de las v\u00edctimas de los delitos.","publisher":{"@id":"https:\/\/www.fiscalia.gov.co\/colombia\/#organization"},"potentialAction":[{"@type":"SearchAction","target":{"@type":"EntryPoint","urlTemplate":"https:\/\/www.fiscalia.gov.co\/colombia\/?s={search_term_string}"},"query-input":{"@type":"PropertyValueSpecification","valueRequired":true,"valueName":"search_term_string"}}],"inLanguage":"es-CO"},{"@type":"Organization","@id":"https:\/\/www.fiscalia.gov.co\/colombia\/#organization","name":"Fiscal\u00eda General de la Naci\u00f3n","url":"https:\/\/www.fiscalia.gov.co\/colombia\/","logo":{"@type":"ImageObject","inLanguage":"es-CO","@id":"https:\/\/www.fiscalia.gov.co\/colombia\/#\/schema\/logo\/image\/","url":"https:\/\/www.fiscalia.gov.co\/colombia\/wp-content\/uploads\/LogoHorizontal_1.jpg","contentUrl":"https:\/\/www.fiscalia.gov.co\/colombia\/wp-content\/uploads\/LogoHorizontal_1.jpg","width":300,"height":90,"caption":"Fiscal\u00eda General de la Naci\u00f3n"},"image":{"@id":"https:\/\/www.fiscalia.gov.co\/colombia\/#\/schema\/logo\/image\/"},"sameAs":["https:\/\/www.facebook.com\/FiscaliaCol","https:\/\/x.com\/FiscaliaCol","https:\/\/www.instagram.com\/fiscaliacol","https:\/\/www.linkedin.com\/company\/fiscalia-general-de-la-naci-n\/","https:\/\/youtube.com\/@fiscaliageneraldelanacion-4668?si=6nN79nyQICPU5iTh"]},{"@type":"Person","@id":"https:\/\/www.fiscalia.gov.co\/colombia\/#\/schema\/person\/bf28d8ae7f1b287bbe3af484b04f43ea","name":"Direcci\u00f3n de Comunicaciones Fiscal\u00eda General de la Naci\u00f3n","image":{"@type":"ImageObject","inLanguage":"es-CO","@id":"https:\/\/www.fiscalia.gov.co\/colombia\/#\/schema\/person\/image\/","url":"https:\/\/secure.gravatar.com\/avatar\/9d55ae161d32da16dbdd0b380c080a5f?s=96&d=mm&r=g","contentUrl":"https:\/\/secure.gravatar.com\/avatar\/9d55ae161d32da16dbdd0b380c080a5f?s=96&d=mm&r=g","caption":"Direcci\u00f3n de Comunicaciones Fiscal\u00eda General de la Naci\u00f3n"},"url":"https:\/\/www.fiscalia.gov.co\/colombia\/author\/kbonilla\/"}]}},"_links":{"self":[{"href":"https:\/\/www.fiscalia.gov.co\/colombia\/wp-json\/wp\/v2\/posts\/170023","targetHints":{"allow":["GET"]}}],"collection":[{"href":"https:\/\/www.fiscalia.gov.co\/colombia\/wp-json\/wp\/v2\/posts"}],"about":[{"href":"https:\/\/www.fiscalia.gov.co\/colombia\/wp-json\/wp\/v2\/types\/post"}],"author":[{"embeddable":true,"href":"https:\/\/www.fiscalia.gov.co\/colombia\/wp-json\/wp\/v2\/users\/162"}],"replies":[{"embeddable":true,"href":"https:\/\/www.fiscalia.gov.co\/colombia\/wp-json\/wp\/v2\/comments?post=170023"}],"version-history":[{"count":1,"href":"https:\/\/www.fiscalia.gov.co\/colombia\/wp-json\/wp\/v2\/posts\/170023\/revisions"}],"predecessor-version":[{"id":170024,"href":"https:\/\/www.fiscalia.gov.co\/colombia\/wp-json\/wp\/v2\/posts\/170023\/revisions\/170024"}],"wp:attachment":[{"href":"https:\/\/www.fiscalia.gov.co\/colombia\/wp-json\/wp\/v2\/media?parent=170023"}],"wp:term":[{"taxonomy":"category","embeddable":true,"href":"https:\/\/www.fiscalia.gov.co\/colombia\/wp-json\/wp\/v2\/categories?post=170023"},{"taxonomy":"post_tag","embeddable":true,"href":"https:\/\/www.fiscalia.gov.co\/colombia\/wp-json\/wp\/v2\/tags?post=170023"}],"curies":[{"name":"wp","href":"https:\/\/api.w.org\/{rel}","templated":true}]}}