{"id":170012,"date":"2018-10-05T10:12:11","date_gmt":"2018-10-05T15:12:11","guid":{"rendered":"https:\/\/www.fiscalia.gov.co\/colombia\/?p=170012"},"modified":"2018-10-05T10:12:11","modified_gmt":"2018-10-05T15:12:11","slug":"fiscalia-judicializo-a-presuntos-cabecillas-de-organizacion-criminal-los-morfhox-por-trafico-de-cocaina-liquida","status":"publish","type":"post","link":"https:\/\/www.fiscalia.gov.co\/colombia\/seccionales\/fiscalia-judicializo-a-presuntos-cabecillas-de-organizacion-criminal-los-morfhox-por-trafico-de-cocaina-liquida\/","title":{"rendered":"Fiscal\u00eda judicializ\u00f3 a presuntos cabecillas de organizaci\u00f3n criminal Los Morfhox por tr\u00e1fico de coca\u00edna l\u00edquida"},"content":{"rendered":"<p><em><u>La estructura enviaba la coca\u00edna l\u00edquida y la droga conocida como Tuci en repuestos, en frutas o con correos humanos provenientes de Venezuela<\/u><\/em><\/p>\n<p>Ante el Juzgado 2 Penal de Bogot\u00e1 con funci\u00f3n de control de garant\u00edas, la Fiscal\u00eda General de la Naci\u00f3n imput\u00f3 a 9 presuntos integrantes de una organizaci\u00f3n internacional dedicada al tr\u00e1fico de estupefacientes, especialmente coca\u00edna l\u00edquida, desde Colombia hacia Norteam\u00e9rica, otros pa\u00edses de Suram\u00e9rica, Asia y Europa.<\/p>\n<p>Se trata de Luis Fernando Hern\u00e1ndez Camargo, alias Nano; Jorge Enrique Rueda Garc\u00eda, Orlando Henao Pach\u00f3n, Jaime Parada Meneses, Omar L\u00f3pez Beltr\u00e1n, Oscar Javier Feijo Gonz\u00e1lez, Sergio Antonio Casta\u00f1eda Montes, Jos\u00e9 David Isaza Mart\u00ednez y Marco Antonio M\u00e9ndez Kekan. Se les conoce como los Morfhox, por la diversa variedad de maneras que tienen para camuflar los alcaloides y enviarlos al exterior.<\/p>\n<p>Durante la audiencia p\u00fablica, el ente acusador les endilg\u00f3 los delitos concierto para delinquir, tr\u00e1fico, fabricaci\u00f3n y porte de estupefacientes, lavado de activos y, a unos de los capturados, el punible de homicidio. Todos los procesados, excepto uno, admitieron su responsabilidad.<\/p>\n<p>La investigaci\u00f3n indica que la empresa al margen de la ley est\u00e1 al mando de ciudadanos extranjeros, uno de ellos identificado como alias Bahamas y el otro, Steven Douglas Skinner, considerado el creador de la red traficante de la coca\u00edna l\u00edquida.<\/p>\n<p>Mediante labores de polic\u00eda judicial se conoci\u00f3 que los integrantes de la banda convierten la coca\u00edna en l\u00edquido para no ser detectada por rayos X o esc\u00e1ner, la cual, al llegar a su destino es transformada mediante filtros y carbono, o tambi\u00e9n es mezclada con mermeladas, compotas y arequipe, para camuflarla.<\/p>\n<p>De otro modo, se les se\u00f1ala de utilizar personas de avanzada edad y a ciudadanos venezolanos para el env\u00edo del estupefaciente.<\/p>\n<p>La delegada fiscal expuso que los alucin\u00f3genos tambi\u00e9n eran transportados en\u00a0 lanchas por el r\u00edo Amazonas hasta Tabatinga (Brasil) y otras que circulan por toda la zona fronteriza.<\/p>\n<p>En desarrollo de la investigaci\u00f3n fueron interceptados m\u00e1s de 300 tel\u00e9fonos fijos y celulares con registro de un mill\u00f3n trescientas cincuenta mil conversaciones que han permitido constatar la existencia de la estructura.<\/p>\n<p>Seg\u00fan el relato\u00a0 de la\u00a0 fiscal adscrita al Cuerpo T\u00e9cnico de Investigaci\u00f3n (CTI), los sujetos lograron enviar sustancias alucin\u00f3genas en Estados Unidos y Canad\u00e1, hecho que requer\u00eda el ingreso del dinero a Colombia, lo cual se hizo enviando el dinero en peque\u00f1as cantidades, en la modalidad conocida como pitufeo, a trav\u00e9s de casas de cambio y entidades financieras. Tal situaci\u00f3n se detect\u00f3 tras los seguimientos al ingreso de capitales que realiza la Unidad de Informaci\u00f3n y An\u00e1lisis Financiero (Uiaf).<\/p>\n<p>La Fiscal\u00eda recalc\u00f3 el apoyo y la colaboraci\u00f3n de las autoridades de varios pa\u00edses al hacer efectivos los acuerdos de colaboraci\u00f3n internacional, luego de ubicar inicialmente\u00a0 a Steven Douglas Skenner en Canad\u00e1 por medio de una circular roja por tr\u00e1fico de drogas y homicidio. Sin embargo, luego se supo que se traslad\u00f3 a Colombia y posteriormente a las Islas Margarita, donde finalmente fue capturado.<\/p>\n<p>Las audiencias contin\u00faan y en los pr\u00f3ximos d\u00edas el juez definir\u00e1 la medida de aseguramiento solicitada por la Fiscal\u00eda.<\/p>\n<p>&nbsp;<\/p>\n<p>CMRM\/DLBM<\/p>\n<p>&nbsp;<\/p>\n\n<div class=\"twitter-share\"><a href=\"https:\/\/twitter.com\/intent\/tweet?via=fiscaliacol\" class=\"twitter-share-button\">Tweet<\/a><\/div>\n","protected":false},"excerpt":{"rendered":"<p>La estructura enviaba la coca\u00edna l\u00edquida y la droga conocida como Tuci en repuestos, en frutas o con correos humanos provenientes de Venezuela Ante el Juzgado 2 Penal de Bogot\u00e1 [&hellip;]<\/p>\n","protected":false},"author":162,"featured_media":0,"comment_status":"closed","ping_status":"open","sticky":false,"template":"","format":"standard","meta":{"tdm_status":"","tdm_grid_status":"","footnotes":""},"categories":[321,303,24103],"tags":[],"class_list":["post-170012","post","type-post","status-publish","format-standard","category-seccional-bogota","category-seccionales","category-trafico-de-estupefacientes"],"yoast_head":"<!-- This site is optimized with the Yoast SEO plugin v24.3 - https:\/\/yoast.com\/wordpress\/plugins\/seo\/ -->\n<title>Fiscal\u00eda General de la Naci\u00f3n<\/title>\n<meta name=\"description\" content=\"P\u00e1gina oficial de la Fiscal\u00eda General de la Naci\u00f3n \u2013 Colombia. Garantizamos el acceso efectivo a la justicia, la verdad y la reparaci\u00f3n de las v\u00edctimas de los delitos.\" \/>\n<meta name=\"robots\" content=\"noindex, follow\" \/>\n<meta property=\"og:locale\" content=\"es_ES\" \/>\n<meta property=\"og:type\" content=\"article\" \/>\n<meta property=\"og:title\" content=\"Fiscal\u00eda General de la Naci\u00f3n\" \/>\n<meta property=\"og:description\" content=\"P\u00e1gina oficial de la Fiscal\u00eda General de la Naci\u00f3n \u2013 Colombia. Garantizamos el acceso efectivo a la justicia, la verdad y la reparaci\u00f3n de las v\u00edctimas de los delitos.\" \/>\n<meta property=\"og:url\" content=\"https:\/\/www.fiscalia.gov.co\/colombia\/seccionales\/fiscalia-judicializo-a-presuntos-cabecillas-de-organizacion-criminal-los-morfhox-por-trafico-de-cocaina-liquida\/\" \/>\n<meta property=\"og:site_name\" content=\"Fiscal\u00eda General de la Naci\u00f3n\" \/>\n<meta property=\"article:publisher\" content=\"https:\/\/www.facebook.com\/FiscaliaCol\" \/>\n<meta property=\"article:published_time\" content=\"2018-10-05T15:12:11+00:00\" \/>\n<meta name=\"author\" content=\"Direcci\u00f3n de Comunicaciones Fiscal\u00eda General de la Naci\u00f3n\" \/>\n<meta name=\"twitter:card\" content=\"summary_large_image\" \/>\n<meta name=\"twitter:creator\" content=\"@FiscaliaCol\" \/>\n<meta name=\"twitter:site\" content=\"@FiscaliaCol\" \/>\n<meta name=\"twitter:label1\" content=\"Escrito por\" \/>\n\t<meta name=\"twitter:data1\" content=\"Direcci\u00f3n de Comunicaciones Fiscal\u00eda General de la Naci\u00f3n\" \/>\n\t<meta name=\"twitter:label2\" content=\"Tiempo de lectura\" \/>\n\t<meta name=\"twitter:data2\" content=\"3 minutos\" \/>\n<script type=\"application\/ld+json\" class=\"yoast-schema-graph\">{\"@context\":\"https:\/\/schema.org\",\"@graph\":[{\"@type\":\"Article\",\"@id\":\"https:\/\/www.fiscalia.gov.co\/colombia\/seccionales\/fiscalia-judicializo-a-presuntos-cabecillas-de-organizacion-criminal-los-morfhox-por-trafico-de-cocaina-liquida\/#article\",\"isPartOf\":{\"@id\":\"https:\/\/www.fiscalia.gov.co\/colombia\/seccionales\/fiscalia-judicializo-a-presuntos-cabecillas-de-organizacion-criminal-los-morfhox-por-trafico-de-cocaina-liquida\/\"},\"author\":{\"name\":\"Direcci\u00f3n de Comunicaciones Fiscal\u00eda General de la Naci\u00f3n\",\"@id\":\"https:\/\/www.fiscalia.gov.co\/colombia\/#\/schema\/person\/bf28d8ae7f1b287bbe3af484b04f43ea\"},\"headline\":\"Fiscal\u00eda judicializ\u00f3 a presuntos cabecillas de organizaci\u00f3n criminal Los Morfhox por tr\u00e1fico de coca\u00edna l\u00edquida\",\"datePublished\":\"2018-10-05T15:12:11+00:00\",\"dateModified\":\"2018-10-05T15:12:11+00:00\",\"mainEntityOfPage\":{\"@id\":\"https:\/\/www.fiscalia.gov.co\/colombia\/seccionales\/fiscalia-judicializo-a-presuntos-cabecillas-de-organizacion-criminal-los-morfhox-por-trafico-de-cocaina-liquida\/\"},\"wordCount\":589,\"publisher\":{\"@id\":\"https:\/\/www.fiscalia.gov.co\/colombia\/#organization\"},\"articleSection\":[\"Seccional Bogot\u00e1\",\"Seccionales\",\"Tr\u00e1fico de estupefacientes\"],\"inLanguage\":\"es-CO\"},{\"@type\":\"WebPage\",\"@id\":\"https:\/\/www.fiscalia.gov.co\/colombia\/seccionales\/fiscalia-judicializo-a-presuntos-cabecillas-de-organizacion-criminal-los-morfhox-por-trafico-de-cocaina-liquida\/\",\"url\":\"https:\/\/www.fiscalia.gov.co\/colombia\/seccionales\/fiscalia-judicializo-a-presuntos-cabecillas-de-organizacion-criminal-los-morfhox-por-trafico-de-cocaina-liquida\/\",\"name\":\"Fiscal\u00eda General de la Naci\u00f3n\",\"isPartOf\":{\"@id\":\"https:\/\/www.fiscalia.gov.co\/colombia\/#website\"},\"datePublished\":\"2018-10-05T15:12:11+00:00\",\"dateModified\":\"2018-10-05T15:12:11+00:00\",\"description\":\"P\u00e1gina oficial de la Fiscal\u00eda General de la Naci\u00f3n \u2013 Colombia. Garantizamos el acceso efectivo a la justicia, la verdad y la reparaci\u00f3n de las v\u00edctimas de los delitos.\",\"breadcrumb\":{\"@id\":\"https:\/\/www.fiscalia.gov.co\/colombia\/seccionales\/fiscalia-judicializo-a-presuntos-cabecillas-de-organizacion-criminal-los-morfhox-por-trafico-de-cocaina-liquida\/#breadcrumb\"},\"inLanguage\":\"es-CO\",\"potentialAction\":[{\"@type\":\"ReadAction\",\"target\":[\"https:\/\/www.fiscalia.gov.co\/colombia\/seccionales\/fiscalia-judicializo-a-presuntos-cabecillas-de-organizacion-criminal-los-morfhox-por-trafico-de-cocaina-liquida\/\"]}]},{\"@type\":\"BreadcrumbList\",\"@id\":\"https:\/\/www.fiscalia.gov.co\/colombia\/seccionales\/fiscalia-judicializo-a-presuntos-cabecillas-de-organizacion-criminal-los-morfhox-por-trafico-de-cocaina-liquida\/#breadcrumb\",\"itemListElement\":[{\"@type\":\"ListItem\",\"position\":1,\"name\":\"Home\",\"item\":\"https:\/\/www.fiscalia.gov.co\/colombia\/\"},{\"@type\":\"ListItem\",\"position\":2,\"name\":\"Fiscal\u00eda judicializ\u00f3 a presuntos cabecillas de organizaci\u00f3n criminal Los Morfhox por tr\u00e1fico de coca\u00edna l\u00edquida\"}]},{\"@type\":\"WebSite\",\"@id\":\"https:\/\/www.fiscalia.gov.co\/colombia\/#website\",\"url\":\"https:\/\/www.fiscalia.gov.co\/colombia\/\",\"name\":\"Fiscal\u00eda General de la Naci\u00f3n\",\"description\":\"P\u00e1gina oficial de la Fiscal\u00eda General de la Naci\u00f3n \u2013 Colombia. Garantizamos el acceso efectivo a la justicia, la verdad y la reparaci\u00f3n de las v\u00edctimas de los delitos.\",\"publisher\":{\"@id\":\"https:\/\/www.fiscalia.gov.co\/colombia\/#organization\"},\"potentialAction\":[{\"@type\":\"SearchAction\",\"target\":{\"@type\":\"EntryPoint\",\"urlTemplate\":\"https:\/\/www.fiscalia.gov.co\/colombia\/?s={search_term_string}\"},\"query-input\":{\"@type\":\"PropertyValueSpecification\",\"valueRequired\":true,\"valueName\":\"search_term_string\"}}],\"inLanguage\":\"es-CO\"},{\"@type\":\"Organization\",\"@id\":\"https:\/\/www.fiscalia.gov.co\/colombia\/#organization\",\"name\":\"Fiscal\u00eda General de la Naci\u00f3n\",\"url\":\"https:\/\/www.fiscalia.gov.co\/colombia\/\",\"logo\":{\"@type\":\"ImageObject\",\"inLanguage\":\"es-CO\",\"@id\":\"https:\/\/www.fiscalia.gov.co\/colombia\/#\/schema\/logo\/image\/\",\"url\":\"https:\/\/www.fiscalia.gov.co\/colombia\/wp-content\/uploads\/LogoHorizontal_1.jpg\",\"contentUrl\":\"https:\/\/www.fiscalia.gov.co\/colombia\/wp-content\/uploads\/LogoHorizontal_1.jpg\",\"width\":300,\"height\":90,\"caption\":\"Fiscal\u00eda General de la Naci\u00f3n\"},\"image\":{\"@id\":\"https:\/\/www.fiscalia.gov.co\/colombia\/#\/schema\/logo\/image\/\"},\"sameAs\":[\"https:\/\/www.facebook.com\/FiscaliaCol\",\"https:\/\/x.com\/FiscaliaCol\",\"https:\/\/www.instagram.com\/fiscaliacol\",\"https:\/\/www.linkedin.com\/company\/fiscalia-general-de-la-naci-n\/\",\"https:\/\/youtube.com\/@fiscaliageneraldelanacion-4668?si=6nN79nyQICPU5iTh\"]},{\"@type\":\"Person\",\"@id\":\"https:\/\/www.fiscalia.gov.co\/colombia\/#\/schema\/person\/bf28d8ae7f1b287bbe3af484b04f43ea\",\"name\":\"Direcci\u00f3n de Comunicaciones Fiscal\u00eda General de la Naci\u00f3n\",\"image\":{\"@type\":\"ImageObject\",\"inLanguage\":\"es-CO\",\"@id\":\"https:\/\/www.fiscalia.gov.co\/colombia\/#\/schema\/person\/image\/\",\"url\":\"https:\/\/secure.gravatar.com\/avatar\/9d55ae161d32da16dbdd0b380c080a5f?s=96&d=mm&r=g\",\"contentUrl\":\"https:\/\/secure.gravatar.com\/avatar\/9d55ae161d32da16dbdd0b380c080a5f?s=96&d=mm&r=g\",\"caption\":\"Direcci\u00f3n de Comunicaciones Fiscal\u00eda General de la Naci\u00f3n\"},\"url\":\"https:\/\/www.fiscalia.gov.co\/colombia\/author\/kbonilla\/\"}]}<\/script>\n<!-- \/ Yoast SEO plugin. -->","yoast_head_json":{"title":"Fiscal\u00eda General de la Naci\u00f3n","description":"P\u00e1gina oficial de la Fiscal\u00eda General de la Naci\u00f3n \u2013 Colombia. Garantizamos el acceso efectivo a la justicia, la verdad y la reparaci\u00f3n de las v\u00edctimas de los delitos.","robots":{"index":"noindex","follow":"follow"},"og_locale":"es_ES","og_type":"article","og_title":"Fiscal\u00eda General de la Naci\u00f3n","og_description":"P\u00e1gina oficial de la Fiscal\u00eda General de la Naci\u00f3n \u2013 Colombia. Garantizamos el acceso efectivo a la justicia, la verdad y la reparaci\u00f3n de las v\u00edctimas de los delitos.","og_url":"https:\/\/www.fiscalia.gov.co\/colombia\/seccionales\/fiscalia-judicializo-a-presuntos-cabecillas-de-organizacion-criminal-los-morfhox-por-trafico-de-cocaina-liquida\/","og_site_name":"Fiscal\u00eda General de la Naci\u00f3n","article_publisher":"https:\/\/www.facebook.com\/FiscaliaCol","article_published_time":"2018-10-05T15:12:11+00:00","author":"Direcci\u00f3n de Comunicaciones Fiscal\u00eda General de la Naci\u00f3n","twitter_card":"summary_large_image","twitter_creator":"@FiscaliaCol","twitter_site":"@FiscaliaCol","twitter_misc":{"Escrito por":"Direcci\u00f3n de Comunicaciones Fiscal\u00eda General de la Naci\u00f3n","Tiempo de lectura":"3 minutos"},"schema":{"@context":"https:\/\/schema.org","@graph":[{"@type":"Article","@id":"https:\/\/www.fiscalia.gov.co\/colombia\/seccionales\/fiscalia-judicializo-a-presuntos-cabecillas-de-organizacion-criminal-los-morfhox-por-trafico-de-cocaina-liquida\/#article","isPartOf":{"@id":"https:\/\/www.fiscalia.gov.co\/colombia\/seccionales\/fiscalia-judicializo-a-presuntos-cabecillas-de-organizacion-criminal-los-morfhox-por-trafico-de-cocaina-liquida\/"},"author":{"name":"Direcci\u00f3n de Comunicaciones Fiscal\u00eda General de la Naci\u00f3n","@id":"https:\/\/www.fiscalia.gov.co\/colombia\/#\/schema\/person\/bf28d8ae7f1b287bbe3af484b04f43ea"},"headline":"Fiscal\u00eda judicializ\u00f3 a presuntos cabecillas de organizaci\u00f3n criminal Los Morfhox por tr\u00e1fico de coca\u00edna l\u00edquida","datePublished":"2018-10-05T15:12:11+00:00","dateModified":"2018-10-05T15:12:11+00:00","mainEntityOfPage":{"@id":"https:\/\/www.fiscalia.gov.co\/colombia\/seccionales\/fiscalia-judicializo-a-presuntos-cabecillas-de-organizacion-criminal-los-morfhox-por-trafico-de-cocaina-liquida\/"},"wordCount":589,"publisher":{"@id":"https:\/\/www.fiscalia.gov.co\/colombia\/#organization"},"articleSection":["Seccional Bogot\u00e1","Seccionales","Tr\u00e1fico de estupefacientes"],"inLanguage":"es-CO"},{"@type":"WebPage","@id":"https:\/\/www.fiscalia.gov.co\/colombia\/seccionales\/fiscalia-judicializo-a-presuntos-cabecillas-de-organizacion-criminal-los-morfhox-por-trafico-de-cocaina-liquida\/","url":"https:\/\/www.fiscalia.gov.co\/colombia\/seccionales\/fiscalia-judicializo-a-presuntos-cabecillas-de-organizacion-criminal-los-morfhox-por-trafico-de-cocaina-liquida\/","name":"Fiscal\u00eda General de la Naci\u00f3n","isPartOf":{"@id":"https:\/\/www.fiscalia.gov.co\/colombia\/#website"},"datePublished":"2018-10-05T15:12:11+00:00","dateModified":"2018-10-05T15:12:11+00:00","description":"P\u00e1gina oficial de la Fiscal\u00eda General de la Naci\u00f3n \u2013 Colombia. Garantizamos el acceso efectivo a la justicia, la verdad y la reparaci\u00f3n de las v\u00edctimas de los delitos.","breadcrumb":{"@id":"https:\/\/www.fiscalia.gov.co\/colombia\/seccionales\/fiscalia-judicializo-a-presuntos-cabecillas-de-organizacion-criminal-los-morfhox-por-trafico-de-cocaina-liquida\/#breadcrumb"},"inLanguage":"es-CO","potentialAction":[{"@type":"ReadAction","target":["https:\/\/www.fiscalia.gov.co\/colombia\/seccionales\/fiscalia-judicializo-a-presuntos-cabecillas-de-organizacion-criminal-los-morfhox-por-trafico-de-cocaina-liquida\/"]}]},{"@type":"BreadcrumbList","@id":"https:\/\/www.fiscalia.gov.co\/colombia\/seccionales\/fiscalia-judicializo-a-presuntos-cabecillas-de-organizacion-criminal-los-morfhox-por-trafico-de-cocaina-liquida\/#breadcrumb","itemListElement":[{"@type":"ListItem","position":1,"name":"Home","item":"https:\/\/www.fiscalia.gov.co\/colombia\/"},{"@type":"ListItem","position":2,"name":"Fiscal\u00eda judicializ\u00f3 a presuntos cabecillas de organizaci\u00f3n criminal Los Morfhox por tr\u00e1fico de coca\u00edna l\u00edquida"}]},{"@type":"WebSite","@id":"https:\/\/www.fiscalia.gov.co\/colombia\/#website","url":"https:\/\/www.fiscalia.gov.co\/colombia\/","name":"Fiscal\u00eda General de la Naci\u00f3n","description":"P\u00e1gina oficial de la Fiscal\u00eda General de la Naci\u00f3n \u2013 Colombia. Garantizamos el acceso efectivo a la justicia, la verdad y la reparaci\u00f3n de las v\u00edctimas de los delitos.","publisher":{"@id":"https:\/\/www.fiscalia.gov.co\/colombia\/#organization"},"potentialAction":[{"@type":"SearchAction","target":{"@type":"EntryPoint","urlTemplate":"https:\/\/www.fiscalia.gov.co\/colombia\/?s={search_term_string}"},"query-input":{"@type":"PropertyValueSpecification","valueRequired":true,"valueName":"search_term_string"}}],"inLanguage":"es-CO"},{"@type":"Organization","@id":"https:\/\/www.fiscalia.gov.co\/colombia\/#organization","name":"Fiscal\u00eda General de la Naci\u00f3n","url":"https:\/\/www.fiscalia.gov.co\/colombia\/","logo":{"@type":"ImageObject","inLanguage":"es-CO","@id":"https:\/\/www.fiscalia.gov.co\/colombia\/#\/schema\/logo\/image\/","url":"https:\/\/www.fiscalia.gov.co\/colombia\/wp-content\/uploads\/LogoHorizontal_1.jpg","contentUrl":"https:\/\/www.fiscalia.gov.co\/colombia\/wp-content\/uploads\/LogoHorizontal_1.jpg","width":300,"height":90,"caption":"Fiscal\u00eda General de la Naci\u00f3n"},"image":{"@id":"https:\/\/www.fiscalia.gov.co\/colombia\/#\/schema\/logo\/image\/"},"sameAs":["https:\/\/www.facebook.com\/FiscaliaCol","https:\/\/x.com\/FiscaliaCol","https:\/\/www.instagram.com\/fiscaliacol","https:\/\/www.linkedin.com\/company\/fiscalia-general-de-la-naci-n\/","https:\/\/youtube.com\/@fiscaliageneraldelanacion-4668?si=6nN79nyQICPU5iTh"]},{"@type":"Person","@id":"https:\/\/www.fiscalia.gov.co\/colombia\/#\/schema\/person\/bf28d8ae7f1b287bbe3af484b04f43ea","name":"Direcci\u00f3n de Comunicaciones Fiscal\u00eda General de la Naci\u00f3n","image":{"@type":"ImageObject","inLanguage":"es-CO","@id":"https:\/\/www.fiscalia.gov.co\/colombia\/#\/schema\/person\/image\/","url":"https:\/\/secure.gravatar.com\/avatar\/9d55ae161d32da16dbdd0b380c080a5f?s=96&d=mm&r=g","contentUrl":"https:\/\/secure.gravatar.com\/avatar\/9d55ae161d32da16dbdd0b380c080a5f?s=96&d=mm&r=g","caption":"Direcci\u00f3n de Comunicaciones Fiscal\u00eda General de la Naci\u00f3n"},"url":"https:\/\/www.fiscalia.gov.co\/colombia\/author\/kbonilla\/"}]}},"_links":{"self":[{"href":"https:\/\/www.fiscalia.gov.co\/colombia\/wp-json\/wp\/v2\/posts\/170012","targetHints":{"allow":["GET"]}}],"collection":[{"href":"https:\/\/www.fiscalia.gov.co\/colombia\/wp-json\/wp\/v2\/posts"}],"about":[{"href":"https:\/\/www.fiscalia.gov.co\/colombia\/wp-json\/wp\/v2\/types\/post"}],"author":[{"embeddable":true,"href":"https:\/\/www.fiscalia.gov.co\/colombia\/wp-json\/wp\/v2\/users\/162"}],"replies":[{"embeddable":true,"href":"https:\/\/www.fiscalia.gov.co\/colombia\/wp-json\/wp\/v2\/comments?post=170012"}],"version-history":[{"count":1,"href":"https:\/\/www.fiscalia.gov.co\/colombia\/wp-json\/wp\/v2\/posts\/170012\/revisions"}],"predecessor-version":[{"id":170013,"href":"https:\/\/www.fiscalia.gov.co\/colombia\/wp-json\/wp\/v2\/posts\/170012\/revisions\/170013"}],"wp:attachment":[{"href":"https:\/\/www.fiscalia.gov.co\/colombia\/wp-json\/wp\/v2\/media?parent=170012"}],"wp:term":[{"taxonomy":"category","embeddable":true,"href":"https:\/\/www.fiscalia.gov.co\/colombia\/wp-json\/wp\/v2\/categories?post=170012"},{"taxonomy":"post_tag","embeddable":true,"href":"https:\/\/www.fiscalia.gov.co\/colombia\/wp-json\/wp\/v2\/tags?post=170012"}],"curies":[{"name":"wp","href":"https:\/\/api.w.org\/{rel}","templated":true}]}}