{"id":169945,"date":"2018-10-04T12:13:29","date_gmt":"2018-10-04T17:13:29","guid":{"rendered":"https:\/\/www.fiscalia.gov.co\/colombia\/?p=169945"},"modified":"2018-10-04T12:13:29","modified_gmt":"2018-10-04T17:13:29","slug":"la-triple-a-la-saquearon-desde-el-ano-2000-afirma-fiscal-martinez-neira","status":"publish","type":"post","link":"https:\/\/www.fiscalia.gov.co\/colombia\/fiscal-general-de-la-nacion\/la-triple-a-la-saquearon-desde-el-ano-2000-afirma-fiscal-martinez-neira\/","title":{"rendered":"La Triple A la saquearon desde el a\u00f1o 2000: afirma Fiscal Mart\u00ednez Neira"},"content":{"rendered":"<p><em><u>La Fiscal\u00eda General de la Naci\u00f3n impuso medida de aseguramiento contra directivos y exdirectivos de la empresa\u00a0 Inassa y la Empresa de Servicios P\u00fablicos Triple A S.A. por un presunto contrato de asistencia t\u00e9cnica. La Fiscal\u00eda incaut\u00f3 las acciones de Inassa en la Triple A.<\/u><\/em><\/p>\n<p>La Fiscal\u00eda General de la Naci\u00f3n inici\u00f3 la segunda fase de la operaci\u00f3n Acorde\u00f3n que busca poner al descubierto las redes de corrupci\u00f3n que se habr\u00edan apoderado o desviaron recursos destinados exclusivamente para la prestaci\u00f3n de los servicios p\u00fablicos en la Costa Atl\u00e1ntica y el suministro de un bien vital para la comunidad, como es el agua potable.<\/p>\n<p>En atenci\u00f3n a las acciones previstas en esta estrategia institucional, una fiscal de la Direcci\u00f3n Especializada contra la Corrupci\u00f3n resolvi\u00f3 la situaci\u00f3n jur\u00eddica de directivos y exdirectivos de la empresa Inassa que hace parte del grupo empresarial Canal Isabel II y la Empresa de Servicios P\u00fablicos Triple A S.A. ESP., investigados por presuntas inconsistencias en el manejo de dineros y un aparente incremento patrimonial injustificado de los socios de las dos multinacionales en Colombia.<\/p>\n<p><strong><u>Contratos ficticios<\/u><\/strong><\/p>\n<p>De acuerdo con el material probatorio que reposa en el expediente, se relacionan los hechos ocurridos desde el a\u00f1o 2000 hasta el 2017 en el que se detectaron aparentes pagos fraudulentos a trav\u00e9s de un \u201ccontrato de asistencia t\u00e9cnica\u201d, que habr\u00edan causado un detrimento patrimonial del orden de doscientos treinta y seis mil ochocientos cincuenta y tres millones setecientos noventa y seis mil cinco pesos ($236.853.796.005).<\/p>\n<p>Dicho contrato se remonta al 4 de septiembre de 2000, cuando la empresa Inassa y Triple A S.A., acordaron la entrega del 4.5% del recaudo mensual de servicios domiciliarios de alcantarillado, acueducto y aseo, a cambio de una supuesta asistencia en gesti\u00f3n comercial, operativa, administrativa y t\u00e9cnica.<\/p>\n<p>Las investigadores que trabajan en la operaci\u00f3n Acorde\u00f3n calculan que en 17 a\u00f1os de vigencia del mencionado contrato de asesor\u00eda se habr\u00edan pagado doscientos treinta y seis mil ochocientos cincuenta y tres millones setecientos noventa y seis mil cinco pesos ($236.853`796.005), valor que actualizado con el IPC al cierre de agosto del a\u00f1o 2018 superar\u00eda los trescientos veintinueve mil millones de pesos ( $329.000`000.000), una cifra cercana a lo que el distrito de Barranquilla recauda anualmente por el impuesto predial.<\/p>\n<p>Los elementos recaudados indicar\u00edan que el objeto del \u201ccontrato de asistencia t\u00e9cnica\u201d nunca se cumpli\u00f3. Hay evidencia que demostrar\u00eda una supuesta desviaci\u00f3n irregular de recursos con el fin de beneficiar a terceros, entre ellos las sociedades Canal Extensia S.A. -empresa del Grupo Espa\u00f1ol Canal Isabel II- y Slasa (compa\u00f1\u00eda Paname\u00f1a), que presuntamente recibieron los dineros en giros que llegaron a una cuenta de compensaci\u00f3n en Miami (Estados Unidos). Esta maniobra financiera, al parecer, garantizaba que parte de los recursos quedaran entre los socios y un porcentaje fuera destinado para los gastos operacionales de Inassa.<\/p>\n<p><strong><u>Situaci\u00f3n jur\u00eddica<\/u><\/strong><\/p>\n<p>En cumplimiento de los par\u00e1metros establecidos en la Ley 600 de 2000 (antiguo Sistema Penal), la fiscal de conocimiento resolvi\u00f3 la situaci\u00f3n jur\u00eddica de los sindicados, imponiendo medida de aseguramiento no restrictiva de la libertad, consistente en la prohibici\u00f3n de salir del pa\u00eds y multas de 20 salarios m\u00ednimos legales mensuales vigentes en contra de:<\/p>\n<ol>\n<li><strong>Francisco Olmos Fern\u00e1ndez Corugedo<\/strong>, (nacionalidad espa\u00f1ola) exgerente de Triple A.<\/li>\n<li><strong>Luis Fernando Arboleda Gonz\u00e1lez<\/strong>, exgerente de Triple A.<\/li>\n<li><strong>Carlos Alberto Ariza Duque<\/strong>, exgerente de Triple A.<\/li>\n<li><strong>Ram\u00f3n Navarro Pereira<\/strong>, exgerente de Triple A.<\/li>\n<li><strong>Luis Alberto Nicolella de Caro<\/strong>, exgerente general de Inassa.<\/li>\n<li><strong>Francisco Javier Malia Baro<\/strong>, (nacionalidad espa\u00f1ola), exgerente general de Inassa.<\/li>\n<li><strong>Germ\u00e1n Sarabia Huyke<\/strong>, gerente de Inassa.<\/li>\n<\/ol>\n<p>As\u00ed mismo, la fiscal de conocimiento impuso medida de aseguramiento no privativa de la libertad contra otros directivos de nacionalidad espa\u00f1ola, consistente en cauci\u00f3n de 20 salarios m\u00ednimos legales mensuales vigentes, en contra de:<\/p>\n<ol>\n<li><strong>Carlos Roca Garc\u00eda<\/strong>, (nacionalidad espa\u00f1ola) actual gerente Inassa.<\/li>\n<li><strong>Edmundo Rodr\u00edguez Sobrino<\/strong>, (nacionalidad espa\u00f1ola), expresidente de Inassa.<\/li>\n<li><strong>Alberto Muguiro Eulate<\/strong> (nacionalidad espa\u00f1ola), actual presidente ejecutivo de Inassa.<\/li>\n<\/ol>\n<p>En la decisi\u00f3n la fiscal del caso se abstuvo de imponer medida de aseguramiento a Ram\u00f3n Heraclio Hemer Redondo, gerente actual de Triple A.<\/p>\n<p>Los procesados son investigados por los delitos de:<\/p>\n<ul>\n<li>Concierto para delinquir con fines de enriquecimiento il\u00edcito.<\/li>\n<li>Enriquecimiento il\u00edcito de particulares.<\/li>\n<\/ul>\n<p>En el caso de Luis Fernando Arboleda Gonz\u00e1lez, ex gerente de Triple A, se orden\u00f3 la prescripci\u00f3n del delito de enriquecimiento il\u00edcito de particulares.<\/p>\n<p><strong><u>Incautaci\u00f3n con fines de extinci\u00f3n de dominio<\/u><\/strong><\/p>\n<p>La Direcci\u00f3n Especializada de Extinci\u00f3n del Derecho de Dominio adopt\u00f3 la medida cautelar de embargo y secuestro con fines de extinci\u00f3n de dominio de las acciones de propiedad de la sociedad Inassa S.A. en la empresa Triple A, S.A, E.S.P, las cuales corresponden al 82% del capital de\u00a0 esta \u00faltima. El valor de dichas acciones, seg\u00fan cifras contable de la compa\u00f1\u00eda, ascender\u00eda a los doscientos dos mil millones de pesos ($202.000.000.000).<\/p>\n<p>Esta cifra sale del patrimonio reportado en los estados financieros, que fue de doscientos cuarenta y seis mil setecientos sesenta y cuatro millones quinientos treinta y siete mil pesos ($246.764\u00b4537.000), a diciembre 31 de 2017.<\/p>\n<p>La Fiscal\u00eda hace p\u00fablica esta informaci\u00f3n por razones de inter\u00e9s general.<\/p>\n\n<div class=\"twitter-share\"><a href=\"https:\/\/twitter.com\/intent\/tweet?via=fiscaliacol\" class=\"twitter-share-button\">Tweet<\/a><\/div>\n","protected":false},"excerpt":{"rendered":"<p>La Fiscal\u00eda General de la Naci\u00f3n impuso medida de aseguramiento contra directivos y exdirectivos de la empresa\u00a0 Inassa y la Empresa de Servicios P\u00fablicos Triple A S.A. por un presunto contrato de asistencia t\u00e9cnica. La Fiscal\u00eda incaut\u00f3 las acciones de Inassa en la Triple A. La Fiscal\u00eda General de la Naci\u00f3n inici\u00f3 la segunda fase [&hellip;]<\/p>\n","protected":false},"author":162,"featured_media":0,"comment_status":"closed","ping_status":"open","sticky":false,"template":"","format":"standard","meta":{"tdm_status":"","tdm_grid_status":"","footnotes":""},"categories":[24107,24096],"tags":[],"class_list":{"0":"post-169945","1":"post","2":"type-post","3":"status-publish","4":"format-standard","6":"category-lucha-contra-corrupcion","7":"category-fiscal-general-de-la-nacion"},"yoast_head":"<!-- This site is optimized with the Yoast SEO plugin v24.3 - https:\/\/yoast.com\/wordpress\/plugins\/seo\/ -->\n<title>Fiscal\u00eda General de la Naci\u00f3n<\/title>\n<meta name=\"description\" content=\"P\u00e1gina oficial de la Fiscal\u00eda General de la Naci\u00f3n \u2013 Colombia. Garantizamos el acceso efectivo a la justicia, la verdad y la reparaci\u00f3n de las v\u00edctimas de los delitos.\" \/>\n<meta name=\"robots\" content=\"noindex, follow\" \/>\n<meta property=\"og:locale\" content=\"es_ES\" \/>\n<meta property=\"og:type\" content=\"article\" \/>\n<meta property=\"og:title\" content=\"Fiscal\u00eda General de la Naci\u00f3n\" \/>\n<meta property=\"og:description\" content=\"P\u00e1gina oficial de la Fiscal\u00eda General de la Naci\u00f3n \u2013 Colombia. Garantizamos el acceso efectivo a la justicia, la verdad y la reparaci\u00f3n de las v\u00edctimas de los delitos.\" \/>\n<meta property=\"og:url\" content=\"https:\/\/www.fiscalia.gov.co\/colombia\/fiscal-general-de-la-nacion\/la-triple-a-la-saquearon-desde-el-ano-2000-afirma-fiscal-martinez-neira\/\" \/>\n<meta property=\"og:site_name\" content=\"Fiscal\u00eda General de la Naci\u00f3n\" \/>\n<meta property=\"article:publisher\" content=\"https:\/\/www.facebook.com\/FiscaliaCol\" \/>\n<meta property=\"article:published_time\" content=\"2018-10-04T17:13:29+00:00\" \/>\n<meta name=\"author\" content=\"Direcci\u00f3n de Comunicaciones Fiscal\u00eda General de la Naci\u00f3n\" \/>\n<meta name=\"twitter:card\" content=\"summary_large_image\" \/>\n<meta name=\"twitter:creator\" content=\"@FiscaliaCol\" \/>\n<meta name=\"twitter:site\" content=\"@FiscaliaCol\" \/>\n<meta name=\"twitter:label1\" content=\"Escrito por\" \/>\n\t<meta name=\"twitter:data1\" content=\"Direcci\u00f3n de Comunicaciones Fiscal\u00eda General de la Naci\u00f3n\" \/>\n\t<meta name=\"twitter:label2\" content=\"Tiempo de lectura\" \/>\n\t<meta name=\"twitter:data2\" content=\"5 minutos\" \/>\n<script type=\"application\/ld+json\" class=\"yoast-schema-graph\">{\"@context\":\"https:\/\/schema.org\",\"@graph\":[{\"@type\":\"Article\",\"@id\":\"https:\/\/www.fiscalia.gov.co\/colombia\/fiscal-general-de-la-nacion\/la-triple-a-la-saquearon-desde-el-ano-2000-afirma-fiscal-martinez-neira\/#article\",\"isPartOf\":{\"@id\":\"https:\/\/www.fiscalia.gov.co\/colombia\/fiscal-general-de-la-nacion\/la-triple-a-la-saquearon-desde-el-ano-2000-afirma-fiscal-martinez-neira\/\"},\"author\":{\"name\":\"Direcci\u00f3n de Comunicaciones Fiscal\u00eda General de la Naci\u00f3n\",\"@id\":\"https:\/\/www.fiscalia.gov.co\/colombia\/#\/schema\/person\/bf28d8ae7f1b287bbe3af484b04f43ea\"},\"headline\":\"La Triple A la saquearon desde el a\u00f1o 2000: afirma Fiscal Mart\u00ednez Neira\",\"datePublished\":\"2018-10-04T17:13:29+00:00\",\"dateModified\":\"2018-10-04T17:13:29+00:00\",\"mainEntityOfPage\":{\"@id\":\"https:\/\/www.fiscalia.gov.co\/colombia\/fiscal-general-de-la-nacion\/la-triple-a-la-saquearon-desde-el-ano-2000-afirma-fiscal-martinez-neira\/\"},\"wordCount\":917,\"publisher\":{\"@id\":\"https:\/\/www.fiscalia.gov.co\/colombia\/#organization\"},\"articleSection\":[\"Corrupci\u00f3n\",\"Fiscal General de la Naci\u00f3n\"],\"inLanguage\":\"es-CO\"},{\"@type\":\"WebPage\",\"@id\":\"https:\/\/www.fiscalia.gov.co\/colombia\/fiscal-general-de-la-nacion\/la-triple-a-la-saquearon-desde-el-ano-2000-afirma-fiscal-martinez-neira\/\",\"url\":\"https:\/\/www.fiscalia.gov.co\/colombia\/fiscal-general-de-la-nacion\/la-triple-a-la-saquearon-desde-el-ano-2000-afirma-fiscal-martinez-neira\/\",\"name\":\"Fiscal\u00eda General de la Naci\u00f3n\",\"isPartOf\":{\"@id\":\"https:\/\/www.fiscalia.gov.co\/colombia\/#website\"},\"datePublished\":\"2018-10-04T17:13:29+00:00\",\"dateModified\":\"2018-10-04T17:13:29+00:00\",\"description\":\"P\u00e1gina oficial de la Fiscal\u00eda General de la Naci\u00f3n \u2013 Colombia. Garantizamos el acceso efectivo a la justicia, la verdad y la reparaci\u00f3n de las v\u00edctimas de los delitos.\",\"breadcrumb\":{\"@id\":\"https:\/\/www.fiscalia.gov.co\/colombia\/fiscal-general-de-la-nacion\/la-triple-a-la-saquearon-desde-el-ano-2000-afirma-fiscal-martinez-neira\/#breadcrumb\"},\"inLanguage\":\"es-CO\",\"potentialAction\":[{\"@type\":\"ReadAction\",\"target\":[\"https:\/\/www.fiscalia.gov.co\/colombia\/fiscal-general-de-la-nacion\/la-triple-a-la-saquearon-desde-el-ano-2000-afirma-fiscal-martinez-neira\/\"]}]},{\"@type\":\"BreadcrumbList\",\"@id\":\"https:\/\/www.fiscalia.gov.co\/colombia\/fiscal-general-de-la-nacion\/la-triple-a-la-saquearon-desde-el-ano-2000-afirma-fiscal-martinez-neira\/#breadcrumb\",\"itemListElement\":[{\"@type\":\"ListItem\",\"position\":1,\"name\":\"Home\",\"item\":\"https:\/\/www.fiscalia.gov.co\/colombia\/\"},{\"@type\":\"ListItem\",\"position\":2,\"name\":\"La Triple A la saquearon desde el a\u00f1o 2000: afirma Fiscal Mart\u00ednez Neira\"}]},{\"@type\":\"WebSite\",\"@id\":\"https:\/\/www.fiscalia.gov.co\/colombia\/#website\",\"url\":\"https:\/\/www.fiscalia.gov.co\/colombia\/\",\"name\":\"Fiscal\u00eda General de la Naci\u00f3n\",\"description\":\"P\u00e1gina oficial de la Fiscal\u00eda General de la Naci\u00f3n \u2013 Colombia. Garantizamos el acceso efectivo a la justicia, la verdad y la reparaci\u00f3n de las v\u00edctimas de los delitos.\",\"publisher\":{\"@id\":\"https:\/\/www.fiscalia.gov.co\/colombia\/#organization\"},\"potentialAction\":[{\"@type\":\"SearchAction\",\"target\":{\"@type\":\"EntryPoint\",\"urlTemplate\":\"https:\/\/www.fiscalia.gov.co\/colombia\/?s={search_term_string}\"},\"query-input\":{\"@type\":\"PropertyValueSpecification\",\"valueRequired\":true,\"valueName\":\"search_term_string\"}}],\"inLanguage\":\"es-CO\"},{\"@type\":\"Organization\",\"@id\":\"https:\/\/www.fiscalia.gov.co\/colombia\/#organization\",\"name\":\"Fiscal\u00eda General de la Naci\u00f3n\",\"url\":\"https:\/\/www.fiscalia.gov.co\/colombia\/\",\"logo\":{\"@type\":\"ImageObject\",\"inLanguage\":\"es-CO\",\"@id\":\"https:\/\/www.fiscalia.gov.co\/colombia\/#\/schema\/logo\/image\/\",\"url\":\"https:\/\/www.fiscalia.gov.co\/colombia\/wp-content\/uploads\/LogoHorizontal_1.jpg\",\"contentUrl\":\"https:\/\/www.fiscalia.gov.co\/colombia\/wp-content\/uploads\/LogoHorizontal_1.jpg\",\"width\":300,\"height\":90,\"caption\":\"Fiscal\u00eda General de la Naci\u00f3n\"},\"image\":{\"@id\":\"https:\/\/www.fiscalia.gov.co\/colombia\/#\/schema\/logo\/image\/\"},\"sameAs\":[\"https:\/\/www.facebook.com\/FiscaliaCol\",\"https:\/\/x.com\/FiscaliaCol\",\"https:\/\/www.instagram.com\/fiscaliacol\",\"https:\/\/www.linkedin.com\/company\/fiscalia-general-de-la-naci-n\/\",\"https:\/\/youtube.com\/@fiscaliageneraldelanacion-4668?si=6nN79nyQICPU5iTh\"]},{\"@type\":\"Person\",\"@id\":\"https:\/\/www.fiscalia.gov.co\/colombia\/#\/schema\/person\/bf28d8ae7f1b287bbe3af484b04f43ea\",\"name\":\"Direcci\u00f3n de Comunicaciones Fiscal\u00eda General de la Naci\u00f3n\",\"image\":{\"@type\":\"ImageObject\",\"inLanguage\":\"es-CO\",\"@id\":\"https:\/\/www.fiscalia.gov.co\/colombia\/#\/schema\/person\/image\/\",\"url\":\"https:\/\/secure.gravatar.com\/avatar\/9d55ae161d32da16dbdd0b380c080a5f?s=96&d=mm&r=g\",\"contentUrl\":\"https:\/\/secure.gravatar.com\/avatar\/9d55ae161d32da16dbdd0b380c080a5f?s=96&d=mm&r=g\",\"caption\":\"Direcci\u00f3n de Comunicaciones Fiscal\u00eda General de la Naci\u00f3n\"},\"url\":\"https:\/\/www.fiscalia.gov.co\/colombia\/author\/kbonilla\/\"}]}<\/script>\n<!-- \/ Yoast SEO plugin. -->","yoast_head_json":{"title":"Fiscal\u00eda General de la Naci\u00f3n","description":"P\u00e1gina oficial de la Fiscal\u00eda General de la Naci\u00f3n \u2013 Colombia. Garantizamos el acceso efectivo a la justicia, la verdad y la reparaci\u00f3n de las v\u00edctimas de los delitos.","robots":{"index":"noindex","follow":"follow"},"og_locale":"es_ES","og_type":"article","og_title":"Fiscal\u00eda General de la Naci\u00f3n","og_description":"P\u00e1gina oficial de la Fiscal\u00eda General de la Naci\u00f3n \u2013 Colombia. Garantizamos el acceso efectivo a la justicia, la verdad y la reparaci\u00f3n de las v\u00edctimas de los delitos.","og_url":"https:\/\/www.fiscalia.gov.co\/colombia\/fiscal-general-de-la-nacion\/la-triple-a-la-saquearon-desde-el-ano-2000-afirma-fiscal-martinez-neira\/","og_site_name":"Fiscal\u00eda General de la Naci\u00f3n","article_publisher":"https:\/\/www.facebook.com\/FiscaliaCol","article_published_time":"2018-10-04T17:13:29+00:00","author":"Direcci\u00f3n de Comunicaciones Fiscal\u00eda General de la Naci\u00f3n","twitter_card":"summary_large_image","twitter_creator":"@FiscaliaCol","twitter_site":"@FiscaliaCol","twitter_misc":{"Escrito por":"Direcci\u00f3n de Comunicaciones Fiscal\u00eda General de la Naci\u00f3n","Tiempo de lectura":"5 minutos"},"schema":{"@context":"https:\/\/schema.org","@graph":[{"@type":"Article","@id":"https:\/\/www.fiscalia.gov.co\/colombia\/fiscal-general-de-la-nacion\/la-triple-a-la-saquearon-desde-el-ano-2000-afirma-fiscal-martinez-neira\/#article","isPartOf":{"@id":"https:\/\/www.fiscalia.gov.co\/colombia\/fiscal-general-de-la-nacion\/la-triple-a-la-saquearon-desde-el-ano-2000-afirma-fiscal-martinez-neira\/"},"author":{"name":"Direcci\u00f3n de Comunicaciones Fiscal\u00eda General de la Naci\u00f3n","@id":"https:\/\/www.fiscalia.gov.co\/colombia\/#\/schema\/person\/bf28d8ae7f1b287bbe3af484b04f43ea"},"headline":"La Triple A la saquearon desde el a\u00f1o 2000: afirma Fiscal Mart\u00ednez Neira","datePublished":"2018-10-04T17:13:29+00:00","dateModified":"2018-10-04T17:13:29+00:00","mainEntityOfPage":{"@id":"https:\/\/www.fiscalia.gov.co\/colombia\/fiscal-general-de-la-nacion\/la-triple-a-la-saquearon-desde-el-ano-2000-afirma-fiscal-martinez-neira\/"},"wordCount":917,"publisher":{"@id":"https:\/\/www.fiscalia.gov.co\/colombia\/#organization"},"articleSection":["Corrupci\u00f3n","Fiscal General de la Naci\u00f3n"],"inLanguage":"es-CO"},{"@type":"WebPage","@id":"https:\/\/www.fiscalia.gov.co\/colombia\/fiscal-general-de-la-nacion\/la-triple-a-la-saquearon-desde-el-ano-2000-afirma-fiscal-martinez-neira\/","url":"https:\/\/www.fiscalia.gov.co\/colombia\/fiscal-general-de-la-nacion\/la-triple-a-la-saquearon-desde-el-ano-2000-afirma-fiscal-martinez-neira\/","name":"Fiscal\u00eda General de la Naci\u00f3n","isPartOf":{"@id":"https:\/\/www.fiscalia.gov.co\/colombia\/#website"},"datePublished":"2018-10-04T17:13:29+00:00","dateModified":"2018-10-04T17:13:29+00:00","description":"P\u00e1gina oficial de la Fiscal\u00eda General de la Naci\u00f3n \u2013 Colombia. Garantizamos el acceso efectivo a la justicia, la verdad y la reparaci\u00f3n de las v\u00edctimas de los delitos.","breadcrumb":{"@id":"https:\/\/www.fiscalia.gov.co\/colombia\/fiscal-general-de-la-nacion\/la-triple-a-la-saquearon-desde-el-ano-2000-afirma-fiscal-martinez-neira\/#breadcrumb"},"inLanguage":"es-CO","potentialAction":[{"@type":"ReadAction","target":["https:\/\/www.fiscalia.gov.co\/colombia\/fiscal-general-de-la-nacion\/la-triple-a-la-saquearon-desde-el-ano-2000-afirma-fiscal-martinez-neira\/"]}]},{"@type":"BreadcrumbList","@id":"https:\/\/www.fiscalia.gov.co\/colombia\/fiscal-general-de-la-nacion\/la-triple-a-la-saquearon-desde-el-ano-2000-afirma-fiscal-martinez-neira\/#breadcrumb","itemListElement":[{"@type":"ListItem","position":1,"name":"Home","item":"https:\/\/www.fiscalia.gov.co\/colombia\/"},{"@type":"ListItem","position":2,"name":"La Triple A la saquearon desde el a\u00f1o 2000: afirma Fiscal Mart\u00ednez Neira"}]},{"@type":"WebSite","@id":"https:\/\/www.fiscalia.gov.co\/colombia\/#website","url":"https:\/\/www.fiscalia.gov.co\/colombia\/","name":"Fiscal\u00eda General de la Naci\u00f3n","description":"P\u00e1gina oficial de la Fiscal\u00eda General de la Naci\u00f3n \u2013 Colombia. Garantizamos el acceso efectivo a la justicia, la verdad y la reparaci\u00f3n de las v\u00edctimas de los delitos.","publisher":{"@id":"https:\/\/www.fiscalia.gov.co\/colombia\/#organization"},"potentialAction":[{"@type":"SearchAction","target":{"@type":"EntryPoint","urlTemplate":"https:\/\/www.fiscalia.gov.co\/colombia\/?s={search_term_string}"},"query-input":{"@type":"PropertyValueSpecification","valueRequired":true,"valueName":"search_term_string"}}],"inLanguage":"es-CO"},{"@type":"Organization","@id":"https:\/\/www.fiscalia.gov.co\/colombia\/#organization","name":"Fiscal\u00eda General de la Naci\u00f3n","url":"https:\/\/www.fiscalia.gov.co\/colombia\/","logo":{"@type":"ImageObject","inLanguage":"es-CO","@id":"https:\/\/www.fiscalia.gov.co\/colombia\/#\/schema\/logo\/image\/","url":"https:\/\/www.fiscalia.gov.co\/colombia\/wp-content\/uploads\/LogoHorizontal_1.jpg","contentUrl":"https:\/\/www.fiscalia.gov.co\/colombia\/wp-content\/uploads\/LogoHorizontal_1.jpg","width":300,"height":90,"caption":"Fiscal\u00eda General de la Naci\u00f3n"},"image":{"@id":"https:\/\/www.fiscalia.gov.co\/colombia\/#\/schema\/logo\/image\/"},"sameAs":["https:\/\/www.facebook.com\/FiscaliaCol","https:\/\/x.com\/FiscaliaCol","https:\/\/www.instagram.com\/fiscaliacol","https:\/\/www.linkedin.com\/company\/fiscalia-general-de-la-naci-n\/","https:\/\/youtube.com\/@fiscaliageneraldelanacion-4668?si=6nN79nyQICPU5iTh"]},{"@type":"Person","@id":"https:\/\/www.fiscalia.gov.co\/colombia\/#\/schema\/person\/bf28d8ae7f1b287bbe3af484b04f43ea","name":"Direcci\u00f3n de Comunicaciones Fiscal\u00eda General de la Naci\u00f3n","image":{"@type":"ImageObject","inLanguage":"es-CO","@id":"https:\/\/www.fiscalia.gov.co\/colombia\/#\/schema\/person\/image\/","url":"https:\/\/secure.gravatar.com\/avatar\/9d55ae161d32da16dbdd0b380c080a5f?s=96&d=mm&r=g","contentUrl":"https:\/\/secure.gravatar.com\/avatar\/9d55ae161d32da16dbdd0b380c080a5f?s=96&d=mm&r=g","caption":"Direcci\u00f3n de Comunicaciones Fiscal\u00eda General de la Naci\u00f3n"},"url":"https:\/\/www.fiscalia.gov.co\/colombia\/author\/kbonilla\/"}]}},"_links":{"self":[{"href":"https:\/\/www.fiscalia.gov.co\/colombia\/wp-json\/wp\/v2\/posts\/169945","targetHints":{"allow":["GET"]}}],"collection":[{"href":"https:\/\/www.fiscalia.gov.co\/colombia\/wp-json\/wp\/v2\/posts"}],"about":[{"href":"https:\/\/www.fiscalia.gov.co\/colombia\/wp-json\/wp\/v2\/types\/post"}],"author":[{"embeddable":true,"href":"https:\/\/www.fiscalia.gov.co\/colombia\/wp-json\/wp\/v2\/users\/162"}],"replies":[{"embeddable":true,"href":"https:\/\/www.fiscalia.gov.co\/colombia\/wp-json\/wp\/v2\/comments?post=169945"}],"version-history":[{"count":1,"href":"https:\/\/www.fiscalia.gov.co\/colombia\/wp-json\/wp\/v2\/posts\/169945\/revisions"}],"predecessor-version":[{"id":169946,"href":"https:\/\/www.fiscalia.gov.co\/colombia\/wp-json\/wp\/v2\/posts\/169945\/revisions\/169946"}],"wp:attachment":[{"href":"https:\/\/www.fiscalia.gov.co\/colombia\/wp-json\/wp\/v2\/media?parent=169945"}],"wp:term":[{"taxonomy":"category","embeddable":true,"href":"https:\/\/www.fiscalia.gov.co\/colombia\/wp-json\/wp\/v2\/categories?post=169945"},{"taxonomy":"post_tag","embeddable":true,"href":"https:\/\/www.fiscalia.gov.co\/colombia\/wp-json\/wp\/v2\/tags?post=169945"}],"curies":[{"name":"wp","href":"https:\/\/api.w.org\/{rel}","templated":true}]}}