{"id":169869,"date":"2018-10-03T14:15:24","date_gmt":"2018-10-03T19:15:24","guid":{"rendered":"https:\/\/www.fiscalia.gov.co\/colombia\/?p=169869"},"modified":"2018-10-03T14:15:24","modified_gmt":"2018-10-03T19:15:24","slug":"a-prision-10-presuntos-integrantes-de-la-estructura-delincuencial-los-300-por-delitos-en-palmira-valle","status":"publish","type":"post","link":"https:\/\/www.fiscalia.gov.co\/colombia\/seccionales\/a-prision-10-presuntos-integrantes-de-la-estructura-delincuencial-los-300-por-delitos-en-palmira-valle\/","title":{"rendered":"A prisi\u00f3n 10 presuntos integrantes de la estructura delincuencial Los 300, por delitos en Palmira (Valle)"},"content":{"rendered":"<p><em><u>La Fiscal\u00eda le indilga a la estructura delictiva 3 homicidios, 6 tentativas de homicidio, tr\u00e1fico de estupefacientes y de armas de fuego.<\/u><\/em><\/p>\n<p>Tras acoger la petici\u00f3n de la Fiscal\u00eda para que 10 presuntos integrantes de la estructura delictiva conocida como Los 300, fueran enviados a prisi\u00f3n, el Juzgado Tercero de control de garant\u00edas de Cali (Valle del Cauca) cobij\u00f3 con medida de aseguramiento en centro carcelario a las 10 personas supuestamente relacionadas con la comisi\u00f3n de m\u00faltiples delitos, entre ellos, microtr\u00e1fico y homicidios.<\/p>\n<p>Los hechos por los que son judicializadas estas \u00a0personas se presentaron en Palmira (Valle del Cauca), donde un fiscal especializado, adscrito al Grupo de Priorizados, orden\u00f3 26 diligencias de allanamiento y registro a trav\u00e9s de las cuales miembros de la Sijin de la Polic\u00eda Nacional hicieron efectivas las capturas, con orden judicial.<\/p>\n<p>En dichas diligencias judiciales fueron capturados: Carlos Andr\u00e9s Caicedo Moreno, alias Bachilo, Douglas Brayan Luna Mart\u00ednez; alias Oscar, Iv\u00e1n Tabares Correa, alias Yogui; Juan Camilo Ram\u00edrez Sol\u00eds, alias Camilito; Almi Giovanna Ibarra Espa\u00f1a, alias Johana, Juan Carlos Lozano Ibarra, alias Juan Bombas; Denis Jhoel Loboa Valencia, alias Yoe, El Negro o Migas. As\u00ed mismo, fueron capturados Daniela Ord\u00f3\u00f1ez Angulo; Sergio Esteban Vargas Quiroz, alias Sergio y Juan David Gonz\u00e1lez Builes, alias Castor.<\/p>\n<p>Seg\u00fan la Fiscal\u00eda, los hoy procesados tendr\u00edan su accionar delictivo en los barrios Villadiana, Harold Leder y sectores aleda\u00f1os, en la Comuna 21\u00a0del municipio de Palmira, donde estar\u00edan cometiendo delitos relacionados con el microtr\u00e1fico, homicidios selectivos, desplazamiento forzado y hurtos, para los cuales recurr\u00edan al uso de armas de fuego, y recurrir\u00edan a menores de edad.<\/p>\n<p>Por determinaci\u00f3n del juez, los 10 procesados, quienes no aceptaron cargos, deben cumplir la medida de aseguramiento en establecimiento carcelario.<\/p>\n<p><strong><u>Los cargos<\/p>\n<p><\/u><\/strong>Los siguientes son los delitos por los que deber\u00e1n responder los implicados:<\/p>\n<ul>\n<li>A Carlos Andr\u00e9s Caicedo Moreno, alias Bachilo, presunto cabecilla de la estructura delictiva la Fiscal\u00eda le formul\u00f3 cargos por concierto para delinquir, homicidio; homicidio agravado en grado de tentativa, pues es se\u00f1alado de haber atentado contra 6 personas. De la misma manera, deber\u00e1 responder por desplazamiento forzado, uso de menores para la comisi\u00f3n de il\u00edcitos, fabricaci\u00f3n tr\u00e1fico o porte de estupefacientes y de armas de fuego.<\/li>\n<li>Douglas Brayan Luna Mart\u00ednez deber\u00e1 enfrentar homicidio, desplazamiento forzado, uso de menores para la comisi\u00f3n de il\u00edcitos y hurto mediante la modalidad de fleto.<\/li>\n<li>\u00d3scar Iv\u00e1n Tabares Correa, alias Yogui y Juan Camilo Ram\u00edrez Sol\u00eds, alias Camilito la Fiscal\u00eda les imput\u00f3 los delitos de homicidio en grado de tentativa, desplazamiento forzado, uso de menores para la comisi\u00f3n de il\u00edcitos y fabricaci\u00f3n, tr\u00e1fico o porte de armas de fuego.<\/li>\n<li>Almi Giovanna Ibarra Espa\u00f1a, alias Johana; Juan Carlos Lozano Ibarra, alias Juan Bombas; Denis Jhoel Loboa Valencia, alias Yoe El Negro o Migas; Daniela Ord\u00f3\u00f1ez Angulo; Sergio Esteban Vargas Quiroz, alias Sergio y Juan David Gonz\u00e1lez Builes, alias Castor deber\u00e1n responder por los delitos de homicidio en grado de tentativa, desplazamiento forzado, uso de menores para la comisi\u00f3n de il\u00edcitos y fabricaci\u00f3n, tr\u00e1fico o porte de estupefacientes.<\/li>\n<\/ul>\n<p>La Fiscal\u00eda General\u00a0 de la Naci\u00f3n hace p\u00fablica esta informaci\u00f3n por razones de inter\u00e9s general.<\/p>\n<p>MAP\/MAGA<\/p>\n\n<div class=\"twitter-share\"><a href=\"https:\/\/twitter.com\/intent\/tweet?via=fiscaliacol\" class=\"twitter-share-button\">Tweet<\/a><\/div>\n","protected":false},"excerpt":{"rendered":"<p>La Fiscal\u00eda le indilga a la estructura delictiva 3 homicidios, 6 tentativas de homicidio, tr\u00e1fico de estupefacientes y de armas de fuego. Tras acoger la petici\u00f3n de la Fiscal\u00eda para [&hellip;]<\/p>\n","protected":false},"author":162,"featured_media":0,"comment_status":"closed","ping_status":"open","sticky":false,"template":"","format":"standard","meta":{"tdm_status":"","tdm_grid_status":"","footnotes":""},"categories":[24098,324,303],"tags":[],"class_list":["post-169869","post","type-post","status-publish","format-standard","category-crimen-organizado","category-seccional-cali","category-seccionales"],"yoast_head":"<!-- This site is optimized with the Yoast SEO plugin v24.3 - https:\/\/yoast.com\/wordpress\/plugins\/seo\/ -->\n<title>Fiscal\u00eda General de la Naci\u00f3n<\/title>\n<meta name=\"description\" content=\"P\u00e1gina oficial de la Fiscal\u00eda General de la Naci\u00f3n \u2013 Colombia. Garantizamos el acceso efectivo a la justicia, la verdad y la reparaci\u00f3n de las v\u00edctimas de los delitos.\" \/>\n<meta name=\"robots\" content=\"noindex, follow\" \/>\n<meta property=\"og:locale\" content=\"es_ES\" \/>\n<meta property=\"og:type\" content=\"article\" \/>\n<meta property=\"og:title\" content=\"Fiscal\u00eda General de la Naci\u00f3n\" \/>\n<meta property=\"og:description\" content=\"P\u00e1gina oficial de la Fiscal\u00eda General de la Naci\u00f3n \u2013 Colombia. Garantizamos el acceso efectivo a la justicia, la verdad y la reparaci\u00f3n de las v\u00edctimas de los delitos.\" \/>\n<meta property=\"og:url\" content=\"https:\/\/www.fiscalia.gov.co\/colombia\/seccionales\/a-prision-10-presuntos-integrantes-de-la-estructura-delincuencial-los-300-por-delitos-en-palmira-valle\/\" \/>\n<meta property=\"og:site_name\" content=\"Fiscal\u00eda General de la Naci\u00f3n\" \/>\n<meta property=\"article:publisher\" content=\"https:\/\/www.facebook.com\/FiscaliaCol\" \/>\n<meta property=\"article:published_time\" content=\"2018-10-03T19:15:24+00:00\" \/>\n<meta name=\"author\" content=\"Direcci\u00f3n de Comunicaciones Fiscal\u00eda General de la Naci\u00f3n\" \/>\n<meta name=\"twitter:card\" content=\"summary_large_image\" \/>\n<meta name=\"twitter:creator\" content=\"@FiscaliaCol\" \/>\n<meta name=\"twitter:site\" content=\"@FiscaliaCol\" \/>\n<meta name=\"twitter:label1\" content=\"Escrito por\" \/>\n\t<meta name=\"twitter:data1\" content=\"Direcci\u00f3n de Comunicaciones Fiscal\u00eda General de la Naci\u00f3n\" \/>\n\t<meta name=\"twitter:label2\" content=\"Tiempo de lectura\" \/>\n\t<meta name=\"twitter:data2\" content=\"3 minutos\" \/>\n<script type=\"application\/ld+json\" class=\"yoast-schema-graph\">{\"@context\":\"https:\/\/schema.org\",\"@graph\":[{\"@type\":\"Article\",\"@id\":\"https:\/\/www.fiscalia.gov.co\/colombia\/seccionales\/a-prision-10-presuntos-integrantes-de-la-estructura-delincuencial-los-300-por-delitos-en-palmira-valle\/#article\",\"isPartOf\":{\"@id\":\"https:\/\/www.fiscalia.gov.co\/colombia\/seccionales\/a-prision-10-presuntos-integrantes-de-la-estructura-delincuencial-los-300-por-delitos-en-palmira-valle\/\"},\"author\":{\"name\":\"Direcci\u00f3n de Comunicaciones Fiscal\u00eda General de la Naci\u00f3n\",\"@id\":\"https:\/\/www.fiscalia.gov.co\/colombia\/#\/schema\/person\/bf28d8ae7f1b287bbe3af484b04f43ea\"},\"headline\":\"A prisi\u00f3n 10 presuntos integrantes de la estructura delincuencial Los 300, por delitos en Palmira (Valle)\",\"datePublished\":\"2018-10-03T19:15:24+00:00\",\"dateModified\":\"2018-10-03T19:15:24+00:00\",\"mainEntityOfPage\":{\"@id\":\"https:\/\/www.fiscalia.gov.co\/colombia\/seccionales\/a-prision-10-presuntos-integrantes-de-la-estructura-delincuencial-los-300-por-delitos-en-palmira-valle\/\"},\"wordCount\":582,\"publisher\":{\"@id\":\"https:\/\/www.fiscalia.gov.co\/colombia\/#organization\"},\"articleSection\":[\"Crimen organizado\",\"Seccional Cali\",\"Seccionales\"],\"inLanguage\":\"es-CO\"},{\"@type\":\"WebPage\",\"@id\":\"https:\/\/www.fiscalia.gov.co\/colombia\/seccionales\/a-prision-10-presuntos-integrantes-de-la-estructura-delincuencial-los-300-por-delitos-en-palmira-valle\/\",\"url\":\"https:\/\/www.fiscalia.gov.co\/colombia\/seccionales\/a-prision-10-presuntos-integrantes-de-la-estructura-delincuencial-los-300-por-delitos-en-palmira-valle\/\",\"name\":\"Fiscal\u00eda General de la Naci\u00f3n\",\"isPartOf\":{\"@id\":\"https:\/\/www.fiscalia.gov.co\/colombia\/#website\"},\"datePublished\":\"2018-10-03T19:15:24+00:00\",\"dateModified\":\"2018-10-03T19:15:24+00:00\",\"description\":\"P\u00e1gina oficial de la Fiscal\u00eda General de la Naci\u00f3n \u2013 Colombia. Garantizamos el acceso efectivo a la justicia, la verdad y la reparaci\u00f3n de las v\u00edctimas de los delitos.\",\"breadcrumb\":{\"@id\":\"https:\/\/www.fiscalia.gov.co\/colombia\/seccionales\/a-prision-10-presuntos-integrantes-de-la-estructura-delincuencial-los-300-por-delitos-en-palmira-valle\/#breadcrumb\"},\"inLanguage\":\"es-CO\",\"potentialAction\":[{\"@type\":\"ReadAction\",\"target\":[\"https:\/\/www.fiscalia.gov.co\/colombia\/seccionales\/a-prision-10-presuntos-integrantes-de-la-estructura-delincuencial-los-300-por-delitos-en-palmira-valle\/\"]}]},{\"@type\":\"BreadcrumbList\",\"@id\":\"https:\/\/www.fiscalia.gov.co\/colombia\/seccionales\/a-prision-10-presuntos-integrantes-de-la-estructura-delincuencial-los-300-por-delitos-en-palmira-valle\/#breadcrumb\",\"itemListElement\":[{\"@type\":\"ListItem\",\"position\":1,\"name\":\"Home\",\"item\":\"https:\/\/www.fiscalia.gov.co\/colombia\/\"},{\"@type\":\"ListItem\",\"position\":2,\"name\":\"A prisi\u00f3n 10 presuntos integrantes de la estructura delincuencial Los 300, por delitos en Palmira (Valle)\"}]},{\"@type\":\"WebSite\",\"@id\":\"https:\/\/www.fiscalia.gov.co\/colombia\/#website\",\"url\":\"https:\/\/www.fiscalia.gov.co\/colombia\/\",\"name\":\"Fiscal\u00eda General de la Naci\u00f3n\",\"description\":\"P\u00e1gina oficial de la Fiscal\u00eda General de la Naci\u00f3n \u2013 Colombia. Garantizamos el acceso efectivo a la justicia, la verdad y la reparaci\u00f3n de las v\u00edctimas de los delitos.\",\"publisher\":{\"@id\":\"https:\/\/www.fiscalia.gov.co\/colombia\/#organization\"},\"potentialAction\":[{\"@type\":\"SearchAction\",\"target\":{\"@type\":\"EntryPoint\",\"urlTemplate\":\"https:\/\/www.fiscalia.gov.co\/colombia\/?s={search_term_string}\"},\"query-input\":{\"@type\":\"PropertyValueSpecification\",\"valueRequired\":true,\"valueName\":\"search_term_string\"}}],\"inLanguage\":\"es-CO\"},{\"@type\":\"Organization\",\"@id\":\"https:\/\/www.fiscalia.gov.co\/colombia\/#organization\",\"name\":\"Fiscal\u00eda General de la Naci\u00f3n\",\"url\":\"https:\/\/www.fiscalia.gov.co\/colombia\/\",\"logo\":{\"@type\":\"ImageObject\",\"inLanguage\":\"es-CO\",\"@id\":\"https:\/\/www.fiscalia.gov.co\/colombia\/#\/schema\/logo\/image\/\",\"url\":\"https:\/\/www.fiscalia.gov.co\/colombia\/wp-content\/uploads\/LogoHorizontal_1.jpg\",\"contentUrl\":\"https:\/\/www.fiscalia.gov.co\/colombia\/wp-content\/uploads\/LogoHorizontal_1.jpg\",\"width\":300,\"height\":90,\"caption\":\"Fiscal\u00eda General de la Naci\u00f3n\"},\"image\":{\"@id\":\"https:\/\/www.fiscalia.gov.co\/colombia\/#\/schema\/logo\/image\/\"},\"sameAs\":[\"https:\/\/www.facebook.com\/FiscaliaCol\",\"https:\/\/x.com\/FiscaliaCol\",\"https:\/\/www.instagram.com\/fiscaliacol\",\"https:\/\/www.linkedin.com\/company\/fiscalia-general-de-la-naci-n\/\",\"https:\/\/youtube.com\/@fiscaliageneraldelanacion-4668?si=6nN79nyQICPU5iTh\"]},{\"@type\":\"Person\",\"@id\":\"https:\/\/www.fiscalia.gov.co\/colombia\/#\/schema\/person\/bf28d8ae7f1b287bbe3af484b04f43ea\",\"name\":\"Direcci\u00f3n de Comunicaciones Fiscal\u00eda General de la Naci\u00f3n\",\"image\":{\"@type\":\"ImageObject\",\"inLanguage\":\"es-CO\",\"@id\":\"https:\/\/www.fiscalia.gov.co\/colombia\/#\/schema\/person\/image\/\",\"url\":\"https:\/\/secure.gravatar.com\/avatar\/9d55ae161d32da16dbdd0b380c080a5f?s=96&d=mm&r=g\",\"contentUrl\":\"https:\/\/secure.gravatar.com\/avatar\/9d55ae161d32da16dbdd0b380c080a5f?s=96&d=mm&r=g\",\"caption\":\"Direcci\u00f3n de Comunicaciones Fiscal\u00eda General de la Naci\u00f3n\"},\"url\":\"https:\/\/www.fiscalia.gov.co\/colombia\/author\/kbonilla\/\"}]}<\/script>\n<!-- \/ Yoast SEO plugin. -->","yoast_head_json":{"title":"Fiscal\u00eda General de la Naci\u00f3n","description":"P\u00e1gina oficial de la Fiscal\u00eda General de la Naci\u00f3n \u2013 Colombia. Garantizamos el acceso efectivo a la justicia, la verdad y la reparaci\u00f3n de las v\u00edctimas de los delitos.","robots":{"index":"noindex","follow":"follow"},"og_locale":"es_ES","og_type":"article","og_title":"Fiscal\u00eda General de la Naci\u00f3n","og_description":"P\u00e1gina oficial de la Fiscal\u00eda General de la Naci\u00f3n \u2013 Colombia. Garantizamos el acceso efectivo a la justicia, la verdad y la reparaci\u00f3n de las v\u00edctimas de los delitos.","og_url":"https:\/\/www.fiscalia.gov.co\/colombia\/seccionales\/a-prision-10-presuntos-integrantes-de-la-estructura-delincuencial-los-300-por-delitos-en-palmira-valle\/","og_site_name":"Fiscal\u00eda General de la Naci\u00f3n","article_publisher":"https:\/\/www.facebook.com\/FiscaliaCol","article_published_time":"2018-10-03T19:15:24+00:00","author":"Direcci\u00f3n de Comunicaciones Fiscal\u00eda General de la Naci\u00f3n","twitter_card":"summary_large_image","twitter_creator":"@FiscaliaCol","twitter_site":"@FiscaliaCol","twitter_misc":{"Escrito por":"Direcci\u00f3n de Comunicaciones Fiscal\u00eda General de la Naci\u00f3n","Tiempo de lectura":"3 minutos"},"schema":{"@context":"https:\/\/schema.org","@graph":[{"@type":"Article","@id":"https:\/\/www.fiscalia.gov.co\/colombia\/seccionales\/a-prision-10-presuntos-integrantes-de-la-estructura-delincuencial-los-300-por-delitos-en-palmira-valle\/#article","isPartOf":{"@id":"https:\/\/www.fiscalia.gov.co\/colombia\/seccionales\/a-prision-10-presuntos-integrantes-de-la-estructura-delincuencial-los-300-por-delitos-en-palmira-valle\/"},"author":{"name":"Direcci\u00f3n de Comunicaciones Fiscal\u00eda General de la Naci\u00f3n","@id":"https:\/\/www.fiscalia.gov.co\/colombia\/#\/schema\/person\/bf28d8ae7f1b287bbe3af484b04f43ea"},"headline":"A prisi\u00f3n 10 presuntos integrantes de la estructura delincuencial Los 300, por delitos en Palmira (Valle)","datePublished":"2018-10-03T19:15:24+00:00","dateModified":"2018-10-03T19:15:24+00:00","mainEntityOfPage":{"@id":"https:\/\/www.fiscalia.gov.co\/colombia\/seccionales\/a-prision-10-presuntos-integrantes-de-la-estructura-delincuencial-los-300-por-delitos-en-palmira-valle\/"},"wordCount":582,"publisher":{"@id":"https:\/\/www.fiscalia.gov.co\/colombia\/#organization"},"articleSection":["Crimen organizado","Seccional Cali","Seccionales"],"inLanguage":"es-CO"},{"@type":"WebPage","@id":"https:\/\/www.fiscalia.gov.co\/colombia\/seccionales\/a-prision-10-presuntos-integrantes-de-la-estructura-delincuencial-los-300-por-delitos-en-palmira-valle\/","url":"https:\/\/www.fiscalia.gov.co\/colombia\/seccionales\/a-prision-10-presuntos-integrantes-de-la-estructura-delincuencial-los-300-por-delitos-en-palmira-valle\/","name":"Fiscal\u00eda General de la Naci\u00f3n","isPartOf":{"@id":"https:\/\/www.fiscalia.gov.co\/colombia\/#website"},"datePublished":"2018-10-03T19:15:24+00:00","dateModified":"2018-10-03T19:15:24+00:00","description":"P\u00e1gina oficial de la Fiscal\u00eda General de la Naci\u00f3n \u2013 Colombia. Garantizamos el acceso efectivo a la justicia, la verdad y la reparaci\u00f3n de las v\u00edctimas de los delitos.","breadcrumb":{"@id":"https:\/\/www.fiscalia.gov.co\/colombia\/seccionales\/a-prision-10-presuntos-integrantes-de-la-estructura-delincuencial-los-300-por-delitos-en-palmira-valle\/#breadcrumb"},"inLanguage":"es-CO","potentialAction":[{"@type":"ReadAction","target":["https:\/\/www.fiscalia.gov.co\/colombia\/seccionales\/a-prision-10-presuntos-integrantes-de-la-estructura-delincuencial-los-300-por-delitos-en-palmira-valle\/"]}]},{"@type":"BreadcrumbList","@id":"https:\/\/www.fiscalia.gov.co\/colombia\/seccionales\/a-prision-10-presuntos-integrantes-de-la-estructura-delincuencial-los-300-por-delitos-en-palmira-valle\/#breadcrumb","itemListElement":[{"@type":"ListItem","position":1,"name":"Home","item":"https:\/\/www.fiscalia.gov.co\/colombia\/"},{"@type":"ListItem","position":2,"name":"A prisi\u00f3n 10 presuntos integrantes de la estructura delincuencial Los 300, por delitos en Palmira (Valle)"}]},{"@type":"WebSite","@id":"https:\/\/www.fiscalia.gov.co\/colombia\/#website","url":"https:\/\/www.fiscalia.gov.co\/colombia\/","name":"Fiscal\u00eda General de la Naci\u00f3n","description":"P\u00e1gina oficial de la Fiscal\u00eda General de la Naci\u00f3n \u2013 Colombia. Garantizamos el acceso efectivo a la justicia, la verdad y la reparaci\u00f3n de las v\u00edctimas de los delitos.","publisher":{"@id":"https:\/\/www.fiscalia.gov.co\/colombia\/#organization"},"potentialAction":[{"@type":"SearchAction","target":{"@type":"EntryPoint","urlTemplate":"https:\/\/www.fiscalia.gov.co\/colombia\/?s={search_term_string}"},"query-input":{"@type":"PropertyValueSpecification","valueRequired":true,"valueName":"search_term_string"}}],"inLanguage":"es-CO"},{"@type":"Organization","@id":"https:\/\/www.fiscalia.gov.co\/colombia\/#organization","name":"Fiscal\u00eda General de la Naci\u00f3n","url":"https:\/\/www.fiscalia.gov.co\/colombia\/","logo":{"@type":"ImageObject","inLanguage":"es-CO","@id":"https:\/\/www.fiscalia.gov.co\/colombia\/#\/schema\/logo\/image\/","url":"https:\/\/www.fiscalia.gov.co\/colombia\/wp-content\/uploads\/LogoHorizontal_1.jpg","contentUrl":"https:\/\/www.fiscalia.gov.co\/colombia\/wp-content\/uploads\/LogoHorizontal_1.jpg","width":300,"height":90,"caption":"Fiscal\u00eda General de la Naci\u00f3n"},"image":{"@id":"https:\/\/www.fiscalia.gov.co\/colombia\/#\/schema\/logo\/image\/"},"sameAs":["https:\/\/www.facebook.com\/FiscaliaCol","https:\/\/x.com\/FiscaliaCol","https:\/\/www.instagram.com\/fiscaliacol","https:\/\/www.linkedin.com\/company\/fiscalia-general-de-la-naci-n\/","https:\/\/youtube.com\/@fiscaliageneraldelanacion-4668?si=6nN79nyQICPU5iTh"]},{"@type":"Person","@id":"https:\/\/www.fiscalia.gov.co\/colombia\/#\/schema\/person\/bf28d8ae7f1b287bbe3af484b04f43ea","name":"Direcci\u00f3n de Comunicaciones Fiscal\u00eda General de la Naci\u00f3n","image":{"@type":"ImageObject","inLanguage":"es-CO","@id":"https:\/\/www.fiscalia.gov.co\/colombia\/#\/schema\/person\/image\/","url":"https:\/\/secure.gravatar.com\/avatar\/9d55ae161d32da16dbdd0b380c080a5f?s=96&d=mm&r=g","contentUrl":"https:\/\/secure.gravatar.com\/avatar\/9d55ae161d32da16dbdd0b380c080a5f?s=96&d=mm&r=g","caption":"Direcci\u00f3n de Comunicaciones Fiscal\u00eda General de la Naci\u00f3n"},"url":"https:\/\/www.fiscalia.gov.co\/colombia\/author\/kbonilla\/"}]}},"_links":{"self":[{"href":"https:\/\/www.fiscalia.gov.co\/colombia\/wp-json\/wp\/v2\/posts\/169869","targetHints":{"allow":["GET"]}}],"collection":[{"href":"https:\/\/www.fiscalia.gov.co\/colombia\/wp-json\/wp\/v2\/posts"}],"about":[{"href":"https:\/\/www.fiscalia.gov.co\/colombia\/wp-json\/wp\/v2\/types\/post"}],"author":[{"embeddable":true,"href":"https:\/\/www.fiscalia.gov.co\/colombia\/wp-json\/wp\/v2\/users\/162"}],"replies":[{"embeddable":true,"href":"https:\/\/www.fiscalia.gov.co\/colombia\/wp-json\/wp\/v2\/comments?post=169869"}],"version-history":[{"count":1,"href":"https:\/\/www.fiscalia.gov.co\/colombia\/wp-json\/wp\/v2\/posts\/169869\/revisions"}],"predecessor-version":[{"id":169870,"href":"https:\/\/www.fiscalia.gov.co\/colombia\/wp-json\/wp\/v2\/posts\/169869\/revisions\/169870"}],"wp:attachment":[{"href":"https:\/\/www.fiscalia.gov.co\/colombia\/wp-json\/wp\/v2\/media?parent=169869"}],"wp:term":[{"taxonomy":"category","embeddable":true,"href":"https:\/\/www.fiscalia.gov.co\/colombia\/wp-json\/wp\/v2\/categories?post=169869"},{"taxonomy":"post_tag","embeddable":true,"href":"https:\/\/www.fiscalia.gov.co\/colombia\/wp-json\/wp\/v2\/tags?post=169869"}],"curies":[{"name":"wp","href":"https:\/\/api.w.org\/{rel}","templated":true}]}}