{"id":169612,"date":"2018-09-28T11:04:10","date_gmt":"2018-09-28T16:04:10","guid":{"rendered":"https:\/\/www.fiscalia.gov.co\/colombia\/?p=169612"},"modified":"2018-09-28T11:04:10","modified_gmt":"2018-09-28T16:04:10","slug":"alianza-interinstitucional-contra-el-hurto-en-establecimientos-comerciales","status":"publish","type":"post","link":"https:\/\/www.fiscalia.gov.co\/colombia\/seccionales\/alianza-interinstitucional-contra-el-hurto-en-establecimientos-comerciales\/","title":{"rendered":"Alianza interinstitucional contra el hurto en establecimientos comerciales"},"content":{"rendered":"<p><em><u>Fiscal\u00eda General de la Naci\u00f3n, Polic\u00eda Nacional, Alcald\u00eda de Bogot\u00e1 y Fenalco Bogot\u00e1 se unen y presentan campa\u00f1a contra todas las modalidades de robo en el comercio.<\/u><\/em><\/p>\n<p>Una preocupaci\u00f3n compartida por varias instituciones motiv\u00f3 la articulaci\u00f3n de esfuerzos para luchar contra la modalidad delictiva m\u00e1s denunciada: el hurto. En 2018, la Fiscal\u00eda General de la Naci\u00f3n ha recibido 281.607 denuncias por robo, y una de las modalidades que reporta un crecimiento constante ha sido el hurto de establecimientos comerciales, con 42.792 casos conocidos.<\/p>\n<p>Frente a esta realidad, Fiscal\u00eda, Polic\u00eda Nacional, Alcald\u00eda Mayor de Bogot\u00e1 y Fenalco, pactaron una alianza estrat\u00e9gica con el prop\u00f3sito poner en evidencia y combatir a las estructuras criminales dedicadas a afectar el comercio y poner en riesgo el patrimonio de los usuarios.<\/p>\n<p>Este pacto contra la delincuencia fue presentada simult\u00e1neamente en Bogot\u00e1, en los centros comerciales Santaf\u00e9, Centro Mayor, Plaza de las Am\u00e9ricas y Gran Estaci\u00f3n, y tiene tres frentes de acci\u00f3n.<\/p>\n<ol>\n<li>Prevenci\u00f3n: ilustrar a la ciudadan\u00eda sobre las distintas modalidades de hurto en el comercio y compartir h\u00e1bitos responsables y de autoprotecci\u00f3n para que no sea v\u00edctima de las estructuras delincuenciales.<\/li>\n<li>Acceso a la justicia:<\/li>\n<\/ol>\n<ul>\n<li>Presentar en distintos escenarios la herramienta Adenunciar habilitada en las p\u00e1ginas web de la Fiscal\u00eda y la Polic\u00eda (<a href=\"http:\/\/www.fiscalia.gov.co\">fiscalia.gov.co<\/a> \u2013 <a href=\"http:\/\/www.policia.gov.co\">www.policia.gov.co<\/a>) que permite el reporte de los casos de hurto a establecimientos, sin filas y en pocos minutos.<\/li>\n<li>Los comerciantes tendr\u00e1n a su disposici\u00f3n una proforma en la que podr\u00e1n diligenciar datos b\u00e1sicos para que cuando sean v\u00edctimas de hurto y haya captura en flagrancia, las autoridades competentes puedan asumir de forma inmediata las investigaciones.<\/li>\n<li>En Bogot\u00e1 fueron dispuestas dos Casas de Justicia m\u00f3viles, que recorrer\u00e1n las zonas comerciales de mayor afectaci\u00f3n por hurto para orientar y asistir a los ciudadanos en la presentaci\u00f3n de sus denuncias. Adicionalmente, est\u00e1n en funcionamiento 13 Casas de Justicia en la ciudad.<\/li>\n<\/ul>\n<ol start=\"3\">\n<li>Judicializaci\u00f3n: fiscales y grupos de polic\u00eda judicial estar\u00e1n dispuestos a tramitar y adelantar las investigaciones para ubicar, capturar y judicializar a los responsables de hurtos en el comercio.<\/li>\n<\/ol>\n<p><strong><u>Cifras<\/u><\/strong><\/p>\n<p>En el a\u00f1o han sido impactadas 50 estructuras criminales dedicadas al hurto en establecimientos comerciales, hay 263 personas capturadas, 205 de ellas fueron privadas de la libertad. La mayor\u00eda de bandas ha sido desarticulada en: Bogot\u00e1 (14), Medell\u00edn (4), Caldas (4), Santander (3) y Caquet\u00e1 (3).<\/p>\n<p>En nueve meses de 2018, hay reportados 514 hurtos a establecimientos comerciales m\u00e1s que el mismo periodo de 2017. Esto significa 4.900 casos al mes, 1.143 por semana, 163 diarios y siete cada hora.<\/p>\n<p>Seg\u00fan cifras de Fenalco, los comerciantes perdieron doscientos veinte mil millones de pesos ($220.000\u2019000.000) por hurtos en 2017. Las p\u00e9rdidas est\u00e1n representadas en robo de productos como: At\u00fan y otros enlatados, golosinas, gaseosas, art\u00edculos de aseo personal, productos c\u00e1rnicos, cuchillas de afeitar, ropa, peque\u00f1os electrodom\u00e9sticos y celulares, licores, maquillaje, tintura y cremas.<\/p>\n<p><strong><u>Las modalidades de hurto a comercio<\/u><\/strong><strong>\u00a0<\/strong><\/p>\n<ul>\n<li>Mechero u hormigueo: robo sistem\u00e1tico de art\u00edculos peque\u00f1os como elementos de aseo, celulares, entre otros objetos personales.<\/li>\n<li>Atraco: cometido con arma de fuego, arma blanca, arma contundente o con sustancia t\u00f3xica, en el que se ejerce presi\u00f3n contra la v\u00edctima.<\/li>\n<li>Factor oportunidad: se produce por un descuido de los propietarios o de sus empleados.<\/li>\n<\/ul>\n<p><strong><u>ADenunciar<\/u><\/strong><\/p>\n<p>La herramienta ADenunciar es una plataforma creada para que la ciudadan\u00eda tenga un acceso r\u00e1pido a la administraci\u00f3n de justicia, desde su celular o computador sin hacer filas.<\/p>\n<p>Entre el 26 de julio del a\u00f1o pasado a la fecha, se han recibido 183.973 denuncias, de las cuales, 8.368 corresponden al hurto a establecimientos comerciales.<\/p>\n<p>&nbsp;<\/p>\n\n<div class=\"twitter-share\"><a href=\"https:\/\/twitter.com\/intent\/tweet?via=fiscaliacol\" class=\"twitter-share-button\">Tweet<\/a><\/div>\n","protected":false},"excerpt":{"rendered":"<p>Fiscal\u00eda General de la Naci\u00f3n, Polic\u00eda Nacional, Alcald\u00eda de Bogot\u00e1 y Fenalco Bogot\u00e1 se unen y presentan campa\u00f1a contra todas las modalidades de robo en el comercio. Una preocupaci\u00f3n compartida [&hellip;]<\/p>\n","protected":false},"author":162,"featured_media":0,"comment_status":"closed","ping_status":"open","sticky":false,"template":"","format":"standard","meta":{"tdm_status":"","tdm_grid_status":"","footnotes":""},"categories":[321,303,24099],"tags":[],"class_list":["post-169612","post","type-post","status-publish","format-standard","category-seccional-bogota","category-seccionales","category-seguridad-territorial"],"yoast_head":"<!-- This site is optimized with the Yoast SEO plugin v24.3 - https:\/\/yoast.com\/wordpress\/plugins\/seo\/ -->\n<title>Fiscal\u00eda General de la Naci\u00f3n<\/title>\n<meta name=\"description\" content=\"P\u00e1gina oficial de la Fiscal\u00eda General de la Naci\u00f3n \u2013 Colombia. Garantizamos el acceso efectivo a la justicia, la verdad y la reparaci\u00f3n de las v\u00edctimas de los delitos.\" \/>\n<meta name=\"robots\" content=\"noindex, follow\" \/>\n<meta property=\"og:locale\" content=\"es_ES\" \/>\n<meta property=\"og:type\" content=\"article\" \/>\n<meta property=\"og:title\" content=\"Fiscal\u00eda General de la Naci\u00f3n\" \/>\n<meta property=\"og:description\" content=\"P\u00e1gina oficial de la Fiscal\u00eda General de la Naci\u00f3n \u2013 Colombia. Garantizamos el acceso efectivo a la justicia, la verdad y la reparaci\u00f3n de las v\u00edctimas de los delitos.\" \/>\n<meta property=\"og:url\" content=\"https:\/\/www.fiscalia.gov.co\/colombia\/seccionales\/alianza-interinstitucional-contra-el-hurto-en-establecimientos-comerciales\/\" \/>\n<meta property=\"og:site_name\" content=\"Fiscal\u00eda General de la Naci\u00f3n\" \/>\n<meta property=\"article:publisher\" content=\"https:\/\/www.facebook.com\/FiscaliaCol\" \/>\n<meta property=\"article:published_time\" content=\"2018-09-28T16:04:10+00:00\" \/>\n<meta name=\"author\" content=\"Direcci\u00f3n de Comunicaciones Fiscal\u00eda General de la Naci\u00f3n\" \/>\n<meta name=\"twitter:card\" content=\"summary_large_image\" \/>\n<meta name=\"twitter:creator\" content=\"@FiscaliaCol\" \/>\n<meta name=\"twitter:site\" content=\"@FiscaliaCol\" \/>\n<meta name=\"twitter:label1\" content=\"Escrito por\" \/>\n\t<meta name=\"twitter:data1\" content=\"Direcci\u00f3n de Comunicaciones Fiscal\u00eda General de la Naci\u00f3n\" \/>\n\t<meta name=\"twitter:label2\" content=\"Tiempo de lectura\" \/>\n\t<meta name=\"twitter:data2\" content=\"3 minutos\" \/>\n<script type=\"application\/ld+json\" class=\"yoast-schema-graph\">{\"@context\":\"https:\/\/schema.org\",\"@graph\":[{\"@type\":\"Article\",\"@id\":\"https:\/\/www.fiscalia.gov.co\/colombia\/seccionales\/alianza-interinstitucional-contra-el-hurto-en-establecimientos-comerciales\/#article\",\"isPartOf\":{\"@id\":\"https:\/\/www.fiscalia.gov.co\/colombia\/seccionales\/alianza-interinstitucional-contra-el-hurto-en-establecimientos-comerciales\/\"},\"author\":{\"name\":\"Direcci\u00f3n de Comunicaciones Fiscal\u00eda General de la Naci\u00f3n\",\"@id\":\"https:\/\/www.fiscalia.gov.co\/colombia\/#\/schema\/person\/bf28d8ae7f1b287bbe3af484b04f43ea\"},\"headline\":\"Alianza interinstitucional contra el hurto en establecimientos comerciales\",\"datePublished\":\"2018-09-28T16:04:10+00:00\",\"dateModified\":\"2018-09-28T16:04:10+00:00\",\"mainEntityOfPage\":{\"@id\":\"https:\/\/www.fiscalia.gov.co\/colombia\/seccionales\/alianza-interinstitucional-contra-el-hurto-en-establecimientos-comerciales\/\"},\"wordCount\":636,\"publisher\":{\"@id\":\"https:\/\/www.fiscalia.gov.co\/colombia\/#organization\"},\"articleSection\":[\"Seccional Bogot\u00e1\",\"Seccionales\",\"Seguridad territorial\"],\"inLanguage\":\"es-CO\"},{\"@type\":\"WebPage\",\"@id\":\"https:\/\/www.fiscalia.gov.co\/colombia\/seccionales\/alianza-interinstitucional-contra-el-hurto-en-establecimientos-comerciales\/\",\"url\":\"https:\/\/www.fiscalia.gov.co\/colombia\/seccionales\/alianza-interinstitucional-contra-el-hurto-en-establecimientos-comerciales\/\",\"name\":\"Fiscal\u00eda General de la Naci\u00f3n\",\"isPartOf\":{\"@id\":\"https:\/\/www.fiscalia.gov.co\/colombia\/#website\"},\"datePublished\":\"2018-09-28T16:04:10+00:00\",\"dateModified\":\"2018-09-28T16:04:10+00:00\",\"description\":\"P\u00e1gina oficial de la Fiscal\u00eda General de la Naci\u00f3n \u2013 Colombia. Garantizamos el acceso efectivo a la justicia, la verdad y la reparaci\u00f3n de las v\u00edctimas de los delitos.\",\"breadcrumb\":{\"@id\":\"https:\/\/www.fiscalia.gov.co\/colombia\/seccionales\/alianza-interinstitucional-contra-el-hurto-en-establecimientos-comerciales\/#breadcrumb\"},\"inLanguage\":\"es-CO\",\"potentialAction\":[{\"@type\":\"ReadAction\",\"target\":[\"https:\/\/www.fiscalia.gov.co\/colombia\/seccionales\/alianza-interinstitucional-contra-el-hurto-en-establecimientos-comerciales\/\"]}]},{\"@type\":\"BreadcrumbList\",\"@id\":\"https:\/\/www.fiscalia.gov.co\/colombia\/seccionales\/alianza-interinstitucional-contra-el-hurto-en-establecimientos-comerciales\/#breadcrumb\",\"itemListElement\":[{\"@type\":\"ListItem\",\"position\":1,\"name\":\"Home\",\"item\":\"https:\/\/www.fiscalia.gov.co\/colombia\/\"},{\"@type\":\"ListItem\",\"position\":2,\"name\":\"Alianza interinstitucional contra el hurto en establecimientos comerciales\"}]},{\"@type\":\"WebSite\",\"@id\":\"https:\/\/www.fiscalia.gov.co\/colombia\/#website\",\"url\":\"https:\/\/www.fiscalia.gov.co\/colombia\/\",\"name\":\"Fiscal\u00eda General de la Naci\u00f3n\",\"description\":\"P\u00e1gina oficial de la Fiscal\u00eda General de la Naci\u00f3n \u2013 Colombia. Garantizamos el acceso efectivo a la justicia, la verdad y la reparaci\u00f3n de las v\u00edctimas de los delitos.\",\"publisher\":{\"@id\":\"https:\/\/www.fiscalia.gov.co\/colombia\/#organization\"},\"potentialAction\":[{\"@type\":\"SearchAction\",\"target\":{\"@type\":\"EntryPoint\",\"urlTemplate\":\"https:\/\/www.fiscalia.gov.co\/colombia\/?s={search_term_string}\"},\"query-input\":{\"@type\":\"PropertyValueSpecification\",\"valueRequired\":true,\"valueName\":\"search_term_string\"}}],\"inLanguage\":\"es-CO\"},{\"@type\":\"Organization\",\"@id\":\"https:\/\/www.fiscalia.gov.co\/colombia\/#organization\",\"name\":\"Fiscal\u00eda General de la Naci\u00f3n\",\"url\":\"https:\/\/www.fiscalia.gov.co\/colombia\/\",\"logo\":{\"@type\":\"ImageObject\",\"inLanguage\":\"es-CO\",\"@id\":\"https:\/\/www.fiscalia.gov.co\/colombia\/#\/schema\/logo\/image\/\",\"url\":\"https:\/\/www.fiscalia.gov.co\/colombia\/wp-content\/uploads\/LogoHorizontal_1.jpg\",\"contentUrl\":\"https:\/\/www.fiscalia.gov.co\/colombia\/wp-content\/uploads\/LogoHorizontal_1.jpg\",\"width\":300,\"height\":90,\"caption\":\"Fiscal\u00eda General de la Naci\u00f3n\"},\"image\":{\"@id\":\"https:\/\/www.fiscalia.gov.co\/colombia\/#\/schema\/logo\/image\/\"},\"sameAs\":[\"https:\/\/www.facebook.com\/FiscaliaCol\",\"https:\/\/x.com\/FiscaliaCol\",\"https:\/\/www.instagram.com\/fiscaliacol\",\"https:\/\/www.linkedin.com\/company\/fiscalia-general-de-la-naci-n\/\",\"https:\/\/youtube.com\/@fiscaliageneraldelanacion-4668?si=6nN79nyQICPU5iTh\"]},{\"@type\":\"Person\",\"@id\":\"https:\/\/www.fiscalia.gov.co\/colombia\/#\/schema\/person\/bf28d8ae7f1b287bbe3af484b04f43ea\",\"name\":\"Direcci\u00f3n de Comunicaciones Fiscal\u00eda General de la Naci\u00f3n\",\"image\":{\"@type\":\"ImageObject\",\"inLanguage\":\"es-CO\",\"@id\":\"https:\/\/www.fiscalia.gov.co\/colombia\/#\/schema\/person\/image\/\",\"url\":\"https:\/\/secure.gravatar.com\/avatar\/9d55ae161d32da16dbdd0b380c080a5f?s=96&d=mm&r=g\",\"contentUrl\":\"https:\/\/secure.gravatar.com\/avatar\/9d55ae161d32da16dbdd0b380c080a5f?s=96&d=mm&r=g\",\"caption\":\"Direcci\u00f3n de Comunicaciones Fiscal\u00eda General de la Naci\u00f3n\"},\"url\":\"https:\/\/www.fiscalia.gov.co\/colombia\/author\/kbonilla\/\"}]}<\/script>\n<!-- \/ Yoast SEO plugin. -->","yoast_head_json":{"title":"Fiscal\u00eda General de la Naci\u00f3n","description":"P\u00e1gina oficial de la Fiscal\u00eda General de la Naci\u00f3n \u2013 Colombia. Garantizamos el acceso efectivo a la justicia, la verdad y la reparaci\u00f3n de las v\u00edctimas de los delitos.","robots":{"index":"noindex","follow":"follow"},"og_locale":"es_ES","og_type":"article","og_title":"Fiscal\u00eda General de la Naci\u00f3n","og_description":"P\u00e1gina oficial de la Fiscal\u00eda General de la Naci\u00f3n \u2013 Colombia. Garantizamos el acceso efectivo a la justicia, la verdad y la reparaci\u00f3n de las v\u00edctimas de los delitos.","og_url":"https:\/\/www.fiscalia.gov.co\/colombia\/seccionales\/alianza-interinstitucional-contra-el-hurto-en-establecimientos-comerciales\/","og_site_name":"Fiscal\u00eda General de la Naci\u00f3n","article_publisher":"https:\/\/www.facebook.com\/FiscaliaCol","article_published_time":"2018-09-28T16:04:10+00:00","author":"Direcci\u00f3n de Comunicaciones Fiscal\u00eda General de la Naci\u00f3n","twitter_card":"summary_large_image","twitter_creator":"@FiscaliaCol","twitter_site":"@FiscaliaCol","twitter_misc":{"Escrito por":"Direcci\u00f3n de Comunicaciones Fiscal\u00eda General de la Naci\u00f3n","Tiempo de lectura":"3 minutos"},"schema":{"@context":"https:\/\/schema.org","@graph":[{"@type":"Article","@id":"https:\/\/www.fiscalia.gov.co\/colombia\/seccionales\/alianza-interinstitucional-contra-el-hurto-en-establecimientos-comerciales\/#article","isPartOf":{"@id":"https:\/\/www.fiscalia.gov.co\/colombia\/seccionales\/alianza-interinstitucional-contra-el-hurto-en-establecimientos-comerciales\/"},"author":{"name":"Direcci\u00f3n de Comunicaciones Fiscal\u00eda General de la Naci\u00f3n","@id":"https:\/\/www.fiscalia.gov.co\/colombia\/#\/schema\/person\/bf28d8ae7f1b287bbe3af484b04f43ea"},"headline":"Alianza interinstitucional contra el hurto en establecimientos comerciales","datePublished":"2018-09-28T16:04:10+00:00","dateModified":"2018-09-28T16:04:10+00:00","mainEntityOfPage":{"@id":"https:\/\/www.fiscalia.gov.co\/colombia\/seccionales\/alianza-interinstitucional-contra-el-hurto-en-establecimientos-comerciales\/"},"wordCount":636,"publisher":{"@id":"https:\/\/www.fiscalia.gov.co\/colombia\/#organization"},"articleSection":["Seccional Bogot\u00e1","Seccionales","Seguridad territorial"],"inLanguage":"es-CO"},{"@type":"WebPage","@id":"https:\/\/www.fiscalia.gov.co\/colombia\/seccionales\/alianza-interinstitucional-contra-el-hurto-en-establecimientos-comerciales\/","url":"https:\/\/www.fiscalia.gov.co\/colombia\/seccionales\/alianza-interinstitucional-contra-el-hurto-en-establecimientos-comerciales\/","name":"Fiscal\u00eda General de la Naci\u00f3n","isPartOf":{"@id":"https:\/\/www.fiscalia.gov.co\/colombia\/#website"},"datePublished":"2018-09-28T16:04:10+00:00","dateModified":"2018-09-28T16:04:10+00:00","description":"P\u00e1gina oficial de la Fiscal\u00eda General de la Naci\u00f3n \u2013 Colombia. Garantizamos el acceso efectivo a la justicia, la verdad y la reparaci\u00f3n de las v\u00edctimas de los delitos.","breadcrumb":{"@id":"https:\/\/www.fiscalia.gov.co\/colombia\/seccionales\/alianza-interinstitucional-contra-el-hurto-en-establecimientos-comerciales\/#breadcrumb"},"inLanguage":"es-CO","potentialAction":[{"@type":"ReadAction","target":["https:\/\/www.fiscalia.gov.co\/colombia\/seccionales\/alianza-interinstitucional-contra-el-hurto-en-establecimientos-comerciales\/"]}]},{"@type":"BreadcrumbList","@id":"https:\/\/www.fiscalia.gov.co\/colombia\/seccionales\/alianza-interinstitucional-contra-el-hurto-en-establecimientos-comerciales\/#breadcrumb","itemListElement":[{"@type":"ListItem","position":1,"name":"Home","item":"https:\/\/www.fiscalia.gov.co\/colombia\/"},{"@type":"ListItem","position":2,"name":"Alianza interinstitucional contra el hurto en establecimientos comerciales"}]},{"@type":"WebSite","@id":"https:\/\/www.fiscalia.gov.co\/colombia\/#website","url":"https:\/\/www.fiscalia.gov.co\/colombia\/","name":"Fiscal\u00eda General de la Naci\u00f3n","description":"P\u00e1gina oficial de la Fiscal\u00eda General de la Naci\u00f3n \u2013 Colombia. Garantizamos el acceso efectivo a la justicia, la verdad y la reparaci\u00f3n de las v\u00edctimas de los delitos.","publisher":{"@id":"https:\/\/www.fiscalia.gov.co\/colombia\/#organization"},"potentialAction":[{"@type":"SearchAction","target":{"@type":"EntryPoint","urlTemplate":"https:\/\/www.fiscalia.gov.co\/colombia\/?s={search_term_string}"},"query-input":{"@type":"PropertyValueSpecification","valueRequired":true,"valueName":"search_term_string"}}],"inLanguage":"es-CO"},{"@type":"Organization","@id":"https:\/\/www.fiscalia.gov.co\/colombia\/#organization","name":"Fiscal\u00eda General de la Naci\u00f3n","url":"https:\/\/www.fiscalia.gov.co\/colombia\/","logo":{"@type":"ImageObject","inLanguage":"es-CO","@id":"https:\/\/www.fiscalia.gov.co\/colombia\/#\/schema\/logo\/image\/","url":"https:\/\/www.fiscalia.gov.co\/colombia\/wp-content\/uploads\/LogoHorizontal_1.jpg","contentUrl":"https:\/\/www.fiscalia.gov.co\/colombia\/wp-content\/uploads\/LogoHorizontal_1.jpg","width":300,"height":90,"caption":"Fiscal\u00eda General de la Naci\u00f3n"},"image":{"@id":"https:\/\/www.fiscalia.gov.co\/colombia\/#\/schema\/logo\/image\/"},"sameAs":["https:\/\/www.facebook.com\/FiscaliaCol","https:\/\/x.com\/FiscaliaCol","https:\/\/www.instagram.com\/fiscaliacol","https:\/\/www.linkedin.com\/company\/fiscalia-general-de-la-naci-n\/","https:\/\/youtube.com\/@fiscaliageneraldelanacion-4668?si=6nN79nyQICPU5iTh"]},{"@type":"Person","@id":"https:\/\/www.fiscalia.gov.co\/colombia\/#\/schema\/person\/bf28d8ae7f1b287bbe3af484b04f43ea","name":"Direcci\u00f3n de Comunicaciones Fiscal\u00eda General de la Naci\u00f3n","image":{"@type":"ImageObject","inLanguage":"es-CO","@id":"https:\/\/www.fiscalia.gov.co\/colombia\/#\/schema\/person\/image\/","url":"https:\/\/secure.gravatar.com\/avatar\/9d55ae161d32da16dbdd0b380c080a5f?s=96&d=mm&r=g","contentUrl":"https:\/\/secure.gravatar.com\/avatar\/9d55ae161d32da16dbdd0b380c080a5f?s=96&d=mm&r=g","caption":"Direcci\u00f3n de Comunicaciones Fiscal\u00eda General de la Naci\u00f3n"},"url":"https:\/\/www.fiscalia.gov.co\/colombia\/author\/kbonilla\/"}]}},"_links":{"self":[{"href":"https:\/\/www.fiscalia.gov.co\/colombia\/wp-json\/wp\/v2\/posts\/169612","targetHints":{"allow":["GET"]}}],"collection":[{"href":"https:\/\/www.fiscalia.gov.co\/colombia\/wp-json\/wp\/v2\/posts"}],"about":[{"href":"https:\/\/www.fiscalia.gov.co\/colombia\/wp-json\/wp\/v2\/types\/post"}],"author":[{"embeddable":true,"href":"https:\/\/www.fiscalia.gov.co\/colombia\/wp-json\/wp\/v2\/users\/162"}],"replies":[{"embeddable":true,"href":"https:\/\/www.fiscalia.gov.co\/colombia\/wp-json\/wp\/v2\/comments?post=169612"}],"version-history":[{"count":1,"href":"https:\/\/www.fiscalia.gov.co\/colombia\/wp-json\/wp\/v2\/posts\/169612\/revisions"}],"predecessor-version":[{"id":169613,"href":"https:\/\/www.fiscalia.gov.co\/colombia\/wp-json\/wp\/v2\/posts\/169612\/revisions\/169613"}],"wp:attachment":[{"href":"https:\/\/www.fiscalia.gov.co\/colombia\/wp-json\/wp\/v2\/media?parent=169612"}],"wp:term":[{"taxonomy":"category","embeddable":true,"href":"https:\/\/www.fiscalia.gov.co\/colombia\/wp-json\/wp\/v2\/categories?post=169612"},{"taxonomy":"post_tag","embeddable":true,"href":"https:\/\/www.fiscalia.gov.co\/colombia\/wp-json\/wp\/v2\/tags?post=169612"}],"curies":[{"name":"wp","href":"https:\/\/api.w.org\/{rel}","templated":true}]}}