{"id":168643,"date":"2018-09-13T11:07:44","date_gmt":"2018-09-13T16:07:44","guid":{"rendered":"https:\/\/www.fiscalia.gov.co\/colombia\/?p=168643"},"modified":"2018-09-13T11:07:44","modified_gmt":"2018-09-13T16:07:44","slug":"jefe-de-sicarios-del-clan-del-golfo-acepto-cargos-por-homicidio-de-lider-comunitario-de-cordoba-y-uraba","status":"publish","type":"post","link":"https:\/\/www.fiscalia.gov.co\/colombia\/seccionales\/jefe-de-sicarios-del-clan-del-golfo-acepto-cargos-por-homicidio-de-lider-comunitario-de-cordoba-y-uraba\/","title":{"rendered":"Jefe de sicarios del Clan del Golfo acept\u00f3 cargos por homicidio de l\u00edder comunitario de C\u00f3rdoba y Urab\u00e1"},"content":{"rendered":"<p><em><u>Otro presunto miembro de la organizaci\u00f3n fue notificado de una orden de captura en su contra,\u00a0en la c\u00e1rcel donde se encuentra recluido.<\/u><\/em><\/p>\n<p>Ante la contundencia del material probatorio recopilado por la Fiscal\u00eda General de la Naci\u00f3n en la investigaci\u00f3n que adelanta por el homicidio de Jos\u00e9 Yilmer Cartagena \u00dasuga, l\u00edder campesino y defensor de derechos humanos en la zona lim\u00edtrofe de los departamentos de Antioquia y C\u00f3rdoba,\u00a0se allan\u00f3 a cargos Adri\u00e1n Manco Higuita,\u00a0\u00a0alias Camilo o Manco, presunto jefe de sicarios del Clan del Golfo en la zona de Urab\u00e1.<\/p>\n<p>En consecuencia, el procesado de 35 a\u00f1os de edad, ser\u00e1 condenado el pr\u00f3ximo 30 de octubre por el Juzgado Cuarto Penal del Circuito Especializado de Antioquia por los delitos de homicidio agravado, tortura agravada, secuestro simple y hurto calificado y agravado.<\/p>\n<p>El 11 de enero de 2017, las autoridades hallaron el cuerpo de la v\u00edctima en un potrero del municipio de Carepa (Antioquia), con signos de tortura y numerosas heridas por arma blanca en el cuello y la cabeza. En la escena del crimen tambi\u00e9n fue recuperado un cuchillo.<\/p>\n<p>De acuerdo con la denuncia formulada por los familiares, un d\u00eda antes del hallazgo del cad\u00e1ver, Cartagena \u00dasuga, miembro de la Asociaci\u00f3n Campesina para el Desarrollo del Alto Sin\u00fa (Asodecas), fue bajado de un veh\u00edculo de servicio p\u00fablico\u00a0por varios hombres armados cuando se movilizaba por la vereda Piedras Blancas de citada poblaci\u00f3n de Urab\u00e1.<\/p>\n<p>Los investigadores establecieron que el homicidio fue ordenado por el Clan\u00a0del Golfo y que le hurtaron un computador y otras pertenencias para desviar la investigaci\u00f3n y hacer parecer como una muerte producto de un hurto.<\/p>\n<p>Alias Manco o Camilo tiene otras dos sentencias condenatorias, una por el delito de concierto para delinquir agravado y otra de 18 a\u00f1os de prisi\u00f3n por el homicidio del labriego Yeison Dub\u00e1n Carvajal Casta\u00f1o, de 26 a\u00f1os de edad, perpetrado el 19 de enero de 2017 en la zona bananera de Antioquia.<\/p>\n<p>Por el crimen\u00a0de Cartagena \u00dasuga, en las\u00a0\u00a0en las \u00faltimas horas fue notificado de una orden de captura en su contra Wilmar Rodr\u00edguez S\u00e1nchez, alias Cristian, presunto sicario de la mencionada estructura criminal y quien se encuentra preso en un establecimiento carcelario\u00a0 del municipio antioque\u00f1o\u00a0de Apartad\u00f3, por el delito de\u00a0porte ilegal de armas de fuego de defensa personal.<\/p>\n<p>LFML\/DLBM<\/p>\n<p>&nbsp;<\/p>\n\n<div class=\"twitter-share\"><a href=\"https:\/\/twitter.com\/intent\/tweet?via=fiscaliacol\" class=\"twitter-share-button\">Tweet<\/a><\/div>\n","protected":false},"excerpt":{"rendered":"<p>Otro presunto miembro de la organizaci\u00f3n fue notificado de una orden de captura en su contra,\u00a0en la c\u00e1rcel donde se encuentra recluido. Ante la contundencia del material probatorio recopilado por la Fiscal\u00eda General de la Naci\u00f3n en la investigaci\u00f3n que adelanta por el homicidio de Jos\u00e9 Yilmer Cartagena \u00dasuga, l\u00edder campesino y defensor de derechos [&hellip;]<\/p>\n","protected":false},"author":162,"featured_media":0,"comment_status":"closed","ping_status":"open","sticky":false,"template":"","format":"standard","meta":{"tdm_status":"","tdm_grid_status":"","footnotes":""},"categories":[24098,331,303],"tags":[],"class_list":{"0":"post-168643","1":"post","2":"type-post","3":"status-publish","4":"format-standard","6":"category-crimen-organizado","7":"category-seccional-medellin","8":"category-seccionales"},"yoast_head":"<!-- This site is optimized with the Yoast SEO plugin v24.3 - https:\/\/yoast.com\/wordpress\/plugins\/seo\/ -->\n<title>Fiscal\u00eda General de la Naci\u00f3n<\/title>\n<meta name=\"description\" content=\"P\u00e1gina oficial de la Fiscal\u00eda General de la Naci\u00f3n \u2013 Colombia. Garantizamos el acceso efectivo a la justicia, la verdad y la reparaci\u00f3n de las v\u00edctimas de los delitos.\" \/>\n<meta name=\"robots\" content=\"noindex, follow\" \/>\n<meta property=\"og:locale\" content=\"es_ES\" \/>\n<meta property=\"og:type\" content=\"article\" \/>\n<meta property=\"og:title\" content=\"Fiscal\u00eda General de la Naci\u00f3n\" \/>\n<meta property=\"og:description\" content=\"P\u00e1gina oficial de la Fiscal\u00eda General de la Naci\u00f3n \u2013 Colombia. Garantizamos el acceso efectivo a la justicia, la verdad y la reparaci\u00f3n de las v\u00edctimas de los delitos.\" \/>\n<meta property=\"og:url\" content=\"https:\/\/www.fiscalia.gov.co\/colombia\/seccionales\/jefe-de-sicarios-del-clan-del-golfo-acepto-cargos-por-homicidio-de-lider-comunitario-de-cordoba-y-uraba\/\" \/>\n<meta property=\"og:site_name\" content=\"Fiscal\u00eda General de la Naci\u00f3n\" \/>\n<meta property=\"article:publisher\" content=\"https:\/\/www.facebook.com\/FiscaliaCol\" \/>\n<meta property=\"article:published_time\" content=\"2018-09-13T16:07:44+00:00\" \/>\n<meta name=\"author\" content=\"Direcci\u00f3n de Comunicaciones Fiscal\u00eda General de la Naci\u00f3n\" \/>\n<meta name=\"twitter:card\" content=\"summary_large_image\" \/>\n<meta name=\"twitter:creator\" content=\"@FiscaliaCol\" \/>\n<meta name=\"twitter:site\" content=\"@FiscaliaCol\" \/>\n<meta name=\"twitter:label1\" content=\"Escrito por\" \/>\n\t<meta name=\"twitter:data1\" content=\"Direcci\u00f3n de Comunicaciones Fiscal\u00eda General de la Naci\u00f3n\" \/>\n\t<meta name=\"twitter:label2\" content=\"Tiempo de lectura\" \/>\n\t<meta name=\"twitter:data2\" content=\"2 minutos\" \/>\n<script type=\"application\/ld+json\" class=\"yoast-schema-graph\">{\"@context\":\"https:\/\/schema.org\",\"@graph\":[{\"@type\":\"Article\",\"@id\":\"https:\/\/www.fiscalia.gov.co\/colombia\/seccionales\/jefe-de-sicarios-del-clan-del-golfo-acepto-cargos-por-homicidio-de-lider-comunitario-de-cordoba-y-uraba\/#article\",\"isPartOf\":{\"@id\":\"https:\/\/www.fiscalia.gov.co\/colombia\/seccionales\/jefe-de-sicarios-del-clan-del-golfo-acepto-cargos-por-homicidio-de-lider-comunitario-de-cordoba-y-uraba\/\"},\"author\":{\"name\":\"Direcci\u00f3n de Comunicaciones Fiscal\u00eda General de la Naci\u00f3n\",\"@id\":\"https:\/\/www.fiscalia.gov.co\/colombia\/#\/schema\/person\/bf28d8ae7f1b287bbe3af484b04f43ea\"},\"headline\":\"Jefe de sicarios del Clan del Golfo acept\u00f3 cargos por homicidio de l\u00edder comunitario de C\u00f3rdoba y Urab\u00e1\",\"datePublished\":\"2018-09-13T16:07:44+00:00\",\"dateModified\":\"2018-09-13T16:07:44+00:00\",\"mainEntityOfPage\":{\"@id\":\"https:\/\/www.fiscalia.gov.co\/colombia\/seccionales\/jefe-de-sicarios-del-clan-del-golfo-acepto-cargos-por-homicidio-de-lider-comunitario-de-cordoba-y-uraba\/\"},\"wordCount\":428,\"publisher\":{\"@id\":\"https:\/\/www.fiscalia.gov.co\/colombia\/#organization\"},\"articleSection\":[\"Crimen organizado\",\"Seccional Medell\u00edn\",\"Seccionales\"],\"inLanguage\":\"es-CO\"},{\"@type\":\"WebPage\",\"@id\":\"https:\/\/www.fiscalia.gov.co\/colombia\/seccionales\/jefe-de-sicarios-del-clan-del-golfo-acepto-cargos-por-homicidio-de-lider-comunitario-de-cordoba-y-uraba\/\",\"url\":\"https:\/\/www.fiscalia.gov.co\/colombia\/seccionales\/jefe-de-sicarios-del-clan-del-golfo-acepto-cargos-por-homicidio-de-lider-comunitario-de-cordoba-y-uraba\/\",\"name\":\"Fiscal\u00eda General de la Naci\u00f3n\",\"isPartOf\":{\"@id\":\"https:\/\/www.fiscalia.gov.co\/colombia\/#website\"},\"datePublished\":\"2018-09-13T16:07:44+00:00\",\"dateModified\":\"2018-09-13T16:07:44+00:00\",\"description\":\"P\u00e1gina oficial de la Fiscal\u00eda General de la Naci\u00f3n \u2013 Colombia. Garantizamos el acceso efectivo a la justicia, la verdad y la reparaci\u00f3n de las v\u00edctimas de los delitos.\",\"breadcrumb\":{\"@id\":\"https:\/\/www.fiscalia.gov.co\/colombia\/seccionales\/jefe-de-sicarios-del-clan-del-golfo-acepto-cargos-por-homicidio-de-lider-comunitario-de-cordoba-y-uraba\/#breadcrumb\"},\"inLanguage\":\"es-CO\",\"potentialAction\":[{\"@type\":\"ReadAction\",\"target\":[\"https:\/\/www.fiscalia.gov.co\/colombia\/seccionales\/jefe-de-sicarios-del-clan-del-golfo-acepto-cargos-por-homicidio-de-lider-comunitario-de-cordoba-y-uraba\/\"]}]},{\"@type\":\"BreadcrumbList\",\"@id\":\"https:\/\/www.fiscalia.gov.co\/colombia\/seccionales\/jefe-de-sicarios-del-clan-del-golfo-acepto-cargos-por-homicidio-de-lider-comunitario-de-cordoba-y-uraba\/#breadcrumb\",\"itemListElement\":[{\"@type\":\"ListItem\",\"position\":1,\"name\":\"Home\",\"item\":\"https:\/\/www.fiscalia.gov.co\/colombia\/\"},{\"@type\":\"ListItem\",\"position\":2,\"name\":\"Jefe de sicarios del Clan del Golfo acept\u00f3 cargos por homicidio de l\u00edder comunitario de C\u00f3rdoba y Urab\u00e1\"}]},{\"@type\":\"WebSite\",\"@id\":\"https:\/\/www.fiscalia.gov.co\/colombia\/#website\",\"url\":\"https:\/\/www.fiscalia.gov.co\/colombia\/\",\"name\":\"Fiscal\u00eda General de la Naci\u00f3n\",\"description\":\"P\u00e1gina oficial de la Fiscal\u00eda General de la Naci\u00f3n \u2013 Colombia. Garantizamos el acceso efectivo a la justicia, la verdad y la reparaci\u00f3n de las v\u00edctimas de los delitos.\",\"publisher\":{\"@id\":\"https:\/\/www.fiscalia.gov.co\/colombia\/#organization\"},\"potentialAction\":[{\"@type\":\"SearchAction\",\"target\":{\"@type\":\"EntryPoint\",\"urlTemplate\":\"https:\/\/www.fiscalia.gov.co\/colombia\/?s={search_term_string}\"},\"query-input\":{\"@type\":\"PropertyValueSpecification\",\"valueRequired\":true,\"valueName\":\"search_term_string\"}}],\"inLanguage\":\"es-CO\"},{\"@type\":\"Organization\",\"@id\":\"https:\/\/www.fiscalia.gov.co\/colombia\/#organization\",\"name\":\"Fiscal\u00eda General de la Naci\u00f3n\",\"url\":\"https:\/\/www.fiscalia.gov.co\/colombia\/\",\"logo\":{\"@type\":\"ImageObject\",\"inLanguage\":\"es-CO\",\"@id\":\"https:\/\/www.fiscalia.gov.co\/colombia\/#\/schema\/logo\/image\/\",\"url\":\"https:\/\/www.fiscalia.gov.co\/colombia\/wp-content\/uploads\/LogoHorizontal_1.jpg\",\"contentUrl\":\"https:\/\/www.fiscalia.gov.co\/colombia\/wp-content\/uploads\/LogoHorizontal_1.jpg\",\"width\":300,\"height\":90,\"caption\":\"Fiscal\u00eda General de la Naci\u00f3n\"},\"image\":{\"@id\":\"https:\/\/www.fiscalia.gov.co\/colombia\/#\/schema\/logo\/image\/\"},\"sameAs\":[\"https:\/\/www.facebook.com\/FiscaliaCol\",\"https:\/\/x.com\/FiscaliaCol\",\"https:\/\/www.instagram.com\/fiscaliacol\",\"https:\/\/www.linkedin.com\/company\/fiscalia-general-de-la-naci-n\/\",\"https:\/\/youtube.com\/@fiscaliageneraldelanacion-4668?si=6nN79nyQICPU5iTh\"]},{\"@type\":\"Person\",\"@id\":\"https:\/\/www.fiscalia.gov.co\/colombia\/#\/schema\/person\/bf28d8ae7f1b287bbe3af484b04f43ea\",\"name\":\"Direcci\u00f3n de Comunicaciones Fiscal\u00eda General de la Naci\u00f3n\",\"image\":{\"@type\":\"ImageObject\",\"inLanguage\":\"es-CO\",\"@id\":\"https:\/\/www.fiscalia.gov.co\/colombia\/#\/schema\/person\/image\/\",\"url\":\"https:\/\/secure.gravatar.com\/avatar\/9d55ae161d32da16dbdd0b380c080a5f?s=96&d=mm&r=g\",\"contentUrl\":\"https:\/\/secure.gravatar.com\/avatar\/9d55ae161d32da16dbdd0b380c080a5f?s=96&d=mm&r=g\",\"caption\":\"Direcci\u00f3n de Comunicaciones Fiscal\u00eda General de la Naci\u00f3n\"},\"url\":\"https:\/\/www.fiscalia.gov.co\/colombia\/author\/kbonilla\/\"}]}<\/script>\n<!-- \/ Yoast SEO plugin. -->","yoast_head_json":{"title":"Fiscal\u00eda General de la Naci\u00f3n","description":"P\u00e1gina oficial de la Fiscal\u00eda General de la Naci\u00f3n \u2013 Colombia. Garantizamos el acceso efectivo a la justicia, la verdad y la reparaci\u00f3n de las v\u00edctimas de los delitos.","robots":{"index":"noindex","follow":"follow"},"og_locale":"es_ES","og_type":"article","og_title":"Fiscal\u00eda General de la Naci\u00f3n","og_description":"P\u00e1gina oficial de la Fiscal\u00eda General de la Naci\u00f3n \u2013 Colombia. Garantizamos el acceso efectivo a la justicia, la verdad y la reparaci\u00f3n de las v\u00edctimas de los delitos.","og_url":"https:\/\/www.fiscalia.gov.co\/colombia\/seccionales\/jefe-de-sicarios-del-clan-del-golfo-acepto-cargos-por-homicidio-de-lider-comunitario-de-cordoba-y-uraba\/","og_site_name":"Fiscal\u00eda General de la Naci\u00f3n","article_publisher":"https:\/\/www.facebook.com\/FiscaliaCol","article_published_time":"2018-09-13T16:07:44+00:00","author":"Direcci\u00f3n de Comunicaciones Fiscal\u00eda General de la Naci\u00f3n","twitter_card":"summary_large_image","twitter_creator":"@FiscaliaCol","twitter_site":"@FiscaliaCol","twitter_misc":{"Escrito por":"Direcci\u00f3n de Comunicaciones Fiscal\u00eda General de la Naci\u00f3n","Tiempo de lectura":"2 minutos"},"schema":{"@context":"https:\/\/schema.org","@graph":[{"@type":"Article","@id":"https:\/\/www.fiscalia.gov.co\/colombia\/seccionales\/jefe-de-sicarios-del-clan-del-golfo-acepto-cargos-por-homicidio-de-lider-comunitario-de-cordoba-y-uraba\/#article","isPartOf":{"@id":"https:\/\/www.fiscalia.gov.co\/colombia\/seccionales\/jefe-de-sicarios-del-clan-del-golfo-acepto-cargos-por-homicidio-de-lider-comunitario-de-cordoba-y-uraba\/"},"author":{"name":"Direcci\u00f3n de Comunicaciones Fiscal\u00eda General de la Naci\u00f3n","@id":"https:\/\/www.fiscalia.gov.co\/colombia\/#\/schema\/person\/bf28d8ae7f1b287bbe3af484b04f43ea"},"headline":"Jefe de sicarios del Clan del Golfo acept\u00f3 cargos por homicidio de l\u00edder comunitario de C\u00f3rdoba y Urab\u00e1","datePublished":"2018-09-13T16:07:44+00:00","dateModified":"2018-09-13T16:07:44+00:00","mainEntityOfPage":{"@id":"https:\/\/www.fiscalia.gov.co\/colombia\/seccionales\/jefe-de-sicarios-del-clan-del-golfo-acepto-cargos-por-homicidio-de-lider-comunitario-de-cordoba-y-uraba\/"},"wordCount":428,"publisher":{"@id":"https:\/\/www.fiscalia.gov.co\/colombia\/#organization"},"articleSection":["Crimen organizado","Seccional Medell\u00edn","Seccionales"],"inLanguage":"es-CO"},{"@type":"WebPage","@id":"https:\/\/www.fiscalia.gov.co\/colombia\/seccionales\/jefe-de-sicarios-del-clan-del-golfo-acepto-cargos-por-homicidio-de-lider-comunitario-de-cordoba-y-uraba\/","url":"https:\/\/www.fiscalia.gov.co\/colombia\/seccionales\/jefe-de-sicarios-del-clan-del-golfo-acepto-cargos-por-homicidio-de-lider-comunitario-de-cordoba-y-uraba\/","name":"Fiscal\u00eda General de la Naci\u00f3n","isPartOf":{"@id":"https:\/\/www.fiscalia.gov.co\/colombia\/#website"},"datePublished":"2018-09-13T16:07:44+00:00","dateModified":"2018-09-13T16:07:44+00:00","description":"P\u00e1gina oficial de la Fiscal\u00eda General de la Naci\u00f3n \u2013 Colombia. Garantizamos el acceso efectivo a la justicia, la verdad y la reparaci\u00f3n de las v\u00edctimas de los delitos.","breadcrumb":{"@id":"https:\/\/www.fiscalia.gov.co\/colombia\/seccionales\/jefe-de-sicarios-del-clan-del-golfo-acepto-cargos-por-homicidio-de-lider-comunitario-de-cordoba-y-uraba\/#breadcrumb"},"inLanguage":"es-CO","potentialAction":[{"@type":"ReadAction","target":["https:\/\/www.fiscalia.gov.co\/colombia\/seccionales\/jefe-de-sicarios-del-clan-del-golfo-acepto-cargos-por-homicidio-de-lider-comunitario-de-cordoba-y-uraba\/"]}]},{"@type":"BreadcrumbList","@id":"https:\/\/www.fiscalia.gov.co\/colombia\/seccionales\/jefe-de-sicarios-del-clan-del-golfo-acepto-cargos-por-homicidio-de-lider-comunitario-de-cordoba-y-uraba\/#breadcrumb","itemListElement":[{"@type":"ListItem","position":1,"name":"Home","item":"https:\/\/www.fiscalia.gov.co\/colombia\/"},{"@type":"ListItem","position":2,"name":"Jefe de sicarios del Clan del Golfo acept\u00f3 cargos por homicidio de l\u00edder comunitario de C\u00f3rdoba y Urab\u00e1"}]},{"@type":"WebSite","@id":"https:\/\/www.fiscalia.gov.co\/colombia\/#website","url":"https:\/\/www.fiscalia.gov.co\/colombia\/","name":"Fiscal\u00eda General de la Naci\u00f3n","description":"P\u00e1gina oficial de la Fiscal\u00eda General de la Naci\u00f3n \u2013 Colombia. Garantizamos el acceso efectivo a la justicia, la verdad y la reparaci\u00f3n de las v\u00edctimas de los delitos.","publisher":{"@id":"https:\/\/www.fiscalia.gov.co\/colombia\/#organization"},"potentialAction":[{"@type":"SearchAction","target":{"@type":"EntryPoint","urlTemplate":"https:\/\/www.fiscalia.gov.co\/colombia\/?s={search_term_string}"},"query-input":{"@type":"PropertyValueSpecification","valueRequired":true,"valueName":"search_term_string"}}],"inLanguage":"es-CO"},{"@type":"Organization","@id":"https:\/\/www.fiscalia.gov.co\/colombia\/#organization","name":"Fiscal\u00eda General de la Naci\u00f3n","url":"https:\/\/www.fiscalia.gov.co\/colombia\/","logo":{"@type":"ImageObject","inLanguage":"es-CO","@id":"https:\/\/www.fiscalia.gov.co\/colombia\/#\/schema\/logo\/image\/","url":"https:\/\/www.fiscalia.gov.co\/colombia\/wp-content\/uploads\/LogoHorizontal_1.jpg","contentUrl":"https:\/\/www.fiscalia.gov.co\/colombia\/wp-content\/uploads\/LogoHorizontal_1.jpg","width":300,"height":90,"caption":"Fiscal\u00eda General de la Naci\u00f3n"},"image":{"@id":"https:\/\/www.fiscalia.gov.co\/colombia\/#\/schema\/logo\/image\/"},"sameAs":["https:\/\/www.facebook.com\/FiscaliaCol","https:\/\/x.com\/FiscaliaCol","https:\/\/www.instagram.com\/fiscaliacol","https:\/\/www.linkedin.com\/company\/fiscalia-general-de-la-naci-n\/","https:\/\/youtube.com\/@fiscaliageneraldelanacion-4668?si=6nN79nyQICPU5iTh"]},{"@type":"Person","@id":"https:\/\/www.fiscalia.gov.co\/colombia\/#\/schema\/person\/bf28d8ae7f1b287bbe3af484b04f43ea","name":"Direcci\u00f3n de Comunicaciones Fiscal\u00eda General de la Naci\u00f3n","image":{"@type":"ImageObject","inLanguage":"es-CO","@id":"https:\/\/www.fiscalia.gov.co\/colombia\/#\/schema\/person\/image\/","url":"https:\/\/secure.gravatar.com\/avatar\/9d55ae161d32da16dbdd0b380c080a5f?s=96&d=mm&r=g","contentUrl":"https:\/\/secure.gravatar.com\/avatar\/9d55ae161d32da16dbdd0b380c080a5f?s=96&d=mm&r=g","caption":"Direcci\u00f3n de Comunicaciones Fiscal\u00eda General de la Naci\u00f3n"},"url":"https:\/\/www.fiscalia.gov.co\/colombia\/author\/kbonilla\/"}]}},"_links":{"self":[{"href":"https:\/\/www.fiscalia.gov.co\/colombia\/wp-json\/wp\/v2\/posts\/168643","targetHints":{"allow":["GET"]}}],"collection":[{"href":"https:\/\/www.fiscalia.gov.co\/colombia\/wp-json\/wp\/v2\/posts"}],"about":[{"href":"https:\/\/www.fiscalia.gov.co\/colombia\/wp-json\/wp\/v2\/types\/post"}],"author":[{"embeddable":true,"href":"https:\/\/www.fiscalia.gov.co\/colombia\/wp-json\/wp\/v2\/users\/162"}],"replies":[{"embeddable":true,"href":"https:\/\/www.fiscalia.gov.co\/colombia\/wp-json\/wp\/v2\/comments?post=168643"}],"version-history":[{"count":1,"href":"https:\/\/www.fiscalia.gov.co\/colombia\/wp-json\/wp\/v2\/posts\/168643\/revisions"}],"predecessor-version":[{"id":168644,"href":"https:\/\/www.fiscalia.gov.co\/colombia\/wp-json\/wp\/v2\/posts\/168643\/revisions\/168644"}],"wp:attachment":[{"href":"https:\/\/www.fiscalia.gov.co\/colombia\/wp-json\/wp\/v2\/media?parent=168643"}],"wp:term":[{"taxonomy":"category","embeddable":true,"href":"https:\/\/www.fiscalia.gov.co\/colombia\/wp-json\/wp\/v2\/categories?post=168643"},{"taxonomy":"post_tag","embeddable":true,"href":"https:\/\/www.fiscalia.gov.co\/colombia\/wp-json\/wp\/v2\/tags?post=168643"}],"curies":[{"name":"wp","href":"https:\/\/api.w.org\/{rel}","templated":true}]}}