{"id":168451,"date":"2018-09-10T17:38:47","date_gmt":"2018-09-10T22:38:47","guid":{"rendered":"https:\/\/www.fiscalia.gov.co\/colombia\/?p=168451"},"modified":"2018-09-10T17:38:47","modified_gmt":"2018-09-10T22:38:47","slug":"condenado-exalcalde-de-santa-rosa-de-cabal-y-un-exfuncionario-por-irregularidades-en-contratacion-de-alimentacion-para-policias-del-municipio","status":"publish","type":"post","link":"https:\/\/www.fiscalia.gov.co\/colombia\/seccionales\/condenado-exalcalde-de-santa-rosa-de-cabal-y-un-exfuncionario-por-irregularidades-en-contratacion-de-alimentacion-para-policias-del-municipio\/","title":{"rendered":"Condenado exalcalde de Santa Rosa de Cabal y un exfuncionario por irregularidades en contrataci\u00f3n de alimentaci\u00f3n para polic\u00edas del municipio"},"content":{"rendered":"<p>Al avalar el preacuerdo suscrito entre la Fiscal\u00eda y la defensa de los procesados, un juez de conocimiento de Pereira conden\u00f3 a Luis Alejandro Mart\u00ednez Tabares, exalcalde de Santa Rosa de Cabal (Risaralda); y a Carlos Alberto Ram\u00edrez Morales, exsecretario de Gobierno municipal, por irregularidades en la celebraci\u00f3n de dos contratos.<\/p>\n<p>Los exfuncionarios fueron sentenciados a penas entre tres y cuatro a\u00f1os de prisi\u00f3n (44 y 42 meses respectivamente) por su responsabilidad en los delitos de contrato sin cumplimiento de los requisitos legales, peculado por apropiaci\u00f3n y falsedad ideol\u00f3gica en documento p\u00fablico.<\/p>\n<p>En el curso del proceso, el fiscal de conocimiento demostr\u00f3 que en 2008, el entonces alcalde y su secretario de Gobierno suscribieron un contrato de prestaci\u00f3n de servicios para el suministro de alimentaci\u00f3n a integrantes de la Polic\u00eda Nacional con el propietario de un restaurante, Henry Arias Mej\u00eda, quien precisamente es el actual alcalde de Santa Rosa de Cabal (Risaralda).<\/p>\n<p>Las pruebas recopiladas evidenciaron que el contrato, cuyo valor ascend\u00eda a $23\u00b4526.000, se pag\u00f3 y jam\u00e1s fue ejecutado; adicionalmente, estuvo rodeado de varias ilegalidades como:<\/p>\n<ul>\n<li>Escogencia a dedo del contratista.<\/li>\n<li>Expedici\u00f3n de los certificados de registro presupuestal de ambos contratos un d\u00eda despu\u00e9s de la adjudicaci\u00f3n.<\/li>\n<li>Falta de argumentaci\u00f3n de la modalidad de selecci\u00f3n del contratista, de la finalidad del apoyo log\u00edstico y actividades a desarrollarse.<\/li>\n<li>Ausencia de soporte alguno que acredite la necesidad por parte de la Polic\u00eda Nacional.<\/li>\n<li>Carencia de soporte de la consulta de precios en el Sistema de Informaci\u00f3n para la Vigilancia de la Contrataci\u00f3n Estatal (SICE).<\/li>\n<li>Utilizaci\u00f3n de la figura de prestaci\u00f3n de servicios, que no aplica para la finalidad y los montos pactados en el contrato.<\/li>\n<\/ul>\n<p>Por estos mismos hechos, las audiencias preparatorias contra el actual alcalde municipal, Henry Arias Mejia, comenzar\u00e1n el pr\u00f3ximo 14 de septiembre.<\/p>\n<p>CRV\/JARG<\/p>\n\n<div class=\"twitter-share\"><a href=\"https:\/\/twitter.com\/intent\/tweet?via=fiscaliacol\" class=\"twitter-share-button\">Tweet<\/a><\/div>\n","protected":false},"excerpt":{"rendered":"<p>Al avalar el preacuerdo suscrito entre la Fiscal\u00eda y la defensa de los procesados, un juez de conocimiento de Pereira conden\u00f3 a Luis Alejandro Mart\u00ednez Tabares, exalcalde de Santa Rosa [&hellip;]<\/p>\n","protected":false},"author":162,"featured_media":0,"comment_status":"closed","ping_status":"open","sticky":false,"template":"","format":"standard","meta":{"tdm_status":"","tdm_grid_status":"","footnotes":""},"categories":[24107,335,303],"tags":[],"class_list":["post-168451","post","type-post","status-publish","format-standard","category-lucha-contra-corrupcion","category-seccional-pereira","category-seccionales"],"yoast_head":"<!-- This site is optimized with the Yoast SEO plugin v24.3 - https:\/\/yoast.com\/wordpress\/plugins\/seo\/ -->\n<title>Fiscal\u00eda General de la Naci\u00f3n<\/title>\n<meta name=\"description\" content=\"P\u00e1gina oficial de la Fiscal\u00eda General de la Naci\u00f3n \u2013 Colombia. Garantizamos el acceso efectivo a la justicia, la verdad y la reparaci\u00f3n de las v\u00edctimas de los delitos.\" \/>\n<meta name=\"robots\" content=\"noindex, follow\" \/>\n<meta property=\"og:locale\" content=\"es_ES\" \/>\n<meta property=\"og:type\" content=\"article\" \/>\n<meta property=\"og:title\" content=\"Fiscal\u00eda General de la Naci\u00f3n\" \/>\n<meta property=\"og:description\" content=\"P\u00e1gina oficial de la Fiscal\u00eda General de la Naci\u00f3n \u2013 Colombia. Garantizamos el acceso efectivo a la justicia, la verdad y la reparaci\u00f3n de las v\u00edctimas de los delitos.\" \/>\n<meta property=\"og:url\" content=\"https:\/\/www.fiscalia.gov.co\/colombia\/seccionales\/condenado-exalcalde-de-santa-rosa-de-cabal-y-un-exfuncionario-por-irregularidades-en-contratacion-de-alimentacion-para-policias-del-municipio\/\" \/>\n<meta property=\"og:site_name\" content=\"Fiscal\u00eda General de la Naci\u00f3n\" \/>\n<meta property=\"article:publisher\" content=\"https:\/\/www.facebook.com\/FiscaliaCol\" \/>\n<meta property=\"article:published_time\" content=\"2018-09-10T22:38:47+00:00\" \/>\n<meta name=\"author\" content=\"Direcci\u00f3n de Comunicaciones Fiscal\u00eda General de la Naci\u00f3n\" \/>\n<meta name=\"twitter:card\" content=\"summary_large_image\" \/>\n<meta name=\"twitter:creator\" content=\"@FiscaliaCol\" \/>\n<meta name=\"twitter:site\" content=\"@FiscaliaCol\" \/>\n<meta name=\"twitter:label1\" content=\"Escrito por\" \/>\n\t<meta name=\"twitter:data1\" content=\"Direcci\u00f3n de Comunicaciones Fiscal\u00eda General de la Naci\u00f3n\" \/>\n\t<meta name=\"twitter:label2\" content=\"Tiempo de lectura\" \/>\n\t<meta name=\"twitter:data2\" content=\"2 minutos\" \/>\n<script type=\"application\/ld+json\" class=\"yoast-schema-graph\">{\"@context\":\"https:\/\/schema.org\",\"@graph\":[{\"@type\":\"Article\",\"@id\":\"https:\/\/www.fiscalia.gov.co\/colombia\/seccionales\/condenado-exalcalde-de-santa-rosa-de-cabal-y-un-exfuncionario-por-irregularidades-en-contratacion-de-alimentacion-para-policias-del-municipio\/#article\",\"isPartOf\":{\"@id\":\"https:\/\/www.fiscalia.gov.co\/colombia\/seccionales\/condenado-exalcalde-de-santa-rosa-de-cabal-y-un-exfuncionario-por-irregularidades-en-contratacion-de-alimentacion-para-policias-del-municipio\/\"},\"author\":{\"name\":\"Direcci\u00f3n de Comunicaciones Fiscal\u00eda General de la Naci\u00f3n\",\"@id\":\"https:\/\/www.fiscalia.gov.co\/colombia\/#\/schema\/person\/bf28d8ae7f1b287bbe3af484b04f43ea\"},\"headline\":\"Condenado exalcalde de Santa Rosa de Cabal y un exfuncionario por irregularidades en contrataci\u00f3n de alimentaci\u00f3n para polic\u00edas del municipio\",\"datePublished\":\"2018-09-10T22:38:47+00:00\",\"dateModified\":\"2018-09-10T22:38:47+00:00\",\"mainEntityOfPage\":{\"@id\":\"https:\/\/www.fiscalia.gov.co\/colombia\/seccionales\/condenado-exalcalde-de-santa-rosa-de-cabal-y-un-exfuncionario-por-irregularidades-en-contratacion-de-alimentacion-para-policias-del-municipio\/\"},\"wordCount\":344,\"publisher\":{\"@id\":\"https:\/\/www.fiscalia.gov.co\/colombia\/#organization\"},\"articleSection\":[\"Corrupci\u00f3n\",\"Seccional Pereira\",\"Seccionales\"],\"inLanguage\":\"es-CO\"},{\"@type\":\"WebPage\",\"@id\":\"https:\/\/www.fiscalia.gov.co\/colombia\/seccionales\/condenado-exalcalde-de-santa-rosa-de-cabal-y-un-exfuncionario-por-irregularidades-en-contratacion-de-alimentacion-para-policias-del-municipio\/\",\"url\":\"https:\/\/www.fiscalia.gov.co\/colombia\/seccionales\/condenado-exalcalde-de-santa-rosa-de-cabal-y-un-exfuncionario-por-irregularidades-en-contratacion-de-alimentacion-para-policias-del-municipio\/\",\"name\":\"Fiscal\u00eda General de la Naci\u00f3n\",\"isPartOf\":{\"@id\":\"https:\/\/www.fiscalia.gov.co\/colombia\/#website\"},\"datePublished\":\"2018-09-10T22:38:47+00:00\",\"dateModified\":\"2018-09-10T22:38:47+00:00\",\"description\":\"P\u00e1gina oficial de la Fiscal\u00eda General de la Naci\u00f3n \u2013 Colombia. Garantizamos el acceso efectivo a la justicia, la verdad y la reparaci\u00f3n de las v\u00edctimas de los delitos.\",\"breadcrumb\":{\"@id\":\"https:\/\/www.fiscalia.gov.co\/colombia\/seccionales\/condenado-exalcalde-de-santa-rosa-de-cabal-y-un-exfuncionario-por-irregularidades-en-contratacion-de-alimentacion-para-policias-del-municipio\/#breadcrumb\"},\"inLanguage\":\"es-CO\",\"potentialAction\":[{\"@type\":\"ReadAction\",\"target\":[\"https:\/\/www.fiscalia.gov.co\/colombia\/seccionales\/condenado-exalcalde-de-santa-rosa-de-cabal-y-un-exfuncionario-por-irregularidades-en-contratacion-de-alimentacion-para-policias-del-municipio\/\"]}]},{\"@type\":\"BreadcrumbList\",\"@id\":\"https:\/\/www.fiscalia.gov.co\/colombia\/seccionales\/condenado-exalcalde-de-santa-rosa-de-cabal-y-un-exfuncionario-por-irregularidades-en-contratacion-de-alimentacion-para-policias-del-municipio\/#breadcrumb\",\"itemListElement\":[{\"@type\":\"ListItem\",\"position\":1,\"name\":\"Home\",\"item\":\"https:\/\/www.fiscalia.gov.co\/colombia\/\"},{\"@type\":\"ListItem\",\"position\":2,\"name\":\"Condenado exalcalde de Santa Rosa de Cabal y un exfuncionario por irregularidades en contrataci\u00f3n de alimentaci\u00f3n para polic\u00edas del municipio\"}]},{\"@type\":\"WebSite\",\"@id\":\"https:\/\/www.fiscalia.gov.co\/colombia\/#website\",\"url\":\"https:\/\/www.fiscalia.gov.co\/colombia\/\",\"name\":\"Fiscal\u00eda General de la Naci\u00f3n\",\"description\":\"P\u00e1gina oficial de la Fiscal\u00eda General de la Naci\u00f3n \u2013 Colombia. Garantizamos el acceso efectivo a la justicia, la verdad y la reparaci\u00f3n de las v\u00edctimas de los delitos.\",\"publisher\":{\"@id\":\"https:\/\/www.fiscalia.gov.co\/colombia\/#organization\"},\"potentialAction\":[{\"@type\":\"SearchAction\",\"target\":{\"@type\":\"EntryPoint\",\"urlTemplate\":\"https:\/\/www.fiscalia.gov.co\/colombia\/?s={search_term_string}\"},\"query-input\":{\"@type\":\"PropertyValueSpecification\",\"valueRequired\":true,\"valueName\":\"search_term_string\"}}],\"inLanguage\":\"es-CO\"},{\"@type\":\"Organization\",\"@id\":\"https:\/\/www.fiscalia.gov.co\/colombia\/#organization\",\"name\":\"Fiscal\u00eda General de la Naci\u00f3n\",\"url\":\"https:\/\/www.fiscalia.gov.co\/colombia\/\",\"logo\":{\"@type\":\"ImageObject\",\"inLanguage\":\"es-CO\",\"@id\":\"https:\/\/www.fiscalia.gov.co\/colombia\/#\/schema\/logo\/image\/\",\"url\":\"https:\/\/www.fiscalia.gov.co\/colombia\/wp-content\/uploads\/LogoHorizontal_1.jpg\",\"contentUrl\":\"https:\/\/www.fiscalia.gov.co\/colombia\/wp-content\/uploads\/LogoHorizontal_1.jpg\",\"width\":300,\"height\":90,\"caption\":\"Fiscal\u00eda General de la Naci\u00f3n\"},\"image\":{\"@id\":\"https:\/\/www.fiscalia.gov.co\/colombia\/#\/schema\/logo\/image\/\"},\"sameAs\":[\"https:\/\/www.facebook.com\/FiscaliaCol\",\"https:\/\/x.com\/FiscaliaCol\",\"https:\/\/www.instagram.com\/fiscaliacol\",\"https:\/\/www.linkedin.com\/company\/fiscalia-general-de-la-naci-n\/\",\"https:\/\/youtube.com\/@fiscaliageneraldelanacion-4668?si=6nN79nyQICPU5iTh\"]},{\"@type\":\"Person\",\"@id\":\"https:\/\/www.fiscalia.gov.co\/colombia\/#\/schema\/person\/bf28d8ae7f1b287bbe3af484b04f43ea\",\"name\":\"Direcci\u00f3n de Comunicaciones Fiscal\u00eda General de la Naci\u00f3n\",\"image\":{\"@type\":\"ImageObject\",\"inLanguage\":\"es-CO\",\"@id\":\"https:\/\/www.fiscalia.gov.co\/colombia\/#\/schema\/person\/image\/\",\"url\":\"https:\/\/secure.gravatar.com\/avatar\/9d55ae161d32da16dbdd0b380c080a5f?s=96&d=mm&r=g\",\"contentUrl\":\"https:\/\/secure.gravatar.com\/avatar\/9d55ae161d32da16dbdd0b380c080a5f?s=96&d=mm&r=g\",\"caption\":\"Direcci\u00f3n de Comunicaciones Fiscal\u00eda General de la Naci\u00f3n\"},\"url\":\"https:\/\/www.fiscalia.gov.co\/colombia\/author\/kbonilla\/\"}]}<\/script>\n<!-- \/ Yoast SEO plugin. -->","yoast_head_json":{"title":"Fiscal\u00eda General de la Naci\u00f3n","description":"P\u00e1gina oficial de la Fiscal\u00eda General de la Naci\u00f3n \u2013 Colombia. Garantizamos el acceso efectivo a la justicia, la verdad y la reparaci\u00f3n de las v\u00edctimas de los delitos.","robots":{"index":"noindex","follow":"follow"},"og_locale":"es_ES","og_type":"article","og_title":"Fiscal\u00eda General de la Naci\u00f3n","og_description":"P\u00e1gina oficial de la Fiscal\u00eda General de la Naci\u00f3n \u2013 Colombia. Garantizamos el acceso efectivo a la justicia, la verdad y la reparaci\u00f3n de las v\u00edctimas de los delitos.","og_url":"https:\/\/www.fiscalia.gov.co\/colombia\/seccionales\/condenado-exalcalde-de-santa-rosa-de-cabal-y-un-exfuncionario-por-irregularidades-en-contratacion-de-alimentacion-para-policias-del-municipio\/","og_site_name":"Fiscal\u00eda General de la Naci\u00f3n","article_publisher":"https:\/\/www.facebook.com\/FiscaliaCol","article_published_time":"2018-09-10T22:38:47+00:00","author":"Direcci\u00f3n de Comunicaciones Fiscal\u00eda General de la Naci\u00f3n","twitter_card":"summary_large_image","twitter_creator":"@FiscaliaCol","twitter_site":"@FiscaliaCol","twitter_misc":{"Escrito por":"Direcci\u00f3n de Comunicaciones Fiscal\u00eda General de la Naci\u00f3n","Tiempo de lectura":"2 minutos"},"schema":{"@context":"https:\/\/schema.org","@graph":[{"@type":"Article","@id":"https:\/\/www.fiscalia.gov.co\/colombia\/seccionales\/condenado-exalcalde-de-santa-rosa-de-cabal-y-un-exfuncionario-por-irregularidades-en-contratacion-de-alimentacion-para-policias-del-municipio\/#article","isPartOf":{"@id":"https:\/\/www.fiscalia.gov.co\/colombia\/seccionales\/condenado-exalcalde-de-santa-rosa-de-cabal-y-un-exfuncionario-por-irregularidades-en-contratacion-de-alimentacion-para-policias-del-municipio\/"},"author":{"name":"Direcci\u00f3n de Comunicaciones Fiscal\u00eda General de la Naci\u00f3n","@id":"https:\/\/www.fiscalia.gov.co\/colombia\/#\/schema\/person\/bf28d8ae7f1b287bbe3af484b04f43ea"},"headline":"Condenado exalcalde de Santa Rosa de Cabal y un exfuncionario por irregularidades en contrataci\u00f3n de alimentaci\u00f3n para polic\u00edas del municipio","datePublished":"2018-09-10T22:38:47+00:00","dateModified":"2018-09-10T22:38:47+00:00","mainEntityOfPage":{"@id":"https:\/\/www.fiscalia.gov.co\/colombia\/seccionales\/condenado-exalcalde-de-santa-rosa-de-cabal-y-un-exfuncionario-por-irregularidades-en-contratacion-de-alimentacion-para-policias-del-municipio\/"},"wordCount":344,"publisher":{"@id":"https:\/\/www.fiscalia.gov.co\/colombia\/#organization"},"articleSection":["Corrupci\u00f3n","Seccional Pereira","Seccionales"],"inLanguage":"es-CO"},{"@type":"WebPage","@id":"https:\/\/www.fiscalia.gov.co\/colombia\/seccionales\/condenado-exalcalde-de-santa-rosa-de-cabal-y-un-exfuncionario-por-irregularidades-en-contratacion-de-alimentacion-para-policias-del-municipio\/","url":"https:\/\/www.fiscalia.gov.co\/colombia\/seccionales\/condenado-exalcalde-de-santa-rosa-de-cabal-y-un-exfuncionario-por-irregularidades-en-contratacion-de-alimentacion-para-policias-del-municipio\/","name":"Fiscal\u00eda General de la Naci\u00f3n","isPartOf":{"@id":"https:\/\/www.fiscalia.gov.co\/colombia\/#website"},"datePublished":"2018-09-10T22:38:47+00:00","dateModified":"2018-09-10T22:38:47+00:00","description":"P\u00e1gina oficial de la Fiscal\u00eda General de la Naci\u00f3n \u2013 Colombia. Garantizamos el acceso efectivo a la justicia, la verdad y la reparaci\u00f3n de las v\u00edctimas de los delitos.","breadcrumb":{"@id":"https:\/\/www.fiscalia.gov.co\/colombia\/seccionales\/condenado-exalcalde-de-santa-rosa-de-cabal-y-un-exfuncionario-por-irregularidades-en-contratacion-de-alimentacion-para-policias-del-municipio\/#breadcrumb"},"inLanguage":"es-CO","potentialAction":[{"@type":"ReadAction","target":["https:\/\/www.fiscalia.gov.co\/colombia\/seccionales\/condenado-exalcalde-de-santa-rosa-de-cabal-y-un-exfuncionario-por-irregularidades-en-contratacion-de-alimentacion-para-policias-del-municipio\/"]}]},{"@type":"BreadcrumbList","@id":"https:\/\/www.fiscalia.gov.co\/colombia\/seccionales\/condenado-exalcalde-de-santa-rosa-de-cabal-y-un-exfuncionario-por-irregularidades-en-contratacion-de-alimentacion-para-policias-del-municipio\/#breadcrumb","itemListElement":[{"@type":"ListItem","position":1,"name":"Home","item":"https:\/\/www.fiscalia.gov.co\/colombia\/"},{"@type":"ListItem","position":2,"name":"Condenado exalcalde de Santa Rosa de Cabal y un exfuncionario por irregularidades en contrataci\u00f3n de alimentaci\u00f3n para polic\u00edas del municipio"}]},{"@type":"WebSite","@id":"https:\/\/www.fiscalia.gov.co\/colombia\/#website","url":"https:\/\/www.fiscalia.gov.co\/colombia\/","name":"Fiscal\u00eda General de la Naci\u00f3n","description":"P\u00e1gina oficial de la Fiscal\u00eda General de la Naci\u00f3n \u2013 Colombia. Garantizamos el acceso efectivo a la justicia, la verdad y la reparaci\u00f3n de las v\u00edctimas de los delitos.","publisher":{"@id":"https:\/\/www.fiscalia.gov.co\/colombia\/#organization"},"potentialAction":[{"@type":"SearchAction","target":{"@type":"EntryPoint","urlTemplate":"https:\/\/www.fiscalia.gov.co\/colombia\/?s={search_term_string}"},"query-input":{"@type":"PropertyValueSpecification","valueRequired":true,"valueName":"search_term_string"}}],"inLanguage":"es-CO"},{"@type":"Organization","@id":"https:\/\/www.fiscalia.gov.co\/colombia\/#organization","name":"Fiscal\u00eda General de la Naci\u00f3n","url":"https:\/\/www.fiscalia.gov.co\/colombia\/","logo":{"@type":"ImageObject","inLanguage":"es-CO","@id":"https:\/\/www.fiscalia.gov.co\/colombia\/#\/schema\/logo\/image\/","url":"https:\/\/www.fiscalia.gov.co\/colombia\/wp-content\/uploads\/LogoHorizontal_1.jpg","contentUrl":"https:\/\/www.fiscalia.gov.co\/colombia\/wp-content\/uploads\/LogoHorizontal_1.jpg","width":300,"height":90,"caption":"Fiscal\u00eda General de la Naci\u00f3n"},"image":{"@id":"https:\/\/www.fiscalia.gov.co\/colombia\/#\/schema\/logo\/image\/"},"sameAs":["https:\/\/www.facebook.com\/FiscaliaCol","https:\/\/x.com\/FiscaliaCol","https:\/\/www.instagram.com\/fiscaliacol","https:\/\/www.linkedin.com\/company\/fiscalia-general-de-la-naci-n\/","https:\/\/youtube.com\/@fiscaliageneraldelanacion-4668?si=6nN79nyQICPU5iTh"]},{"@type":"Person","@id":"https:\/\/www.fiscalia.gov.co\/colombia\/#\/schema\/person\/bf28d8ae7f1b287bbe3af484b04f43ea","name":"Direcci\u00f3n de Comunicaciones Fiscal\u00eda General de la Naci\u00f3n","image":{"@type":"ImageObject","inLanguage":"es-CO","@id":"https:\/\/www.fiscalia.gov.co\/colombia\/#\/schema\/person\/image\/","url":"https:\/\/secure.gravatar.com\/avatar\/9d55ae161d32da16dbdd0b380c080a5f?s=96&d=mm&r=g","contentUrl":"https:\/\/secure.gravatar.com\/avatar\/9d55ae161d32da16dbdd0b380c080a5f?s=96&d=mm&r=g","caption":"Direcci\u00f3n de Comunicaciones Fiscal\u00eda General de la Naci\u00f3n"},"url":"https:\/\/www.fiscalia.gov.co\/colombia\/author\/kbonilla\/"}]}},"_links":{"self":[{"href":"https:\/\/www.fiscalia.gov.co\/colombia\/wp-json\/wp\/v2\/posts\/168451","targetHints":{"allow":["GET"]}}],"collection":[{"href":"https:\/\/www.fiscalia.gov.co\/colombia\/wp-json\/wp\/v2\/posts"}],"about":[{"href":"https:\/\/www.fiscalia.gov.co\/colombia\/wp-json\/wp\/v2\/types\/post"}],"author":[{"embeddable":true,"href":"https:\/\/www.fiscalia.gov.co\/colombia\/wp-json\/wp\/v2\/users\/162"}],"replies":[{"embeddable":true,"href":"https:\/\/www.fiscalia.gov.co\/colombia\/wp-json\/wp\/v2\/comments?post=168451"}],"version-history":[{"count":1,"href":"https:\/\/www.fiscalia.gov.co\/colombia\/wp-json\/wp\/v2\/posts\/168451\/revisions"}],"predecessor-version":[{"id":168452,"href":"https:\/\/www.fiscalia.gov.co\/colombia\/wp-json\/wp\/v2\/posts\/168451\/revisions\/168452"}],"wp:attachment":[{"href":"https:\/\/www.fiscalia.gov.co\/colombia\/wp-json\/wp\/v2\/media?parent=168451"}],"wp:term":[{"taxonomy":"category","embeddable":true,"href":"https:\/\/www.fiscalia.gov.co\/colombia\/wp-json\/wp\/v2\/categories?post=168451"},{"taxonomy":"post_tag","embeddable":true,"href":"https:\/\/www.fiscalia.gov.co\/colombia\/wp-json\/wp\/v2\/tags?post=168451"}],"curies":[{"name":"wp","href":"https:\/\/api.w.org\/{rel}","templated":true}]}}