{"id":168344,"date":"2018-09-07T15:00:18","date_gmt":"2018-09-07T20:00:18","guid":{"rendered":"https:\/\/www.fiscalia.gov.co\/colombia\/?p=168344"},"modified":"2018-09-07T15:50:50","modified_gmt":"2018-09-07T20:50:50","slug":"comunicado-a-la-opinion-publica-185","status":"publish","type":"post","link":"https:\/\/www.fiscalia.gov.co\/colombia\/fiscal-general-de-la-nacion\/comunicado-a-la-opinion-publica-185\/","title":{"rendered":"COMUNICADO A LA OPINI\u00d3N P\u00daBLICA 185"},"content":{"rendered":"<p>Quiero hacer una declaraci\u00f3n p\u00fablica a prop\u00f3sito de noticias que han sido difundidas en el d\u00eda de hoy.<\/p>\n<p>En primer lugar, quiero llamar la atenci\u00f3n sobre el sentido de responsabilidad con que debemos actuar todos los colombianos en relaci\u00f3n con el tema de la paz. Con la paz no se juega y los infundios que con prop\u00f3sito desconocido se pueden estar llevando a cabo deben ser objeto de una rectificaci\u00f3n inmediata.<\/p>\n<ol>\n<li>No es cierto que haya una orden de detenci\u00f3n con fines de extradici\u00f3n en contra del se\u00f1or Iv\u00e1n M\u00e1rquez. No la posee el Fiscal General de la Naci\u00f3n.<\/li>\n<li>No es cierto, como se dice en los territorios de consolidaci\u00f3n, que por virtud de una orden de captura que habr\u00eda librado la Fiscal\u00eda General de la Naci\u00f3n, el se\u00f1or M\u00e1rquez tuvo que salir del espacio territorial en que se encontraba y que supuestamente una hora despu\u00e9s de su salida del espacio territorial habr\u00eda llegado el Ej\u00e9rcito Nacional a hacer efectiva esa orden de captura. No es cierto ni lo uno ni lo otro.<\/li>\n<li>Debo decir que tampoco es cierto que la Fiscal\u00eda haya levantado la suspensi\u00f3n de las \u00f3rdenes de captura que habr\u00eda solicitado en su momento el Gobierno Nacional en el marco de la Ley 418.<\/li>\n<\/ol>\n<p>Hay que tener mucho cuidado porque hay miles de reinsertados que est\u00e1n hoy al lado de sus familias construyendo esperanza, futuro; hay miles de reinsertados que le est\u00e1n jugando lealmente a la paz, Y Colombia y su democracia tienen que recuperar la fe de esos reinsertados en el proceso de reconciliaci\u00f3n.<\/p>\n<p>Si por alguna raz\u00f3n algunos actores, algunas personas o algunos de los propios reinsertados est\u00e1n buscando pretextos para abandonar ese sue\u00f1o de los colombianos que es la paz, que busquen un pretexto por fuera de la Fiscal\u00eda General de la Naci\u00f3n.<\/p>\n<p>La situaci\u00f3n jur\u00eddica de las personas por las cuales se indaga en estos momentos, de las 9 personas reincorporadas, la mayor parte de las cuales form\u00f3 parte del viejo Secretariado de las Farc, de un lado, y por el otro, del Estado Mayor de ese movimiento insurgente, debe examinarse a la luz de 3 escenarios:<\/p>\n<ol>\n<li>Conforme a la Ley 418, si el Gobierno Nacional, de acuerdo con los dictados de la ley, tal como ha sido modificada esa ley, opta por solicitarle a la Fiscal\u00eda que se levante la suspensi\u00f3n de las \u00f3rdenes de captura, la Fiscal\u00eda General de la Naci\u00f3n deber\u00eda proceder de conformidad con esa solicitud. Sin embargo, el Gobierno Nacional no le ha solicitado el levantamiento de esa suspensi\u00f3n a la Fiscal\u00eda General de la Naci\u00f3n.<\/li>\n<li>Podr\u00eda ocurrir -y esa es una hip\u00f3tesis lejana, que desde este lugar el propio Fiscal quiere reclamar que no ocurra, que no se vaya a dar ese paso, que no se gire hacia el mundo de la ilegalidad- que estos reinsertados reincidan en el delito y violenten ese principio medular de la paz que es la no repetici\u00f3n. Si eso llegase a ocurrir, que reclamo con vehemencia en nombre de los millones de colombianos que no ocurra, por supuesto que con la misma entereza de Gustavo de Greiff, el Fiscal General de la Naci\u00f3n har\u00e1 exigible el cumplimiento del orden y del imperio de la ley, porque los reincidentes est\u00e1n sometidos a la jurisdicci\u00f3n ordinaria sin ning\u00fan tipo de discusiones ni de conflictos de competencia con ninguna otra jurisdicci\u00f3n, porque el que la hace la paga, pero esa no es la regla de lo que hemos venido advirtiendo que se haya violentado esa frontera para llegar a la ilegalidad, por lo cual no hemos proferido ordenes de captura en este momento.<\/li>\n<li>Si como lo dice Naciones Unidas se ha incumplido el acuerdo de paz, proceder\u00eda ante la Jurisdicci\u00f3n Especial de Paz, iniciar el incidente de incumplimiento de que habla la Ley 1922 de este a\u00f1o, y ese incidente lo podr\u00edamos promover la Fiscal\u00eda General de la Naci\u00f3n, el Ministerio P\u00fablico, las v\u00edctimas o de oficio la propia Jurisdicci\u00f3n Especial de Paz y declarar el incumplimiento por parte de los reinsertados con las consecuencias que establece la ley y la sentencia de la Corte Constitucional que habla de la p\u00e9rdida de los beneficios para estos reincidentes, que incumplan el acuerdo de paz.<\/li>\n<\/ol>\n<p>Sin embargo esa actuaci\u00f3n judicial puede empezar a estar empa\u00f1ada porque tengo que\u00a0 declararle al pa\u00eds que la Fiscal\u00eda tiene evidencias de que algunos funcionarios, unos, inescrupulosos estar\u00edan cocinando en este momento falsedades y fraudes procesales para que la Jurisdicci\u00f3n Especial de Paz no act\u00fae como debe actuar cumpliendo con la Constituci\u00f3n y la Ley. Por esa raz\u00f3n, \u00a0hemos\u00a0 abierto una indagaci\u00f3n a cargo de un fiscal especial que deber\u00e1 producir decisiones prontamente con el fin de impedir que no se vaya a violentar el cumplimiento estricto de la Constituci\u00f3n y de la Ley en esa jurisdicci\u00f3n,\u00a0 a partir de\u00a0 acciones inenarrables pero de las cuales tenemos evidencias por parte de algunos funcionarios de la Jurisdicci\u00f3n Especial de Paz. Ese es el estado de cosas y de estos temas hay que hablar con claridad, con precisi\u00f3n y sin especulaciones<\/p>\n<p>&nbsp;<\/p>\n<p>N\u00c9STOR HUMBERTO MART\u00cdNEZ NEIRA<br \/>\nFISCAL GENERAL DE LA NACI\u00d3N<\/p>\n\n<div class=\"twitter-share\"><a href=\"https:\/\/twitter.com\/intent\/tweet?via=fiscaliacol\" class=\"twitter-share-button\">Tweet<\/a><\/div>\n","protected":false},"excerpt":{"rendered":"<p>Quiero hacer una declaraci\u00f3n p\u00fablica a prop\u00f3sito de noticias que han sido difundidas en el d\u00eda de hoy. En primer lugar, quiero llamar la atenci\u00f3n sobre el sentido de responsabilidad [&hellip;]<\/p>\n","protected":false},"author":162,"featured_media":0,"comment_status":"closed","ping_status":"open","sticky":false,"template":"","format":"standard","meta":{"tdm_status":"","tdm_grid_status":"","footnotes":""},"categories":[24096],"tags":[],"class_list":["post-168344","post","type-post","status-publish","format-standard","category-fiscal-general-de-la-nacion"],"yoast_head":"<!-- This site is optimized with the Yoast SEO plugin v24.3 - https:\/\/yoast.com\/wordpress\/plugins\/seo\/ -->\n<title>Fiscal\u00eda General de la Naci\u00f3n<\/title>\n<meta name=\"description\" content=\"P\u00e1gina oficial de la Fiscal\u00eda General de la Naci\u00f3n \u2013 Colombia. Garantizamos el acceso efectivo a la justicia, la verdad y la reparaci\u00f3n de las v\u00edctimas de los delitos.\" \/>\n<meta name=\"robots\" content=\"noindex, follow\" \/>\n<meta property=\"og:locale\" content=\"es_ES\" \/>\n<meta property=\"og:type\" content=\"article\" \/>\n<meta property=\"og:title\" content=\"Fiscal\u00eda General de la Naci\u00f3n\" \/>\n<meta property=\"og:description\" content=\"P\u00e1gina oficial de la Fiscal\u00eda General de la Naci\u00f3n \u2013 Colombia. Garantizamos el acceso efectivo a la justicia, la verdad y la reparaci\u00f3n de las v\u00edctimas de los delitos.\" \/>\n<meta property=\"og:url\" content=\"https:\/\/www.fiscalia.gov.co\/colombia\/fiscal-general-de-la-nacion\/comunicado-a-la-opinion-publica-185\/\" \/>\n<meta property=\"og:site_name\" content=\"Fiscal\u00eda General de la Naci\u00f3n\" \/>\n<meta property=\"article:publisher\" content=\"https:\/\/www.facebook.com\/FiscaliaCol\" \/>\n<meta property=\"article:published_time\" content=\"2018-09-07T20:00:18+00:00\" \/>\n<meta property=\"article:modified_time\" content=\"2018-09-07T20:50:50+00:00\" \/>\n<meta name=\"author\" content=\"Direcci\u00f3n de Comunicaciones Fiscal\u00eda General de la Naci\u00f3n\" \/>\n<meta name=\"twitter:card\" content=\"summary_large_image\" \/>\n<meta name=\"twitter:creator\" content=\"@FiscaliaCol\" \/>\n<meta name=\"twitter:site\" content=\"@FiscaliaCol\" \/>\n<meta name=\"twitter:label1\" content=\"Escrito por\" \/>\n\t<meta name=\"twitter:data1\" content=\"Direcci\u00f3n de Comunicaciones Fiscal\u00eda General de la Naci\u00f3n\" \/>\n\t<meta name=\"twitter:label2\" content=\"Tiempo de lectura\" \/>\n\t<meta name=\"twitter:data2\" content=\"5 minutos\" \/>\n<script type=\"application\/ld+json\" class=\"yoast-schema-graph\">{\"@context\":\"https:\/\/schema.org\",\"@graph\":[{\"@type\":\"Article\",\"@id\":\"https:\/\/www.fiscalia.gov.co\/colombia\/fiscal-general-de-la-nacion\/comunicado-a-la-opinion-publica-185\/#article\",\"isPartOf\":{\"@id\":\"https:\/\/www.fiscalia.gov.co\/colombia\/fiscal-general-de-la-nacion\/comunicado-a-la-opinion-publica-185\/\"},\"author\":{\"name\":\"Direcci\u00f3n de Comunicaciones Fiscal\u00eda General de la Naci\u00f3n\",\"@id\":\"https:\/\/www.fiscalia.gov.co\/colombia\/#\/schema\/person\/bf28d8ae7f1b287bbe3af484b04f43ea\"},\"headline\":\"COMUNICADO A LA OPINI\u00d3N P\u00daBLICA 185\",\"datePublished\":\"2018-09-07T20:00:18+00:00\",\"dateModified\":\"2018-09-07T20:50:50+00:00\",\"mainEntityOfPage\":{\"@id\":\"https:\/\/www.fiscalia.gov.co\/colombia\/fiscal-general-de-la-nacion\/comunicado-a-la-opinion-publica-185\/\"},\"wordCount\":929,\"publisher\":{\"@id\":\"https:\/\/www.fiscalia.gov.co\/colombia\/#organization\"},\"articleSection\":[\"Fiscal General de la Naci\u00f3n\"],\"inLanguage\":\"es-CO\"},{\"@type\":\"WebPage\",\"@id\":\"https:\/\/www.fiscalia.gov.co\/colombia\/fiscal-general-de-la-nacion\/comunicado-a-la-opinion-publica-185\/\",\"url\":\"https:\/\/www.fiscalia.gov.co\/colombia\/fiscal-general-de-la-nacion\/comunicado-a-la-opinion-publica-185\/\",\"name\":\"Fiscal\u00eda General de la Naci\u00f3n\",\"isPartOf\":{\"@id\":\"https:\/\/www.fiscalia.gov.co\/colombia\/#website\"},\"datePublished\":\"2018-09-07T20:00:18+00:00\",\"dateModified\":\"2018-09-07T20:50:50+00:00\",\"description\":\"P\u00e1gina oficial de la Fiscal\u00eda General de la Naci\u00f3n \u2013 Colombia. Garantizamos el acceso efectivo a la justicia, la verdad y la reparaci\u00f3n de las v\u00edctimas de los delitos.\",\"breadcrumb\":{\"@id\":\"https:\/\/www.fiscalia.gov.co\/colombia\/fiscal-general-de-la-nacion\/comunicado-a-la-opinion-publica-185\/#breadcrumb\"},\"inLanguage\":\"es-CO\",\"potentialAction\":[{\"@type\":\"ReadAction\",\"target\":[\"https:\/\/www.fiscalia.gov.co\/colombia\/fiscal-general-de-la-nacion\/comunicado-a-la-opinion-publica-185\/\"]}]},{\"@type\":\"BreadcrumbList\",\"@id\":\"https:\/\/www.fiscalia.gov.co\/colombia\/fiscal-general-de-la-nacion\/comunicado-a-la-opinion-publica-185\/#breadcrumb\",\"itemListElement\":[{\"@type\":\"ListItem\",\"position\":1,\"name\":\"Home\",\"item\":\"https:\/\/www.fiscalia.gov.co\/colombia\/\"},{\"@type\":\"ListItem\",\"position\":2,\"name\":\"COMUNICADO A LA OPINI\u00d3N P\u00daBLICA 185\"}]},{\"@type\":\"WebSite\",\"@id\":\"https:\/\/www.fiscalia.gov.co\/colombia\/#website\",\"url\":\"https:\/\/www.fiscalia.gov.co\/colombia\/\",\"name\":\"Fiscal\u00eda General de la Naci\u00f3n\",\"description\":\"P\u00e1gina oficial de la Fiscal\u00eda General de la Naci\u00f3n \u2013 Colombia. Garantizamos el acceso efectivo a la justicia, la verdad y la reparaci\u00f3n de las v\u00edctimas de los delitos.\",\"publisher\":{\"@id\":\"https:\/\/www.fiscalia.gov.co\/colombia\/#organization\"},\"potentialAction\":[{\"@type\":\"SearchAction\",\"target\":{\"@type\":\"EntryPoint\",\"urlTemplate\":\"https:\/\/www.fiscalia.gov.co\/colombia\/?s={search_term_string}\"},\"query-input\":{\"@type\":\"PropertyValueSpecification\",\"valueRequired\":true,\"valueName\":\"search_term_string\"}}],\"inLanguage\":\"es-CO\"},{\"@type\":\"Organization\",\"@id\":\"https:\/\/www.fiscalia.gov.co\/colombia\/#organization\",\"name\":\"Fiscal\u00eda General de la Naci\u00f3n\",\"url\":\"https:\/\/www.fiscalia.gov.co\/colombia\/\",\"logo\":{\"@type\":\"ImageObject\",\"inLanguage\":\"es-CO\",\"@id\":\"https:\/\/www.fiscalia.gov.co\/colombia\/#\/schema\/logo\/image\/\",\"url\":\"https:\/\/www.fiscalia.gov.co\/colombia\/wp-content\/uploads\/LogoHorizontal_1.jpg\",\"contentUrl\":\"https:\/\/www.fiscalia.gov.co\/colombia\/wp-content\/uploads\/LogoHorizontal_1.jpg\",\"width\":300,\"height\":90,\"caption\":\"Fiscal\u00eda General de la Naci\u00f3n\"},\"image\":{\"@id\":\"https:\/\/www.fiscalia.gov.co\/colombia\/#\/schema\/logo\/image\/\"},\"sameAs\":[\"https:\/\/www.facebook.com\/FiscaliaCol\",\"https:\/\/x.com\/FiscaliaCol\",\"https:\/\/www.instagram.com\/fiscaliacol\",\"https:\/\/www.linkedin.com\/company\/fiscalia-general-de-la-naci-n\/\",\"https:\/\/youtube.com\/@fiscaliageneraldelanacion-4668?si=6nN79nyQICPU5iTh\"]},{\"@type\":\"Person\",\"@id\":\"https:\/\/www.fiscalia.gov.co\/colombia\/#\/schema\/person\/bf28d8ae7f1b287bbe3af484b04f43ea\",\"name\":\"Direcci\u00f3n de Comunicaciones Fiscal\u00eda General de la Naci\u00f3n\",\"image\":{\"@type\":\"ImageObject\",\"inLanguage\":\"es-CO\",\"@id\":\"https:\/\/www.fiscalia.gov.co\/colombia\/#\/schema\/person\/image\/\",\"url\":\"https:\/\/secure.gravatar.com\/avatar\/9d55ae161d32da16dbdd0b380c080a5f?s=96&d=mm&r=g\",\"contentUrl\":\"https:\/\/secure.gravatar.com\/avatar\/9d55ae161d32da16dbdd0b380c080a5f?s=96&d=mm&r=g\",\"caption\":\"Direcci\u00f3n de Comunicaciones Fiscal\u00eda General de la Naci\u00f3n\"},\"url\":\"https:\/\/www.fiscalia.gov.co\/colombia\/author\/kbonilla\/\"}]}<\/script>\n<!-- \/ Yoast SEO plugin. -->","yoast_head_json":{"title":"Fiscal\u00eda General de la Naci\u00f3n","description":"P\u00e1gina oficial de la Fiscal\u00eda General de la Naci\u00f3n \u2013 Colombia. Garantizamos el acceso efectivo a la justicia, la verdad y la reparaci\u00f3n de las v\u00edctimas de los delitos.","robots":{"index":"noindex","follow":"follow"},"og_locale":"es_ES","og_type":"article","og_title":"Fiscal\u00eda General de la Naci\u00f3n","og_description":"P\u00e1gina oficial de la Fiscal\u00eda General de la Naci\u00f3n \u2013 Colombia. Garantizamos el acceso efectivo a la justicia, la verdad y la reparaci\u00f3n de las v\u00edctimas de los delitos.","og_url":"https:\/\/www.fiscalia.gov.co\/colombia\/fiscal-general-de-la-nacion\/comunicado-a-la-opinion-publica-185\/","og_site_name":"Fiscal\u00eda General de la Naci\u00f3n","article_publisher":"https:\/\/www.facebook.com\/FiscaliaCol","article_published_time":"2018-09-07T20:00:18+00:00","article_modified_time":"2018-09-07T20:50:50+00:00","author":"Direcci\u00f3n de Comunicaciones Fiscal\u00eda General de la Naci\u00f3n","twitter_card":"summary_large_image","twitter_creator":"@FiscaliaCol","twitter_site":"@FiscaliaCol","twitter_misc":{"Escrito por":"Direcci\u00f3n de Comunicaciones Fiscal\u00eda General de la Naci\u00f3n","Tiempo de lectura":"5 minutos"},"schema":{"@context":"https:\/\/schema.org","@graph":[{"@type":"Article","@id":"https:\/\/www.fiscalia.gov.co\/colombia\/fiscal-general-de-la-nacion\/comunicado-a-la-opinion-publica-185\/#article","isPartOf":{"@id":"https:\/\/www.fiscalia.gov.co\/colombia\/fiscal-general-de-la-nacion\/comunicado-a-la-opinion-publica-185\/"},"author":{"name":"Direcci\u00f3n de Comunicaciones Fiscal\u00eda General de la Naci\u00f3n","@id":"https:\/\/www.fiscalia.gov.co\/colombia\/#\/schema\/person\/bf28d8ae7f1b287bbe3af484b04f43ea"},"headline":"COMUNICADO A LA OPINI\u00d3N P\u00daBLICA 185","datePublished":"2018-09-07T20:00:18+00:00","dateModified":"2018-09-07T20:50:50+00:00","mainEntityOfPage":{"@id":"https:\/\/www.fiscalia.gov.co\/colombia\/fiscal-general-de-la-nacion\/comunicado-a-la-opinion-publica-185\/"},"wordCount":929,"publisher":{"@id":"https:\/\/www.fiscalia.gov.co\/colombia\/#organization"},"articleSection":["Fiscal General de la Naci\u00f3n"],"inLanguage":"es-CO"},{"@type":"WebPage","@id":"https:\/\/www.fiscalia.gov.co\/colombia\/fiscal-general-de-la-nacion\/comunicado-a-la-opinion-publica-185\/","url":"https:\/\/www.fiscalia.gov.co\/colombia\/fiscal-general-de-la-nacion\/comunicado-a-la-opinion-publica-185\/","name":"Fiscal\u00eda General de la Naci\u00f3n","isPartOf":{"@id":"https:\/\/www.fiscalia.gov.co\/colombia\/#website"},"datePublished":"2018-09-07T20:00:18+00:00","dateModified":"2018-09-07T20:50:50+00:00","description":"P\u00e1gina oficial de la Fiscal\u00eda General de la Naci\u00f3n \u2013 Colombia. Garantizamos el acceso efectivo a la justicia, la verdad y la reparaci\u00f3n de las v\u00edctimas de los delitos.","breadcrumb":{"@id":"https:\/\/www.fiscalia.gov.co\/colombia\/fiscal-general-de-la-nacion\/comunicado-a-la-opinion-publica-185\/#breadcrumb"},"inLanguage":"es-CO","potentialAction":[{"@type":"ReadAction","target":["https:\/\/www.fiscalia.gov.co\/colombia\/fiscal-general-de-la-nacion\/comunicado-a-la-opinion-publica-185\/"]}]},{"@type":"BreadcrumbList","@id":"https:\/\/www.fiscalia.gov.co\/colombia\/fiscal-general-de-la-nacion\/comunicado-a-la-opinion-publica-185\/#breadcrumb","itemListElement":[{"@type":"ListItem","position":1,"name":"Home","item":"https:\/\/www.fiscalia.gov.co\/colombia\/"},{"@type":"ListItem","position":2,"name":"COMUNICADO A LA OPINI\u00d3N P\u00daBLICA 185"}]},{"@type":"WebSite","@id":"https:\/\/www.fiscalia.gov.co\/colombia\/#website","url":"https:\/\/www.fiscalia.gov.co\/colombia\/","name":"Fiscal\u00eda General de la Naci\u00f3n","description":"P\u00e1gina oficial de la Fiscal\u00eda General de la Naci\u00f3n \u2013 Colombia. Garantizamos el acceso efectivo a la justicia, la verdad y la reparaci\u00f3n de las v\u00edctimas de los delitos.","publisher":{"@id":"https:\/\/www.fiscalia.gov.co\/colombia\/#organization"},"potentialAction":[{"@type":"SearchAction","target":{"@type":"EntryPoint","urlTemplate":"https:\/\/www.fiscalia.gov.co\/colombia\/?s={search_term_string}"},"query-input":{"@type":"PropertyValueSpecification","valueRequired":true,"valueName":"search_term_string"}}],"inLanguage":"es-CO"},{"@type":"Organization","@id":"https:\/\/www.fiscalia.gov.co\/colombia\/#organization","name":"Fiscal\u00eda General de la Naci\u00f3n","url":"https:\/\/www.fiscalia.gov.co\/colombia\/","logo":{"@type":"ImageObject","inLanguage":"es-CO","@id":"https:\/\/www.fiscalia.gov.co\/colombia\/#\/schema\/logo\/image\/","url":"https:\/\/www.fiscalia.gov.co\/colombia\/wp-content\/uploads\/LogoHorizontal_1.jpg","contentUrl":"https:\/\/www.fiscalia.gov.co\/colombia\/wp-content\/uploads\/LogoHorizontal_1.jpg","width":300,"height":90,"caption":"Fiscal\u00eda General de la Naci\u00f3n"},"image":{"@id":"https:\/\/www.fiscalia.gov.co\/colombia\/#\/schema\/logo\/image\/"},"sameAs":["https:\/\/www.facebook.com\/FiscaliaCol","https:\/\/x.com\/FiscaliaCol","https:\/\/www.instagram.com\/fiscaliacol","https:\/\/www.linkedin.com\/company\/fiscalia-general-de-la-naci-n\/","https:\/\/youtube.com\/@fiscaliageneraldelanacion-4668?si=6nN79nyQICPU5iTh"]},{"@type":"Person","@id":"https:\/\/www.fiscalia.gov.co\/colombia\/#\/schema\/person\/bf28d8ae7f1b287bbe3af484b04f43ea","name":"Direcci\u00f3n de Comunicaciones Fiscal\u00eda General de la Naci\u00f3n","image":{"@type":"ImageObject","inLanguage":"es-CO","@id":"https:\/\/www.fiscalia.gov.co\/colombia\/#\/schema\/person\/image\/","url":"https:\/\/secure.gravatar.com\/avatar\/9d55ae161d32da16dbdd0b380c080a5f?s=96&d=mm&r=g","contentUrl":"https:\/\/secure.gravatar.com\/avatar\/9d55ae161d32da16dbdd0b380c080a5f?s=96&d=mm&r=g","caption":"Direcci\u00f3n de Comunicaciones Fiscal\u00eda General de la Naci\u00f3n"},"url":"https:\/\/www.fiscalia.gov.co\/colombia\/author\/kbonilla\/"}]}},"_links":{"self":[{"href":"https:\/\/www.fiscalia.gov.co\/colombia\/wp-json\/wp\/v2\/posts\/168344","targetHints":{"allow":["GET"]}}],"collection":[{"href":"https:\/\/www.fiscalia.gov.co\/colombia\/wp-json\/wp\/v2\/posts"}],"about":[{"href":"https:\/\/www.fiscalia.gov.co\/colombia\/wp-json\/wp\/v2\/types\/post"}],"author":[{"embeddable":true,"href":"https:\/\/www.fiscalia.gov.co\/colombia\/wp-json\/wp\/v2\/users\/162"}],"replies":[{"embeddable":true,"href":"https:\/\/www.fiscalia.gov.co\/colombia\/wp-json\/wp\/v2\/comments?post=168344"}],"version-history":[{"count":2,"href":"https:\/\/www.fiscalia.gov.co\/colombia\/wp-json\/wp\/v2\/posts\/168344\/revisions"}],"predecessor-version":[{"id":168353,"href":"https:\/\/www.fiscalia.gov.co\/colombia\/wp-json\/wp\/v2\/posts\/168344\/revisions\/168353"}],"wp:attachment":[{"href":"https:\/\/www.fiscalia.gov.co\/colombia\/wp-json\/wp\/v2\/media?parent=168344"}],"wp:term":[{"taxonomy":"category","embeddable":true,"href":"https:\/\/www.fiscalia.gov.co\/colombia\/wp-json\/wp\/v2\/categories?post=168344"},{"taxonomy":"post_tag","embeddable":true,"href":"https:\/\/www.fiscalia.gov.co\/colombia\/wp-json\/wp\/v2\/tags?post=168344"}],"curies":[{"name":"wp","href":"https:\/\/api.w.org\/{rel}","templated":true}]}}